{"id":83796,"date":"2005-06-27T07:00:10","date_gmt":"2005-06-27T07:00:10","guid":{"rendered":"http:\/\/www.feminissima.de\/?p=83796"},"modified":"2005-06-27T07:00:10","modified_gmt":"2005-06-27T07:00:10","slug":"rosenbluetenblaetter-blumenladen-pleite","status":"publish","type":"post","link":"https:\/\/feminissima.de\/index.php\/2005\/06\/27\/rosenbluetenblaetter-blumenladen-pleite\/","title":{"rendered":"ROSENBL\u00dcTENBL\u00c4TTER &#8211; Blumenladen pleite."},"content":{"rendered":"<p>Ein durchaus romantisch durchwirkter Atmosph\u00e4ren-Bericht&#8230;wenn man so will..live-text vom Sonntag, von gestern also, and it goes like this..leicht poetisch angehaucht&#8230;die Poesie des leeren B\u00fcrgersteigs..wo zuvor allmorgendlich die Galerie der Blumen und Pflanzen aufgebaut wurde.<br \/>last p.v.: 51140.\/heute: 204\/gestern: 342\/ Es ist 11 Uhr a.m. in Berlin<\/p>\n<table width=\"100%\">\n<tr>\n<td style=\"background-image=url('images\/monet-heller.jpg')\"><font size=\"+1\"><br \/>Willkommen!<\/p>\n<p>Ja, <br \/>drau\u00dfen<\/p>\n<p> in Dahlem,&#8230;<br \/>wo die Rosenst\u00f6cke sich biegen &#8211; ! <\/p>\n<p>Das GL\u00dcCK &#8211; ist eine ROSE&#8230;..<br \/>ja, so einfach. <\/p>\n<p>Aber doch nicht wirklich immer&#8230;<\/p>\n<p>&#8222;Unsere&#8220; Blumenfee hat ihr L\u00e4dchen geschlossen.<br \/>Schlie\u00dfen m\u00fcssen.<br \/> Die Miete wurde zu hoch.<br \/>Oder anders ausgedr\u00fcckt:<br \/>Es wurden weniger Blumen gekauft..<br \/>Weil die Menschen dann leider zuerst an der Sch\u00f6nheit sparen..<\/p>\n<p>Nicht alle, zum Gl\u00fcck!<\/p>\n<p> Damit ist der B\u00fcrgersteig neben der Haust\u00fcr nur noch nichts weiter als ein schn\u00f6der B\u00fcrgersteig. <\/p>\n<p>Zuvor &#8211;<br \/> ein innerst\u00e4dtisches Mini-Bl\u00fcten-Pflanzen-Paradies&#8230;<br \/>Jeden Vormittag neu gestaltet &#8211; <br \/>Einen Meter in den B\u00fcrgersteig hinein,<br \/> rundherum um das Blumenl\u00e4dchen, <br \/>auf dem sonst so nackten-kahlen B\u00fcrgersteig&#8230;<\/p>\n<p>Die blauen Blumen der Sehnsucht..<br \/>und auch der holde Rittersporn, <br \/>dunkelblau-\u00e4ugig..<br \/>oder diese malventee-bitters\u00fc\u00dfen-nach-kindheitsg\u00e4rten-duftenden Pfingstrosen, <br \/>ein Windhauch <br \/>und ihre Bl\u00e4tter wie ein ephemerer Zauber&#8230;<br \/>..dahin, im Wind&#8230;<br \/>und der melancholische ..<br \/>ach, wie hei\u00dft sie noch gleich, <br \/>diese gr\u00fcne H\u00e4ngepflanze f\u00fcr &#8222;drinnen&#8220; &#8211; <br \/>auch sie h\u00e4ngt drau\u00dfen gut,<br \/> hing<br \/> &#8211; und die Clematis&#8230;<br \/>.und die Bougainvillae..<br \/>..und ihre schmaleren Geschwister&#8230;<\/p>\n<p>Petunien..\u00fcppig..lockend-lila&#8230;<\/p>\n<p>Nun starrt t\u00e4glich ein leerer Laden betr\u00fcbt vor sich hin.<br \/> Der runde Holzk\u00fcbel mit dem viel\u00e4steligen Rosenstock,<br \/> er wuchs ins dritte Jahr und bl\u00fchte pr\u00e4chtig,<br \/> vom Fr\u00fchsommer bis beinah zu Weihnachten&#8230;<br \/>Jetzt ist alles eingepackt, <br \/>weggefahren..<br \/>abgefahren &#8211; <br \/>und es wird seit gestern im leeren Laden geh\u00e4mmert <br \/>und frisch-gestrichen. <\/p>\n<p>Ach, jetzt k\u00f6nnen wir nie mehr nach den Namen der Blumen und der Pflanzen fragen&#8230;so direkt gleich neben der Haust\u00fcr!<\/p>\n<p>Sie liebte die Blumen, unsere Blumenfee.<\/p>\n<p>Und FEMINISSIMA hat viel gelernt \u00fcber die Rosen&#8230;,auch die Rosen.<\/p>\n<p>Vor dem ROTEN RATHAUS, links oder rechts vom Alexanderplatz,  wenn man sich nun beeilt, sonst sind sie verbl\u00fcht &#8211; ein weites ROSENFELD&#8230;<br \/>Es sieht bizarr aus, <br \/>denn es sind wohl Hunderte kleiner Wildrosenb\u00fcsche&#8230;<br \/>Wie ein Meer&#8230;rosafarben..und was hei\u00dft schon &#8222;rosafarben&#8220;..<br \/>..Schimmernd, sich t\u00e4glich mit dem Licht ver\u00e4ndernd <br \/>und durch das Wetter&#8230;<br \/>Nach einem Regenfall blicken sie so verwirrt, zerzaust&#8230;Doch drau\u00dfen in Dahlem&#8230;wo es auch die Bio-G\u00e4rten gibt und die Baumschule &#8211; <br \/>Das FREILICHT-Museum auch, namens &#8222;DOMAINE-DAHLEM&#8220; &#8211; <\/p>\n<p>Sch\u00f6n auch f\u00fcr Kinder..Platz zum Herumlaufen, Schauen, und selbst Ausprobieren..<\/p>\n<p> Rosenst\u00f6cke und Kletter-Rosen und MALVEN&#8230;..<br \/> und &#8211; wie diese Blumen alle so hei\u00dfen&#8230;<br \/>Gut, noch ein Film in der Kamera &#8211; <br \/>Auf, zu den Rosen und &#8211; den blauen Blumen&#8230;! <\/p>\n<p>&#8230;Wir haben Erdbeereis f\u00fcr unsere LeserInnen k\u00fchlgestellt&#8230; bitte sehr! \/ <\/p>\n<p>Es ist 10 Uhr 50 und das Licht des Morgens g\u00f6ttlich!<\/p>\n<p>\nFEMINISSIMA (info@feminissima.de)<\/p>\n<p><\/td>\n<\/tr>\n<\/table>\n","protected":false},"excerpt":{"rendered":"<p>Ein durchaus romantisch durchwirkter Atmosph\u00e4ren-Bericht&#8230;wenn man so will..live-text vom Sonntag, von gestern also, and it goes like this..leicht poetisch angehaucht&#8230;die Poesie des leeren B\u00fcrgersteigs..wo zuvor allmorgendlich die Galerie der Blumen und Pflanzen aufgebaut wurde.<\/p>\n","protected":false},"author":2,"featured_media":0,"comment_status":"closed","ping_status":"closed","sticky":false,"template":"","format":"standard","meta":{"footnotes":""},"categories":[20],"tags":[],"class_list":["post-83796","post","type-post","status-publish","format-standard","hentry","category-impressionen","entry"],"yoast_head":"<!-- This site is optimized with the Yoast SEO plugin v21.0 - https:\/\/yoast.com\/wordpress\/plugins\/seo\/ -->\n<title>ROSENBL\u00dcTENBL\u00c4TTER - Blumenladen pleite. - Feminissima<\/title>\n<meta name=\"robots\" content=\"index, follow, max-snippet:-1, max-image-preview:large, max-video-preview:-1\" \/>\n<link rel=\"canonical\" href=\"https:\/\/feminissima.de\/index.php\/2005\/06\/27\/rosenbluetenblaetter-blumenladen-pleite\/\" \/>\n<meta property=\"og:locale\" content=\"de_DE\" \/>\n<meta property=\"og:type\" content=\"article\" \/>\n<meta property=\"og:title\" content=\"ROSENBL\u00dcTENBL\u00c4TTER - Blumenladen pleite. - Feminissima\" \/>\n<meta property=\"og:description\" content=\"Ein durchaus romantisch durchwirkter Atmosph\u00e4ren-Bericht...wenn man so will..live-text vom Sonntag, von gestern also, and it goes like this..leicht poetisch angehaucht...die Poesie des leeren B\u00fcrgersteigs..wo zuvor allmorgendlich die Galerie der Blumen und Pflanzen aufgebaut wurde.\" \/>\n<meta property=\"og:url\" content=\"https:\/\/feminissima.de\/index.php\/2005\/06\/27\/rosenbluetenblaetter-blumenladen-pleite\/\" \/>\n<meta property=\"og:site_name\" content=\"Feminissima\" \/>\n<meta property=\"article:published_time\" content=\"2005-06-27T07:00:10+00:00\" \/>\n<meta name=\"author\" content=\"admin\" \/>\n<meta name=\"twitter:card\" content=\"summary_large_image\" \/>\n<meta name=\"twitter:label1\" content=\"Verfasst von\" \/>\n\t<meta name=\"twitter:data1\" content=\"admin\" \/>\n\t<meta name=\"twitter:label2\" content=\"Gesch\u00e4tzte Lesezeit\" \/>\n\t<meta name=\"twitter:data2\" content=\"2\u00a0Minuten\" \/>\n<script type=\"application\/ld+json\" class=\"yoast-schema-graph\">{\"@context\":\"https:\/\/schema.org\",\"@graph\":[{\"@type\":\"WebPage\",\"@id\":\"https:\/\/feminissima.de\/index.php\/2005\/06\/27\/rosenbluetenblaetter-blumenladen-pleite\/\",\"url\":\"https:\/\/feminissima.de\/index.php\/2005\/06\/27\/rosenbluetenblaetter-blumenladen-pleite\/\",\"name\":\"ROSENBL\u00dcTENBL\u00c4TTER - Blumenladen pleite. - Feminissima\",\"isPartOf\":{\"@id\":\"https:\/\/feminissima.de\/#website\"},\"datePublished\":\"2005-06-27T07:00:10+00:00\",\"dateModified\":\"2005-06-27T07:00:10+00:00\",\"author\":{\"@id\":\"https:\/\/feminissima.de\/#\/schema\/person\/0b901e053624f88e7ecbea289d9d5128\"},\"breadcrumb\":{\"@id\":\"https:\/\/feminissima.de\/index.php\/2005\/06\/27\/rosenbluetenblaetter-blumenladen-pleite\/#breadcrumb\"},\"inLanguage\":\"de\",\"potentialAction\":[{\"@type\":\"ReadAction\",\"target\":[\"https:\/\/feminissima.de\/index.php\/2005\/06\/27\/rosenbluetenblaetter-blumenladen-pleite\/\"]}]},{\"@type\":\"BreadcrumbList\",\"@id\":\"https:\/\/feminissima.de\/index.php\/2005\/06\/27\/rosenbluetenblaetter-blumenladen-pleite\/#breadcrumb\",\"itemListElement\":[{\"@type\":\"ListItem\",\"position\":1,\"name\":\"Startseite\",\"item\":\"https:\/\/feminissima.de\/\"},{\"@type\":\"ListItem\",\"position\":2,\"name\":\"ROSENBL\u00dcTENBL\u00c4TTER &#8211; Blumenladen pleite.\"}]},{\"@type\":\"WebSite\",\"@id\":\"https:\/\/feminissima.de\/#website\",\"url\":\"https:\/\/feminissima.de\/\",\"name\":\"Feminissima\",\"description\":\"\",\"potentialAction\":[{\"@type\":\"SearchAction\",\"target\":{\"@type\":\"EntryPoint\",\"urlTemplate\":\"https:\/\/feminissima.de\/?s={search_term_string}\"},\"query-input\":\"required name=search_term_string\"}],\"inLanguage\":\"de\"},{\"@type\":\"Person\",\"@id\":\"https:\/\/feminissima.de\/#\/schema\/person\/0b901e053624f88e7ecbea289d9d5128\",\"name\":\"admin\",\"image\":{\"@type\":\"ImageObject\",\"inLanguage\":\"de\",\"@id\":\"https:\/\/feminissima.de\/#\/schema\/person\/image\/\",\"url\":\"https:\/\/secure.gravatar.com\/avatar\/8da1f51327453c0bf63338e8e2a791948b7d2ac19b68839492d1e69aac6924a8?s=96&d=mm&r=g\",\"contentUrl\":\"https:\/\/secure.gravatar.com\/avatar\/8da1f51327453c0bf63338e8e2a791948b7d2ac19b68839492d1e69aac6924a8?s=96&d=mm&r=g\",\"caption\":\"admin\"},\"url\":\"https:\/\/feminissima.de\/index.php\/author\/admin\/\"}]}<\/script>\n<!-- \/ Yoast SEO plugin. -->","yoast_head_json":{"title":"ROSENBL\u00dcTENBL\u00c4TTER - Blumenladen pleite. - Feminissima","robots":{"index":"index","follow":"follow","max-snippet":"max-snippet:-1","max-image-preview":"max-image-preview:large","max-video-preview":"max-video-preview:-1"},"canonical":"https:\/\/feminissima.de\/index.php\/2005\/06\/27\/rosenbluetenblaetter-blumenladen-pleite\/","og_locale":"de_DE","og_type":"article","og_title":"ROSENBL\u00dcTENBL\u00c4TTER - Blumenladen pleite. - Feminissima","og_description":"Ein durchaus romantisch durchwirkter Atmosph\u00e4ren-Bericht...wenn man so will..live-text vom Sonntag, von gestern also, and it goes like this..leicht poetisch angehaucht...die Poesie des leeren B\u00fcrgersteigs..wo zuvor allmorgendlich die Galerie der Blumen und Pflanzen aufgebaut wurde.","og_url":"https:\/\/feminissima.de\/index.php\/2005\/06\/27\/rosenbluetenblaetter-blumenladen-pleite\/","og_site_name":"Feminissima","article_published_time":"2005-06-27T07:00:10+00:00","author":"admin","twitter_card":"summary_large_image","twitter_misc":{"Verfasst von":"admin","Gesch\u00e4tzte Lesezeit":"2\u00a0Minuten"},"schema":{"@context":"https:\/\/schema.org","@graph":[{"@type":"WebPage","@id":"https:\/\/feminissima.de\/index.php\/2005\/06\/27\/rosenbluetenblaetter-blumenladen-pleite\/","url":"https:\/\/feminissima.de\/index.php\/2005\/06\/27\/rosenbluetenblaetter-blumenladen-pleite\/","name":"ROSENBL\u00dcTENBL\u00c4TTER - Blumenladen pleite. - Feminissima","isPartOf":{"@id":"https:\/\/feminissima.de\/#website"},"datePublished":"2005-06-27T07:00:10+00:00","dateModified":"2005-06-27T07:00:10+00:00","author":{"@id":"https:\/\/feminissima.de\/#\/schema\/person\/0b901e053624f88e7ecbea289d9d5128"},"breadcrumb":{"@id":"https:\/\/feminissima.de\/index.php\/2005\/06\/27\/rosenbluetenblaetter-blumenladen-pleite\/#breadcrumb"},"inLanguage":"de","potentialAction":[{"@type":"ReadAction","target":["https:\/\/feminissima.de\/index.php\/2005\/06\/27\/rosenbluetenblaetter-blumenladen-pleite\/"]}]},{"@type":"BreadcrumbList","@id":"https:\/\/feminissima.de\/index.php\/2005\/06\/27\/rosenbluetenblaetter-blumenladen-pleite\/#breadcrumb","itemListElement":[{"@type":"ListItem","position":1,"name":"Startseite","item":"https:\/\/feminissima.de\/"},{"@type":"ListItem","position":2,"name":"ROSENBL\u00dcTENBL\u00c4TTER &#8211; Blumenladen pleite."}]},{"@type":"WebSite","@id":"https:\/\/feminissima.de\/#website","url":"https:\/\/feminissima.de\/","name":"Feminissima","description":"","potentialAction":[{"@type":"SearchAction","target":{"@type":"EntryPoint","urlTemplate":"https:\/\/feminissima.de\/?s={search_term_string}"},"query-input":"required name=search_term_string"}],"inLanguage":"de"},{"@type":"Person","@id":"https:\/\/feminissima.de\/#\/schema\/person\/0b901e053624f88e7ecbea289d9d5128","name":"admin","image":{"@type":"ImageObject","inLanguage":"de","@id":"https:\/\/feminissima.de\/#\/schema\/person\/image\/","url":"https:\/\/secure.gravatar.com\/avatar\/8da1f51327453c0bf63338e8e2a791948b7d2ac19b68839492d1e69aac6924a8?s=96&d=mm&r=g","contentUrl":"https:\/\/secure.gravatar.com\/avatar\/8da1f51327453c0bf63338e8e2a791948b7d2ac19b68839492d1e69aac6924a8?s=96&d=mm&r=g","caption":"admin"},"url":"https:\/\/feminissima.de\/index.php\/author\/admin\/"}]}},"jetpack_featured_media_url":"","_links":{"self":[{"href":"https:\/\/feminissima.de\/index.php\/wp-json\/wp\/v2\/posts\/83796","targetHints":{"allow":["GET"]}}],"collection":[{"href":"https:\/\/feminissima.de\/index.php\/wp-json\/wp\/v2\/posts"}],"about":[{"href":"https:\/\/feminissima.de\/index.php\/wp-json\/wp\/v2\/types\/post"}],"author":[{"embeddable":true,"href":"https:\/\/feminissima.de\/index.php\/wp-json\/wp\/v2\/users\/2"}],"replies":[{"embeddable":true,"href":"https:\/\/feminissima.de\/index.php\/wp-json\/wp\/v2\/comments?post=83796"}],"version-history":[{"count":0,"href":"https:\/\/feminissima.de\/index.php\/wp-json\/wp\/v2\/posts\/83796\/revisions"}],"wp:attachment":[{"href":"https:\/\/feminissima.de\/index.php\/wp-json\/wp\/v2\/media?parent=83796"}],"wp:term":[{"taxonomy":"category","embeddable":true,"href":"https:\/\/feminissima.de\/index.php\/wp-json\/wp\/v2\/categories?post=83796"},{"taxonomy":"post_tag","embeddable":true,"href":"https:\/\/feminissima.de\/index.php\/wp-json\/wp\/v2\/tags?post=83796"}],"curies":[{"name":"wp","href":"https:\/\/api.w.org\/{rel}","templated":true}]}}