{"id":83793,"date":"2005-06-27T06:47:58","date_gmt":"2005-06-27T06:47:58","guid":{"rendered":"http:\/\/www.feminissima.de\/?p=83793"},"modified":"2005-06-27T06:47:58","modified_gmt":"2005-06-27T06:47:58","slug":"christiansen-die-buchstaben-flohen-ins-freie","status":"publish","type":"post","link":"https:\/\/feminissima.de\/index.php\/2005\/06\/27\/christiansen-die-buchstaben-flohen-ins-freie\/","title":{"rendered":"CHRISTIANSEN &#8211;  die Buchstaben flohen ins Freie"},"content":{"rendered":"<p>und schrien: &#8222;Heute ist doch Sonntag!&#8220; Ein beinah live-mitgeschriebener Text und Kommentar gestern gegen 22 Uhr zum himmelblauen Sonntag gestern, der frischen Luft im Park von Schlo\u00df Charlottenburg &#8211; und dann &#8211; oh-Schock &#8211; wieder einmal Schwafel &#038; Co zu HARTZ IV bei CHRISTIANSEN, ARD &#8211; : <br \/>last page view: 51255.\/ wir begr\u00fc\u00dften heute 319 G\u00e4ste..willkommen!\/gestern 342..wir schmieren noch ein paar frische Stullen, mit Sauer-G\u00fcrkchen und Tomaten..gut??\/<\/p>\n<table width=\"100%\">\n<tr>\n<td style=\"background-image=url('images\/monet-heller.jpg')\"><font size=\"+1\"><\/p>\n<p>&#8230;recht haben sie. So ein sch\u00f6ner Sonntag. Nur leider gerade &#8222;CHRISTIANSEN&#8220; eingeschaltet. Da reden sie wieder einen Stu\u00df, die &#8222;Rechten&#8220;&#8230;und der gute Biedenkopf, der selbst bei IKEA herumrabattete..CDU, dar\u00fcber auch teils gestolpert ist&#8230;jetzt gehn sie doch hin, in der Diskussion, Herr Schleyer Junior, z. B. &#8211; &#8222;wie viel eine Familie mit 2 Kindern doch bek\u00e4me!&#8220; Die spinnen. Und wie immer greifen sie zu Ausfl\u00fcchten: &#8222;Die fr\u00fcheren Sozialhilfe-Empf\u00e4ngern kriegen doch viel mehr!&#8220; Keiner kann das belegen. Doch was wird aus all denen &#8211; die ab 35 in die Arbeitslosigkeit unfreiwillig gefallen sind..? Und wie immer &#8211; keiner hat auch nur EIN EINZIGES ANGEBOT vom Arbeitsamt erhalten&#8230;auch das ist bekannt&#8230;sie verwalten sich selbst, wurschteln herum, sind repressiv ohne Ende &#8211; &#8230;haha..jetzt aber l\u00e4sst sich das Publikum von BECK (SPD) nicht l\u00e4nger ver&#8230;&#8230; \/wenn der sagt: &#8222;Das sind sicher Ausnahmen&#8230;da war sicher ein Umstellungsdruck in den letzten Montaten&#8230;jetzt sind wir wieder in der Leistungs\u00fcberpr\u00fcfung, die nch 6 Monaten stattfindet..&#8220; KLAR, die ARMEN k\u00f6nnen in der Zeit verhungern&#8230;aber die &#8222;Vermittler&#8220; und die Riesenverwaltung &#8230;wird immer in Schutz genommen&#8230;nee, all die frische Luft im sch\u00f6nen Park vom Schlo\u00df Charlottenburg&#8230;und jetzt&#8230;sagt Frau Christiansen, mit einem Anflug von milder Kritik, oh! &#8211; &#8222;&#8220;90.000 Angestellte bei der BA und es klappt nicht, woran liegt das denn?&#8220; NUN die n\u00e4chste Ausrede &#8211; die Vermischung der Sozialhilfe-\u00c4mter mit der BA&#8230;was alle, die Hirn hatten, schon vorher wu\u00dften &#8211; aber Herr CLEMENT wollte ja schnell zum 1. 1. 05  und alles \u00fcberhastet, \u00fcberst\u00fcrzt, marode EDV und alles nur MURKS&#8230;und jetzt ist der FDP-Mann Br\u00fcderle wirklich gut &#8211; er sagt &#8211; ein Handwerker rechnet vorher die Kosten aus, und nicht hinterher..Und jetzt auf den  PUNKT- Biedenkopf: &#8222;DIE ORGANISATIONSDEBATTE IST NICHT DAS ENTSCHEIDENDE PROBLEM &#8211; SONDERN DIE FEHLENDEN ARBEITSPL\u00c4TZE!&#8220; &#8212;APPLAUS rauscht durch das Studio&#8230;ja&#8230;so, es ist gleich 22 Uhr&#8230;und morgen mehr about the &#8222;Hedge-Fonds&#8220;&#8230;.ach, h\u00e4tten wir doch welche..nicht? \/ Ah, sie reden sich wieder rund &#038; sch\u00f6n, es ist ja nicht auszuhalten. Die Buchstaben wollen schon streiken. Bald sieht es so aus, als ob die Zwangs-HARTZ-IV-Empf\u00e4ngerInnen ja die eigentlich REICHEN im Lande w\u00e4ren! Infam dieser Biedenkopf, fr\u00fcher, vor 2000 Jahren, besa\u00df er mal Bip, Biss &#038; Unbiederkeit&#8230;jetzt hetzt er..sublim&#8230;.und zwar so, dass Du es auf die K\u00fcrze gar nicht merkst, und das ist das besonders Gef\u00e4hrliche: Dieses &#8230;;&#8230;&#8220;Das schafft ja auf lange Bank in der Gesellschaft Unzufriedenheit, wenn eine Familie mit 2 Kindern fast 2000 Euro kriegt, durch die Hartz IV &#8211; Transfers..mit den Mietkosten und alles, was dazu kommt&#8230;&#8220; DA SAGT Herr RAMELOW von der PDS (endlich ein Mann, der weder bombastisch noch defensiv daher kommt ,sondern sachlich und k\u00fchl): &#8222;Ja, dann kann man ihnen doch gleich das Geld als sozialversicherungspflichtige Leistung geben, dann flie\u00dft Geld zur\u00fcck, der Riesenverwaltungsapparat der BA und der Sozial-\u00c4mter wird \u00fcberfl\u00fcssig&#8230;&#8220; Satzende geht unter im tosenden Applaus&#8230;was zeigt, was die Menschen denken. Ach, wir zappen weg. ! Alles dasselbe &#8230;seit je&#8230;und je&#8230;die Unternehmer brauchen nichts einzuzahlen, in die Sozialversicherungskassen, die Beamten auch nicht&#8230;die Freiberufler auch nicht&#8230; und die schwadronieren, dass nur noch &#8222;ganz WENIGE&#8220;&#8230;sozialversicherungspflichtig&#8230;da seien&#8230;ach-h\u00f6rt-mer-doch-uff! Ruft unsere hessisch-Praktikantin&#8230;und &#8211; sie hat recht! See you !<\/p>\n","protected":false},"excerpt":{"rendered":"<p>und schrien: &#8222;Heute ist doch Sonntag!&#8220; Ein beinah live-mitgeschriebener Text und Kommentar gestern gegen 22 Uhr zum himmelblauen Sonntag gestern, der frischen Luft im Park von Schlo\u00df Charlottenburg &#8211; und dann &#8211; oh-Schock &#8211; wieder einmal Schwafel &#038; Co zu HARTZ IV bei CHRISTIANSEN, ARD &#8211; : <\/p>\n","protected":false},"author":2,"featured_media":0,"comment_status":"closed","ping_status":"closed","sticky":false,"template":"","format":"standard","meta":{"footnotes":""},"categories":[13],"tags":[],"class_list":["post-83793","post","type-post","status-publish","format-standard","hentry","category-femmedien","entry"],"yoast_head":"<!-- This site is optimized with the Yoast SEO plugin v21.0 - https:\/\/yoast.com\/wordpress\/plugins\/seo\/ -->\n<title>CHRISTIANSEN - die Buchstaben flohen ins Freie - Feminissima<\/title>\n<meta name=\"robots\" content=\"index, follow, max-snippet:-1, max-image-preview:large, max-video-preview:-1\" \/>\n<link rel=\"canonical\" href=\"https:\/\/feminissima.de\/index.php\/2005\/06\/27\/christiansen-die-buchstaben-flohen-ins-freie\/\" \/>\n<meta property=\"og:locale\" content=\"de_DE\" \/>\n<meta property=\"og:type\" content=\"article\" \/>\n<meta property=\"og:title\" content=\"CHRISTIANSEN - die Buchstaben flohen ins Freie - Feminissima\" \/>\n<meta property=\"og:description\" content=\"und schrien: &quot;Heute ist doch Sonntag!&quot; Ein beinah live-mitgeschriebener Text und Kommentar gestern gegen 22 Uhr zum himmelblauen Sonntag gestern, der frischen Luft im Park von Schlo\u00df Charlottenburg - und dann - oh-Schock - wieder einmal Schwafel &amp; Co zu HARTZ IV bei CHRISTIANSEN, ARD - :\" \/>\n<meta property=\"og:url\" content=\"https:\/\/feminissima.de\/index.php\/2005\/06\/27\/christiansen-die-buchstaben-flohen-ins-freie\/\" \/>\n<meta property=\"og:site_name\" content=\"Feminissima\" \/>\n<meta property=\"article:published_time\" content=\"2005-06-27T06:47:58+00:00\" \/>\n<meta name=\"author\" content=\"admin\" \/>\n<meta name=\"twitter:card\" content=\"summary_large_image\" \/>\n<meta name=\"twitter:label1\" content=\"Verfasst von\" \/>\n\t<meta name=\"twitter:data1\" content=\"admin\" \/>\n\t<meta name=\"twitter:label2\" content=\"Gesch\u00e4tzte Lesezeit\" \/>\n\t<meta name=\"twitter:data2\" content=\"3\u00a0Minuten\" \/>\n<script type=\"application\/ld+json\" class=\"yoast-schema-graph\">{\"@context\":\"https:\/\/schema.org\",\"@graph\":[{\"@type\":\"WebPage\",\"@id\":\"https:\/\/feminissima.de\/index.php\/2005\/06\/27\/christiansen-die-buchstaben-flohen-ins-freie\/\",\"url\":\"https:\/\/feminissima.de\/index.php\/2005\/06\/27\/christiansen-die-buchstaben-flohen-ins-freie\/\",\"name\":\"CHRISTIANSEN - die Buchstaben flohen ins Freie - Feminissima\",\"isPartOf\":{\"@id\":\"https:\/\/feminissima.de\/#website\"},\"datePublished\":\"2005-06-27T06:47:58+00:00\",\"dateModified\":\"2005-06-27T06:47:58+00:00\",\"author\":{\"@id\":\"https:\/\/feminissima.de\/#\/schema\/person\/0b901e053624f88e7ecbea289d9d5128\"},\"breadcrumb\":{\"@id\":\"https:\/\/feminissima.de\/index.php\/2005\/06\/27\/christiansen-die-buchstaben-flohen-ins-freie\/#breadcrumb\"},\"inLanguage\":\"de\",\"potentialAction\":[{\"@type\":\"ReadAction\",\"target\":[\"https:\/\/feminissima.de\/index.php\/2005\/06\/27\/christiansen-die-buchstaben-flohen-ins-freie\/\"]}]},{\"@type\":\"BreadcrumbList\",\"@id\":\"https:\/\/feminissima.de\/index.php\/2005\/06\/27\/christiansen-die-buchstaben-flohen-ins-freie\/#breadcrumb\",\"itemListElement\":[{\"@type\":\"ListItem\",\"position\":1,\"name\":\"Startseite\",\"item\":\"https:\/\/feminissima.de\/\"},{\"@type\":\"ListItem\",\"position\":2,\"name\":\"CHRISTIANSEN &#8211; die Buchstaben flohen ins Freie\"}]},{\"@type\":\"WebSite\",\"@id\":\"https:\/\/feminissima.de\/#website\",\"url\":\"https:\/\/feminissima.de\/\",\"name\":\"Feminissima\",\"description\":\"\",\"potentialAction\":[{\"@type\":\"SearchAction\",\"target\":{\"@type\":\"EntryPoint\",\"urlTemplate\":\"https:\/\/feminissima.de\/?s={search_term_string}\"},\"query-input\":\"required name=search_term_string\"}],\"inLanguage\":\"de\"},{\"@type\":\"Person\",\"@id\":\"https:\/\/feminissima.de\/#\/schema\/person\/0b901e053624f88e7ecbea289d9d5128\",\"name\":\"admin\",\"image\":{\"@type\":\"ImageObject\",\"inLanguage\":\"de\",\"@id\":\"https:\/\/feminissima.de\/#\/schema\/person\/image\/\",\"url\":\"https:\/\/secure.gravatar.com\/avatar\/8da1f51327453c0bf63338e8e2a791948b7d2ac19b68839492d1e69aac6924a8?s=96&d=mm&r=g\",\"contentUrl\":\"https:\/\/secure.gravatar.com\/avatar\/8da1f51327453c0bf63338e8e2a791948b7d2ac19b68839492d1e69aac6924a8?s=96&d=mm&r=g\",\"caption\":\"admin\"},\"url\":\"https:\/\/feminissima.de\/index.php\/author\/admin\/\"}]}<\/script>\n<!-- \/ Yoast SEO plugin. -->","yoast_head_json":{"title":"CHRISTIANSEN - die Buchstaben flohen ins Freie - Feminissima","robots":{"index":"index","follow":"follow","max-snippet":"max-snippet:-1","max-image-preview":"max-image-preview:large","max-video-preview":"max-video-preview:-1"},"canonical":"https:\/\/feminissima.de\/index.php\/2005\/06\/27\/christiansen-die-buchstaben-flohen-ins-freie\/","og_locale":"de_DE","og_type":"article","og_title":"CHRISTIANSEN - die Buchstaben flohen ins Freie - Feminissima","og_description":"und schrien: \"Heute ist doch Sonntag!\" Ein beinah live-mitgeschriebener Text und Kommentar gestern gegen 22 Uhr zum himmelblauen Sonntag gestern, der frischen Luft im Park von Schlo\u00df Charlottenburg - und dann - oh-Schock - wieder einmal Schwafel & Co zu HARTZ IV bei CHRISTIANSEN, ARD - :","og_url":"https:\/\/feminissima.de\/index.php\/2005\/06\/27\/christiansen-die-buchstaben-flohen-ins-freie\/","og_site_name":"Feminissima","article_published_time":"2005-06-27T06:47:58+00:00","author":"admin","twitter_card":"summary_large_image","twitter_misc":{"Verfasst von":"admin","Gesch\u00e4tzte Lesezeit":"3\u00a0Minuten"},"schema":{"@context":"https:\/\/schema.org","@graph":[{"@type":"WebPage","@id":"https:\/\/feminissima.de\/index.php\/2005\/06\/27\/christiansen-die-buchstaben-flohen-ins-freie\/","url":"https:\/\/feminissima.de\/index.php\/2005\/06\/27\/christiansen-die-buchstaben-flohen-ins-freie\/","name":"CHRISTIANSEN - die Buchstaben flohen ins Freie - Feminissima","isPartOf":{"@id":"https:\/\/feminissima.de\/#website"},"datePublished":"2005-06-27T06:47:58+00:00","dateModified":"2005-06-27T06:47:58+00:00","author":{"@id":"https:\/\/feminissima.de\/#\/schema\/person\/0b901e053624f88e7ecbea289d9d5128"},"breadcrumb":{"@id":"https:\/\/feminissima.de\/index.php\/2005\/06\/27\/christiansen-die-buchstaben-flohen-ins-freie\/#breadcrumb"},"inLanguage":"de","potentialAction":[{"@type":"ReadAction","target":["https:\/\/feminissima.de\/index.php\/2005\/06\/27\/christiansen-die-buchstaben-flohen-ins-freie\/"]}]},{"@type":"BreadcrumbList","@id":"https:\/\/feminissima.de\/index.php\/2005\/06\/27\/christiansen-die-buchstaben-flohen-ins-freie\/#breadcrumb","itemListElement":[{"@type":"ListItem","position":1,"name":"Startseite","item":"https:\/\/feminissima.de\/"},{"@type":"ListItem","position":2,"name":"CHRISTIANSEN &#8211; die Buchstaben flohen ins Freie"}]},{"@type":"WebSite","@id":"https:\/\/feminissima.de\/#website","url":"https:\/\/feminissima.de\/","name":"Feminissima","description":"","potentialAction":[{"@type":"SearchAction","target":{"@type":"EntryPoint","urlTemplate":"https:\/\/feminissima.de\/?s={search_term_string}"},"query-input":"required name=search_term_string"}],"inLanguage":"de"},{"@type":"Person","@id":"https:\/\/feminissima.de\/#\/schema\/person\/0b901e053624f88e7ecbea289d9d5128","name":"admin","image":{"@type":"ImageObject","inLanguage":"de","@id":"https:\/\/feminissima.de\/#\/schema\/person\/image\/","url":"https:\/\/secure.gravatar.com\/avatar\/8da1f51327453c0bf63338e8e2a791948b7d2ac19b68839492d1e69aac6924a8?s=96&d=mm&r=g","contentUrl":"https:\/\/secure.gravatar.com\/avatar\/8da1f51327453c0bf63338e8e2a791948b7d2ac19b68839492d1e69aac6924a8?s=96&d=mm&r=g","caption":"admin"},"url":"https:\/\/feminissima.de\/index.php\/author\/admin\/"}]}},"jetpack_featured_media_url":"","_links":{"self":[{"href":"https:\/\/feminissima.de\/index.php\/wp-json\/wp\/v2\/posts\/83793","targetHints":{"allow":["GET"]}}],"collection":[{"href":"https:\/\/feminissima.de\/index.php\/wp-json\/wp\/v2\/posts"}],"about":[{"href":"https:\/\/feminissima.de\/index.php\/wp-json\/wp\/v2\/types\/post"}],"author":[{"embeddable":true,"href":"https:\/\/feminissima.de\/index.php\/wp-json\/wp\/v2\/users\/2"}],"replies":[{"embeddable":true,"href":"https:\/\/feminissima.de\/index.php\/wp-json\/wp\/v2\/comments?post=83793"}],"version-history":[{"count":0,"href":"https:\/\/feminissima.de\/index.php\/wp-json\/wp\/v2\/posts\/83793\/revisions"}],"wp:attachment":[{"href":"https:\/\/feminissima.de\/index.php\/wp-json\/wp\/v2\/media?parent=83793"}],"wp:term":[{"taxonomy":"category","embeddable":true,"href":"https:\/\/feminissima.de\/index.php\/wp-json\/wp\/v2\/categories?post=83793"},{"taxonomy":"post_tag","embeddable":true,"href":"https:\/\/feminissima.de\/index.php\/wp-json\/wp\/v2\/tags?post=83793"}],"curies":[{"name":"wp","href":"https:\/\/api.w.org\/{rel}","templated":true}]}}