{"id":83761,"date":"2005-06-11T00:04:00","date_gmt":"2005-06-11T00:04:00","guid":{"rendered":"http:\/\/www.feminissima.de\/?p=83761"},"modified":"2005-06-11T00:04:00","modified_gmt":"2005-06-11T00:04:00","slug":"buchtip-amerika-und-der-holocaust","status":"publish","type":"post","link":"https:\/\/feminissima.de\/index.php\/2005\/06\/11\/buchtip-amerika-und-der-holocaust\/","title":{"rendered":"Buchtip: AMERIKA UND DER HOLOCAUST"},"content":{"rendered":"<p>Text von der gestrigen live-Site &#8222;Nacht-Texte&#8220;- <br \/>\/ 45971.\/ 213 LeserInnen in 2 Stunden..die Lese-Nightriders&#8230;willkommen..! \/  Ein Sachbuch, erschienen im November 2004, Verlag Knaur, von der Amerikanistin und Journalistin (taz, TAGESSPIEGEL, FR, FTD, ZEIT )Eva Schweitzer, lautet: &#8222;AMERIKA UND DER HOLOCAUST.&#8220; Ein Zitat aus dem Umschlagtext: &#8220; America galt lange als der Hort der Freiheit und der Demokratie. Tats\u00e4chlich aber haben US-Konzerne wie GENERAL MOTORS und STANDARD OIL nicht nur den ganzen Krieg hindurch Gesch\u00e4fte mit dem Dritten Reich gemacht, die USA haben auch eine RESTRIKTIVE EINWANDERUNGSPOLITIK BETRIEBEN, die HUNDERTTAUSENDE J\u00dcDISCHER FL\u00dcCHTLINGE DAS LEBEN kostete. Und obwohl die Presse der USA Bescheid wu\u00dfte und die Geheimdienste mit j\u00fcdischen Untergrundk\u00e4mpfern und deutschen Widerst\u00e4ndlern in st\u00e4ndigem Kontakt standen, geschah nichts, um ihnen zu helfen&#8220;.****** Ein Zitat aus dem Inneren des Buchs, es war das SACHBUCH DES MONATS Dezember 2004 &#8211; ****  &#8222;\u00dcbrigens wurden nicht nur Hitler (und Schacht) von der TIMES anfangs freundlich behandelt, sondern auch Mussolini und Stalin. Anne O&#8217;Hare McCormick schrieb am 1. September 1935, Mussolini sei &#8218;eine interessante Kombination aus C\u00e4sar und dem einfachen Bauern Italiens&#8216;, der der Muttererde Italiens nahe sei, und verglich den Duce mit Roosevelt: &#8218;Hinter dem Charme und der Offenheit von beiden liegt etwas Flie\u00dfend-Unergr\u00fcndliches.&#8216; der TIMES-Korrespondent in der Sowjetunion, Walter Duranty, erlangte nachhaltigen &#8222;Ruhm&#8220; als der schlimmste Stalin-Propagandist aller Zeiten. Duranty verschwieg wissentlich Stalins V\u00f6lkermord an acht Millionen Ukrainern und sagte, daraufhin angesprochen: &#8218;Wer ein Omelett machen will, mu\u00df Eier aufschlagen.&#8216;&#8212;&#8212;&#8222;\u00c4hnlich ambivalent wie die TIMES waren auch die anderen Zeitungen. Zwar meldeten sie immer wieder \u00dcbergriffe gegen Juden, aber glaubten auch den BESCHWICHTIGUNGEN der Nazis. So titelte die LOS ANGELES TIMES am 27. M\u00e4rz 1933: &#8218;RAZZIEN GEGEN DIE JUDEN SIND ERKL\u00c4RTERMASSEN VORBEI.&#8216; Nur die linke Zeitschrift THE NATION formulierte Ende 1933: &#8218;Jedesmal wenn \u00fcber Gewalt gegen Juden in Deutschland berichtet wird, gibt die deutsche Regierung Dementis heraus, bestraft Juden, die &#8222;Hetzpropaganda&#8220; verbreiten, wirft ehrliche Korrespondenten hinaus und ERMUNTERT ZU EBEN DEN GEWALTTATEN, DIE SIE BESTREITET.&#8220;&#8230;..&#8220;THE CHRISTIAN CENTURY hingegen befand:&#8217;Juden m\u00fc\u00dften sich fragen, ob es unter ihnen nicht zu viele KOMMUNISTEN gebe.'&#8220; \/Zitat aus den Seiten 137\/138 dieses Sachbuchs &#8211; das sonderbarerweise (&#8230;nein, kein Wunder!) &#8211; NICHT zum Bestseller hierzulande wurde. \/Es gibt vieles aufzukl\u00e4ren &#8211; fangen wir an! Ihr solltet auf jeden Fall DIESES BUCH LESEN!<br \/>\n<br \/>\nISBN: 3 &#8211; 426 &#8211; 77784 -3\/Nur ein winziger Ausschnitt war dies &#8211; aber er best\u00e4tigt, was &#8222;man&#8220; eigentlich &#8222;wei\u00df&#8220;, seitdem eigentlich &#8222;bekannt&#8220; war, dass seinerzeit Fl\u00fcchtlingsschiffe auch von amerikanischer Seite zur\u00fcckgeschickt worden sind&#8230;\u00fcbrigens wird auch der FAMILIE BUSH BEI DER AUFR\u00dcSTUNG DES DRITTEN REICHS ein Kapitel gewidmet.<\/p>\n","protected":false},"excerpt":{"rendered":"<p>Text von der gestrigen live-Site &#8222;Nacht-Texte&#8220;- <\/p>\n","protected":false},"author":2,"featured_media":0,"comment_status":"closed","ping_status":"closed","sticky":false,"template":"","format":"standard","meta":{"footnotes":""},"categories":[9],"tags":[],"class_list":["post-83761","post","type-post","status-publish","format-standard","hentry","category-fembcher","entry"],"yoast_head":"<!-- This site is optimized with the Yoast SEO plugin v21.0 - https:\/\/yoast.com\/wordpress\/plugins\/seo\/ -->\n<title>Buchtip: AMERIKA UND DER HOLOCAUST - Feminissima<\/title>\n<meta name=\"robots\" content=\"index, follow, max-snippet:-1, max-image-preview:large, max-video-preview:-1\" \/>\n<link rel=\"canonical\" href=\"https:\/\/feminissima.de\/index.php\/2005\/06\/11\/buchtip-amerika-und-der-holocaust\/\" \/>\n<meta property=\"og:locale\" content=\"de_DE\" \/>\n<meta property=\"og:type\" content=\"article\" \/>\n<meta property=\"og:title\" content=\"Buchtip: AMERIKA UND DER HOLOCAUST - Feminissima\" \/>\n<meta property=\"og:description\" content=\"Text von der gestrigen live-Site &quot;Nacht-Texte&quot;-\" \/>\n<meta property=\"og:url\" content=\"https:\/\/feminissima.de\/index.php\/2005\/06\/11\/buchtip-amerika-und-der-holocaust\/\" \/>\n<meta property=\"og:site_name\" content=\"Feminissima\" \/>\n<meta property=\"article:published_time\" content=\"2005-06-11T00:04:00+00:00\" \/>\n<meta name=\"author\" content=\"admin\" \/>\n<meta name=\"twitter:card\" content=\"summary_large_image\" \/>\n<meta name=\"twitter:label1\" content=\"Verfasst von\" \/>\n\t<meta name=\"twitter:data1\" content=\"admin\" \/>\n\t<meta name=\"twitter:label2\" content=\"Gesch\u00e4tzte Lesezeit\" \/>\n\t<meta name=\"twitter:data2\" content=\"2\u00a0Minuten\" \/>\n<script type=\"application\/ld+json\" class=\"yoast-schema-graph\">{\"@context\":\"https:\/\/schema.org\",\"@graph\":[{\"@type\":\"WebPage\",\"@id\":\"https:\/\/feminissima.de\/index.php\/2005\/06\/11\/buchtip-amerika-und-der-holocaust\/\",\"url\":\"https:\/\/feminissima.de\/index.php\/2005\/06\/11\/buchtip-amerika-und-der-holocaust\/\",\"name\":\"Buchtip: AMERIKA UND DER HOLOCAUST - Feminissima\",\"isPartOf\":{\"@id\":\"https:\/\/feminissima.de\/#website\"},\"datePublished\":\"2005-06-11T00:04:00+00:00\",\"dateModified\":\"2005-06-11T00:04:00+00:00\",\"author\":{\"@id\":\"https:\/\/feminissima.de\/#\/schema\/person\/0b901e053624f88e7ecbea289d9d5128\"},\"breadcrumb\":{\"@id\":\"https:\/\/feminissima.de\/index.php\/2005\/06\/11\/buchtip-amerika-und-der-holocaust\/#breadcrumb\"},\"inLanguage\":\"de\",\"potentialAction\":[{\"@type\":\"ReadAction\",\"target\":[\"https:\/\/feminissima.de\/index.php\/2005\/06\/11\/buchtip-amerika-und-der-holocaust\/\"]}]},{\"@type\":\"BreadcrumbList\",\"@id\":\"https:\/\/feminissima.de\/index.php\/2005\/06\/11\/buchtip-amerika-und-der-holocaust\/#breadcrumb\",\"itemListElement\":[{\"@type\":\"ListItem\",\"position\":1,\"name\":\"Startseite\",\"item\":\"https:\/\/feminissima.de\/\"},{\"@type\":\"ListItem\",\"position\":2,\"name\":\"Buchtip: AMERIKA UND DER HOLOCAUST\"}]},{\"@type\":\"WebSite\",\"@id\":\"https:\/\/feminissima.de\/#website\",\"url\":\"https:\/\/feminissima.de\/\",\"name\":\"Feminissima\",\"description\":\"\",\"potentialAction\":[{\"@type\":\"SearchAction\",\"target\":{\"@type\":\"EntryPoint\",\"urlTemplate\":\"https:\/\/feminissima.de\/?s={search_term_string}\"},\"query-input\":\"required name=search_term_string\"}],\"inLanguage\":\"de\"},{\"@type\":\"Person\",\"@id\":\"https:\/\/feminissima.de\/#\/schema\/person\/0b901e053624f88e7ecbea289d9d5128\",\"name\":\"admin\",\"image\":{\"@type\":\"ImageObject\",\"inLanguage\":\"de\",\"@id\":\"https:\/\/feminissima.de\/#\/schema\/person\/image\/\",\"url\":\"https:\/\/secure.gravatar.com\/avatar\/8da1f51327453c0bf63338e8e2a791948b7d2ac19b68839492d1e69aac6924a8?s=96&d=mm&r=g\",\"contentUrl\":\"https:\/\/secure.gravatar.com\/avatar\/8da1f51327453c0bf63338e8e2a791948b7d2ac19b68839492d1e69aac6924a8?s=96&d=mm&r=g\",\"caption\":\"admin\"},\"url\":\"https:\/\/feminissima.de\/index.php\/author\/admin\/\"}]}<\/script>\n<!-- \/ Yoast SEO plugin. -->","yoast_head_json":{"title":"Buchtip: AMERIKA UND DER HOLOCAUST - Feminissima","robots":{"index":"index","follow":"follow","max-snippet":"max-snippet:-1","max-image-preview":"max-image-preview:large","max-video-preview":"max-video-preview:-1"},"canonical":"https:\/\/feminissima.de\/index.php\/2005\/06\/11\/buchtip-amerika-und-der-holocaust\/","og_locale":"de_DE","og_type":"article","og_title":"Buchtip: AMERIKA UND DER HOLOCAUST - Feminissima","og_description":"Text von der gestrigen live-Site \"Nacht-Texte\"-","og_url":"https:\/\/feminissima.de\/index.php\/2005\/06\/11\/buchtip-amerika-und-der-holocaust\/","og_site_name":"Feminissima","article_published_time":"2005-06-11T00:04:00+00:00","author":"admin","twitter_card":"summary_large_image","twitter_misc":{"Verfasst von":"admin","Gesch\u00e4tzte Lesezeit":"2\u00a0Minuten"},"schema":{"@context":"https:\/\/schema.org","@graph":[{"@type":"WebPage","@id":"https:\/\/feminissima.de\/index.php\/2005\/06\/11\/buchtip-amerika-und-der-holocaust\/","url":"https:\/\/feminissima.de\/index.php\/2005\/06\/11\/buchtip-amerika-und-der-holocaust\/","name":"Buchtip: AMERIKA UND DER HOLOCAUST - Feminissima","isPartOf":{"@id":"https:\/\/feminissima.de\/#website"},"datePublished":"2005-06-11T00:04:00+00:00","dateModified":"2005-06-11T00:04:00+00:00","author":{"@id":"https:\/\/feminissima.de\/#\/schema\/person\/0b901e053624f88e7ecbea289d9d5128"},"breadcrumb":{"@id":"https:\/\/feminissima.de\/index.php\/2005\/06\/11\/buchtip-amerika-und-der-holocaust\/#breadcrumb"},"inLanguage":"de","potentialAction":[{"@type":"ReadAction","target":["https:\/\/feminissima.de\/index.php\/2005\/06\/11\/buchtip-amerika-und-der-holocaust\/"]}]},{"@type":"BreadcrumbList","@id":"https:\/\/feminissima.de\/index.php\/2005\/06\/11\/buchtip-amerika-und-der-holocaust\/#breadcrumb","itemListElement":[{"@type":"ListItem","position":1,"name":"Startseite","item":"https:\/\/feminissima.de\/"},{"@type":"ListItem","position":2,"name":"Buchtip: AMERIKA UND DER HOLOCAUST"}]},{"@type":"WebSite","@id":"https:\/\/feminissima.de\/#website","url":"https:\/\/feminissima.de\/","name":"Feminissima","description":"","potentialAction":[{"@type":"SearchAction","target":{"@type":"EntryPoint","urlTemplate":"https:\/\/feminissima.de\/?s={search_term_string}"},"query-input":"required name=search_term_string"}],"inLanguage":"de"},{"@type":"Person","@id":"https:\/\/feminissima.de\/#\/schema\/person\/0b901e053624f88e7ecbea289d9d5128","name":"admin","image":{"@type":"ImageObject","inLanguage":"de","@id":"https:\/\/feminissima.de\/#\/schema\/person\/image\/","url":"https:\/\/secure.gravatar.com\/avatar\/8da1f51327453c0bf63338e8e2a791948b7d2ac19b68839492d1e69aac6924a8?s=96&d=mm&r=g","contentUrl":"https:\/\/secure.gravatar.com\/avatar\/8da1f51327453c0bf63338e8e2a791948b7d2ac19b68839492d1e69aac6924a8?s=96&d=mm&r=g","caption":"admin"},"url":"https:\/\/feminissima.de\/index.php\/author\/admin\/"}]}},"jetpack_featured_media_url":"","_links":{"self":[{"href":"https:\/\/feminissima.de\/index.php\/wp-json\/wp\/v2\/posts\/83761","targetHints":{"allow":["GET"]}}],"collection":[{"href":"https:\/\/feminissima.de\/index.php\/wp-json\/wp\/v2\/posts"}],"about":[{"href":"https:\/\/feminissima.de\/index.php\/wp-json\/wp\/v2\/types\/post"}],"author":[{"embeddable":true,"href":"https:\/\/feminissima.de\/index.php\/wp-json\/wp\/v2\/users\/2"}],"replies":[{"embeddable":true,"href":"https:\/\/feminissima.de\/index.php\/wp-json\/wp\/v2\/comments?post=83761"}],"version-history":[{"count":0,"href":"https:\/\/feminissima.de\/index.php\/wp-json\/wp\/v2\/posts\/83761\/revisions"}],"wp:attachment":[{"href":"https:\/\/feminissima.de\/index.php\/wp-json\/wp\/v2\/media?parent=83761"}],"wp:term":[{"taxonomy":"category","embeddable":true,"href":"https:\/\/feminissima.de\/index.php\/wp-json\/wp\/v2\/categories?post=83761"},{"taxonomy":"post_tag","embeddable":true,"href":"https:\/\/feminissima.de\/index.php\/wp-json\/wp\/v2\/tags?post=83761"}],"curies":[{"name":"wp","href":"https:\/\/api.w.org\/{rel}","templated":true}]}}