{"id":83722,"date":"2005-05-13T11:23:58","date_gmt":"2005-05-13T11:23:58","guid":{"rendered":"http:\/\/www.feminissima.de\/?p=83722"},"modified":"2005-05-13T11:23:58","modified_gmt":"2005-05-13T11:23:58","slug":"kein-normaler-montag-9-5-05","status":"publish","type":"post","link":"https:\/\/feminissima.de\/index.php\/2005\/05\/13\/kein-normaler-montag-9-5-05\/","title":{"rendered":"Kein normaler Montag &#8211; 9.5.05"},"content":{"rendered":"<p>&#8230;ziemlich langer Text von der live-site (vom 9. 5. 2005..) &#8211; bitte sehr , wartet gern auf Sie , to be read again!<br \/>Es ist jetzt 12 Uhr 50  in Berlin&#8230;hey-o!<br \/>\n<br \/>\nDrau\u00dfen R E G E N  ..\/ SCHAUT doch mal in die Rubrik &#8222;fem&#038;Gewalt&#8220; &#8211; unter den 38 Beitr\u00e4gen dort findet Ihr auch THE HISTORY PLACE &#8211; Holocaust Museum NY &#8211; die Anatomie eines Mord-Systems : Hitler &#8211; das Dritte Reich. Vom 12. Juni 2003 \/In der Rubrik k\u00f6nnt Ihr auch \u00fcber das VICHY-Regime etwas lesen und \u00fcber NS-Psychiatrie..<\/p>\n<table width=\"100%\">\n<tr>\n<td style=\"background-image=url('images\/monet-heller.jpg')\"><font size=\"+1\"> Last page view: 40243. bis jetzt 106 Besucher, heute, inzwischen 14 Uhr 24&#8230;just aktualisiert&#8230;die TEXTE sind frisch-halte-verpackt vom MITTAG und von der Nacht&#8230; <br \/>Hier ist die Mittags-FEMINISSIMA, willkommen:<br \/>&#8230;<br \/>ja, durch Fehler wird <br \/>man..bzw. &#8222;frau&#8220; <br \/>ja immer wieder klug!<br \/>Sofern sie nicht zu gravierend sind, die Fehler!<br \/>Immerhin hat der Fehler gezeigt, <br \/>dass man auch schwarzbuchstabrig jederzeit.. schreiben ..<br \/>zwischendrin,<br \/> und dann wieder Farbe auflegen kann.<\/p>\n<p>und das Night-life war ja, siehe unten &#8211; richtig aktiv..und damit &#8230;oh Marenga wird sich freuen &#8211; !<br \/>d\u00fcrfen wir ihr schon 41 Reinschauer vermelden, und das, ehe der Tag zur H\u00e4lfte um ist&#8230;.!!<br \/>Sensationell!<\/p>\n<p>*****HIER ABER NE BREAKING NEWS f\u00fcr alle geistig-beweglich-aufgekl\u00e4rt-werden-m\u00f6chten&#8230;ja-ach-so, der Satzbau! Genau. Es geht um  Menschen, insbesondere nat\u00fcrlich&#8230;<\/p>\n<p>F R A U E N ****<\/p>\n<p>Der Termin darf nachher in der PINNWAND prangen, Webmaster schon um einen echten LINK gebeten&#8230;<\/p>\n<p>aber hier erst einmal DIREKT &#8211; <\/p>\n<p>am 20. MAI findet in GREIFSWALD<\/p>\n<p>der 31. FEMINISTISCHE JURISTINNENTAG <\/p>\n<p>statt.<\/p>\n<p>Hier schon mal eine N\u00e4her-Info-Hinschau: www.zwd.info\/termin\/<\/p>\n<p>see you ! <\/p>\n<p>Kommt weiterhin gut durch den MONTAG&#8230;<\/p>\n<p>Such a sunny Day-o!<\/p>\n<p>Ein friendly smile a day &#8211; keeps the Psycho away&#8230;<\/p>\n<p>ja, mu\u00df ja auch mal gesagt werden..<br \/>heute scheinen nur freundliche &#8211; Zufall oder nicht ??? FRAUEN unterwegs&#8230;im Netz, am Telefon, &#8211; und so !<\/p>\n<p>Das sind die sch\u00f6nsten MONTAGE, nicht-wahr??<\/p>\n<p>\u00dcbrigens, seit dem Feature \u00fcber AMELIE FRIED &#8211; <\/p>\n<p>sehen auch wir sie buchst\u00e4blich WIEDER fast so wie fr\u00fcher <\/p>\n<p> denn sie wurde auch von fr\u00fcher gezeigt &#8211; wie sie war&#8230;<br \/>EINFACH TOLL!<br \/>Unerschrocken-nachfragend.<br \/>Nun gab sie zu&#8230;und das ist schade, <\/p>\n<p>darauf angesprochen, was FEM ja auch oft&#8230;<\/p>\n<p>dass sie nun so &#8222;angepasst&#8220; und so fast &#8222;harmlos&#8220; sei, <br \/> als Moderatorin von III nach 9 &#8211; Radio Bremen.<br \/>Zusammen mit Giovanni die Lorenzo, der, so sah man im Feature \u00fcber Amelie Fried &#8211; fr\u00fcher auch mal anders&#8230;und lange Haare sogar&#8230;ja, damals gab es noch so Sendungen wie<\/p>\n<p>LIVE AUS DEM SCHLACHTHOF&#8230;warum blo\u00df haben sie die geschlachtet, wie andere JUGEND-POLITIK-Sendungen auch&#8230;???!!<\/p>\n<p>Jedenfalls gab Amelie Fried mit ihren zarten 46 Jahren zur Antwort &#8211; <\/p>\n<p> &#8222;Mit 46 k\u00f6nne man doch nicht mehr so rotzig (sie dr\u00fcckte es feiner aus) sein, wie mit 24 &#8211; &#8230;!&#8220;<\/p>\n<p>Ja, um Himmels Willen &#8211; Amelie &#8211; schau Dir doch mal die LEA ROSH an&#8230;und M\u00e4nner wie &#8230;..zum Beispiel RMM &#8211; je \u00e4lter, desto wilder !!<\/p>\n<p>So mu\u00df es sein.<\/p>\n<p>Daher &#8211; war klar, A. Fried str\u00f6mt eine noch nicht abgekl\u00e4rte Mid-Age-Krise&#8230;<\/p>\n<p>Hey-hey&#8230;FEMINISSIMA ist 120 Jahre alt&#8230;oder noch \u00e4lter&#8230;.SEI BITTSCH\u00d6N WIEDER ROTZIG!! , liebe Amelie &#8211; DU KANNST ES DOCH! <\/p>\n<p>Und stell Deinen Geist nicht so unter den Scheffel&#8230;..!!!!&#8220;<\/p>\n<p>Ja, wir m\u00fcssen gerade mal das Mittagss\u00fcppchen aufsetzen&#8230;!!<\/p>\n<p>Hier die Nacht-Szenen&#8230;<\/p>\n<p>aber wirklich auch ..so sehn wir uns am Tag&#8230;.! Sollte wohl nicht sein, dabei so ausnahmsweise wirklich &#8230;mal wieder &#8230;szenisch-witzig-ironisch, was Ihr ja sicher schon sooooooo vermisst habt&#8230;see you. <\/p>\n<p>..<\/p>\n<p>Schade auch.<\/p>\n<p> Nicht das Sehen, <\/p>\n<p>sondern das Selbst-L\u00f6schen&#8230;<\/p>\n<p>zu schnell die Finger, <\/p>\n<p>zu t\u00fcckisch die kleinen Tasten mit ihren Selbst-L\u00f6sch-Tasten&#8230;<\/p>\n<p>ey, h\u00f6rt mal ! <\/p>\n<p>Das geht aber nicht!<\/p>\n<p>Wenigstens die Nachtigallen schalmeien noch&#8230;<\/p>\n<p>Singin&#8216; the whole night through..<\/p>\n<p>Dona, Dona, Dona &#8211; <br \/>Do &#8211; on -na&#8230;<br \/>Dona, Dona, Dona, Do&#8230;<\/p>\n<p>Kennt Ihr diesen herrlichen Song?<\/p>\n<p>Ja?<\/p>\n<p>Nein, wir gr\u00fcnden doch gerade den Verlag.<\/p>\n<p> Er hei\u00dft EDITION ROSJA BERLIN.<\/p>\n<p>Bald folgt dann noch &#8222;NEW YORK&#8220;. <\/p>\n<p>UND &#8222;KRETA&#8220;.<\/p>\n<p>Was sonst.<\/p>\n<p>Oh je : gerade dieser Kommentar, <\/p>\n<p> wie von ungef\u00e4hr &#8211; <\/p>\n<p> unsere Leser &#8230;<\/p>\n<p> sie f\u00fchlen sich so vernachl\u00e4ssigt, stimmt ja auch. <\/p>\n<p> &#8222;Hat Euch jetzt auch das &#8222;Ich -hab-keine-Zeit-Syndrom-erfasst?&#8220;<\/p>\n<p>NEIN &#8211; ! NEIN. <\/p>\n<p>Es ist blo\u00df&#8230;.die Atmosph\u00e4ren..<\/p>\n<p>sind uns<\/p>\n<p>in Berlin<\/p>\n<p>ein wenig<\/p>\n<p>und immer mehr<\/p>\n<p>abhanden<\/p>\n<p>gekommen.<\/p>\n<p>Nach 2 Jahren und 3 Monaten wohl Zeit, wieder umzuziehen..<\/p>\n<p>Aber &#8211; wohin?<\/p>\n<p>JUPPI, den Text von vohin wieder eingefange&#8230;die Szene, vielmehr , es ist \u00fcbrigens 04 Uhr und ebbes, in the sweet City of Berlin&#8230;here we go: (Text von vorhon)&#8230;damit Ihr uns nicht der Kargheit bezichtigt, schluchz&#8230;!<\/p>\n<p>Marenga, die Chefin, blickt bew\u00f6lkt.<br \/>Das verhei\u00dft nichts Gutes.<br \/> Hatten wir nicht antidepressive Texte versprochen?<br \/>fragt sie.<br \/> Und wirft dem Rest der Redaktion die tr\u00fcben Leser-Zahlen von gestern vor die mager-beschuhten F\u00fc\u00dfe.<br \/> &#8222;Das war ja wohl nichts!&#8220;<br \/>Schnarrt sie.<br \/> &#8222;Zum Muttertag! Grad gar nichts!&#8220;<br \/> Die Redaktionsanimals blicken unter sich.<br \/>&#8222;Es war ja kein richtiger Muttertag&#8230;!&#8220;<br \/> getraut sich jemand zu sagen.<br \/> Es ist Kroki, das tapfere K\u00fcchenkrokodil.<br \/>Wir h\u00e4tten es eher von Crissy erwartet<br \/> der dauerhaften IndependY, weil immer unbezahlt&#8230;.<\/p>\n<p>&#8222;Es war doch Kriegsende, 60 Jahre danach&#8230;.dagegen hat doch so ein Muttertag keine Chance&#8230;und ist das nicht so ein NS-Relikt???&#8220; fragt nun Hasso, der begnadete Redaktions-Mischlings-Hund&#8230;der sonst immer die b\u00f6sen Infos zerfetzt.<\/p>\n<p>&#8222;Trotzdem!&#8220; <br \/>murrt Marenga&#8230;<br \/>&#8222;so wenige Leute wie gestern haben uns seit dem Umzug aus der hessischen Provinz nicht mehr&#8230;!&#8220;<\/p>\n<p>Hey, die waren alle den 60. Geburtstag der Befreiung von der NS- und so feiern..oder protestierten&#8230;you know..?&#8220;<\/p>\n<p>Aber, gesch\u00e4tztes Publikum &#8211; <\/p>\n<p>in Wirklichkeit kommt unsere geliebte FEMINISSIMA derzeit ein wenig viel zu kurz&#8230;<\/p>\n<p>denn wir bauen&#8230;tats\u00e4chlich..<\/p>\n<p>einen Verlag auf.<\/p>\n<p>Einen kleinen.<\/p>\n<p>Aber er hei\u00dft&#8230;just to let you know &#8230;<\/p>\n<p>Hi, welcome to the nightriders ..unsere \u00dcbersee-Territorien-G\u00e4ste&#8230;genau&#8230;from Australia..da ist schon \u00fcbermorgen, wer h\u00e4tte das, ja da schau her&#8230;.hier ist mehr los, als den ganzen langen, gestrigen Sonntag, hier&#8230;ist Trafalgar Square&#8230;nite-Life&#8230;wundfully&#8230;wie wunderbar, jetzt werden bald die Filmpreise vergeben und es wird bekannt-benannt, wieviel SCHWACHSINN Kohle gemacht hat&#8230;und wir werden es abwarten&#8230;ob sie den Schwachsinn oder die guten , aber wenig kohle&#8230;gebracht, weil das Volk den Schwachsinn liebt, kaum, oder????????? Also wir hatten auch schon mal &#8222;Schwereloser Schwachsinn&#8220;, in den Rubriken , irgendwo, es ging um &#8222;Bully&#8220; und um &#8222;Otto&#8220;, der seinen einstigen Hype 1000 Jahre hinter sich hat&#8230;hey, wir m\u00fcssen jetzt..der Morgen graut&#8230;hihi&#8230;Wortspiel..fre\u00df Dich! <\/p>\n<p>Aber, gesch\u00e4tztes Publikum &#8211; <\/p>\n<p>in Wirklichkeit kommt unsere geliebte FEMINISSIMA derzeit ein wenig viel zu kurz&#8230;<\/p>\n<p>denn wir bauen&#8230;tats\u00e4chlich..<\/p>\n<p>einen Verlag auf.<\/p>\n<p>Einen kleinen.<\/p>\n<p>Aber er hei\u00dft&#8230;just to let you know &#8230;<\/p>\n<p>Marenga, die Chefin, blickt bew\u00f6lkt.<br \/>Das verhei\u00dft nichts Gutes.<br \/> Hatten wir nicht antidepressive Texte versprochen?<br \/>fragt sie.<br \/> Und wirft dem Rest der Redaktion die tr\u00fcben Leser-Zahlen von gestern vor die mager-beschuhten F\u00fc\u00dfe.<br \/> &#8222;Das war ja wohl nichts!&#8220;<br \/>Schnarrt sie.<br \/> &#8222;Zum Muttertag! Grad gar nichts!&#8220;<br \/> Die Redaktionsanimals blicken unter sich.<br \/>&#8222;Es war ja kein richtiger Muttertag&#8230;!&#8220;<br \/> getraut sich jemand zu sagen.<br \/> Es ist Kroki, das tapfere K\u00fcchenkrokodil.<br \/>Wir h\u00e4tten es eher von Crissy erwartet<br \/> der dauerhaften IndependY, weil immer unbezahlt&#8230;.<\/p>\n<p>&#8222;Es war doch Kriegsende, 60 Jahre danach&#8230;.dagegen hat doch so ein Muttertag keine Chance&#8230;und ist das nicht so ein NS-Relikt???&#8220; fragt nun Hasso, der begnadete Redaktions-Mischlings-Hund&#8230;der sonst immer die b\u00f6sen Infos zerfetzt.<\/p>\n<p>&#8222;Trotzdem!&#8220; <br \/>murrt Marenga&#8230;<br \/>&#8222;so wenige Leute wie gestern haben uns seit dem Umzug aus der hessischen Provinz nicht mehr&#8230;!&#8220;<\/p>\n<p>Hey, die waren alle den 60. Geburtstag der Befreiung von der NS- und so feiern..oder protestierten&#8230;you know..?&#8220;<\/p>\n<p>Aber, gesch\u00e4tztes Publikum &#8211; <\/p>\n<p>in Wirklichkeit kommt unsere geliebte FEMINISSIMA derzeit ein wenig viel zu kurz..<\/p>\n<p>Ach so, der Text hat sich vervielf\u00e4ltigt.<br \/>Erst davongerannt, und sich dann verdoppelt.<br \/>Nicht unoriginell, oder?<br \/>Ja, das B\u00fcchermagazin namens B\u00dcCHER, <br \/>hat sich gewundert,<br \/>dass an deutschen Schriftstellern die Sozialkritik sowas von &#8230;schnurzpiepegal ist. <br \/> Ein richtig gutes Blatt. Am Tag mehr&#8230;wirklich&#8230;time to&#8230;leave you now..auch wenn es so sch\u00f6n ist, so live mit Euch zu plaudern&#8230;schon so viele G\u00e4ste in der frisch-anti-fr\u00fchlng-Nacht&#8230;die forty winks f\u00fcr die Augensch\u00f6nheit&#8230;you know &#8211; JETZT..<\/p>\n<p>Eure auch&#8230;!.<\/td>\n<\/tr>\n<\/table>\n","protected":false},"excerpt":{"rendered":"<p>&#8230;ziemlich langer Text von der live-site (vom 9. 5. 2005..) &#8211; bitte sehr , wartet gern auf Sie , to be read again!<\/p>\n","protected":false},"author":2,"featured_media":0,"comment_status":"closed","ping_status":"closed","sticky":false,"template":"","format":"standard","meta":{"footnotes":""},"categories":[11],"tags":[],"class_list":["post-83722","post","type-post","status-publish","format-standard","hentry","category-femkultur","entry"],"yoast_head":"<!-- This site is optimized with the Yoast SEO plugin v21.0 - https:\/\/yoast.com\/wordpress\/plugins\/seo\/ -->\n<title>Kein normaler Montag - 9.5.05 - Feminissima<\/title>\n<meta name=\"robots\" content=\"index, follow, max-snippet:-1, max-image-preview:large, max-video-preview:-1\" \/>\n<link rel=\"canonical\" href=\"https:\/\/feminissima.de\/index.php\/2005\/05\/13\/kein-normaler-montag-9-5-05\/\" \/>\n<meta property=\"og:locale\" content=\"de_DE\" \/>\n<meta property=\"og:type\" content=\"article\" \/>\n<meta property=\"og:title\" content=\"Kein normaler Montag - 9.5.05 - Feminissima\" \/>\n<meta property=\"og:description\" content=\"...ziemlich langer Text von der live-site (vom 9. 5. 2005..) - bitte sehr , wartet gern auf Sie , to be read again!\" \/>\n<meta property=\"og:url\" content=\"https:\/\/feminissima.de\/index.php\/2005\/05\/13\/kein-normaler-montag-9-5-05\/\" \/>\n<meta property=\"og:site_name\" content=\"Feminissima\" \/>\n<meta property=\"article:published_time\" content=\"2005-05-13T11:23:58+00:00\" \/>\n<meta name=\"author\" content=\"admin\" \/>\n<meta name=\"twitter:card\" content=\"summary_large_image\" \/>\n<meta name=\"twitter:label1\" content=\"Verfasst von\" \/>\n\t<meta name=\"twitter:data1\" content=\"admin\" \/>\n\t<meta name=\"twitter:label2\" content=\"Gesch\u00e4tzte Lesezeit\" \/>\n\t<meta name=\"twitter:data2\" content=\"7\u00a0Minuten\" \/>\n<script type=\"application\/ld+json\" class=\"yoast-schema-graph\">{\"@context\":\"https:\/\/schema.org\",\"@graph\":[{\"@type\":\"WebPage\",\"@id\":\"https:\/\/feminissima.de\/index.php\/2005\/05\/13\/kein-normaler-montag-9-5-05\/\",\"url\":\"https:\/\/feminissima.de\/index.php\/2005\/05\/13\/kein-normaler-montag-9-5-05\/\",\"name\":\"Kein normaler Montag - 9.5.05 - Feminissima\",\"isPartOf\":{\"@id\":\"https:\/\/feminissima.de\/#website\"},\"datePublished\":\"2005-05-13T11:23:58+00:00\",\"dateModified\":\"2005-05-13T11:23:58+00:00\",\"author\":{\"@id\":\"https:\/\/feminissima.de\/#\/schema\/person\/0b901e053624f88e7ecbea289d9d5128\"},\"breadcrumb\":{\"@id\":\"https:\/\/feminissima.de\/index.php\/2005\/05\/13\/kein-normaler-montag-9-5-05\/#breadcrumb\"},\"inLanguage\":\"de\",\"potentialAction\":[{\"@type\":\"ReadAction\",\"target\":[\"https:\/\/feminissima.de\/index.php\/2005\/05\/13\/kein-normaler-montag-9-5-05\/\"]}]},{\"@type\":\"BreadcrumbList\",\"@id\":\"https:\/\/feminissima.de\/index.php\/2005\/05\/13\/kein-normaler-montag-9-5-05\/#breadcrumb\",\"itemListElement\":[{\"@type\":\"ListItem\",\"position\":1,\"name\":\"Startseite\",\"item\":\"https:\/\/feminissima.de\/\"},{\"@type\":\"ListItem\",\"position\":2,\"name\":\"Kein normaler Montag &#8211; 9.5.05\"}]},{\"@type\":\"WebSite\",\"@id\":\"https:\/\/feminissima.de\/#website\",\"url\":\"https:\/\/feminissima.de\/\",\"name\":\"Feminissima\",\"description\":\"\",\"potentialAction\":[{\"@type\":\"SearchAction\",\"target\":{\"@type\":\"EntryPoint\",\"urlTemplate\":\"https:\/\/feminissima.de\/?s={search_term_string}\"},\"query-input\":\"required name=search_term_string\"}],\"inLanguage\":\"de\"},{\"@type\":\"Person\",\"@id\":\"https:\/\/feminissima.de\/#\/schema\/person\/0b901e053624f88e7ecbea289d9d5128\",\"name\":\"admin\",\"image\":{\"@type\":\"ImageObject\",\"inLanguage\":\"de\",\"@id\":\"https:\/\/feminissima.de\/#\/schema\/person\/image\/\",\"url\":\"https:\/\/secure.gravatar.com\/avatar\/8da1f51327453c0bf63338e8e2a791948b7d2ac19b68839492d1e69aac6924a8?s=96&d=mm&r=g\",\"contentUrl\":\"https:\/\/secure.gravatar.com\/avatar\/8da1f51327453c0bf63338e8e2a791948b7d2ac19b68839492d1e69aac6924a8?s=96&d=mm&r=g\",\"caption\":\"admin\"},\"url\":\"https:\/\/feminissima.de\/index.php\/author\/admin\/\"}]}<\/script>\n<!-- \/ Yoast SEO plugin. -->","yoast_head_json":{"title":"Kein normaler Montag - 9.5.05 - Feminissima","robots":{"index":"index","follow":"follow","max-snippet":"max-snippet:-1","max-image-preview":"max-image-preview:large","max-video-preview":"max-video-preview:-1"},"canonical":"https:\/\/feminissima.de\/index.php\/2005\/05\/13\/kein-normaler-montag-9-5-05\/","og_locale":"de_DE","og_type":"article","og_title":"Kein normaler Montag - 9.5.05 - Feminissima","og_description":"...ziemlich langer Text von der live-site (vom 9. 5. 2005..) - bitte sehr , wartet gern auf Sie , to be read again!","og_url":"https:\/\/feminissima.de\/index.php\/2005\/05\/13\/kein-normaler-montag-9-5-05\/","og_site_name":"Feminissima","article_published_time":"2005-05-13T11:23:58+00:00","author":"admin","twitter_card":"summary_large_image","twitter_misc":{"Verfasst von":"admin","Gesch\u00e4tzte Lesezeit":"7\u00a0Minuten"},"schema":{"@context":"https:\/\/schema.org","@graph":[{"@type":"WebPage","@id":"https:\/\/feminissima.de\/index.php\/2005\/05\/13\/kein-normaler-montag-9-5-05\/","url":"https:\/\/feminissima.de\/index.php\/2005\/05\/13\/kein-normaler-montag-9-5-05\/","name":"Kein normaler Montag - 9.5.05 - Feminissima","isPartOf":{"@id":"https:\/\/feminissima.de\/#website"},"datePublished":"2005-05-13T11:23:58+00:00","dateModified":"2005-05-13T11:23:58+00:00","author":{"@id":"https:\/\/feminissima.de\/#\/schema\/person\/0b901e053624f88e7ecbea289d9d5128"},"breadcrumb":{"@id":"https:\/\/feminissima.de\/index.php\/2005\/05\/13\/kein-normaler-montag-9-5-05\/#breadcrumb"},"inLanguage":"de","potentialAction":[{"@type":"ReadAction","target":["https:\/\/feminissima.de\/index.php\/2005\/05\/13\/kein-normaler-montag-9-5-05\/"]}]},{"@type":"BreadcrumbList","@id":"https:\/\/feminissima.de\/index.php\/2005\/05\/13\/kein-normaler-montag-9-5-05\/#breadcrumb","itemListElement":[{"@type":"ListItem","position":1,"name":"Startseite","item":"https:\/\/feminissima.de\/"},{"@type":"ListItem","position":2,"name":"Kein normaler Montag &#8211; 9.5.05"}]},{"@type":"WebSite","@id":"https:\/\/feminissima.de\/#website","url":"https:\/\/feminissima.de\/","name":"Feminissima","description":"","potentialAction":[{"@type":"SearchAction","target":{"@type":"EntryPoint","urlTemplate":"https:\/\/feminissima.de\/?s={search_term_string}"},"query-input":"required name=search_term_string"}],"inLanguage":"de"},{"@type":"Person","@id":"https:\/\/feminissima.de\/#\/schema\/person\/0b901e053624f88e7ecbea289d9d5128","name":"admin","image":{"@type":"ImageObject","inLanguage":"de","@id":"https:\/\/feminissima.de\/#\/schema\/person\/image\/","url":"https:\/\/secure.gravatar.com\/avatar\/8da1f51327453c0bf63338e8e2a791948b7d2ac19b68839492d1e69aac6924a8?s=96&d=mm&r=g","contentUrl":"https:\/\/secure.gravatar.com\/avatar\/8da1f51327453c0bf63338e8e2a791948b7d2ac19b68839492d1e69aac6924a8?s=96&d=mm&r=g","caption":"admin"},"url":"https:\/\/feminissima.de\/index.php\/author\/admin\/"}]}},"jetpack_featured_media_url":"","_links":{"self":[{"href":"https:\/\/feminissima.de\/index.php\/wp-json\/wp\/v2\/posts\/83722","targetHints":{"allow":["GET"]}}],"collection":[{"href":"https:\/\/feminissima.de\/index.php\/wp-json\/wp\/v2\/posts"}],"about":[{"href":"https:\/\/feminissima.de\/index.php\/wp-json\/wp\/v2\/types\/post"}],"author":[{"embeddable":true,"href":"https:\/\/feminissima.de\/index.php\/wp-json\/wp\/v2\/users\/2"}],"replies":[{"embeddable":true,"href":"https:\/\/feminissima.de\/index.php\/wp-json\/wp\/v2\/comments?post=83722"}],"version-history":[{"count":0,"href":"https:\/\/feminissima.de\/index.php\/wp-json\/wp\/v2\/posts\/83722\/revisions"}],"wp:attachment":[{"href":"https:\/\/feminissima.de\/index.php\/wp-json\/wp\/v2\/media?parent=83722"}],"wp:term":[{"taxonomy":"category","embeddable":true,"href":"https:\/\/feminissima.de\/index.php\/wp-json\/wp\/v2\/categories?post=83722"},{"taxonomy":"post_tag","embeddable":true,"href":"https:\/\/feminissima.de\/index.php\/wp-json\/wp\/v2\/tags?post=83722"}],"curies":[{"name":"wp","href":"https:\/\/api.w.org\/{rel}","templated":true}]}}