{"id":83721,"date":"2005-05-13T11:18:02","date_gmt":"2005-05-13T11:18:02","guid":{"rendered":"http:\/\/www.feminissima.de\/?p=83721"},"modified":"2005-05-13T11:18:02","modified_gmt":"2005-05-13T11:18:02","slug":"leben-hartz-iv-und-wohnen-pds-richtlinie","status":"publish","type":"post","link":"https:\/\/feminissima.de\/index.php\/2005\/05\/13\/leben-hartz-iv-und-wohnen-pds-richtlinie\/","title":{"rendered":"LEBEN: HARTZ IV und WOHNEN\/PDS-Richtlinie"},"content":{"rendered":"<p>hier ein Newsletter der Berliner PDS zu den Richtwerten von Mieten bei HARTZ IV &#8211; und zu besonderen H\u00e4rten &#8211; die ber\u00fccksichtigt werden sollen: \/FEM selbst ist parteilos.<br \/>Betreff: Hartz IV &#038; Wohnen<br \/>\n<br \/>\n> Datum: Thu, 12 May 2005 01:34:41 +0200<br \/>\n<br \/>\n><br \/>\n<br \/>\n><br \/>\n<br \/>\n><br \/>\n<br \/>\n> PDS  Berlin   >> newsletter 108\/05 >><br \/>\n<br \/>\n><br \/>\n<br \/>\n>   _____<br \/>\n<br \/>\n><br \/>\n<br \/>\n> PDS-Fraktion im Abgeordnetenhaus<br \/>\n<br \/>\n> 11. Mai 2005<br \/>\n<br \/>\n><br \/>\n<br \/>\n> Hartz IV &#038; Wohnen<br \/>\n<br \/>\n><br \/>\n<br \/>\n> newsletter von Elke Breitenbach (MdA)<br \/>\n<br \/>\n><br \/>\n<br \/>\n><br \/>\n<br \/>\n> 1.  Was haben Hartz IV und Wohnkosten miteinander zu tun?<br \/>\n<br \/>\n><br \/>\n<br \/>\n> Mit dem Hartz-IV-Gesetz wurde den Kommunen die Verantwortung \u00fcbertragen,<br \/>\n<br \/>\n> angemessene Wohnkosten f\u00fcr Arbeitslosengeld-II-Empfangende zu \u00fcbernehmen.<br \/>\n<br \/>\n> Dazu bedarf es nat\u00fcrlich transparenter und verbindlicher Regelungen. In<br \/>\n<br \/>\n> vielen Regionen wurden daf\u00fcr einfach die schon vorhandenen Regelungen aus<br \/>\n<br \/>\n> der Sozialhilfe \u00fcbernommen, mit der Folge, dass viele Betroffenen nun<br \/>\n<br \/>\n> umziehen m\u00fcssen.<br \/>\n<br \/>\n><br \/>\n<br \/>\n> Berlins Sozialsenatorin Heidi Knake-Werner ist einen anderen Weg gegangen.<br \/>\n<br \/>\n> Sie will die Menschen nicht aus ihrem sozialen Umfeld rei\u00dfen und den<br \/>\n<br \/>\n> vorhandenen Wohnraum sichern.<br \/>\n<br \/>\n><br \/>\n<br \/>\n> Massenhafte Umz\u00fcge von Arbeitslosengeld-II-Empfangenden soll es in Berlin<br \/>\n<br \/>\n> nicht geben.<br \/>\n<br \/>\n><br \/>\n<br \/>\n><br \/>\n<br \/>\n> 2.  Welchen Grunds\u00e4tzen folgt die Berliner Regelung?<br \/>\n<br \/>\n><br \/>\n<br \/>\n> Die neuen Regelungen ber\u00fccksichtigen konsequent die Bedingungen am<br \/>\n<br \/>\n> Berliner<br \/>\n<br \/>\n> Wohnungsmarkt. Es gibt hinreichend gro\u00dfe Wohnungen, die in ihren<br \/>\n<br \/>\n> Gesamtkosten jedoch nicht teurer ist. Eine Festlegung, die sich nach der<br \/>\n<br \/>\n> Quadratmeterfl\u00e4che der Wohnung richtet, wurde deshalb ausgeschlossen.<br \/>\n<br \/>\n> Einziges Pr\u00fcfkriterium ist k\u00fcnftig deshalb die Brutto-Warmmiete \u2013<br \/>\n<br \/>\n> nat\u00fcrlich<br \/>\n<br \/>\n> in Abh\u00e4ngigkeit von der Gr\u00f6\u00dfe einer so genannten Bedarfsgemeinschaft (BG).<br \/>\n<br \/>\n><br \/>\n<br \/>\n> Es werden umfassende H\u00e4rtefallregelungen definiert, die insbesondere f\u00fcr<br \/>\n<br \/>\n> Familien mit Kindern, Menschen mit Behinderungen und \u00fcber 60j\u00e4hrige gelten<br \/>\n<br \/>\n> sollen. Behindertengerechte Wohnungen gelten z.B. in der Regel als<br \/>\n<br \/>\n> angemessen.<br \/>\n<br \/>\n><br \/>\n<br \/>\n><br \/>\n<br \/>\n> 3.  Welche Richtwerte wurden f\u00fcr die Brutto-Warmmieten vereinbart?<br \/>\n<br \/>\n><br \/>\n<br \/>\n> Als Richtwerte wurden folgende Brutto-Warmmieten vereinbart:<br \/>\n<br \/>\n><br \/>\n<br \/>\n><br \/>\n<br \/>\n> Personen<br \/>\n<br \/>\n> pro BG1<br \/>\n<br \/>\n><br \/>\n<br \/>\n> Richtwert<br \/>\n<br \/>\n> Brutto-Warm2<br \/>\n<br \/>\n><br \/>\n<br \/>\n> Das sind<br \/>\n<br \/>\n> % der BG<br \/>\n<br \/>\n><br \/>\n<br \/>\n> \u00d8 Ist 12\/043<br \/>\n<br \/>\n> (BSHG4)<br \/>\n<br \/>\n><br \/>\n<br \/>\n> \u00d8 Ist 03\/055<br \/>\n<br \/>\n> (Alg II)<br \/>\n<br \/>\n><br \/>\n<br \/>\n> Anzahl BG<br \/>\n<br \/>\n><br \/>\n<br \/>\n><br \/>\n<br \/>\n> 1<br \/>\n<br \/>\n><br \/>\n<br \/>\n> 360 Euro<br \/>\n<br \/>\n><br \/>\n<br \/>\n> 61,1<br \/>\n<br \/>\n><br \/>\n<br \/>\n> 278 Euro<br \/>\n<br \/>\n><br \/>\n<br \/>\n> 246 Euro<br \/>\n<br \/>\n><br \/>\n<br \/>\n> 170.641<br \/>\n<br \/>\n><br \/>\n<br \/>\n><br \/>\n<br \/>\n> 2<br \/>\n<br \/>\n><br \/>\n<br \/>\n> 444 Euro<br \/>\n<br \/>\n><br \/>\n<br \/>\n> 18,3<br \/>\n<br \/>\n><br \/>\n<br \/>\n> 403 Euro<br \/>\n<br \/>\n><br \/>\n<br \/>\n> 337 Euro<br \/>\n<br \/>\n><br \/>\n<br \/>\n> 51.158<br \/>\n<br \/>\n><br \/>\n<br \/>\n><br \/>\n<br \/>\n> 3<br \/>\n<br \/>\n><br \/>\n<br \/>\n> 542 Euro<br \/>\n<br \/>\n><br \/>\n<br \/>\n> 10,5<br \/>\n<br \/>\n><br \/>\n<br \/>\n> 489 Euro<br \/>\n<br \/>\n><br \/>\n<br \/>\n> 400 Euro<br \/>\n<br \/>\n><br \/>\n<br \/>\n> 29.425<br \/>\n<br \/>\n><br \/>\n<br \/>\n><br \/>\n<br \/>\n> 4<br \/>\n<br \/>\n><br \/>\n<br \/>\n> 619 Euro<br \/>\n<br \/>\n><br \/>\n<br \/>\n> 10,0<br \/>\n<br \/>\n><br \/>\n<br \/>\n> 563 Euro<br \/>\n<br \/>\n><br \/>\n<br \/>\n> 467 Euro<br \/>\n<br \/>\n><br \/>\n<br \/>\n> 27.959<br \/>\n<br \/>\n><br \/>\n<br \/>\n><br \/>\n<br \/>\n> 5<br \/>\n<br \/>\n><br \/>\n<br \/>\n> 705 Euro<br \/>\n<br \/>\n><br \/>\n<br \/>\n> 632 Euro<br \/>\n<br \/>\n><br \/>\n<br \/>\n> 573 Euro<br \/>\n<br \/>\n><br \/>\n<br \/>\n><br \/>\n<br \/>\n> 1) BG: Bedarfsgemeinschaft (Mitglieder eines Haushaltes)<br \/>\n<br \/>\n> 2) Warm-Miete Brutto-warm: monatliche Kaltmiete + kalte Betriebskosten +<br \/>\n<br \/>\n> Heizkosten<br \/>\n<br \/>\n> 3) Ist 12\/04: durchschnittliche (warme) Wohnkosten f\u00fcr<br \/>\n<br \/>\n> Sozialhilfeempfangende<br \/>\n<br \/>\n> 4) BSHG: Bundessozialhilfegesetz, regelte die bisherige Sozialhilfe<br \/>\n<br \/>\n> 5) Ist 03\/05: durchschnittliche (warme) Wohnkosten f\u00fcr<br \/>\n<br \/>\n> Arbeitslosengeld-II-Empfangende<br \/>\n<br \/>\n><br \/>\n<br \/>\n> F\u00fcr jede weitere Person im Haushalt erh\u00f6ht sich der Richtwert um 50 Euro.<br \/>\n<br \/>\n> Bei selbst genutztem Wohn-eigentum werden die tats\u00e4chlichen Aufwendungen \u2013<br \/>\n<br \/>\n> au\u00dfer den Tilgungsraten \u2013 erstattet.<br \/>\n<br \/>\n><br \/>\n<br \/>\n> Diese Richtwerte k\u00f6nnen bei bestehendem Wohnraum in begr\u00fcndeten<br \/>\n<br \/>\n> Einzelf\u00e4llen<br \/>\n<br \/>\n> um bis zu 10 Prozent \u00fcberschritten werden, insbesondere bei<br \/>\n<br \/>\n> Alleinerziehenden und Schwangeren, bei mindestens 15j\u00e4hriger Wohndauer,<br \/>\n<br \/>\n> bei<br \/>\n<br \/>\n> wesentlichen sozialen Bez\u00fcgen z.B. f\u00fcr Kinder sowie bei \u00fcber 60j\u00e4hrigen<br \/>\n<br \/>\n> Hilfeempfangenden.<br \/>\n<br \/>\n><br \/>\n<br \/>\n><br \/>\n<br \/>\n> 4.  Ab wann gelten die neuen Regelungen?<br \/>\n<br \/>\n><br \/>\n<br \/>\n> Die neuen Regelungen gelten ab dem 1. Juli 2005, aber f\u00fcr die Betroffenen<br \/>\n<br \/>\n> \u00e4ndert sich im ersten Jahr des Arbeitslosengeld-II-Bezuges nichts. In<br \/>\n<br \/>\n> diesem<br \/>\n<br \/>\n> Zeitraum werden die Kosten der Wohnung einschlie\u00dflich Heizkosten<br \/>\n<br \/>\n> grunds\u00e4tzlich in der tats\u00e4chlichen H\u00f6he \u00fcbernommen. Sind die Kosten h\u00f6her<br \/>\n<br \/>\n> als die Richtwerte, gelten erst nach diesem Jahr die Regelungen zur<br \/>\n<br \/>\n> Senkung<br \/>\n<br \/>\n> der Wohnungskosten, dies kann auch z.B. durch Untervermietung realisiert<br \/>\n<br \/>\n> werden. Wer seine Wohnung trotz der h\u00f6heren Kosten nicht verlassen m\u00f6chte,<br \/>\n<br \/>\n> hat auch die M\u00f6glichkeit der Zuzahlung aus zus\u00e4tzlichem Einkommen oder aus<br \/>\n<br \/>\n> Verm\u00f6gen.<br \/>\n<br \/>\n><br \/>\n<br \/>\n> Jeder Aufforderung zum Umzug in preiswerteren Wohnraum muss in jedem Fall<br \/>\n<br \/>\n> eine Wirtschaftlich-keitsberechnung vorausgehen. Sie soll sichern, dass<br \/>\n<br \/>\n> die<br \/>\n<br \/>\n> Aufwendungen f\u00fcr einen notwendigen Umzug geringer sind als die weitere<br \/>\n<br \/>\n> \u00dcbernahme der h\u00f6heren Wohnkosten f\u00fcr einen Zeitraum von 2 Jahren.<br \/>\n<br \/>\n><br \/>\n<br \/>\n> Da die Betriebskosten inzwischen Hauptfaktor f\u00fcr \u00fcberh\u00f6hte Wohnkosten<br \/>\n<br \/>\n> geworden sind, sollen bei Anhaltspunkten f\u00fcr \u00fcberh\u00f6hte Betriebskosten<br \/>\n<br \/>\n> diese<br \/>\n<br \/>\n> von Amtswegen \u00fcberpr\u00fcft werden. Das hat nicht nur Kosten senkende Effekte<br \/>\n<br \/>\n> f\u00fcr das Land Berlin, sondern in der Folge auch positive Auswirkungen auf<br \/>\n<br \/>\n> alle Mieterinnen und Mieter der Stadt.<br \/>\n<br \/>\n><br \/>\n<br \/>\n><br \/>\n<br \/>\n> 5.  Was ist das Ergebnis der Ausf\u00fchrungsvorschrift unter Mitwirkung der<br \/>\n<br \/>\n> PDS?<br \/>\n<br \/>\n><br \/>\n<br \/>\n> Mit dieser Ausf\u00fchrungsvorschrift haben wir eine transparente und vor allem<br \/>\n<br \/>\n> sozial gerechte L\u00f6sung bei der notwendigen Definition angemessenen<br \/>\n<br \/>\n> Wohnraums<br \/>\n<br \/>\n> gefunden.<br \/>\n<br \/>\n><br \/>\n<br \/>\n> Die besonderen Bed\u00fcrfnisse von Familien mit Kindern k\u00f6nnen durch die<br \/>\n<br \/>\n> H\u00e4rtefallregelungen ber\u00fccksichtigt werden \u2013 ihre sozialen Bez\u00fcge erhalten<br \/>\n<br \/>\n> ein besonderes Gewicht. Das sind immerhin fast 75.000 Berliner Haushalte.<br \/>\n<br \/>\n> 30.000 von ihnen sind allein erziehend.<br \/>\n<br \/>\n><br \/>\n<br \/>\n> Auch die Interessen von Menschen mit Behinderungen und \u00fcber 60j\u00e4hrigen<br \/>\n<br \/>\n> genie\u00dfen einen spezifischen Schutz. 80 Prozent \u2013 und damit fast der<br \/>\n<br \/>\n> gesamte<br \/>\n<br \/>\n> Berliner Wohnungsmarkt (im sozialen wie im frei finanzierten Wohnungsbau)<br \/>\n<br \/>\n> bleibt durch unsere Regelungen auch f\u00fcr Langzeitarbeitslose erreichbar.<br \/>\n<br \/>\n> Die<br \/>\n<br \/>\n> Richtwerte liegen bei den Kaltmieten wie bei den Betriebskosten \u00fcber den<br \/>\n<br \/>\n> Berliner Durchschnittswerten. Eine weitere soziale Entmischung der<br \/>\n<br \/>\n> Stadtquartiere ist daher nicht zu bef\u00fcrchten.<br \/>\n<br \/>\n><br \/>\n<br \/>\n> elke.breitenbach@pds.parlament-berlin.de<br \/>\n<br \/>\n><br \/>\n<br \/>\n><br \/><\/p>\n","protected":false},"excerpt":{"rendered":"<p>hier ein Newsletter der Berliner PDS zu den Richtwerten von Mieten bei HARTZ IV &#8211; und zu besonderen H\u00e4rten &#8211; die ber\u00fccksichtigt werden sollen: \/FEM selbst ist parteilos.<\/p>\n","protected":false},"author":2,"featured_media":0,"comment_status":"closed","ping_status":"closed","sticky":false,"template":"","format":"standard","meta":{"footnotes":""},"categories":[12],"tags":[],"class_list":["post-83721","post","type-post","status-publish","format-standard","hentry","category-femleben","entry"],"yoast_head":"<!-- This site is optimized with the Yoast SEO plugin v21.0 - https:\/\/yoast.com\/wordpress\/plugins\/seo\/ -->\n<title>LEBEN: HARTZ IV und WOHNEN\/PDS-Richtlinie - Feminissima<\/title>\n<meta name=\"robots\" content=\"index, follow, max-snippet:-1, max-image-preview:large, max-video-preview:-1\" \/>\n<link rel=\"canonical\" href=\"https:\/\/feminissima.de\/index.php\/2005\/05\/13\/leben-hartz-iv-und-wohnen-pds-richtlinie\/\" \/>\n<meta property=\"og:locale\" content=\"de_DE\" \/>\n<meta property=\"og:type\" content=\"article\" \/>\n<meta property=\"og:title\" content=\"LEBEN: HARTZ IV und WOHNEN\/PDS-Richtlinie - Feminissima\" \/>\n<meta property=\"og:description\" content=\"hier ein Newsletter der Berliner PDS zu den Richtwerten von Mieten bei HARTZ IV - und zu besonderen H\u00e4rten - die ber\u00fccksichtigt werden sollen: \/FEM selbst ist parteilos.\" \/>\n<meta property=\"og:url\" content=\"https:\/\/feminissima.de\/index.php\/2005\/05\/13\/leben-hartz-iv-und-wohnen-pds-richtlinie\/\" \/>\n<meta property=\"og:site_name\" content=\"Feminissima\" \/>\n<meta property=\"article:published_time\" content=\"2005-05-13T11:18:02+00:00\" \/>\n<meta name=\"author\" content=\"admin\" \/>\n<meta name=\"twitter:card\" content=\"summary_large_image\" \/>\n<meta name=\"twitter:label1\" content=\"Verfasst von\" \/>\n\t<meta name=\"twitter:data1\" content=\"admin\" \/>\n\t<meta name=\"twitter:label2\" content=\"Gesch\u00e4tzte Lesezeit\" \/>\n\t<meta name=\"twitter:data2\" content=\"4\u00a0Minuten\" \/>\n<script type=\"application\/ld+json\" class=\"yoast-schema-graph\">{\"@context\":\"https:\/\/schema.org\",\"@graph\":[{\"@type\":\"WebPage\",\"@id\":\"https:\/\/feminissima.de\/index.php\/2005\/05\/13\/leben-hartz-iv-und-wohnen-pds-richtlinie\/\",\"url\":\"https:\/\/feminissima.de\/index.php\/2005\/05\/13\/leben-hartz-iv-und-wohnen-pds-richtlinie\/\",\"name\":\"LEBEN: HARTZ IV und WOHNEN\/PDS-Richtlinie - Feminissima\",\"isPartOf\":{\"@id\":\"https:\/\/feminissima.de\/#website\"},\"datePublished\":\"2005-05-13T11:18:02+00:00\",\"dateModified\":\"2005-05-13T11:18:02+00:00\",\"author\":{\"@id\":\"https:\/\/feminissima.de\/#\/schema\/person\/0b901e053624f88e7ecbea289d9d5128\"},\"breadcrumb\":{\"@id\":\"https:\/\/feminissima.de\/index.php\/2005\/05\/13\/leben-hartz-iv-und-wohnen-pds-richtlinie\/#breadcrumb\"},\"inLanguage\":\"de\",\"potentialAction\":[{\"@type\":\"ReadAction\",\"target\":[\"https:\/\/feminissima.de\/index.php\/2005\/05\/13\/leben-hartz-iv-und-wohnen-pds-richtlinie\/\"]}]},{\"@type\":\"BreadcrumbList\",\"@id\":\"https:\/\/feminissima.de\/index.php\/2005\/05\/13\/leben-hartz-iv-und-wohnen-pds-richtlinie\/#breadcrumb\",\"itemListElement\":[{\"@type\":\"ListItem\",\"position\":1,\"name\":\"Startseite\",\"item\":\"https:\/\/feminissima.de\/\"},{\"@type\":\"ListItem\",\"position\":2,\"name\":\"LEBEN: HARTZ IV und WOHNEN\/PDS-Richtlinie\"}]},{\"@type\":\"WebSite\",\"@id\":\"https:\/\/feminissima.de\/#website\",\"url\":\"https:\/\/feminissima.de\/\",\"name\":\"Feminissima\",\"description\":\"\",\"potentialAction\":[{\"@type\":\"SearchAction\",\"target\":{\"@type\":\"EntryPoint\",\"urlTemplate\":\"https:\/\/feminissima.de\/?s={search_term_string}\"},\"query-input\":\"required name=search_term_string\"}],\"inLanguage\":\"de\"},{\"@type\":\"Person\",\"@id\":\"https:\/\/feminissima.de\/#\/schema\/person\/0b901e053624f88e7ecbea289d9d5128\",\"name\":\"admin\",\"image\":{\"@type\":\"ImageObject\",\"inLanguage\":\"de\",\"@id\":\"https:\/\/feminissima.de\/#\/schema\/person\/image\/\",\"url\":\"https:\/\/secure.gravatar.com\/avatar\/8da1f51327453c0bf63338e8e2a791948b7d2ac19b68839492d1e69aac6924a8?s=96&d=mm&r=g\",\"contentUrl\":\"https:\/\/secure.gravatar.com\/avatar\/8da1f51327453c0bf63338e8e2a791948b7d2ac19b68839492d1e69aac6924a8?s=96&d=mm&r=g\",\"caption\":\"admin\"},\"url\":\"https:\/\/feminissima.de\/index.php\/author\/admin\/\"}]}<\/script>\n<!-- \/ Yoast SEO plugin. -->","yoast_head_json":{"title":"LEBEN: HARTZ IV und WOHNEN\/PDS-Richtlinie - Feminissima","robots":{"index":"index","follow":"follow","max-snippet":"max-snippet:-1","max-image-preview":"max-image-preview:large","max-video-preview":"max-video-preview:-1"},"canonical":"https:\/\/feminissima.de\/index.php\/2005\/05\/13\/leben-hartz-iv-und-wohnen-pds-richtlinie\/","og_locale":"de_DE","og_type":"article","og_title":"LEBEN: HARTZ IV und WOHNEN\/PDS-Richtlinie - Feminissima","og_description":"hier ein Newsletter der Berliner PDS zu den Richtwerten von Mieten bei HARTZ IV - und zu besonderen H\u00e4rten - die ber\u00fccksichtigt werden sollen: \/FEM selbst ist parteilos.","og_url":"https:\/\/feminissima.de\/index.php\/2005\/05\/13\/leben-hartz-iv-und-wohnen-pds-richtlinie\/","og_site_name":"Feminissima","article_published_time":"2005-05-13T11:18:02+00:00","author":"admin","twitter_card":"summary_large_image","twitter_misc":{"Verfasst von":"admin","Gesch\u00e4tzte Lesezeit":"4\u00a0Minuten"},"schema":{"@context":"https:\/\/schema.org","@graph":[{"@type":"WebPage","@id":"https:\/\/feminissima.de\/index.php\/2005\/05\/13\/leben-hartz-iv-und-wohnen-pds-richtlinie\/","url":"https:\/\/feminissima.de\/index.php\/2005\/05\/13\/leben-hartz-iv-und-wohnen-pds-richtlinie\/","name":"LEBEN: HARTZ IV und WOHNEN\/PDS-Richtlinie - Feminissima","isPartOf":{"@id":"https:\/\/feminissima.de\/#website"},"datePublished":"2005-05-13T11:18:02+00:00","dateModified":"2005-05-13T11:18:02+00:00","author":{"@id":"https:\/\/feminissima.de\/#\/schema\/person\/0b901e053624f88e7ecbea289d9d5128"},"breadcrumb":{"@id":"https:\/\/feminissima.de\/index.php\/2005\/05\/13\/leben-hartz-iv-und-wohnen-pds-richtlinie\/#breadcrumb"},"inLanguage":"de","potentialAction":[{"@type":"ReadAction","target":["https:\/\/feminissima.de\/index.php\/2005\/05\/13\/leben-hartz-iv-und-wohnen-pds-richtlinie\/"]}]},{"@type":"BreadcrumbList","@id":"https:\/\/feminissima.de\/index.php\/2005\/05\/13\/leben-hartz-iv-und-wohnen-pds-richtlinie\/#breadcrumb","itemListElement":[{"@type":"ListItem","position":1,"name":"Startseite","item":"https:\/\/feminissima.de\/"},{"@type":"ListItem","position":2,"name":"LEBEN: HARTZ IV und WOHNEN\/PDS-Richtlinie"}]},{"@type":"WebSite","@id":"https:\/\/feminissima.de\/#website","url":"https:\/\/feminissima.de\/","name":"Feminissima","description":"","potentialAction":[{"@type":"SearchAction","target":{"@type":"EntryPoint","urlTemplate":"https:\/\/feminissima.de\/?s={search_term_string}"},"query-input":"required name=search_term_string"}],"inLanguage":"de"},{"@type":"Person","@id":"https:\/\/feminissima.de\/#\/schema\/person\/0b901e053624f88e7ecbea289d9d5128","name":"admin","image":{"@type":"ImageObject","inLanguage":"de","@id":"https:\/\/feminissima.de\/#\/schema\/person\/image\/","url":"https:\/\/secure.gravatar.com\/avatar\/8da1f51327453c0bf63338e8e2a791948b7d2ac19b68839492d1e69aac6924a8?s=96&d=mm&r=g","contentUrl":"https:\/\/secure.gravatar.com\/avatar\/8da1f51327453c0bf63338e8e2a791948b7d2ac19b68839492d1e69aac6924a8?s=96&d=mm&r=g","caption":"admin"},"url":"https:\/\/feminissima.de\/index.php\/author\/admin\/"}]}},"jetpack_featured_media_url":"","_links":{"self":[{"href":"https:\/\/feminissima.de\/index.php\/wp-json\/wp\/v2\/posts\/83721","targetHints":{"allow":["GET"]}}],"collection":[{"href":"https:\/\/feminissima.de\/index.php\/wp-json\/wp\/v2\/posts"}],"about":[{"href":"https:\/\/feminissima.de\/index.php\/wp-json\/wp\/v2\/types\/post"}],"author":[{"embeddable":true,"href":"https:\/\/feminissima.de\/index.php\/wp-json\/wp\/v2\/users\/2"}],"replies":[{"embeddable":true,"href":"https:\/\/feminissima.de\/index.php\/wp-json\/wp\/v2\/comments?post=83721"}],"version-history":[{"count":0,"href":"https:\/\/feminissima.de\/index.php\/wp-json\/wp\/v2\/posts\/83721\/revisions"}],"wp:attachment":[{"href":"https:\/\/feminissima.de\/index.php\/wp-json\/wp\/v2\/media?parent=83721"}],"wp:term":[{"taxonomy":"category","embeddable":true,"href":"https:\/\/feminissima.de\/index.php\/wp-json\/wp\/v2\/categories?post=83721"},{"taxonomy":"post_tag","embeddable":true,"href":"https:\/\/feminissima.de\/index.php\/wp-json\/wp\/v2\/tags?post=83721"}],"curies":[{"name":"wp","href":"https:\/\/api.w.org\/{rel}","templated":true}]}}