{"id":83720,"date":"2005-05-12T22:41:49","date_gmt":"2005-05-12T22:41:49","guid":{"rendered":"http:\/\/www.feminissima.de\/?p=83720"},"modified":"2005-05-12T22:41:49","modified_gmt":"2005-05-12T22:41:49","slug":"koeln-verboten-verbrannt-buecherverbrennung-und","status":"publish","type":"post","link":"https:\/\/feminissima.de\/index.php\/2005\/05\/12\/koeln-verboten-verbrannt-buecherverbrennung-und\/","title":{"rendered":"K\u00f6ln &#8211; VERBOTEN &#038; VERBRANNT &#8211; B\u00fccherverbrennung und"},"content":{"rendered":"<p>K\u00f6ln &#8211; Veranstaltungsort Fachhochschule K\u00f6ln, mehr &#8211; (Quelle Informationsdienst der Wissenschaft) &#8211; am 17. Mai <br \/>Veranstaltung: &#8222;Verboten und verbrannt &#8211; Wider den &#8230;<br \/>\n<br \/>\n&#8222;Verboten und verbrannt &#8211; Wider den (un)deutschen Geist&#8220;<br \/>\n<br \/>\nTermin:  17.05.2005 19:00 bis 17.05.2005 <\/p>\n<p>Veranstaltungsort:  Fachhochschule K\u00f6ln<br \/>\n<br \/>\nGeisteswissenschaftliches Zentrum<br \/>\n<br \/>\nClaudiusstr. 1<br \/>\n<br \/>\n50678 K\u00f6ln<br \/>\n<br \/>\nNordrhein-Westfalen<br \/>\n<br \/>\nDeutschland <\/p>\n<p>Zielgruppe:  jedermann <\/p>\n<p>Kontakt:  pressestelle@fh-koeln.de <\/p>\n<p>Kategorie:  \u00fcberregional<br \/>\n<br \/>\nGeschichte, Gesellschaft, Kunst und Musik, Sprache und Literatur <\/p>\n<p>Eintrag:  21.03.2005<br \/>\n<br \/>\nPetra Schmidt-Bentum<br \/>\n<br \/>\nFachhochschule K\u00f6ln<br \/>\n<br \/>\n Druckansicht<\/p>\n<p>\nGedenkveranstaltung anl\u00e4sslich der B\u00fccherverbrennung vom 17. Mai 1933 in K\u00f6ln<br \/>\n<br \/>\nWie bereits in den Jahren 2001 und 2003 werden am 17. Mai 2005 weitere elf Autoren, deren B\u00fccher 1933 verbrannt wurden, mit einer Gedenkveranstaltung im Rahmen der K\u00f6lner Veranstaltungsreihe &#8222;Befreiung und Neubeginn &#8211; 60 Jahre nach Kriegsende&#8220; am Ort des Geschehens geehrt. K\u00f6lner Schriftstellerinnen und Schriftsteller lesen in der historischen Treppenhalle der &#8222;Alten Universit\u00e4t&#8220; aus den Werken der Autorinnen und Autoren. Musikalisch eingerahmt wird die Veranstaltung mit beispielhaften St\u00fccken damals als entartet verbotener Musik gespielt von Studierenden der Hochschule f\u00fcr Musik, K\u00f6ln. Bleibendes Zeugnis dieser Veranstaltung sind Bodenplatten mit den eingemei\u00dfelten Namen der verfolgten Autoren. <\/p>\n<p>\nEinige Termine der n\u00e4chsten Tage<br \/>\n<br \/>\nKulturelle Bildung im Medienzeitalter. Projekte &#8211; &#8230;<br \/>\n<br \/>\nCourse Adhesion Science and Technology<br \/>\n<br \/>\nMeister des farbigen Bauens &#8211; Bruno Taut in Berlin &#8211; &#8230;<br \/>\n<br \/>\n\u00d6kologietag am 13. Mai an der Kieler Uni<br \/>\n<br \/>\nLehrerfortbildung &#8222;Programmieren&#8220; <\/p>\n<p>\n\u00a9 1995-2005 Informationsdienst Wissenschaft e.V. &#8211; Impressum <\/p>\n","protected":false},"excerpt":{"rendered":"<p>K\u00f6ln &#8211; Veranstaltungsort Fachhochschule K\u00f6ln, mehr &#8211; (Quelle Informationsdienst der Wissenschaft) &#8211; am 17. Mai <\/p>\n","protected":false},"author":2,"featured_media":0,"comment_status":"closed","ping_status":"closed","sticky":false,"template":"","format":"standard","meta":{"footnotes":""},"categories":[15],"tags":[],"class_list":["post-83720","post","type-post","status-publish","format-standard","hentry","category-femrecht","entry"],"yoast_head":"<!-- This site is optimized with the Yoast SEO plugin v21.0 - https:\/\/yoast.com\/wordpress\/plugins\/seo\/ -->\n<title>K\u00f6ln - VERBOTEN &amp; VERBRANNT - B\u00fccherverbrennung und - Feminissima<\/title>\n<meta name=\"robots\" content=\"index, follow, max-snippet:-1, max-image-preview:large, max-video-preview:-1\" \/>\n<link rel=\"canonical\" href=\"https:\/\/feminissima.de\/index.php\/2005\/05\/12\/koeln-verboten-verbrannt-buecherverbrennung-und\/\" \/>\n<meta property=\"og:locale\" content=\"de_DE\" \/>\n<meta property=\"og:type\" content=\"article\" \/>\n<meta property=\"og:title\" content=\"K\u00f6ln - VERBOTEN &amp; VERBRANNT - B\u00fccherverbrennung und - Feminissima\" \/>\n<meta property=\"og:description\" content=\"K\u00f6ln - Veranstaltungsort Fachhochschule K\u00f6ln, mehr - (Quelle Informationsdienst der Wissenschaft) - am 17. Mai\" \/>\n<meta property=\"og:url\" content=\"https:\/\/feminissima.de\/index.php\/2005\/05\/12\/koeln-verboten-verbrannt-buecherverbrennung-und\/\" \/>\n<meta property=\"og:site_name\" content=\"Feminissima\" \/>\n<meta property=\"article:published_time\" content=\"2005-05-12T22:41:49+00:00\" \/>\n<meta name=\"author\" content=\"admin\" \/>\n<meta name=\"twitter:card\" content=\"summary_large_image\" \/>\n<meta name=\"twitter:label1\" content=\"Verfasst von\" \/>\n\t<meta name=\"twitter:data1\" content=\"admin\" \/>\n\t<meta name=\"twitter:label2\" content=\"Gesch\u00e4tzte Lesezeit\" \/>\n\t<meta name=\"twitter:data2\" content=\"1\u00a0Minute\" \/>\n<script type=\"application\/ld+json\" class=\"yoast-schema-graph\">{\"@context\":\"https:\/\/schema.org\",\"@graph\":[{\"@type\":\"WebPage\",\"@id\":\"https:\/\/feminissima.de\/index.php\/2005\/05\/12\/koeln-verboten-verbrannt-buecherverbrennung-und\/\",\"url\":\"https:\/\/feminissima.de\/index.php\/2005\/05\/12\/koeln-verboten-verbrannt-buecherverbrennung-und\/\",\"name\":\"K\u00f6ln - VERBOTEN & VERBRANNT - B\u00fccherverbrennung und - Feminissima\",\"isPartOf\":{\"@id\":\"https:\/\/feminissima.de\/#website\"},\"datePublished\":\"2005-05-12T22:41:49+00:00\",\"dateModified\":\"2005-05-12T22:41:49+00:00\",\"author\":{\"@id\":\"https:\/\/feminissima.de\/#\/schema\/person\/0b901e053624f88e7ecbea289d9d5128\"},\"breadcrumb\":{\"@id\":\"https:\/\/feminissima.de\/index.php\/2005\/05\/12\/koeln-verboten-verbrannt-buecherverbrennung-und\/#breadcrumb\"},\"inLanguage\":\"de\",\"potentialAction\":[{\"@type\":\"ReadAction\",\"target\":[\"https:\/\/feminissima.de\/index.php\/2005\/05\/12\/koeln-verboten-verbrannt-buecherverbrennung-und\/\"]}]},{\"@type\":\"BreadcrumbList\",\"@id\":\"https:\/\/feminissima.de\/index.php\/2005\/05\/12\/koeln-verboten-verbrannt-buecherverbrennung-und\/#breadcrumb\",\"itemListElement\":[{\"@type\":\"ListItem\",\"position\":1,\"name\":\"Startseite\",\"item\":\"https:\/\/feminissima.de\/\"},{\"@type\":\"ListItem\",\"position\":2,\"name\":\"K\u00f6ln &#8211; VERBOTEN &#038; VERBRANNT &#8211; B\u00fccherverbrennung und\"}]},{\"@type\":\"WebSite\",\"@id\":\"https:\/\/feminissima.de\/#website\",\"url\":\"https:\/\/feminissima.de\/\",\"name\":\"Feminissima\",\"description\":\"\",\"potentialAction\":[{\"@type\":\"SearchAction\",\"target\":{\"@type\":\"EntryPoint\",\"urlTemplate\":\"https:\/\/feminissima.de\/?s={search_term_string}\"},\"query-input\":\"required name=search_term_string\"}],\"inLanguage\":\"de\"},{\"@type\":\"Person\",\"@id\":\"https:\/\/feminissima.de\/#\/schema\/person\/0b901e053624f88e7ecbea289d9d5128\",\"name\":\"admin\",\"image\":{\"@type\":\"ImageObject\",\"inLanguage\":\"de\",\"@id\":\"https:\/\/feminissima.de\/#\/schema\/person\/image\/\",\"url\":\"https:\/\/secure.gravatar.com\/avatar\/8da1f51327453c0bf63338e8e2a791948b7d2ac19b68839492d1e69aac6924a8?s=96&d=mm&r=g\",\"contentUrl\":\"https:\/\/secure.gravatar.com\/avatar\/8da1f51327453c0bf63338e8e2a791948b7d2ac19b68839492d1e69aac6924a8?s=96&d=mm&r=g\",\"caption\":\"admin\"},\"url\":\"https:\/\/feminissima.de\/index.php\/author\/admin\/\"}]}<\/script>\n<!-- \/ Yoast SEO plugin. -->","yoast_head_json":{"title":"K\u00f6ln - VERBOTEN & VERBRANNT - B\u00fccherverbrennung und - Feminissima","robots":{"index":"index","follow":"follow","max-snippet":"max-snippet:-1","max-image-preview":"max-image-preview:large","max-video-preview":"max-video-preview:-1"},"canonical":"https:\/\/feminissima.de\/index.php\/2005\/05\/12\/koeln-verboten-verbrannt-buecherverbrennung-und\/","og_locale":"de_DE","og_type":"article","og_title":"K\u00f6ln - VERBOTEN & VERBRANNT - B\u00fccherverbrennung und - Feminissima","og_description":"K\u00f6ln - Veranstaltungsort Fachhochschule K\u00f6ln, mehr - (Quelle Informationsdienst der Wissenschaft) - am 17. Mai","og_url":"https:\/\/feminissima.de\/index.php\/2005\/05\/12\/koeln-verboten-verbrannt-buecherverbrennung-und\/","og_site_name":"Feminissima","article_published_time":"2005-05-12T22:41:49+00:00","author":"admin","twitter_card":"summary_large_image","twitter_misc":{"Verfasst von":"admin","Gesch\u00e4tzte Lesezeit":"1\u00a0Minute"},"schema":{"@context":"https:\/\/schema.org","@graph":[{"@type":"WebPage","@id":"https:\/\/feminissima.de\/index.php\/2005\/05\/12\/koeln-verboten-verbrannt-buecherverbrennung-und\/","url":"https:\/\/feminissima.de\/index.php\/2005\/05\/12\/koeln-verboten-verbrannt-buecherverbrennung-und\/","name":"K\u00f6ln - VERBOTEN & VERBRANNT - B\u00fccherverbrennung und - Feminissima","isPartOf":{"@id":"https:\/\/feminissima.de\/#website"},"datePublished":"2005-05-12T22:41:49+00:00","dateModified":"2005-05-12T22:41:49+00:00","author":{"@id":"https:\/\/feminissima.de\/#\/schema\/person\/0b901e053624f88e7ecbea289d9d5128"},"breadcrumb":{"@id":"https:\/\/feminissima.de\/index.php\/2005\/05\/12\/koeln-verboten-verbrannt-buecherverbrennung-und\/#breadcrumb"},"inLanguage":"de","potentialAction":[{"@type":"ReadAction","target":["https:\/\/feminissima.de\/index.php\/2005\/05\/12\/koeln-verboten-verbrannt-buecherverbrennung-und\/"]}]},{"@type":"BreadcrumbList","@id":"https:\/\/feminissima.de\/index.php\/2005\/05\/12\/koeln-verboten-verbrannt-buecherverbrennung-und\/#breadcrumb","itemListElement":[{"@type":"ListItem","position":1,"name":"Startseite","item":"https:\/\/feminissima.de\/"},{"@type":"ListItem","position":2,"name":"K\u00f6ln &#8211; VERBOTEN &#038; VERBRANNT &#8211; B\u00fccherverbrennung und"}]},{"@type":"WebSite","@id":"https:\/\/feminissima.de\/#website","url":"https:\/\/feminissima.de\/","name":"Feminissima","description":"","potentialAction":[{"@type":"SearchAction","target":{"@type":"EntryPoint","urlTemplate":"https:\/\/feminissima.de\/?s={search_term_string}"},"query-input":"required name=search_term_string"}],"inLanguage":"de"},{"@type":"Person","@id":"https:\/\/feminissima.de\/#\/schema\/person\/0b901e053624f88e7ecbea289d9d5128","name":"admin","image":{"@type":"ImageObject","inLanguage":"de","@id":"https:\/\/feminissima.de\/#\/schema\/person\/image\/","url":"https:\/\/secure.gravatar.com\/avatar\/8da1f51327453c0bf63338e8e2a791948b7d2ac19b68839492d1e69aac6924a8?s=96&d=mm&r=g","contentUrl":"https:\/\/secure.gravatar.com\/avatar\/8da1f51327453c0bf63338e8e2a791948b7d2ac19b68839492d1e69aac6924a8?s=96&d=mm&r=g","caption":"admin"},"url":"https:\/\/feminissima.de\/index.php\/author\/admin\/"}]}},"jetpack_featured_media_url":"","_links":{"self":[{"href":"https:\/\/feminissima.de\/index.php\/wp-json\/wp\/v2\/posts\/83720","targetHints":{"allow":["GET"]}}],"collection":[{"href":"https:\/\/feminissima.de\/index.php\/wp-json\/wp\/v2\/posts"}],"about":[{"href":"https:\/\/feminissima.de\/index.php\/wp-json\/wp\/v2\/types\/post"}],"author":[{"embeddable":true,"href":"https:\/\/feminissima.de\/index.php\/wp-json\/wp\/v2\/users\/2"}],"replies":[{"embeddable":true,"href":"https:\/\/feminissima.de\/index.php\/wp-json\/wp\/v2\/comments?post=83720"}],"version-history":[{"count":0,"href":"https:\/\/feminissima.de\/index.php\/wp-json\/wp\/v2\/posts\/83720\/revisions"}],"wp:attachment":[{"href":"https:\/\/feminissima.de\/index.php\/wp-json\/wp\/v2\/media?parent=83720"}],"wp:term":[{"taxonomy":"category","embeddable":true,"href":"https:\/\/feminissima.de\/index.php\/wp-json\/wp\/v2\/categories?post=83720"},{"taxonomy":"post_tag","embeddable":true,"href":"https:\/\/feminissima.de\/index.php\/wp-json\/wp\/v2\/tags?post=83720"}],"curies":[{"name":"wp","href":"https:\/\/api.w.org\/{rel}","templated":true}]}}