{"id":83716,"date":"2005-05-09T13:48:35","date_gmt":"2005-05-09T13:48:35","guid":{"rendered":"http:\/\/www.feminissima.de\/?p=83716"},"modified":"2005-05-09T13:48:35","modified_gmt":"2005-05-09T13:48:35","slug":"presse-spiegel-schiller-wurde-nur-45","status":"publish","type":"post","link":"https:\/\/feminissima.de\/index.php\/2005\/05\/09\/presse-spiegel-schiller-wurde-nur-45\/","title":{"rendered":"PRESSE-SPIEGEL: SCHILLER wurde nur 45 &#8230;"},"content":{"rendered":"<p>..ja, lebte und schrieb unter nich-so-guten&#8230;Bedingungen &#8211; und von Krankheiten gepeinigt..: www.NEWS.at<\/p>\n<p> Vor 200 Jahren starb Friedrich Schiller: Deutscher Dichter wurde nur 45 Jahre alt  <\/p>\n<p>Verfasste seine Werke unter schwierigen Bedingungen<br \/>\n<br \/>\nDramatiker litt unter Krankheit, Verfolgung &#038; Geldsorgen  <\/p>\n<p>Friedrich Schiller war noch nicht einmal 46 Jahre alt, als er vor 200 Jahren in Weimar starb. In den 28 Jahren vor seinem Tod am 9. Mai 1805 hat er zahlreiche Dramen und eine Vielzahl von Gedichten und Balladen geschrieben, die ihn unsterblich machten. Viele Werke verfasste er unter schwierigsten Bedingungen: Auf der Flucht, von Geldsorgen gepeinigt, von Krankheit gezeichnet. Heute ist Schiller neben William Shakespeare und Bertolt Brecht der meistgespielte Dramatiker auf deutschen B\u00fchnen.<\/p>\n<p>Au\u00dferdem war Schiller ein Gelehrter, der unter anderem ein dreib\u00e4ndiges Werk \u00fcber die &#8222;Geschichte des drei\u00dfigj\u00e4hrigen Krieges&#8220; schrieb und bedeutende Vorlesungen an der Universit\u00e4t Jena hielt. Von seiner bis heute andauernden klassischen Popularit\u00e4t zeugen eine F\u00fclle gefl\u00fcgelter Worte aus seiner Feder wie &#8222;Sp\u00e4t kommt Ihr, doch Ihr kommt!&#8220; &#8222;Was ist der langen Rede kurzer Sinn?&#8220; &#8222;Zur\u00fcck! Du rettest den Freund nicht mehr!&#8220; oder &#8222;An der Quelle sa\u00df der Knabe&#8220;.<\/p>\n<p>Vorausschauend hatte er bereits als 25-J\u00e4hriger geschrieben: &#8222;Wenn ich denke, dass vielleicht in hundert und mehr Jahren (&#8230;) man mein Andenken segnet und mir noch im Grab Tr\u00e4nen der Bewunderung zollt, dann freue ich mich meines Dichterberufes und vers\u00f6hne mich mit Gott und meinem oft harten Verh\u00e4ngnis.&#8220;<\/p>\n<p>Milit\u00e4rische &#8222;Folteranstalt&#8220; pr\u00e4gte Schiller<br \/>\n<br \/>\nFriedrich Schiller wurde am 10. November 1759 in Marbach am Neckar geboren. Er wollte Pfarrer werden, doch nach dem Besuch der Lateinschule musste er auf Befehl des Herzogs Karl Eugen von W\u00fcrttemberg in dessen milit\u00e4rische &#8222;Karlsschule&#8220; eintreten, wo er einem gnadenlosen Drill ausgesetzt war. Die &#8222;Folteranstalt&#8220; lie\u00df seine lebenslange Freiheitssehnsucht wachsen, die in dem Drama &#8222;Die R\u00e4uber&#8220; erstmals ihren Ausdruck fand. Bei der Urauff\u00fchrung in Mannheim glich das Theater einem Tollhaus: Geballte F\u00e4uste, heisere Aufschreie, fremde Menschen fielen einander im Zuschauerraum in die Arme. Der 23-J\u00e4hrige war mit einem Schlag ber\u00fchmt geworden. Sein despotischer Brotherr aber verh\u00e4ngte ein Schreibverbot und drei Wochen Karzer, weil Schiller unerlaubt ins Theater gekommen war.<\/p>\n<p>Auf der Flucht<br \/>\n<br \/>\nFlucht war die einzige Alternative. Im th\u00fcringischen Bauerbach bei Meiningen fand er unter dem Pseudonym Dr. Ritter bei seiner G\u00f6nnerin Henriette Freifrau von Wolzogen Asyl. Hier schrieb er &#8222;Kabale und Liebe&#8220; und begann die Arbeit an &#8222;Don Carlos&#8220;. Auf Einladung seines Freundes Christian Gottfried K\u00f6rner konnte er sich ab April 1785 f\u00fcr zwei Jahre in Leipzig und Dresden aufhalten, wo er die &#8222;Ode an die Freude&#8220; schrieb.<\/p>\n<p>Professur brachte keine Erf\u00fcllung<br \/>\n<br \/>\nEine au\u00dferordentliche Professur an der Universit\u00e4t Jena brachte keine Rettung aus der verzweifelten finanziellen Situation. Seine Antrittsvorlesung &#8222;Was hei\u00dft und zu welchem Ende studiert man Universalgeschichte?&#8220; von 1789 begeisterte die Studenten und mehrte Friedrich Schillers Ruhm, doch er empfand die Professur, die ohne festes Gehalt war, als &#8222;Galeere des Schriftstellers&#8220;.<\/p>\n<p>Von Krankheiten gepeinigt<br \/>\n<br \/>\nZwar gew\u00e4hrte ihm der Weimarer Herzog Carl August seit 1790 ein festes Sal\u00e4r von 200 Talern, worauf er endlich heiraten konnte, doch schon ein Jahr sp\u00e4ter, als ein Zusammenbruch dem damals 31-J\u00e4hrigen beinahe den Tod gebracht h\u00e4tte, wusste er nicht, ob er das wenige Geld &#8222;in die K\u00fcche oder in die Apotheke tragen sollte&#8220;. Von da an k\u00e4mpfte Schiller noch 14 Jahre lang gegen seine Krankheiten, schrieb oft in den N\u00e4chten, wenn ihn der Schmerz nicht schlafen lie\u00df, seine gro\u00dfen Dramen, war Ehemann und Familienvater und bildete mit Johann Wolfgang von Goethe das Zentralgestirn des deutschen Geisteslebens.<\/p>\n<p>Ambivalentes Verh\u00e4ltnis zu Goethe<br \/>\n<br \/>\nBer\u00fchmt wurde diese Dichterfreundschaft, eine merkw\u00fcrdige Mischung aus Hass und Liebe. &#8222;Er ist ein Egoist in ungew\u00f6hnlichem Grade&#8220;, schrieb Schiller \u00fcber den Dichter des &#8222;Faust&#8220;. &#8222;Ich k\u00f6nnte seinen Geist umbringen und ihn wieder von Herzen lieben.&#8220; &#8222;Goethe ist mir einmal im Wege, und er erinnert mich so oft, dass das Schicksal mich hart behandelt hat. Wie leicht ward sein Genie von seinem Schicksal getragen, und ich muss bis auf diese Minute noch k\u00e4mpfen!&#8220;<\/p>\n<p>Immer wieder meinte sich Schiller mit ihm vergleichen zu m\u00fcssen. Doch am 2. Juli 1796 fand er endlich das gro\u00dfartige Zauberwort, &#8222;&#8230;dass es dem Vortrefflichen gegen\u00fcber keine Freiheit gibt als die Liebe&#8220;, wie er in einem Brief an den Freund schrieb.<\/p>\n<p>Fr\u00fcher Tod<br \/>\n<br \/>\nNach Schillers Tod ergab die Obduktion, dass eigentlich kein Organ mehr funktionst\u00fcchtig war. Die Lunge sei brandig, breiartig und ganz desorganisiert gewesen, das Herz ohne Muskelsubstanz, Gallenblase und Milz unnat\u00fcrlich vergr\u00f6\u00dfert, die Nieren in ihrer Substanz aufgel\u00f6st und v\u00f6llig verwachsen, so wird der Leibarzt des Weimarer Herzogs zitiert, dessen Bericht mit dem Satz endet: &#8222;Bei diesen Umst\u00e4nden muss man sich wundern, wie der arme Mann so lange hat leben k\u00f6nnen.&#8220;<\/p>\n<p>Bis zum Ende hatte Schiller dem sterbenden K\u00f6rper seine unsterblichen Werke abgerungen, so wie er es in einem Brief an Goethe geschrieben hatte: &#8222;Ich werde tun, was ich kann, und wenn endlich das Geb\u00e4ude zusammenf\u00e4llt, so habe ich doch vielleicht das Erhaltenswerte aus dem Brande gerettet.&#8220;<\/p>\n<p>(apa\/red)<\/p>\n<p> MEHR ZUR STORY  <\/p>\n<p>\nWichtige Stationen in Schillers Leben<br \/>\n<br \/>\nGeboren 1759 in Marbach, gestorben 1805 in Weimar<\/p>\n<p>Friedrich Schiller: Seine Hauptwerke<br \/>\n<br \/>\nDramen, Prosa, Lyrik &#038; historische Studien<\/p>\n<p>Ber\u00fchmte Zitate<br \/>\n<br \/>\nFriedrich Schillers<br \/>\n<br \/>\n&#8222;Fr\u00fch \u00fcbt sich, wer ein Meister werden will&#8230;&#8220;<\/p>\n<p><\/p>\n","protected":false},"excerpt":{"rendered":"<p>..ja, lebte und schrieb unter nich-so-guten&#8230;Bedingungen &#8211; und von Krankheiten gepeinigt..: www.NEWS.at<\/p>\n","protected":false},"author":2,"featured_media":0,"comment_status":"closed","ping_status":"closed","sticky":false,"template":"","format":"standard","meta":{"footnotes":""},"categories":[11],"tags":[],"class_list":["post-83716","post","type-post","status-publish","format-standard","hentry","category-femkultur","entry"],"yoast_head":"<!-- This site is optimized with the Yoast SEO plugin v21.0 - https:\/\/yoast.com\/wordpress\/plugins\/seo\/ -->\n<title>PRESSE-SPIEGEL: SCHILLER wurde nur 45 ... - Feminissima<\/title>\n<meta name=\"robots\" content=\"index, follow, max-snippet:-1, max-image-preview:large, max-video-preview:-1\" \/>\n<link rel=\"canonical\" href=\"https:\/\/feminissima.de\/index.php\/2005\/05\/09\/presse-spiegel-schiller-wurde-nur-45\/\" \/>\n<meta property=\"og:locale\" content=\"de_DE\" \/>\n<meta property=\"og:type\" content=\"article\" \/>\n<meta property=\"og:title\" content=\"PRESSE-SPIEGEL: SCHILLER wurde nur 45 ... - Feminissima\" \/>\n<meta property=\"og:description\" content=\"..ja, lebte und schrieb unter nich-so-guten...Bedingungen - und von Krankheiten gepeinigt..: www.NEWS.at\" \/>\n<meta property=\"og:url\" content=\"https:\/\/feminissima.de\/index.php\/2005\/05\/09\/presse-spiegel-schiller-wurde-nur-45\/\" \/>\n<meta property=\"og:site_name\" content=\"Feminissima\" \/>\n<meta property=\"article:published_time\" content=\"2005-05-09T13:48:35+00:00\" \/>\n<meta name=\"author\" content=\"admin\" \/>\n<meta name=\"twitter:card\" content=\"summary_large_image\" \/>\n<meta name=\"twitter:label1\" content=\"Verfasst von\" \/>\n\t<meta name=\"twitter:data1\" content=\"admin\" \/>\n\t<meta name=\"twitter:label2\" content=\"Gesch\u00e4tzte Lesezeit\" \/>\n\t<meta name=\"twitter:data2\" content=\"4\u00a0Minuten\" \/>\n<script type=\"application\/ld+json\" class=\"yoast-schema-graph\">{\"@context\":\"https:\/\/schema.org\",\"@graph\":[{\"@type\":\"WebPage\",\"@id\":\"https:\/\/feminissima.de\/index.php\/2005\/05\/09\/presse-spiegel-schiller-wurde-nur-45\/\",\"url\":\"https:\/\/feminissima.de\/index.php\/2005\/05\/09\/presse-spiegel-schiller-wurde-nur-45\/\",\"name\":\"PRESSE-SPIEGEL: SCHILLER wurde nur 45 ... - Feminissima\",\"isPartOf\":{\"@id\":\"https:\/\/feminissima.de\/#website\"},\"datePublished\":\"2005-05-09T13:48:35+00:00\",\"dateModified\":\"2005-05-09T13:48:35+00:00\",\"author\":{\"@id\":\"https:\/\/feminissima.de\/#\/schema\/person\/0b901e053624f88e7ecbea289d9d5128\"},\"breadcrumb\":{\"@id\":\"https:\/\/feminissima.de\/index.php\/2005\/05\/09\/presse-spiegel-schiller-wurde-nur-45\/#breadcrumb\"},\"inLanguage\":\"de\",\"potentialAction\":[{\"@type\":\"ReadAction\",\"target\":[\"https:\/\/feminissima.de\/index.php\/2005\/05\/09\/presse-spiegel-schiller-wurde-nur-45\/\"]}]},{\"@type\":\"BreadcrumbList\",\"@id\":\"https:\/\/feminissima.de\/index.php\/2005\/05\/09\/presse-spiegel-schiller-wurde-nur-45\/#breadcrumb\",\"itemListElement\":[{\"@type\":\"ListItem\",\"position\":1,\"name\":\"Startseite\",\"item\":\"https:\/\/feminissima.de\/\"},{\"@type\":\"ListItem\",\"position\":2,\"name\":\"PRESSE-SPIEGEL: SCHILLER wurde nur 45 &#8230;\"}]},{\"@type\":\"WebSite\",\"@id\":\"https:\/\/feminissima.de\/#website\",\"url\":\"https:\/\/feminissima.de\/\",\"name\":\"Feminissima\",\"description\":\"\",\"potentialAction\":[{\"@type\":\"SearchAction\",\"target\":{\"@type\":\"EntryPoint\",\"urlTemplate\":\"https:\/\/feminissima.de\/?s={search_term_string}\"},\"query-input\":\"required name=search_term_string\"}],\"inLanguage\":\"de\"},{\"@type\":\"Person\",\"@id\":\"https:\/\/feminissima.de\/#\/schema\/person\/0b901e053624f88e7ecbea289d9d5128\",\"name\":\"admin\",\"image\":{\"@type\":\"ImageObject\",\"inLanguage\":\"de\",\"@id\":\"https:\/\/feminissima.de\/#\/schema\/person\/image\/\",\"url\":\"https:\/\/secure.gravatar.com\/avatar\/8da1f51327453c0bf63338e8e2a791948b7d2ac19b68839492d1e69aac6924a8?s=96&d=mm&r=g\",\"contentUrl\":\"https:\/\/secure.gravatar.com\/avatar\/8da1f51327453c0bf63338e8e2a791948b7d2ac19b68839492d1e69aac6924a8?s=96&d=mm&r=g\",\"caption\":\"admin\"},\"url\":\"https:\/\/feminissima.de\/index.php\/author\/admin\/\"}]}<\/script>\n<!-- \/ Yoast SEO plugin. -->","yoast_head_json":{"title":"PRESSE-SPIEGEL: SCHILLER wurde nur 45 ... - Feminissima","robots":{"index":"index","follow":"follow","max-snippet":"max-snippet:-1","max-image-preview":"max-image-preview:large","max-video-preview":"max-video-preview:-1"},"canonical":"https:\/\/feminissima.de\/index.php\/2005\/05\/09\/presse-spiegel-schiller-wurde-nur-45\/","og_locale":"de_DE","og_type":"article","og_title":"PRESSE-SPIEGEL: SCHILLER wurde nur 45 ... - Feminissima","og_description":"..ja, lebte und schrieb unter nich-so-guten...Bedingungen - und von Krankheiten gepeinigt..: www.NEWS.at","og_url":"https:\/\/feminissima.de\/index.php\/2005\/05\/09\/presse-spiegel-schiller-wurde-nur-45\/","og_site_name":"Feminissima","article_published_time":"2005-05-09T13:48:35+00:00","author":"admin","twitter_card":"summary_large_image","twitter_misc":{"Verfasst von":"admin","Gesch\u00e4tzte Lesezeit":"4\u00a0Minuten"},"schema":{"@context":"https:\/\/schema.org","@graph":[{"@type":"WebPage","@id":"https:\/\/feminissima.de\/index.php\/2005\/05\/09\/presse-spiegel-schiller-wurde-nur-45\/","url":"https:\/\/feminissima.de\/index.php\/2005\/05\/09\/presse-spiegel-schiller-wurde-nur-45\/","name":"PRESSE-SPIEGEL: SCHILLER wurde nur 45 ... - Feminissima","isPartOf":{"@id":"https:\/\/feminissima.de\/#website"},"datePublished":"2005-05-09T13:48:35+00:00","dateModified":"2005-05-09T13:48:35+00:00","author":{"@id":"https:\/\/feminissima.de\/#\/schema\/person\/0b901e053624f88e7ecbea289d9d5128"},"breadcrumb":{"@id":"https:\/\/feminissima.de\/index.php\/2005\/05\/09\/presse-spiegel-schiller-wurde-nur-45\/#breadcrumb"},"inLanguage":"de","potentialAction":[{"@type":"ReadAction","target":["https:\/\/feminissima.de\/index.php\/2005\/05\/09\/presse-spiegel-schiller-wurde-nur-45\/"]}]},{"@type":"BreadcrumbList","@id":"https:\/\/feminissima.de\/index.php\/2005\/05\/09\/presse-spiegel-schiller-wurde-nur-45\/#breadcrumb","itemListElement":[{"@type":"ListItem","position":1,"name":"Startseite","item":"https:\/\/feminissima.de\/"},{"@type":"ListItem","position":2,"name":"PRESSE-SPIEGEL: SCHILLER wurde nur 45 &#8230;"}]},{"@type":"WebSite","@id":"https:\/\/feminissima.de\/#website","url":"https:\/\/feminissima.de\/","name":"Feminissima","description":"","potentialAction":[{"@type":"SearchAction","target":{"@type":"EntryPoint","urlTemplate":"https:\/\/feminissima.de\/?s={search_term_string}"},"query-input":"required name=search_term_string"}],"inLanguage":"de"},{"@type":"Person","@id":"https:\/\/feminissima.de\/#\/schema\/person\/0b901e053624f88e7ecbea289d9d5128","name":"admin","image":{"@type":"ImageObject","inLanguage":"de","@id":"https:\/\/feminissima.de\/#\/schema\/person\/image\/","url":"https:\/\/secure.gravatar.com\/avatar\/8da1f51327453c0bf63338e8e2a791948b7d2ac19b68839492d1e69aac6924a8?s=96&d=mm&r=g","contentUrl":"https:\/\/secure.gravatar.com\/avatar\/8da1f51327453c0bf63338e8e2a791948b7d2ac19b68839492d1e69aac6924a8?s=96&d=mm&r=g","caption":"admin"},"url":"https:\/\/feminissima.de\/index.php\/author\/admin\/"}]}},"jetpack_featured_media_url":"","_links":{"self":[{"href":"https:\/\/feminissima.de\/index.php\/wp-json\/wp\/v2\/posts\/83716","targetHints":{"allow":["GET"]}}],"collection":[{"href":"https:\/\/feminissima.de\/index.php\/wp-json\/wp\/v2\/posts"}],"about":[{"href":"https:\/\/feminissima.de\/index.php\/wp-json\/wp\/v2\/types\/post"}],"author":[{"embeddable":true,"href":"https:\/\/feminissima.de\/index.php\/wp-json\/wp\/v2\/users\/2"}],"replies":[{"embeddable":true,"href":"https:\/\/feminissima.de\/index.php\/wp-json\/wp\/v2\/comments?post=83716"}],"version-history":[{"count":0,"href":"https:\/\/feminissima.de\/index.php\/wp-json\/wp\/v2\/posts\/83716\/revisions"}],"wp:attachment":[{"href":"https:\/\/feminissima.de\/index.php\/wp-json\/wp\/v2\/media?parent=83716"}],"wp:term":[{"taxonomy":"category","embeddable":true,"href":"https:\/\/feminissima.de\/index.php\/wp-json\/wp\/v2\/categories?post=83716"},{"taxonomy":"post_tag","embeddable":true,"href":"https:\/\/feminissima.de\/index.php\/wp-json\/wp\/v2\/tags?post=83716"}],"curies":[{"name":"wp","href":"https:\/\/api.w.org\/{rel}","templated":true}]}}