{"id":83715,"date":"2005-05-09T03:19:43","date_gmt":"2005-05-09T03:19:43","guid":{"rendered":"http:\/\/www.feminissima.de\/?p=83715"},"modified":"2005-05-09T03:19:43","modified_gmt":"2005-05-09T03:19:43","slug":"60-years-after","status":"publish","type":"post","link":"https:\/\/feminissima.de\/index.php\/2005\/05\/09\/60-years-after\/","title":{"rendered":"60 Years after.."},"content":{"rendered":"<p>ja&#8230;hier der Text &#8230;zum Gedenken..von der live-Site in eine Rubrik, die mit Gewalt zu tun hat..oder ist es die falsche Zuordnung?<br \/>last page view: 40131.<\/p>\n<table width=\"100%\">\n<tr>\n<td style=\"background-image=url('images\/monet-heller.jpg')\"><font size=\"+1\"> <\/p>\n<p>..ES IST SO ERGREIFEND.<\/p>\n<p>Und &#8211; das ist eben AUCH BERLIN: wie verabredet, ausgehend von einem Pfarrer, die Friedensgruppen haben sich angeschlossen&#8230;verbindet jetzt,um 22 Uhr&#8230;es ist jetzt beinah halb elf&#8230;eine Lichter-Kerzenkette von fast 30 Kilometern die Stadt&#8230;Vom Westen in den Osten, oder vom Osten in den Westen&#8230;obwohl es regnet und kalt ist wie fast im Winter, stehen die Menschen mit ihren Kerzen am Stra\u00dfenrand oder auf der Stra\u00dfe und singen Friedenslieder&#8230;wer wollte sich da seiner Tr\u00e4nen sch\u00e4men&#8230;Keiner. 60 Jahre nach einem Krieg, der niemals in seiner atrocit\u00e9 aus den Geschichtsb\u00fcchern gel\u00f6scht werden wird&#8230;Bleiben wir besonnen! Aber k\u00e4mpfen wir gegen den radikalen Sozialabbau in diesem land. Auch damals war die Unzufriedenheit der B\u00fcrger ..der Samen, der den Faschismus zum Keimen und zum Wuchern brachte&#8230;..vereinfacht gesagt, klar, wir wollen wieder raus, runter, auf die Stra\u00dfe &#8230;.langsam l\u00f6st sich die Lichterkette wieder auf&#8230;die Polizei dankt wartenden Autos f\u00fcr ihr Verst\u00e4ndnis \u00fcber einen Lautsprecher und ..w\u00fcnscht noch einen sch\u00f6nen Abend&#8230;Wir stellen noch ein Windlicht auf den Balkon..Diese Solidarit\u00e4t der B\u00fcrger in Berlin&#8230;das erw\u00e4rmt Dein Herz in einer doch krassen Stadt&#8230;.<\/td>\n<\/tr>\n<\/table>\n<p>F\u00dcR DIE \u00dcBERLEBENDEN&#8230;<\/p>\n<p>Und der Schmerz bleibt &#8211; <\/p>\n<p>die Trauer stirbt nie.<\/p>\n<p>Die Sehnsucht auch nicht.<\/p>\n<p>Nein, kein Vergessen.<\/p>\n<p>Nie war die Vergangenheit so nah.<\/p>\n<p>Ist erst die Flut der Bilder abgeebt, <\/p>\n<p>kann die Seele wieder atmen.<\/p>\n<p>Doch die Unschuld, sie kehrt nie zur\u00fcck.<\/p>\n<p><\/p>\n","protected":false},"excerpt":{"rendered":"<p>ja&#8230;hier der Text &#8230;zum Gedenken..von der live-Site in eine Rubrik, die mit Gewalt zu tun hat..oder ist es die falsche Zuordnung?<\/p>\n","protected":false},"author":2,"featured_media":0,"comment_status":"closed","ping_status":"closed","sticky":false,"template":"","format":"standard","meta":{"footnotes":""},"categories":[15],"tags":[],"class_list":["post-83715","post","type-post","status-publish","format-standard","hentry","category-femrecht","entry"],"yoast_head":"<!-- This site is optimized with the Yoast SEO plugin v21.0 - https:\/\/yoast.com\/wordpress\/plugins\/seo\/ -->\n<title>60 Years after.. - Feminissima<\/title>\n<meta name=\"robots\" content=\"index, follow, max-snippet:-1, max-image-preview:large, max-video-preview:-1\" \/>\n<link rel=\"canonical\" href=\"https:\/\/feminissima.de\/index.php\/2005\/05\/09\/60-years-after\/\" \/>\n<meta property=\"og:locale\" content=\"de_DE\" \/>\n<meta property=\"og:type\" content=\"article\" \/>\n<meta property=\"og:title\" content=\"60 Years after.. - Feminissima\" \/>\n<meta property=\"og:description\" content=\"ja...hier der Text ...zum Gedenken..von der live-Site in eine Rubrik, die mit Gewalt zu tun hat..oder ist es die falsche Zuordnung?\" \/>\n<meta property=\"og:url\" content=\"https:\/\/feminissima.de\/index.php\/2005\/05\/09\/60-years-after\/\" \/>\n<meta property=\"og:site_name\" content=\"Feminissima\" \/>\n<meta property=\"article:published_time\" content=\"2005-05-09T03:19:43+00:00\" \/>\n<meta name=\"author\" content=\"admin\" \/>\n<meta name=\"twitter:card\" content=\"summary_large_image\" \/>\n<meta name=\"twitter:label1\" content=\"Verfasst von\" \/>\n\t<meta name=\"twitter:data1\" content=\"admin\" \/>\n\t<meta name=\"twitter:label2\" content=\"Gesch\u00e4tzte Lesezeit\" \/>\n\t<meta name=\"twitter:data2\" content=\"1\u00a0Minute\" \/>\n<script type=\"application\/ld+json\" class=\"yoast-schema-graph\">{\"@context\":\"https:\/\/schema.org\",\"@graph\":[{\"@type\":\"WebPage\",\"@id\":\"https:\/\/feminissima.de\/index.php\/2005\/05\/09\/60-years-after\/\",\"url\":\"https:\/\/feminissima.de\/index.php\/2005\/05\/09\/60-years-after\/\",\"name\":\"60 Years after.. - Feminissima\",\"isPartOf\":{\"@id\":\"https:\/\/feminissima.de\/#website\"},\"datePublished\":\"2005-05-09T03:19:43+00:00\",\"dateModified\":\"2005-05-09T03:19:43+00:00\",\"author\":{\"@id\":\"https:\/\/feminissima.de\/#\/schema\/person\/0b901e053624f88e7ecbea289d9d5128\"},\"breadcrumb\":{\"@id\":\"https:\/\/feminissima.de\/index.php\/2005\/05\/09\/60-years-after\/#breadcrumb\"},\"inLanguage\":\"de\",\"potentialAction\":[{\"@type\":\"ReadAction\",\"target\":[\"https:\/\/feminissima.de\/index.php\/2005\/05\/09\/60-years-after\/\"]}]},{\"@type\":\"BreadcrumbList\",\"@id\":\"https:\/\/feminissima.de\/index.php\/2005\/05\/09\/60-years-after\/#breadcrumb\",\"itemListElement\":[{\"@type\":\"ListItem\",\"position\":1,\"name\":\"Startseite\",\"item\":\"https:\/\/feminissima.de\/\"},{\"@type\":\"ListItem\",\"position\":2,\"name\":\"60 Years after..\"}]},{\"@type\":\"WebSite\",\"@id\":\"https:\/\/feminissima.de\/#website\",\"url\":\"https:\/\/feminissima.de\/\",\"name\":\"Feminissima\",\"description\":\"\",\"potentialAction\":[{\"@type\":\"SearchAction\",\"target\":{\"@type\":\"EntryPoint\",\"urlTemplate\":\"https:\/\/feminissima.de\/?s={search_term_string}\"},\"query-input\":\"required name=search_term_string\"}],\"inLanguage\":\"de\"},{\"@type\":\"Person\",\"@id\":\"https:\/\/feminissima.de\/#\/schema\/person\/0b901e053624f88e7ecbea289d9d5128\",\"name\":\"admin\",\"image\":{\"@type\":\"ImageObject\",\"inLanguage\":\"de\",\"@id\":\"https:\/\/feminissima.de\/#\/schema\/person\/image\/\",\"url\":\"https:\/\/secure.gravatar.com\/avatar\/8da1f51327453c0bf63338e8e2a791948b7d2ac19b68839492d1e69aac6924a8?s=96&d=mm&r=g\",\"contentUrl\":\"https:\/\/secure.gravatar.com\/avatar\/8da1f51327453c0bf63338e8e2a791948b7d2ac19b68839492d1e69aac6924a8?s=96&d=mm&r=g\",\"caption\":\"admin\"},\"url\":\"https:\/\/feminissima.de\/index.php\/author\/admin\/\"}]}<\/script>\n<!-- \/ Yoast SEO plugin. -->","yoast_head_json":{"title":"60 Years after.. - Feminissima","robots":{"index":"index","follow":"follow","max-snippet":"max-snippet:-1","max-image-preview":"max-image-preview:large","max-video-preview":"max-video-preview:-1"},"canonical":"https:\/\/feminissima.de\/index.php\/2005\/05\/09\/60-years-after\/","og_locale":"de_DE","og_type":"article","og_title":"60 Years after.. - Feminissima","og_description":"ja...hier der Text ...zum Gedenken..von der live-Site in eine Rubrik, die mit Gewalt zu tun hat..oder ist es die falsche Zuordnung?","og_url":"https:\/\/feminissima.de\/index.php\/2005\/05\/09\/60-years-after\/","og_site_name":"Feminissima","article_published_time":"2005-05-09T03:19:43+00:00","author":"admin","twitter_card":"summary_large_image","twitter_misc":{"Verfasst von":"admin","Gesch\u00e4tzte Lesezeit":"1\u00a0Minute"},"schema":{"@context":"https:\/\/schema.org","@graph":[{"@type":"WebPage","@id":"https:\/\/feminissima.de\/index.php\/2005\/05\/09\/60-years-after\/","url":"https:\/\/feminissima.de\/index.php\/2005\/05\/09\/60-years-after\/","name":"60 Years after.. - Feminissima","isPartOf":{"@id":"https:\/\/feminissima.de\/#website"},"datePublished":"2005-05-09T03:19:43+00:00","dateModified":"2005-05-09T03:19:43+00:00","author":{"@id":"https:\/\/feminissima.de\/#\/schema\/person\/0b901e053624f88e7ecbea289d9d5128"},"breadcrumb":{"@id":"https:\/\/feminissima.de\/index.php\/2005\/05\/09\/60-years-after\/#breadcrumb"},"inLanguage":"de","potentialAction":[{"@type":"ReadAction","target":["https:\/\/feminissima.de\/index.php\/2005\/05\/09\/60-years-after\/"]}]},{"@type":"BreadcrumbList","@id":"https:\/\/feminissima.de\/index.php\/2005\/05\/09\/60-years-after\/#breadcrumb","itemListElement":[{"@type":"ListItem","position":1,"name":"Startseite","item":"https:\/\/feminissima.de\/"},{"@type":"ListItem","position":2,"name":"60 Years after.."}]},{"@type":"WebSite","@id":"https:\/\/feminissima.de\/#website","url":"https:\/\/feminissima.de\/","name":"Feminissima","description":"","potentialAction":[{"@type":"SearchAction","target":{"@type":"EntryPoint","urlTemplate":"https:\/\/feminissima.de\/?s={search_term_string}"},"query-input":"required name=search_term_string"}],"inLanguage":"de"},{"@type":"Person","@id":"https:\/\/feminissima.de\/#\/schema\/person\/0b901e053624f88e7ecbea289d9d5128","name":"admin","image":{"@type":"ImageObject","inLanguage":"de","@id":"https:\/\/feminissima.de\/#\/schema\/person\/image\/","url":"https:\/\/secure.gravatar.com\/avatar\/8da1f51327453c0bf63338e8e2a791948b7d2ac19b68839492d1e69aac6924a8?s=96&d=mm&r=g","contentUrl":"https:\/\/secure.gravatar.com\/avatar\/8da1f51327453c0bf63338e8e2a791948b7d2ac19b68839492d1e69aac6924a8?s=96&d=mm&r=g","caption":"admin"},"url":"https:\/\/feminissima.de\/index.php\/author\/admin\/"}]}},"jetpack_featured_media_url":"","_links":{"self":[{"href":"https:\/\/feminissima.de\/index.php\/wp-json\/wp\/v2\/posts\/83715","targetHints":{"allow":["GET"]}}],"collection":[{"href":"https:\/\/feminissima.de\/index.php\/wp-json\/wp\/v2\/posts"}],"about":[{"href":"https:\/\/feminissima.de\/index.php\/wp-json\/wp\/v2\/types\/post"}],"author":[{"embeddable":true,"href":"https:\/\/feminissima.de\/index.php\/wp-json\/wp\/v2\/users\/2"}],"replies":[{"embeddable":true,"href":"https:\/\/feminissima.de\/index.php\/wp-json\/wp\/v2\/comments?post=83715"}],"version-history":[{"count":0,"href":"https:\/\/feminissima.de\/index.php\/wp-json\/wp\/v2\/posts\/83715\/revisions"}],"wp:attachment":[{"href":"https:\/\/feminissima.de\/index.php\/wp-json\/wp\/v2\/media?parent=83715"}],"wp:term":[{"taxonomy":"category","embeddable":true,"href":"https:\/\/feminissima.de\/index.php\/wp-json\/wp\/v2\/categories?post=83715"},{"taxonomy":"post_tag","embeddable":true,"href":"https:\/\/feminissima.de\/index.php\/wp-json\/wp\/v2\/tags?post=83715"}],"curies":[{"name":"wp","href":"https:\/\/api.w.org\/{rel}","templated":true}]}}