{"id":83701,"date":"2005-05-02T15:56:52","date_gmt":"2005-05-02T15:56:52","guid":{"rendered":"http:\/\/www.feminissima.de\/?p=83701"},"modified":"2005-05-02T15:56:52","modified_gmt":"2005-05-02T15:56:52","slug":"super-presse-spiegel-typisch-deutsch-typisch-ard","status":"publish","type":"post","link":"https:\/\/feminissima.de\/index.php\/2005\/05\/02\/super-presse-spiegel-typisch-deutsch-typisch-ard\/","title":{"rendered":"Super-PRESSE-Spiegel: &#8222;Typisch deutsch? Typisch ARD !&#8220;"},"content":{"rendered":"<p>Einfach Spitze ! Ehe im Nirwana des www wieder verschwindet &#8211; hier zur dauerhaften REANIMIERUNG des Geistes  &#8211; &#8211; festgehalten : spiegel-online zum Samstagabend bei der ARD \u00fcber die DEUTSCHEN und den PATRIOTISMUS&#8230;oh ! (unsere Praktikanten tanzten da gerade in den Mai, auf dem Lande, vollkommen deutsch-typisch, oder?). Nein, das m\u00fc\u00dft Ihr einfach lesen!<br \/>01. Mai 2005 <\/p>\n<p>\nPATRIOTEN-TV<\/p>\n<p>Typisch deutsch? Typisch ARD!<\/p>\n<p>Von Henryk M. Broder <\/p>\n<p>Alle reden vom Patriotismus, das Erste tut was: Es servierte gestern Abend eine Show \u00fcber die Frage: Was ist deutsch? Der Aufwand war betr\u00e4chtlich, das Ergebnis absehbar, der U-Faktor bescheiden.<\/p>\n<p>Moderatorenduo Bulthaupt, Kock am Brink (v. l.): Mit der Leidenschaft eines m\u00fcden Gebrauchtwagenh\u00e4ndlers<br \/>\n<br \/>\nBerlin &#8211; Vorurteile sind eine feine Sache. Sie erleichtern einem die Orientierung, machen das Leben \u00fcberschaubar und &#8211; l\u00f6sen sich auf, wenn sie mit der Wirklichkeit konfrontiert werden. Man kann ja ruhig davon ausgehen, dass die Deutschen flei\u00dfig, die Italiener schlampig, die Juden gesch\u00e4ftst\u00fcchtig, die Japaner farbenblind und die Russen immer besoffen sind &#8211; wenn man wei\u00df, dass diese &#8222;Tatsachen&#8220; nichts als Spielmaterial der eigenen Befindlichkeit sind.<\/p>\n<p>So gesehen, war es eine gute Idee, dass die ARD eine &#8222;gro\u00dfe Volksbefragung&#8220; zum Thema &#8222;Was ist typisch deutsch?&#8220; unternahm, um endlich eine verl\u00e4ssliche Antwort auf die Frage zu finden: &#8222;Wie sind wir Deutsche wirklich?&#8220; Auch das Timing war perfekt, als S\u00e4ttigungsbeilage zur gegenw\u00e4rtigen Patriotismus-Diskussion.<\/p>\n<p>Und es sah so aus, als h\u00e4tten die 240 &#8222;Protodeutschen&#8220; im Studio, eingeteilt in sechs Gruppen: Landleute, Stadtmenschen, Beamte, Lebensk\u00fcnstler, W\u00fcrdentr\u00e4ger und Zugezogene, schon lange darauf gewartet, sich einem solchen Test zu unterziehen: Die Moderatoren des Abends, Ulla Kock am Brink und Axel Bulthaupt wurden, bevor sie noch ein Wort gesagt hatten, mit minutenlangem frenetischen Beifall begr\u00fc\u00dft, den die beiden mit gespielter Verlegenheit huldvoll annahmen &#8211; was auch etwas mit dem Thema der Sendung zu tun hatte. Typisch deutsch ist, wenn die Zuschauer im Studio so lange klatschen, bis ihnen vom Aufnahmeleiter der Befehl gegeben wird, damit aufzuh\u00f6ren.<\/p>\n<p>&#8222;Wir sind absolut kein Quiz&#8220;, versicherte Axel Bulthaupt, bevor sieben sogenannte &#8222;Prominente&#8220; vorgestellt wurden, die bei einem Quiz unentbehrlich sind, nur dass es diesmal \u00fcberwiegend Promis aus der zweiten Regionalliga waren. Herbert Feuerstein (&#8222;Freigeist und Weltenbummler&#8220;), der Fu\u00dfballer Thomas Helmer, das &#8222;Cleverle&#8220; Wigald Boning, der seine Entschlossenheit, komisch zu sein, durch die Wahl kurzer Hosen unterstrich, Mary Roos, &#8222;die K\u00f6nigin des deutschen Schlagers&#8220;, die diesmal ohne ihre Hofdamen erschienen war, eine Viva-Moderatorin namens Janin Reinhardt aus Erfurt, die laut ihrer Homepage gerne &#8222;bis Mittags&#8220; schl\u00e4ft , der Mannheimer Comedian B\u00fclent Ceylan &#8211; und Marie-Luise Marjan aus dem Hauptquartier des Gutmenschentums, der Lindenstra\u00dfe. Man h\u00e4tte die ganze Sendung mit ihr allein bestreiten k\u00f6nnen, denn wo Mutter Beimer auftritt, da sind Allensbach, Emnid und der gesunde Menschenverstand nicht mehr n\u00f6tig.<\/p>\n<p>Der deutschen Seele auf den Grund gegangen<\/p>\n<p>Aber das w\u00e4re zu einfach, zu billig und zu effektiv gewesen. Es war ja Samstagabend und die ARD wollte das ganz gro\u00dfe Rad drehen. Wenn man schon die Kohle zum Fenster rausschmei\u00dft, dann bitte mit beiden H\u00e4nden. Und so dachte man sich ein Konzept aus, wie es komplizierter nicht h\u00e4tte sein k\u00f6nnen. Zuerst wurde eine &#8222;streng wissenschaftliche Umfrage&#8220; veranstaltet, um &#8222;die deutsche Seele&#8220; zu ergr\u00fcnden. Diese Daten waren sozusagen das repr\u00e4sentative Fundament der Sendung. Sie wurden dann mit den Antworten der 240 &#8222;Protodeutschen&#8220; und den sieben Promis im Studio abgeglichen. Das ganze war eine Mischung aus &#8222;Tutti Frutti&#8220;, wo man auch nicht wusste, wohin die L\u00e4nderpunkte gehen, &#8222;Bericht aus Berlin&#8220; mit der &#8222;Sonntagsfrage&#8220; und &#8222;Heiterem Beruferaten&#8220;.<\/p>\n<p>Um die Masse der Informationen zu managen, sa\u00dfen die Moderatoren gleich vor drei Laptops, kamen aber trotzdem gelegentlich durcheinander. Bulthaupt moderierte mit der Leidenschaft eines m\u00fcden Gebrauchtwagenh\u00e4ndlers, Frau Kock am Brink w\u00e4re bei jeder Tupperware-Party auf ihren Dosen sitzen geblieben. Man merkte es den beiden an, dass sie nur von einem Wunsch getrieben wurden: Es m\u00f6ge nicht wehtun und bald vorbei sein.<\/p>\n<p>Aber es tat weh und es dauerte 2 Stunden und 45 Minuten, l\u00e4nger als die Leidensgeschichte Christi, erz\u00e4hlt von Mel Gibson, nur ohne Blutvergie\u00dfen. Die &#8222;deutsche Seele&#8220; wurde anhand von Fragen getestet wie: &#8222;D\u00fcrfen G\u00e4ste ihre Schuhe anbehalten, wenn sie zu Besuch kommen?&#8220;, &#8222;Welchen Hund h\u00e4tten sie am liebsten?&#8220;, &#8222;Haben Sie schon mal am Arbeitsplatz etwas mitgehen lassen?&#8220; und &#8222;Was essen Sie im Urlaub?&#8220;.<\/p>\n<p>Kreuzung aus Mutter Teresa und Harrison Ford<\/p>\n<p>Die Antworten fielen so \u00fcberraschend aus, wie Antworten immer ausfallen, wenn die Befragten wissen, was die Frager von ihnen erwarten. Am Ende, nach \u00fcber 160 Minuten, die so schnell vergingen wie eine Darmspiegelung auf einer Benefizgala zugunsten der Krebshilfe, stand die &#8222;deutsche Seele&#8220; voll rehabilitiert da, nicht wie zu Anfang von Frau Kock angedroht, als eine Mischung aus &#8222;Heidi Klum und Otti Fischer&#8220;, sondern wie eine Kreuzung aus Mutter Teresa und Harrison Ford.<\/p>\n<p>AP<br \/>\n<br \/>\n&#8222;Mutter Beimer&#8220;: Die typischste Deutsche<br \/>\n<br \/>\nAlle Klischees und Vorurteile waren in ihr Gegenteil verkehrt. Als Gastgeber bestehen die Deutschen nicht darauf, dass die G\u00e4ste die Schuhe an der T\u00fcr ausziehen, ihre Hunde sollen &#8222;treue Begleiter&#8220; sein, zu Mittag essen sie am liebsten einen Salatteller, als Touristen wollen sie &#8222;die landes-typische K\u00fcche&#8220; kennen lernen, zum Tag der deutschen Einheit sto\u00dfen sie mit Rotk\u00e4ppchen-Sekt an, sie nehmen &#8222;aus Prinzip&#8220; nichts, nicht einmal eine B\u00fcroklammer, mit nach Hause und &#8211; Achtung, aufgepasst: falls Deutschland bei der n\u00e4chsten WM schon im Achtelfinale ausscheidet, werden sie nicht b\u00f6se oder entt\u00e4uscht sein, sondern nur sagen: &#8222;Die anderen waren einfach besser!&#8220; <\/p>\n<p>Und wenn sie danach gefragt worden w\u00e4ren, wen sie sich als Nachbarn im Reihenhaus w\u00fcnschen, h\u00e4tten sie gewiss gesagt: Schwule, behinderte, j\u00fcdische, arbeitslose Zigeuner mit vielen Kindern und einer Ziege als Haustier. <\/p>\n<p>Schmerz beim Wasserlassen<\/p>\n<p>Nat\u00fcrlich gab es zwischendurch auch kurze und Momente der Wahrheit. Mary Roos erz\u00e4hlte, wie sich auf der Bahnhofstoilette ihr Rock in der Unterhose verfangen hatte, was alle ganz toll lustig fanden, B\u00fclent Ceylan berichtete von seinen Schmerzen beim Wasserlassen.<\/p>\n<p>Besonders heiter wurde es, wenn der Vertreter des Goethe-Instituts als Kulturexperte zu Wort kam. Auch er sa\u00df vor einem Laptop und sprach S\u00e4tze, die sich wie Loriot-Weisheiten anh\u00f6rten. Auf die Frage, wie &#8222;das Pantoffelproblem&#8220; im Ausland gehandhabt werde, antwortete er: &#8222;Das h\u00e4ngt von der Kultur und vom Klima ab.&#8220; Leider kam er w\u00e4hrend der ganzen Sendung nur dreimal zu Wort, aber er wirkte jedes Mal sehr pr\u00e4sent und kompetent. Und was man von der ersten Minute an ahnen musste, wurde ganz am Ende zur empirischen Gewissheit. Mutter Beimer ist die &#8222;typischste Deutsche&#8220;. Ob man sich dar\u00fcber freuen oder \u00e4rgern muss, ist eine andere Sache, tr\u00f6stlich ist in jedem Fall, dass es nicht Claudia Roth wurde.<\/p>\n<p>Und man muss es auch positiv bewerten, dass der beste Witz der ganzen Show ausgerechnet von einem Beamten erz\u00e4hlt wurde: &#8222;Was ist der Unterschied zwischen einem Amt und einer Jeans? Bei der Jeans sind die Nieten drau\u00dfen.&#8220; Und bei der ARD machen sie in Unterhaltung. <\/p>\n","protected":false},"excerpt":{"rendered":"<p>Einfach Spitze ! Ehe im Nirwana des www wieder verschwindet &#8211; hier zur dauerhaften REANIMIERUNG des Geistes  &#8211; &#8211; festgehalten : spiegel-online zum Samstagabend bei der ARD \u00fcber die DEUTSCHEN und den PATRIOTISMUS&#8230;oh ! (unsere Praktikanten tanzten da gerade in den Mai, auf dem Lande, vollkommen deutsch-typisch, oder?). Nein, das m\u00fc\u00dft Ihr einfach lesen!<\/p>\n","protected":false},"author":2,"featured_media":0,"comment_status":"closed","ping_status":"closed","sticky":false,"template":"","format":"standard","meta":{"footnotes":""},"categories":[13],"tags":[],"class_list":["post-83701","post","type-post","status-publish","format-standard","hentry","category-femmedien","entry"],"yoast_head":"<!-- This site is optimized with the Yoast SEO plugin v21.0 - https:\/\/yoast.com\/wordpress\/plugins\/seo\/ -->\n<title>Super-PRESSE-Spiegel: &quot;Typisch deutsch? Typisch ARD !&quot; - Feminissima<\/title>\n<meta name=\"robots\" content=\"index, follow, max-snippet:-1, max-image-preview:large, max-video-preview:-1\" \/>\n<link rel=\"canonical\" href=\"https:\/\/feminissima.de\/index.php\/2005\/05\/02\/super-presse-spiegel-typisch-deutsch-typisch-ard\/\" \/>\n<meta property=\"og:locale\" content=\"de_DE\" \/>\n<meta property=\"og:type\" content=\"article\" \/>\n<meta property=\"og:title\" content=\"Super-PRESSE-Spiegel: &quot;Typisch deutsch? Typisch ARD !&quot; - Feminissima\" \/>\n<meta property=\"og:description\" content=\"Einfach Spitze ! Ehe im Nirwana des www wieder verschwindet - hier zur dauerhaften REANIMIERUNG des Geistes - - festgehalten : spiegel-online zum Samstagabend bei der ARD \u00fcber die DEUTSCHEN und den PATRIOTISMUS...oh ! (unsere Praktikanten tanzten da gerade in den Mai, auf dem Lande, vollkommen deutsch-typisch, oder?). Nein, das m\u00fc\u00dft Ihr einfach lesen!\" \/>\n<meta property=\"og:url\" content=\"https:\/\/feminissima.de\/index.php\/2005\/05\/02\/super-presse-spiegel-typisch-deutsch-typisch-ard\/\" \/>\n<meta property=\"og:site_name\" content=\"Feminissima\" \/>\n<meta property=\"article:published_time\" content=\"2005-05-02T15:56:52+00:00\" \/>\n<meta name=\"author\" content=\"admin\" \/>\n<meta name=\"twitter:card\" content=\"summary_large_image\" \/>\n<meta name=\"twitter:label1\" content=\"Verfasst von\" \/>\n\t<meta name=\"twitter:data1\" content=\"admin\" \/>\n\t<meta name=\"twitter:label2\" content=\"Gesch\u00e4tzte Lesezeit\" \/>\n\t<meta name=\"twitter:data2\" content=\"6\u00a0Minuten\" \/>\n<script type=\"application\/ld+json\" class=\"yoast-schema-graph\">{\"@context\":\"https:\/\/schema.org\",\"@graph\":[{\"@type\":\"WebPage\",\"@id\":\"https:\/\/feminissima.de\/index.php\/2005\/05\/02\/super-presse-spiegel-typisch-deutsch-typisch-ard\/\",\"url\":\"https:\/\/feminissima.de\/index.php\/2005\/05\/02\/super-presse-spiegel-typisch-deutsch-typisch-ard\/\",\"name\":\"Super-PRESSE-Spiegel: \\\"Typisch deutsch? Typisch ARD !\\\" - Feminissima\",\"isPartOf\":{\"@id\":\"https:\/\/feminissima.de\/#website\"},\"datePublished\":\"2005-05-02T15:56:52+00:00\",\"dateModified\":\"2005-05-02T15:56:52+00:00\",\"author\":{\"@id\":\"https:\/\/feminissima.de\/#\/schema\/person\/0b901e053624f88e7ecbea289d9d5128\"},\"breadcrumb\":{\"@id\":\"https:\/\/feminissima.de\/index.php\/2005\/05\/02\/super-presse-spiegel-typisch-deutsch-typisch-ard\/#breadcrumb\"},\"inLanguage\":\"de\",\"potentialAction\":[{\"@type\":\"ReadAction\",\"target\":[\"https:\/\/feminissima.de\/index.php\/2005\/05\/02\/super-presse-spiegel-typisch-deutsch-typisch-ard\/\"]}]},{\"@type\":\"BreadcrumbList\",\"@id\":\"https:\/\/feminissima.de\/index.php\/2005\/05\/02\/super-presse-spiegel-typisch-deutsch-typisch-ard\/#breadcrumb\",\"itemListElement\":[{\"@type\":\"ListItem\",\"position\":1,\"name\":\"Startseite\",\"item\":\"https:\/\/feminissima.de\/\"},{\"@type\":\"ListItem\",\"position\":2,\"name\":\"Super-PRESSE-Spiegel: &#8222;Typisch deutsch? Typisch ARD !&#8220;\"}]},{\"@type\":\"WebSite\",\"@id\":\"https:\/\/feminissima.de\/#website\",\"url\":\"https:\/\/feminissima.de\/\",\"name\":\"Feminissima\",\"description\":\"\",\"potentialAction\":[{\"@type\":\"SearchAction\",\"target\":{\"@type\":\"EntryPoint\",\"urlTemplate\":\"https:\/\/feminissima.de\/?s={search_term_string}\"},\"query-input\":\"required name=search_term_string\"}],\"inLanguage\":\"de\"},{\"@type\":\"Person\",\"@id\":\"https:\/\/feminissima.de\/#\/schema\/person\/0b901e053624f88e7ecbea289d9d5128\",\"name\":\"admin\",\"image\":{\"@type\":\"ImageObject\",\"inLanguage\":\"de\",\"@id\":\"https:\/\/feminissima.de\/#\/schema\/person\/image\/\",\"url\":\"https:\/\/secure.gravatar.com\/avatar\/8da1f51327453c0bf63338e8e2a791948b7d2ac19b68839492d1e69aac6924a8?s=96&d=mm&r=g\",\"contentUrl\":\"https:\/\/secure.gravatar.com\/avatar\/8da1f51327453c0bf63338e8e2a791948b7d2ac19b68839492d1e69aac6924a8?s=96&d=mm&r=g\",\"caption\":\"admin\"},\"url\":\"https:\/\/feminissima.de\/index.php\/author\/admin\/\"}]}<\/script>\n<!-- \/ Yoast SEO plugin. -->","yoast_head_json":{"title":"Super-PRESSE-Spiegel: \"Typisch deutsch? Typisch ARD !\" - Feminissima","robots":{"index":"index","follow":"follow","max-snippet":"max-snippet:-1","max-image-preview":"max-image-preview:large","max-video-preview":"max-video-preview:-1"},"canonical":"https:\/\/feminissima.de\/index.php\/2005\/05\/02\/super-presse-spiegel-typisch-deutsch-typisch-ard\/","og_locale":"de_DE","og_type":"article","og_title":"Super-PRESSE-Spiegel: \"Typisch deutsch? Typisch ARD !\" - Feminissima","og_description":"Einfach Spitze ! Ehe im Nirwana des www wieder verschwindet - hier zur dauerhaften REANIMIERUNG des Geistes - - festgehalten : spiegel-online zum Samstagabend bei der ARD \u00fcber die DEUTSCHEN und den PATRIOTISMUS...oh ! (unsere Praktikanten tanzten da gerade in den Mai, auf dem Lande, vollkommen deutsch-typisch, oder?). Nein, das m\u00fc\u00dft Ihr einfach lesen!","og_url":"https:\/\/feminissima.de\/index.php\/2005\/05\/02\/super-presse-spiegel-typisch-deutsch-typisch-ard\/","og_site_name":"Feminissima","article_published_time":"2005-05-02T15:56:52+00:00","author":"admin","twitter_card":"summary_large_image","twitter_misc":{"Verfasst von":"admin","Gesch\u00e4tzte Lesezeit":"6\u00a0Minuten"},"schema":{"@context":"https:\/\/schema.org","@graph":[{"@type":"WebPage","@id":"https:\/\/feminissima.de\/index.php\/2005\/05\/02\/super-presse-spiegel-typisch-deutsch-typisch-ard\/","url":"https:\/\/feminissima.de\/index.php\/2005\/05\/02\/super-presse-spiegel-typisch-deutsch-typisch-ard\/","name":"Super-PRESSE-Spiegel: \"Typisch deutsch? Typisch ARD !\" - Feminissima","isPartOf":{"@id":"https:\/\/feminissima.de\/#website"},"datePublished":"2005-05-02T15:56:52+00:00","dateModified":"2005-05-02T15:56:52+00:00","author":{"@id":"https:\/\/feminissima.de\/#\/schema\/person\/0b901e053624f88e7ecbea289d9d5128"},"breadcrumb":{"@id":"https:\/\/feminissima.de\/index.php\/2005\/05\/02\/super-presse-spiegel-typisch-deutsch-typisch-ard\/#breadcrumb"},"inLanguage":"de","potentialAction":[{"@type":"ReadAction","target":["https:\/\/feminissima.de\/index.php\/2005\/05\/02\/super-presse-spiegel-typisch-deutsch-typisch-ard\/"]}]},{"@type":"BreadcrumbList","@id":"https:\/\/feminissima.de\/index.php\/2005\/05\/02\/super-presse-spiegel-typisch-deutsch-typisch-ard\/#breadcrumb","itemListElement":[{"@type":"ListItem","position":1,"name":"Startseite","item":"https:\/\/feminissima.de\/"},{"@type":"ListItem","position":2,"name":"Super-PRESSE-Spiegel: &#8222;Typisch deutsch? Typisch ARD !&#8220;"}]},{"@type":"WebSite","@id":"https:\/\/feminissima.de\/#website","url":"https:\/\/feminissima.de\/","name":"Feminissima","description":"","potentialAction":[{"@type":"SearchAction","target":{"@type":"EntryPoint","urlTemplate":"https:\/\/feminissima.de\/?s={search_term_string}"},"query-input":"required name=search_term_string"}],"inLanguage":"de"},{"@type":"Person","@id":"https:\/\/feminissima.de\/#\/schema\/person\/0b901e053624f88e7ecbea289d9d5128","name":"admin","image":{"@type":"ImageObject","inLanguage":"de","@id":"https:\/\/feminissima.de\/#\/schema\/person\/image\/","url":"https:\/\/secure.gravatar.com\/avatar\/8da1f51327453c0bf63338e8e2a791948b7d2ac19b68839492d1e69aac6924a8?s=96&d=mm&r=g","contentUrl":"https:\/\/secure.gravatar.com\/avatar\/8da1f51327453c0bf63338e8e2a791948b7d2ac19b68839492d1e69aac6924a8?s=96&d=mm&r=g","caption":"admin"},"url":"https:\/\/feminissima.de\/index.php\/author\/admin\/"}]}},"jetpack_featured_media_url":"","_links":{"self":[{"href":"https:\/\/feminissima.de\/index.php\/wp-json\/wp\/v2\/posts\/83701","targetHints":{"allow":["GET"]}}],"collection":[{"href":"https:\/\/feminissima.de\/index.php\/wp-json\/wp\/v2\/posts"}],"about":[{"href":"https:\/\/feminissima.de\/index.php\/wp-json\/wp\/v2\/types\/post"}],"author":[{"embeddable":true,"href":"https:\/\/feminissima.de\/index.php\/wp-json\/wp\/v2\/users\/2"}],"replies":[{"embeddable":true,"href":"https:\/\/feminissima.de\/index.php\/wp-json\/wp\/v2\/comments?post=83701"}],"version-history":[{"count":0,"href":"https:\/\/feminissima.de\/index.php\/wp-json\/wp\/v2\/posts\/83701\/revisions"}],"wp:attachment":[{"href":"https:\/\/feminissima.de\/index.php\/wp-json\/wp\/v2\/media?parent=83701"}],"wp:term":[{"taxonomy":"category","embeddable":true,"href":"https:\/\/feminissima.de\/index.php\/wp-json\/wp\/v2\/categories?post=83701"},{"taxonomy":"post_tag","embeddable":true,"href":"https:\/\/feminissima.de\/index.php\/wp-json\/wp\/v2\/tags?post=83701"}],"curies":[{"name":"wp","href":"https:\/\/api.w.org\/{rel}","templated":true}]}}