{"id":83647,"date":"2005-03-18T23:21:05","date_gmt":"2005-03-18T23:21:05","guid":{"rendered":"http:\/\/www.feminissima.de\/?p=83647"},"modified":"2005-03-18T23:21:05","modified_gmt":"2005-03-18T23:21:05","slug":"nazi-nachkommen-wollen-ihr-gut-zurueck","status":"publish","type":"post","link":"https:\/\/feminissima.de\/index.php\/2005\/03\/18\/nazi-nachkommen-wollen-ihr-gut-zurueck\/","title":{"rendered":"Nazi-Nachkommen wollen ihr Gut zur\u00fcck"},"content":{"rendered":"<p>ja, ein starkes Begehr. Und zuf\u00e4llig in Sachsen.<\/p>\n<table width=\"100%\">\n<tr>\n<td style=\"background-image=url('images\/monet-heller.jpg')\"><font size=\"+1\"> <\/p>\n<p>vom 17. M\u00e4rz 2005<br \/>\n<br \/>\nLaut einer Meldung der Deutschen Presseagentur klagen<br \/>die Erben eines Hitler-Ministers um Entsch\u00e4digung&#8230;.<\/p>\n<p> Das Bundesverwaltungsgericht in Leipzig pr\u00fcft heute Entsch\u00e4digungsanspr\u00fcche von Erben des Hitler-Ministers und ersten deutschen Medienmoguls, Alfred Hugenberg. <\/p>\n<p>Die Nachfahren fordern vom Freistaat Sachsen rund 70 000 Euro f\u00fcr ein ehemaliges Rittergut bei Wei\u00dfwasser. <\/p>\n<p>Das \u00abGut Uhmannsdorf\u00bb war zwischen 1945 bis 1949 enteignet worden. <\/p>\n<p>Ein Urteil ist laut Gericht noch heute vorgesehen. <\/p>\n<p>Hugenberg war 1933 im Hitler-Kabinett Minister f\u00fcr Wirtschaft und Ern\u00e4hrung. <\/p>\n<p>DAS VERSCHL\u00c4GT EINEM schon DIE SPRACHE, ODER ?<br \/>\n\n<\/td>\n<\/tr>\n<\/table>\n","protected":false},"excerpt":{"rendered":"<p>ja, ein starkes Begehr. Und zuf\u00e4llig in Sachsen.<\/p>\n","protected":false},"author":2,"featured_media":0,"comment_status":"closed","ping_status":"closed","sticky":false,"template":"","format":"standard","meta":{"footnotes":""},"categories":[14],"tags":[],"class_list":["post-83647","post","type-post","status-publish","format-standard","hentry","category-fempolitik","entry"],"yoast_head":"<!-- This site is optimized with the Yoast SEO plugin v21.0 - https:\/\/yoast.com\/wordpress\/plugins\/seo\/ -->\n<title>Nazi-Nachkommen wollen ihr Gut zur\u00fcck - Feminissima<\/title>\n<meta name=\"robots\" content=\"index, follow, max-snippet:-1, max-image-preview:large, max-video-preview:-1\" \/>\n<link rel=\"canonical\" href=\"https:\/\/feminissima.de\/index.php\/2005\/03\/18\/nazi-nachkommen-wollen-ihr-gut-zurueck\/\" \/>\n<meta property=\"og:locale\" content=\"de_DE\" \/>\n<meta property=\"og:type\" content=\"article\" \/>\n<meta property=\"og:title\" content=\"Nazi-Nachkommen wollen ihr Gut zur\u00fcck - Feminissima\" \/>\n<meta property=\"og:description\" content=\"ja, ein starkes Begehr. Und zuf\u00e4llig in Sachsen.\" \/>\n<meta property=\"og:url\" content=\"https:\/\/feminissima.de\/index.php\/2005\/03\/18\/nazi-nachkommen-wollen-ihr-gut-zurueck\/\" \/>\n<meta property=\"og:site_name\" content=\"Feminissima\" \/>\n<meta property=\"article:published_time\" content=\"2005-03-18T23:21:05+00:00\" \/>\n<meta name=\"author\" content=\"admin\" \/>\n<meta name=\"twitter:card\" content=\"summary_large_image\" \/>\n<meta name=\"twitter:label1\" content=\"Verfasst von\" \/>\n\t<meta name=\"twitter:data1\" content=\"admin\" \/>\n<script type=\"application\/ld+json\" class=\"yoast-schema-graph\">{\"@context\":\"https:\/\/schema.org\",\"@graph\":[{\"@type\":\"WebPage\",\"@id\":\"https:\/\/feminissima.de\/index.php\/2005\/03\/18\/nazi-nachkommen-wollen-ihr-gut-zurueck\/\",\"url\":\"https:\/\/feminissima.de\/index.php\/2005\/03\/18\/nazi-nachkommen-wollen-ihr-gut-zurueck\/\",\"name\":\"Nazi-Nachkommen wollen ihr Gut zur\u00fcck - Feminissima\",\"isPartOf\":{\"@id\":\"https:\/\/feminissima.de\/#website\"},\"datePublished\":\"2005-03-18T23:21:05+00:00\",\"dateModified\":\"2005-03-18T23:21:05+00:00\",\"author\":{\"@id\":\"https:\/\/feminissima.de\/#\/schema\/person\/0b901e053624f88e7ecbea289d9d5128\"},\"breadcrumb\":{\"@id\":\"https:\/\/feminissima.de\/index.php\/2005\/03\/18\/nazi-nachkommen-wollen-ihr-gut-zurueck\/#breadcrumb\"},\"inLanguage\":\"de\",\"potentialAction\":[{\"@type\":\"ReadAction\",\"target\":[\"https:\/\/feminissima.de\/index.php\/2005\/03\/18\/nazi-nachkommen-wollen-ihr-gut-zurueck\/\"]}]},{\"@type\":\"BreadcrumbList\",\"@id\":\"https:\/\/feminissima.de\/index.php\/2005\/03\/18\/nazi-nachkommen-wollen-ihr-gut-zurueck\/#breadcrumb\",\"itemListElement\":[{\"@type\":\"ListItem\",\"position\":1,\"name\":\"Startseite\",\"item\":\"https:\/\/feminissima.de\/\"},{\"@type\":\"ListItem\",\"position\":2,\"name\":\"Nazi-Nachkommen wollen ihr Gut zur\u00fcck\"}]},{\"@type\":\"WebSite\",\"@id\":\"https:\/\/feminissima.de\/#website\",\"url\":\"https:\/\/feminissima.de\/\",\"name\":\"Feminissima\",\"description\":\"\",\"potentialAction\":[{\"@type\":\"SearchAction\",\"target\":{\"@type\":\"EntryPoint\",\"urlTemplate\":\"https:\/\/feminissima.de\/?s={search_term_string}\"},\"query-input\":\"required name=search_term_string\"}],\"inLanguage\":\"de\"},{\"@type\":\"Person\",\"@id\":\"https:\/\/feminissima.de\/#\/schema\/person\/0b901e053624f88e7ecbea289d9d5128\",\"name\":\"admin\",\"image\":{\"@type\":\"ImageObject\",\"inLanguage\":\"de\",\"@id\":\"https:\/\/feminissima.de\/#\/schema\/person\/image\/\",\"url\":\"https:\/\/secure.gravatar.com\/avatar\/8da1f51327453c0bf63338e8e2a791948b7d2ac19b68839492d1e69aac6924a8?s=96&d=mm&r=g\",\"contentUrl\":\"https:\/\/secure.gravatar.com\/avatar\/8da1f51327453c0bf63338e8e2a791948b7d2ac19b68839492d1e69aac6924a8?s=96&d=mm&r=g\",\"caption\":\"admin\"},\"url\":\"https:\/\/feminissima.de\/index.php\/author\/admin\/\"}]}<\/script>\n<!-- \/ Yoast SEO plugin. -->","yoast_head_json":{"title":"Nazi-Nachkommen wollen ihr Gut zur\u00fcck - Feminissima","robots":{"index":"index","follow":"follow","max-snippet":"max-snippet:-1","max-image-preview":"max-image-preview:large","max-video-preview":"max-video-preview:-1"},"canonical":"https:\/\/feminissima.de\/index.php\/2005\/03\/18\/nazi-nachkommen-wollen-ihr-gut-zurueck\/","og_locale":"de_DE","og_type":"article","og_title":"Nazi-Nachkommen wollen ihr Gut zur\u00fcck - Feminissima","og_description":"ja, ein starkes Begehr. Und zuf\u00e4llig in Sachsen.","og_url":"https:\/\/feminissima.de\/index.php\/2005\/03\/18\/nazi-nachkommen-wollen-ihr-gut-zurueck\/","og_site_name":"Feminissima","article_published_time":"2005-03-18T23:21:05+00:00","author":"admin","twitter_card":"summary_large_image","twitter_misc":{"Verfasst von":"admin"},"schema":{"@context":"https:\/\/schema.org","@graph":[{"@type":"WebPage","@id":"https:\/\/feminissima.de\/index.php\/2005\/03\/18\/nazi-nachkommen-wollen-ihr-gut-zurueck\/","url":"https:\/\/feminissima.de\/index.php\/2005\/03\/18\/nazi-nachkommen-wollen-ihr-gut-zurueck\/","name":"Nazi-Nachkommen wollen ihr Gut zur\u00fcck - Feminissima","isPartOf":{"@id":"https:\/\/feminissima.de\/#website"},"datePublished":"2005-03-18T23:21:05+00:00","dateModified":"2005-03-18T23:21:05+00:00","author":{"@id":"https:\/\/feminissima.de\/#\/schema\/person\/0b901e053624f88e7ecbea289d9d5128"},"breadcrumb":{"@id":"https:\/\/feminissima.de\/index.php\/2005\/03\/18\/nazi-nachkommen-wollen-ihr-gut-zurueck\/#breadcrumb"},"inLanguage":"de","potentialAction":[{"@type":"ReadAction","target":["https:\/\/feminissima.de\/index.php\/2005\/03\/18\/nazi-nachkommen-wollen-ihr-gut-zurueck\/"]}]},{"@type":"BreadcrumbList","@id":"https:\/\/feminissima.de\/index.php\/2005\/03\/18\/nazi-nachkommen-wollen-ihr-gut-zurueck\/#breadcrumb","itemListElement":[{"@type":"ListItem","position":1,"name":"Startseite","item":"https:\/\/feminissima.de\/"},{"@type":"ListItem","position":2,"name":"Nazi-Nachkommen wollen ihr Gut zur\u00fcck"}]},{"@type":"WebSite","@id":"https:\/\/feminissima.de\/#website","url":"https:\/\/feminissima.de\/","name":"Feminissima","description":"","potentialAction":[{"@type":"SearchAction","target":{"@type":"EntryPoint","urlTemplate":"https:\/\/feminissima.de\/?s={search_term_string}"},"query-input":"required name=search_term_string"}],"inLanguage":"de"},{"@type":"Person","@id":"https:\/\/feminissima.de\/#\/schema\/person\/0b901e053624f88e7ecbea289d9d5128","name":"admin","image":{"@type":"ImageObject","inLanguage":"de","@id":"https:\/\/feminissima.de\/#\/schema\/person\/image\/","url":"https:\/\/secure.gravatar.com\/avatar\/8da1f51327453c0bf63338e8e2a791948b7d2ac19b68839492d1e69aac6924a8?s=96&d=mm&r=g","contentUrl":"https:\/\/secure.gravatar.com\/avatar\/8da1f51327453c0bf63338e8e2a791948b7d2ac19b68839492d1e69aac6924a8?s=96&d=mm&r=g","caption":"admin"},"url":"https:\/\/feminissima.de\/index.php\/author\/admin\/"}]}},"jetpack_featured_media_url":"","_links":{"self":[{"href":"https:\/\/feminissima.de\/index.php\/wp-json\/wp\/v2\/posts\/83647","targetHints":{"allow":["GET"]}}],"collection":[{"href":"https:\/\/feminissima.de\/index.php\/wp-json\/wp\/v2\/posts"}],"about":[{"href":"https:\/\/feminissima.de\/index.php\/wp-json\/wp\/v2\/types\/post"}],"author":[{"embeddable":true,"href":"https:\/\/feminissima.de\/index.php\/wp-json\/wp\/v2\/users\/2"}],"replies":[{"embeddable":true,"href":"https:\/\/feminissima.de\/index.php\/wp-json\/wp\/v2\/comments?post=83647"}],"version-history":[{"count":0,"href":"https:\/\/feminissima.de\/index.php\/wp-json\/wp\/v2\/posts\/83647\/revisions"}],"wp:attachment":[{"href":"https:\/\/feminissima.de\/index.php\/wp-json\/wp\/v2\/media?parent=83647"}],"wp:term":[{"taxonomy":"category","embeddable":true,"href":"https:\/\/feminissima.de\/index.php\/wp-json\/wp\/v2\/categories?post=83647"},{"taxonomy":"post_tag","embeddable":true,"href":"https:\/\/feminissima.de\/index.php\/wp-json\/wp\/v2\/tags?post=83647"}],"curies":[{"name":"wp","href":"https:\/\/api.w.org\/{rel}","templated":true}]}}