{"id":83646,"date":"2005-03-18T23:15:02","date_gmt":"2005-03-18T23:15:02","guid":{"rendered":"http:\/\/www.feminissima.de\/?p=83646"},"modified":"2005-03-18T23:15:02","modified_gmt":"2005-03-18T23:15:02","slug":"heide-simonis-die-demokratie","status":"publish","type":"post","link":"https:\/\/feminissima.de\/index.php\/2005\/03\/18\/heide-simonis-die-demokratie\/","title":{"rendered":"Heide Simonis &#038; die Demokratie"},"content":{"rendered":"<p>hier der live-text vom 17. 3. 2005&#8230;dem Tag, der alles in den Schatten stellte, bei jenen, die glauben, sie h\u00e4tten die unbegrenzte Macht \u00fcber das gesamte Volk&#8230;k\u00f6nnten schalten &#038; walten, grad wie sie wollten..<\/p>\n<p>\n17. 3. 05&#8230;einer wenigstens will all das Geschachere nicht mitmachen- auch beim 4. Wahldurchgang in Kiel erh\u00e4lt die gesch\u00e4ftsf\u00fchrende Ministerpr\u00e4sidenten Heide Simonis, SPD, nicht jene eine einzige Stimme MEHRHEIT &#8230;die f\u00fcr sie alles bedeutet &#8211; die neue weitere MACHt&#8230;jetzt also ein 5. Durchgang??? Unbegrenzt, so die Vorschriften, l\u00e4sst sich das nicht wiederholen.<br \/>\n<br \/>\nImmerhin hatten die W\u00e4hler die SPD abgew\u00e4hlt. Und nur mit den mageren Stimmen der SSW h\u00e4tte der Machtwechsel verhindert werden k\u00f6nnen&#8230;.so war es denn auch geplant &#8211; aber einer der SPD-ler macht da offenbar nicht mit&#8230;GUT SO ! Um zu beweisen, dass DEMOKRATIE DOCH NOCH LEBT&#8230;Es ist 17 Uhr 11 in Central Europe und auch in Berlin.Presse-Spiegel, 18. 3. 05 zur erzwungenen Demokratie-Durchsetzung in Schleswig-Holstein&#8230;<\/p>\n<p>\n..bei spiegel-online-Lesern klare Sache &#8211; jeder Abgeordnete hat seinem GEWISSEN und nicht dem FRAKtionszwang zu folgen  &#8211; wer von &#8222;Verr\u00e4ter&#8220; spricht, sollte strafangezeigt werden, so ein Diskutant&#8230;hier ein paar Presse-Stimmen zum &#8222;Menetekel in Kiel&#8220;  &#8211;  Sympathien hatte Heide Simonis zuletzt wohl kaum noch ..unvergessen ihr Satz -&#8222;Und-was-wird-aus-mir?&#8220; bei BECKMANN..ach so&#8230;hier wieder in der live-Site&#8230;da seht Ihr, wie live es hier zugeht&#8230;ja, die Presse-Stimmen laufen nicht weg..diese nicht, bestimmt nicht.\/ Weiter unten der live-text von gestern &#8211; war es erst gestern? &#8222;Demokratie live in Kiel&#8220;..Heide Simonis f\u00e4llt 4x hintereinander durch und verabschiedet sich noch immer nicht&#8230;vom Amt.Presse-Spiegel, 18. 3. 05 zur erzwungenen Demokratie-Durchsetzung in Schleswig-Holstein&#8230;<\/p>\n<p>\n..bei spiegel-online-Lesern klare Sache &#8211; jeder Abgeordnete hat seinem GEWISSEN und nicht dem FRAKtionszwang zu folgen  &#8211; wer von &#8222;Verr\u00e4ter&#8220; spricht, sollte strafangezeigt werden, so ein Diskutant&#8230;hier ein paar Presse-Stimmen zum &#8222;Menetekel in Kiel&#8220;  &#8211;  Sympathien hatte Heide Simonis zuletzt wohl kaum noch ..unvergessen ihr Satz -&#8222;Und-was-wird-aus-mir?&#8220; bei BECKMANN..ach so&#8230;hier wieder in der live-Site&#8230;da seht Ihr, wie live es hier zugeht&#8230;ja, die Presse-Stimmen laufen nicht weg..diese nicht, bestimmt nicht.\/ Weiter unten der live-text von gestern &#8211; war es erst gestern? &#8222;Demokratie live in Kiel&#8220;..Heide Simonis f\u00e4llt 4x hintereinander durch und verabschiedet sich noch immer nicht&#8230;vom Amt.<\/p>\n","protected":false},"excerpt":{"rendered":"<p>hier der live-text vom 17. 3. 2005&#8230;dem Tag, der alles in den Schatten stellte, bei jenen, die glauben, sie h\u00e4tten die unbegrenzte Macht \u00fcber das gesamte Volk&#8230;k\u00f6nnten schalten &#038; walten, grad wie sie wollten..<\/p>\n","protected":false},"author":2,"featured_media":0,"comment_status":"closed","ping_status":"closed","sticky":false,"template":"","format":"standard","meta":{"footnotes":""},"categories":[14],"tags":[],"class_list":["post-83646","post","type-post","status-publish","format-standard","hentry","category-fempolitik","entry"],"yoast_head":"<!-- This site is optimized with the Yoast SEO plugin v21.0 - https:\/\/yoast.com\/wordpress\/plugins\/seo\/ -->\n<title>Heide Simonis &amp; die Demokratie - Feminissima<\/title>\n<meta name=\"robots\" content=\"index, follow, max-snippet:-1, max-image-preview:large, max-video-preview:-1\" \/>\n<link rel=\"canonical\" href=\"https:\/\/feminissima.de\/index.php\/2005\/03\/18\/heide-simonis-die-demokratie\/\" \/>\n<meta property=\"og:locale\" content=\"de_DE\" \/>\n<meta property=\"og:type\" content=\"article\" \/>\n<meta property=\"og:title\" content=\"Heide Simonis &amp; die Demokratie - Feminissima\" \/>\n<meta property=\"og:description\" content=\"hier der live-text vom 17. 3. 2005...dem Tag, der alles in den Schatten stellte, bei jenen, die glauben, sie h\u00e4tten die unbegrenzte Macht \u00fcber das gesamte Volk...k\u00f6nnten schalten &amp; walten, grad wie sie wollten..\" \/>\n<meta property=\"og:url\" content=\"https:\/\/feminissima.de\/index.php\/2005\/03\/18\/heide-simonis-die-demokratie\/\" \/>\n<meta property=\"og:site_name\" content=\"Feminissima\" \/>\n<meta property=\"article:published_time\" content=\"2005-03-18T23:15:02+00:00\" \/>\n<meta name=\"author\" content=\"admin\" \/>\n<meta name=\"twitter:card\" content=\"summary_large_image\" \/>\n<meta name=\"twitter:label1\" content=\"Verfasst von\" \/>\n\t<meta name=\"twitter:data1\" content=\"admin\" \/>\n\t<meta name=\"twitter:label2\" content=\"Gesch\u00e4tzte Lesezeit\" \/>\n\t<meta name=\"twitter:data2\" content=\"2\u00a0Minuten\" \/>\n<script type=\"application\/ld+json\" class=\"yoast-schema-graph\">{\"@context\":\"https:\/\/schema.org\",\"@graph\":[{\"@type\":\"WebPage\",\"@id\":\"https:\/\/feminissima.de\/index.php\/2005\/03\/18\/heide-simonis-die-demokratie\/\",\"url\":\"https:\/\/feminissima.de\/index.php\/2005\/03\/18\/heide-simonis-die-demokratie\/\",\"name\":\"Heide Simonis & die Demokratie - Feminissima\",\"isPartOf\":{\"@id\":\"https:\/\/feminissima.de\/#website\"},\"datePublished\":\"2005-03-18T23:15:02+00:00\",\"dateModified\":\"2005-03-18T23:15:02+00:00\",\"author\":{\"@id\":\"https:\/\/feminissima.de\/#\/schema\/person\/0b901e053624f88e7ecbea289d9d5128\"},\"breadcrumb\":{\"@id\":\"https:\/\/feminissima.de\/index.php\/2005\/03\/18\/heide-simonis-die-demokratie\/#breadcrumb\"},\"inLanguage\":\"de\",\"potentialAction\":[{\"@type\":\"ReadAction\",\"target\":[\"https:\/\/feminissima.de\/index.php\/2005\/03\/18\/heide-simonis-die-demokratie\/\"]}]},{\"@type\":\"BreadcrumbList\",\"@id\":\"https:\/\/feminissima.de\/index.php\/2005\/03\/18\/heide-simonis-die-demokratie\/#breadcrumb\",\"itemListElement\":[{\"@type\":\"ListItem\",\"position\":1,\"name\":\"Startseite\",\"item\":\"https:\/\/feminissima.de\/\"},{\"@type\":\"ListItem\",\"position\":2,\"name\":\"Heide Simonis &#038; die Demokratie\"}]},{\"@type\":\"WebSite\",\"@id\":\"https:\/\/feminissima.de\/#website\",\"url\":\"https:\/\/feminissima.de\/\",\"name\":\"Feminissima\",\"description\":\"\",\"potentialAction\":[{\"@type\":\"SearchAction\",\"target\":{\"@type\":\"EntryPoint\",\"urlTemplate\":\"https:\/\/feminissima.de\/?s={search_term_string}\"},\"query-input\":\"required name=search_term_string\"}],\"inLanguage\":\"de\"},{\"@type\":\"Person\",\"@id\":\"https:\/\/feminissima.de\/#\/schema\/person\/0b901e053624f88e7ecbea289d9d5128\",\"name\":\"admin\",\"image\":{\"@type\":\"ImageObject\",\"inLanguage\":\"de\",\"@id\":\"https:\/\/feminissima.de\/#\/schema\/person\/image\/\",\"url\":\"https:\/\/secure.gravatar.com\/avatar\/8da1f51327453c0bf63338e8e2a791948b7d2ac19b68839492d1e69aac6924a8?s=96&d=mm&r=g\",\"contentUrl\":\"https:\/\/secure.gravatar.com\/avatar\/8da1f51327453c0bf63338e8e2a791948b7d2ac19b68839492d1e69aac6924a8?s=96&d=mm&r=g\",\"caption\":\"admin\"},\"url\":\"https:\/\/feminissima.de\/index.php\/author\/admin\/\"}]}<\/script>\n<!-- \/ Yoast SEO plugin. -->","yoast_head_json":{"title":"Heide Simonis & die Demokratie - Feminissima","robots":{"index":"index","follow":"follow","max-snippet":"max-snippet:-1","max-image-preview":"max-image-preview:large","max-video-preview":"max-video-preview:-1"},"canonical":"https:\/\/feminissima.de\/index.php\/2005\/03\/18\/heide-simonis-die-demokratie\/","og_locale":"de_DE","og_type":"article","og_title":"Heide Simonis & die Demokratie - Feminissima","og_description":"hier der live-text vom 17. 3. 2005...dem Tag, der alles in den Schatten stellte, bei jenen, die glauben, sie h\u00e4tten die unbegrenzte Macht \u00fcber das gesamte Volk...k\u00f6nnten schalten & walten, grad wie sie wollten..","og_url":"https:\/\/feminissima.de\/index.php\/2005\/03\/18\/heide-simonis-die-demokratie\/","og_site_name":"Feminissima","article_published_time":"2005-03-18T23:15:02+00:00","author":"admin","twitter_card":"summary_large_image","twitter_misc":{"Verfasst von":"admin","Gesch\u00e4tzte Lesezeit":"2\u00a0Minuten"},"schema":{"@context":"https:\/\/schema.org","@graph":[{"@type":"WebPage","@id":"https:\/\/feminissima.de\/index.php\/2005\/03\/18\/heide-simonis-die-demokratie\/","url":"https:\/\/feminissima.de\/index.php\/2005\/03\/18\/heide-simonis-die-demokratie\/","name":"Heide Simonis & die Demokratie - Feminissima","isPartOf":{"@id":"https:\/\/feminissima.de\/#website"},"datePublished":"2005-03-18T23:15:02+00:00","dateModified":"2005-03-18T23:15:02+00:00","author":{"@id":"https:\/\/feminissima.de\/#\/schema\/person\/0b901e053624f88e7ecbea289d9d5128"},"breadcrumb":{"@id":"https:\/\/feminissima.de\/index.php\/2005\/03\/18\/heide-simonis-die-demokratie\/#breadcrumb"},"inLanguage":"de","potentialAction":[{"@type":"ReadAction","target":["https:\/\/feminissima.de\/index.php\/2005\/03\/18\/heide-simonis-die-demokratie\/"]}]},{"@type":"BreadcrumbList","@id":"https:\/\/feminissima.de\/index.php\/2005\/03\/18\/heide-simonis-die-demokratie\/#breadcrumb","itemListElement":[{"@type":"ListItem","position":1,"name":"Startseite","item":"https:\/\/feminissima.de\/"},{"@type":"ListItem","position":2,"name":"Heide Simonis &#038; die Demokratie"}]},{"@type":"WebSite","@id":"https:\/\/feminissima.de\/#website","url":"https:\/\/feminissima.de\/","name":"Feminissima","description":"","potentialAction":[{"@type":"SearchAction","target":{"@type":"EntryPoint","urlTemplate":"https:\/\/feminissima.de\/?s={search_term_string}"},"query-input":"required name=search_term_string"}],"inLanguage":"de"},{"@type":"Person","@id":"https:\/\/feminissima.de\/#\/schema\/person\/0b901e053624f88e7ecbea289d9d5128","name":"admin","image":{"@type":"ImageObject","inLanguage":"de","@id":"https:\/\/feminissima.de\/#\/schema\/person\/image\/","url":"https:\/\/secure.gravatar.com\/avatar\/8da1f51327453c0bf63338e8e2a791948b7d2ac19b68839492d1e69aac6924a8?s=96&d=mm&r=g","contentUrl":"https:\/\/secure.gravatar.com\/avatar\/8da1f51327453c0bf63338e8e2a791948b7d2ac19b68839492d1e69aac6924a8?s=96&d=mm&r=g","caption":"admin"},"url":"https:\/\/feminissima.de\/index.php\/author\/admin\/"}]}},"jetpack_featured_media_url":"","_links":{"self":[{"href":"https:\/\/feminissima.de\/index.php\/wp-json\/wp\/v2\/posts\/83646","targetHints":{"allow":["GET"]}}],"collection":[{"href":"https:\/\/feminissima.de\/index.php\/wp-json\/wp\/v2\/posts"}],"about":[{"href":"https:\/\/feminissima.de\/index.php\/wp-json\/wp\/v2\/types\/post"}],"author":[{"embeddable":true,"href":"https:\/\/feminissima.de\/index.php\/wp-json\/wp\/v2\/users\/2"}],"replies":[{"embeddable":true,"href":"https:\/\/feminissima.de\/index.php\/wp-json\/wp\/v2\/comments?post=83646"}],"version-history":[{"count":0,"href":"https:\/\/feminissima.de\/index.php\/wp-json\/wp\/v2\/posts\/83646\/revisions"}],"wp:attachment":[{"href":"https:\/\/feminissima.de\/index.php\/wp-json\/wp\/v2\/media?parent=83646"}],"wp:term":[{"taxonomy":"category","embeddable":true,"href":"https:\/\/feminissima.de\/index.php\/wp-json\/wp\/v2\/categories?post=83646"},{"taxonomy":"post_tag","embeddable":true,"href":"https:\/\/feminissima.de\/index.php\/wp-json\/wp\/v2\/tags?post=83646"}],"curies":[{"name":"wp","href":"https:\/\/api.w.org\/{rel}","templated":true}]}}