{"id":83619,"date":"2005-03-02T21:51:23","date_gmt":"2005-03-02T21:51:23","guid":{"rendered":"http:\/\/www.feminissima.de\/?p=83619"},"modified":"2005-03-02T21:51:23","modified_gmt":"2005-03-02T21:51:23","slug":"verhungertes-kind-und-sozialdarwinismus","status":"publish","type":"post","link":"https:\/\/feminissima.de\/index.php\/2005\/03\/02\/verhungertes-kind-und-sozialdarwinismus\/","title":{"rendered":"Verhungertes Kind und Sozialdarwinismus"},"content":{"rendered":"<p>ja&#8230;<br \/>Quelle: ndr Hamburg\/<\/p>\n<p>\nEltern des verhungerten M\u00e4dchens vor dem Haftrichter<\/p>\n<p>\nDie Eltern des verhungerten M\u00e4dchens aus Hamburg-Jenfeld wurden gestern dem Haftrichter vorgef\u00fchrt. <\/p>\n<p>Die Siebenj\u00e4hrige war am Dienstag tot aufgefunden worden. <\/p>\n<p>Die Ermittlungen der Polizei und eine Obduktion best\u00e4tigten, dass die 35-j\u00e4hrige Mutter und der 49 Jahre alte Vater ihre Tochter verhungern lie\u00dfen.  <\/p>\n<p>Das Kind habe wahrscheinlich lange Zeit kaum etwas zu essen oder zu trinken bekommen, meinten die Ermittler. <\/p>\n<p>Sie h\u00e4tten das bis auf 9,5 Kilogramm abgemagerte M\u00e4dchen in der Hochhauswohnung in Jenfeld zudem wie eine Gefangene gehalten. <\/p>\n<p>Die Mordkommission ermittelt gegen das Paar, das in Untersuchungshaft sitzt, wegen des &#8222;Verdachts eines T\u00f6tungsdeliktes durch Unterlassen&#8220;. <\/p>\n<p>Obduktion: An Folgen der Unterern\u00e4hrung gestorben<br \/>\n<br \/>\nDie Obduktion im Rechtsmedizinischen Institut am Universit\u00e4tskrankenhaus Hamburg-Eppendorf best\u00e4tigte, dass das Kind an den Folgen der Unterern\u00e4hrung starb. Nach einer Eilsektion hatten die \u00c4rzte bereits mitgeilt, dass das M\u00e4dchen an Erbrochenem erstickt sei. Ursache sei ein durch die Mangelern\u00e4hrung hervorgerufener Darmverschluss gewesen. Die arbeitslosen Eltern lebten seit mehreren Jahren mit der Tochter in dem Hochhaus in Jenfeld.<\/p>\n<p>Augenzeugen: Wohnung v\u00f6llig verwahrlost<br \/>\n<br \/>\nAm Dienstag hatte die Mutter kurz vor sieben Uhr die Feuerwehr gerufen, weil ihre Tochter leblos in ihrem Bett lag. Sie gab an, das M\u00e4dchen sei ins Koma gefallen. Als der Notarzt eintraf, konnte dieser allerdings nur noch den Tod der Siebenj\u00e4hrigen feststellen. Das Martyrium des Kindes sei niemandem aufgefallen, da die Frau ihre Wohnung seit langem nicht gemeinsam mit der Tochter verlassen hatte, sagte ein Polizist. Die Familie lebt von der Sozialhilfe, die Eltern sind arbeitslos. Nach Augenzeugenberichten soll die Wohnung v\u00f6llig verwahrlost gewesen sein. <\/p>\n<p>Kind nicht eingeschult<br \/>\n<br \/>\nDie 35-J\u00e4hrige soll noch drei weitere Kinder haben, die aber nicht bei ihr wohnten. Nach Medienberichten hatte das Jugendamt mit dem Fall nichts zu tun. Allerdings sei die Mutter im vergangenen August der Aufforderung, das M\u00e4dchen einzuschulen, nicht nachgekommen, hie\u00df es. Die Schulbeh\u00f6rde habe mehrmals versucht, direkten Kontakt zu der Familie aufzunehmen, doch die Mitarbeiter standen immer vor verschlossenen T\u00fcren. Anschlie\u00dfend leitete die Beh\u00f6rde ein Bu\u00dfgeldverfahren wegen Verletzung der Schulpflicht ein.<\/p>\n<p>SPD-Politikerin Ernst fordert restlose Aufkl\u00e4rung<br \/>\n<br \/>\nDie stellvertretende SPD-Fraktionsvorsitzende in der Hamburgischen B\u00fcrgerschaft, Britta Ernst, forderte am Mittwoch eine &#8222;restlose Aufkl\u00e4rung aller Umst\u00e4nde&#8220;, die zum Tode der Siebenj\u00e4hrigen f\u00fchrten. &#8222;Das Kind hat einen unvorstellbar grausamen Tod erlitten&#8220;, sagte Ernst. Das sei f\u00fcr die Politik ein &#8222;zwingender Anlass, alle bestehenden Regelungen zu \u00fcberpr\u00fcfen&#8220;. Es m\u00fcsse jetzt eine klare Antwort auf die Frage geben, &#8222;ob der Tod des Kindes h\u00e4tte verhindert werden k\u00f6nnen&#8220;. Die SPD-Politikerin verwies darauf, dass erst im Juli vergangenen Jahres ein zweij\u00e4hriges Kind in Hamburg in einer v\u00f6llig verkommenen Wohnung gestorben war. Unterern\u00e4hrung und Verwahrlosung waren laut Obduktion Schuld an seinem Tod. <\/p>\n<p>Auch die Mitarbeiter der Bildungsbeh\u00f6rde und des Bezirksamts Wandsbek, zu dem die Hochhaussiedlung geh\u00f6rt, forderten die Kl\u00e4rung der Hintergr\u00fcnde.<br \/>\n<br \/>\n&#8222;Wir sind genauso schockiert wie allen anderen auch&#8220;, sagte Bezirksamtsleiter Gerhard Fuchs. Der Fall sei aber nicht bis in das Bezirksamt vorgedrungen. &#8222;Bei uns lagen keine Hinweise von irgendeiner Stelle vor&#8220;, erkl\u00e4rte Fuchs.<\/p>\n<p>\nDie live-Texte von gestern:<\/p>\n<p>INFOS*ATMOS*SENSATIONEN*! <\/p>\n<p>  Willkommen!<br \/>Guten Morgen!<\/p>\n<p>Passt sie nicht passend, <br \/>die Klirrk\u00e4lte, <br \/>zum sozialen Klima in Deutschland, dank RotGr\u00fcn..? <\/p>\n<p>Nicht, da\u00df wir CDU\/FDP f\u00fcr besser hielten,<br \/> oh-mitnichten!!<br \/>aber ROTGR\u00dcN in der Opposition,<br \/> h\u00e4tte sowas-von-Zeter &#038; Mordio geschrien, wenn eine SCHWARZ-GELB-gef\u00fchrte Regierung  HARTZ IV und so &#8230;<br \/>dem Volk und der Volkswirtschaft jene Zumutungen &#8230;<br \/>die wir so nonchalant-beil\u00e4ufig-nicht-wahr.. von ROTGR\u00dcN &#8230;<br \/>die wiederum gleichzeitig&#8230;<\/p>\n<p> Ach ja auch, jene <br \/>Dame &#8222;Hermenau&#8220; oder so \u00e4hnliche, <br \/>dann den WERTEVERFALL im Westen, klar, wo sonst&#8230;bei bester MdB-Honorierung beklagen.<\/p>\n<p>ROTGR\u00dcN ist immer dann gut, <br \/>wenn es um die eigene Verteidigung geht&#8230;<br \/>..das macht richtig Spa\u00df, zuzuschauen, <br \/>wie sie dann zu sonst vermi\u00dfter Hochform auflaufen, <br \/> und wie sie sich so pludrig-pfauenhaft aufplustern&#8230;!<br \/>&#8230;Das beherrschen meisterhaft <br \/>vor allem Au\u00dfenminister Joschka Fischer, <br \/> aber auch durchaus der Minister aller Wirtschaft &#038; gegen die Arbeiter: &#8230;Clement&#8230;<br \/>und nicht zu vergessen der schnarrende SPD-Vorsitzende,<br \/> der Parteisoldat&#8230;<br \/>so ein ausgesucht scheu\u00dfliches Wort, nicht wahr, <br \/>mit noch viel scheu\u00dflicherem Inhalt&#8230;<br \/>VisionsInhaltsvorstellung&#8230;<br \/>und  mit dem roten Schal <br \/>(ha, Verrat sogar an der Farbe des Schals, den mit &#8222;rot&#8220; hat die SPD unter den Herren Schr\u00f6der &#038; Co nun gerade gar-nichts-mehr-zu-tun)<br \/> M\u00fcnterfering&#8230;ja, genau!<br \/>..wie sie den Spie\u00df umdrehen,<br \/> um aus ihren &#8222;FEHLERN&#8220; &#8211; <br \/>sozusagen &#8222;Wohltaten&#8220; zu schrauben&#8230;<\/p>\n<p>&#8230;jetzt knurrt Hasso, unser \u00fcberaus-treuer Redaktionshund:<br \/> &#8222;Da schaffen sie Zwangsarmut per Gesetz und wundern sich, <br \/>da\u00df es nicht bergauf, sondern immer weiter bergab geht&#8230;<br \/>aber das k\u00f6nnte Absicht sein? <br \/>Der neue Sozial-Darwinismus? <br \/>Fr\u00fcher nannte man den Nationalsozialismus? <br \/>Die findigen, immer-wieder-deutschen Ideen, wie man Menschen reduziert, die einem nicht n\u00fctzlich sind..?&#8220; <\/p>\n<p>Die anderen Redaktionstiere blicken leicht-schweigend-leer. <br \/>\u00dcbertreibt Hasso nicht schon am fr\u00fchen Morgen? <br \/>Oder vielleicht doch nicht so ganz? <br \/>Bleibt dieses Land..und mehrwieder .. <br \/>unter ROTGR\u00dcN..<br \/>auch Helmut SCHMIDT, SPD, schon erzreaktion\u00e4r, <br \/> seine Loki nicht minder, <br \/> als Bundeskanzler opferte er bewu\u00dft einen Menschen f\u00fcr die &#8222;Staatsr\u00e4\u00e4\u00e4\u00e4son&#8220;&#8230; <br \/> (Arbeitgeberpr\u00e4sident Schleyer, der zun\u00e4chst von der RAF entf\u00fchrt und dann, weil Schmidt als damaliger Bundeskanzler nicht auf die Raf-Freipress-Forderungen einging, von der RAF regelrecht hingerichtet wurde)..<\/p>\n<p>MARENGA RUFT &#8211; &#8222;DAS FR\u00dcHST\u00dcCK IST FERTIG!&#8220; <\/p>\n<p>Was gibt es denn heute? <\/p>\n<p>&#8222;Magerm\u00fcsli mit VerratsMilch..&#8220; <\/p>\n<p>Na, dann guten Appetit!\/its 9:30 a.m. in Central Europe &#038; auch in Berlin und in den Provinzen&#8230; Willkommen!<br \/>Oh-oh!<br \/> Beinah vergessen!<\/p>\n<p> GAnz leutselig gr\u00fcsst&#8230;<br \/><\/p>\n","protected":false},"excerpt":{"rendered":"<p>ja&#8230;<\/p>\n","protected":false},"author":2,"featured_media":0,"comment_status":"closed","ping_status":"closed","sticky":false,"template":"","format":"standard","meta":{"footnotes":""},"categories":[15],"tags":[],"class_list":["post-83619","post","type-post","status-publish","format-standard","hentry","category-femrecht","entry"],"yoast_head":"<!-- This site is optimized with the Yoast SEO plugin v21.0 - https:\/\/yoast.com\/wordpress\/plugins\/seo\/ -->\n<title>Verhungertes Kind und Sozialdarwinismus - Feminissima<\/title>\n<meta name=\"robots\" content=\"index, follow, max-snippet:-1, max-image-preview:large, max-video-preview:-1\" \/>\n<link rel=\"canonical\" href=\"https:\/\/feminissima.de\/index.php\/2005\/03\/02\/verhungertes-kind-und-sozialdarwinismus\/\" \/>\n<meta property=\"og:locale\" content=\"de_DE\" \/>\n<meta property=\"og:type\" content=\"article\" \/>\n<meta property=\"og:title\" content=\"Verhungertes Kind und Sozialdarwinismus - Feminissima\" \/>\n<meta property=\"og:description\" content=\"ja...\" \/>\n<meta property=\"og:url\" content=\"https:\/\/feminissima.de\/index.php\/2005\/03\/02\/verhungertes-kind-und-sozialdarwinismus\/\" \/>\n<meta property=\"og:site_name\" content=\"Feminissima\" \/>\n<meta property=\"article:published_time\" content=\"2005-03-02T21:51:23+00:00\" \/>\n<meta name=\"author\" content=\"admin\" \/>\n<meta name=\"twitter:card\" content=\"summary_large_image\" \/>\n<meta name=\"twitter:label1\" content=\"Verfasst von\" \/>\n\t<meta name=\"twitter:data1\" content=\"admin\" \/>\n\t<meta name=\"twitter:label2\" content=\"Gesch\u00e4tzte Lesezeit\" \/>\n\t<meta name=\"twitter:data2\" content=\"5\u00a0Minuten\" \/>\n<script type=\"application\/ld+json\" class=\"yoast-schema-graph\">{\"@context\":\"https:\/\/schema.org\",\"@graph\":[{\"@type\":\"WebPage\",\"@id\":\"https:\/\/feminissima.de\/index.php\/2005\/03\/02\/verhungertes-kind-und-sozialdarwinismus\/\",\"url\":\"https:\/\/feminissima.de\/index.php\/2005\/03\/02\/verhungertes-kind-und-sozialdarwinismus\/\",\"name\":\"Verhungertes Kind und Sozialdarwinismus - Feminissima\",\"isPartOf\":{\"@id\":\"https:\/\/feminissima.de\/#website\"},\"datePublished\":\"2005-03-02T21:51:23+00:00\",\"dateModified\":\"2005-03-02T21:51:23+00:00\",\"author\":{\"@id\":\"https:\/\/feminissima.de\/#\/schema\/person\/0b901e053624f88e7ecbea289d9d5128\"},\"breadcrumb\":{\"@id\":\"https:\/\/feminissima.de\/index.php\/2005\/03\/02\/verhungertes-kind-und-sozialdarwinismus\/#breadcrumb\"},\"inLanguage\":\"de\",\"potentialAction\":[{\"@type\":\"ReadAction\",\"target\":[\"https:\/\/feminissima.de\/index.php\/2005\/03\/02\/verhungertes-kind-und-sozialdarwinismus\/\"]}]},{\"@type\":\"BreadcrumbList\",\"@id\":\"https:\/\/feminissima.de\/index.php\/2005\/03\/02\/verhungertes-kind-und-sozialdarwinismus\/#breadcrumb\",\"itemListElement\":[{\"@type\":\"ListItem\",\"position\":1,\"name\":\"Startseite\",\"item\":\"https:\/\/feminissima.de\/\"},{\"@type\":\"ListItem\",\"position\":2,\"name\":\"Verhungertes Kind und Sozialdarwinismus\"}]},{\"@type\":\"WebSite\",\"@id\":\"https:\/\/feminissima.de\/#website\",\"url\":\"https:\/\/feminissima.de\/\",\"name\":\"Feminissima\",\"description\":\"\",\"potentialAction\":[{\"@type\":\"SearchAction\",\"target\":{\"@type\":\"EntryPoint\",\"urlTemplate\":\"https:\/\/feminissima.de\/?s={search_term_string}\"},\"query-input\":\"required name=search_term_string\"}],\"inLanguage\":\"de\"},{\"@type\":\"Person\",\"@id\":\"https:\/\/feminissima.de\/#\/schema\/person\/0b901e053624f88e7ecbea289d9d5128\",\"name\":\"admin\",\"image\":{\"@type\":\"ImageObject\",\"inLanguage\":\"de\",\"@id\":\"https:\/\/feminissima.de\/#\/schema\/person\/image\/\",\"url\":\"https:\/\/secure.gravatar.com\/avatar\/8da1f51327453c0bf63338e8e2a791948b7d2ac19b68839492d1e69aac6924a8?s=96&d=mm&r=g\",\"contentUrl\":\"https:\/\/secure.gravatar.com\/avatar\/8da1f51327453c0bf63338e8e2a791948b7d2ac19b68839492d1e69aac6924a8?s=96&d=mm&r=g\",\"caption\":\"admin\"},\"url\":\"https:\/\/feminissima.de\/index.php\/author\/admin\/\"}]}<\/script>\n<!-- \/ Yoast SEO plugin. -->","yoast_head_json":{"title":"Verhungertes Kind und Sozialdarwinismus - Feminissima","robots":{"index":"index","follow":"follow","max-snippet":"max-snippet:-1","max-image-preview":"max-image-preview:large","max-video-preview":"max-video-preview:-1"},"canonical":"https:\/\/feminissima.de\/index.php\/2005\/03\/02\/verhungertes-kind-und-sozialdarwinismus\/","og_locale":"de_DE","og_type":"article","og_title":"Verhungertes Kind und Sozialdarwinismus - Feminissima","og_description":"ja...","og_url":"https:\/\/feminissima.de\/index.php\/2005\/03\/02\/verhungertes-kind-und-sozialdarwinismus\/","og_site_name":"Feminissima","article_published_time":"2005-03-02T21:51:23+00:00","author":"admin","twitter_card":"summary_large_image","twitter_misc":{"Verfasst von":"admin","Gesch\u00e4tzte Lesezeit":"5\u00a0Minuten"},"schema":{"@context":"https:\/\/schema.org","@graph":[{"@type":"WebPage","@id":"https:\/\/feminissima.de\/index.php\/2005\/03\/02\/verhungertes-kind-und-sozialdarwinismus\/","url":"https:\/\/feminissima.de\/index.php\/2005\/03\/02\/verhungertes-kind-und-sozialdarwinismus\/","name":"Verhungertes Kind und Sozialdarwinismus - Feminissima","isPartOf":{"@id":"https:\/\/feminissima.de\/#website"},"datePublished":"2005-03-02T21:51:23+00:00","dateModified":"2005-03-02T21:51:23+00:00","author":{"@id":"https:\/\/feminissima.de\/#\/schema\/person\/0b901e053624f88e7ecbea289d9d5128"},"breadcrumb":{"@id":"https:\/\/feminissima.de\/index.php\/2005\/03\/02\/verhungertes-kind-und-sozialdarwinismus\/#breadcrumb"},"inLanguage":"de","potentialAction":[{"@type":"ReadAction","target":["https:\/\/feminissima.de\/index.php\/2005\/03\/02\/verhungertes-kind-und-sozialdarwinismus\/"]}]},{"@type":"BreadcrumbList","@id":"https:\/\/feminissima.de\/index.php\/2005\/03\/02\/verhungertes-kind-und-sozialdarwinismus\/#breadcrumb","itemListElement":[{"@type":"ListItem","position":1,"name":"Startseite","item":"https:\/\/feminissima.de\/"},{"@type":"ListItem","position":2,"name":"Verhungertes Kind und Sozialdarwinismus"}]},{"@type":"WebSite","@id":"https:\/\/feminissima.de\/#website","url":"https:\/\/feminissima.de\/","name":"Feminissima","description":"","potentialAction":[{"@type":"SearchAction","target":{"@type":"EntryPoint","urlTemplate":"https:\/\/feminissima.de\/?s={search_term_string}"},"query-input":"required name=search_term_string"}],"inLanguage":"de"},{"@type":"Person","@id":"https:\/\/feminissima.de\/#\/schema\/person\/0b901e053624f88e7ecbea289d9d5128","name":"admin","image":{"@type":"ImageObject","inLanguage":"de","@id":"https:\/\/feminissima.de\/#\/schema\/person\/image\/","url":"https:\/\/secure.gravatar.com\/avatar\/8da1f51327453c0bf63338e8e2a791948b7d2ac19b68839492d1e69aac6924a8?s=96&d=mm&r=g","contentUrl":"https:\/\/secure.gravatar.com\/avatar\/8da1f51327453c0bf63338e8e2a791948b7d2ac19b68839492d1e69aac6924a8?s=96&d=mm&r=g","caption":"admin"},"url":"https:\/\/feminissima.de\/index.php\/author\/admin\/"}]}},"jetpack_featured_media_url":"","_links":{"self":[{"href":"https:\/\/feminissima.de\/index.php\/wp-json\/wp\/v2\/posts\/83619","targetHints":{"allow":["GET"]}}],"collection":[{"href":"https:\/\/feminissima.de\/index.php\/wp-json\/wp\/v2\/posts"}],"about":[{"href":"https:\/\/feminissima.de\/index.php\/wp-json\/wp\/v2\/types\/post"}],"author":[{"embeddable":true,"href":"https:\/\/feminissima.de\/index.php\/wp-json\/wp\/v2\/users\/2"}],"replies":[{"embeddable":true,"href":"https:\/\/feminissima.de\/index.php\/wp-json\/wp\/v2\/comments?post=83619"}],"version-history":[{"count":0,"href":"https:\/\/feminissima.de\/index.php\/wp-json\/wp\/v2\/posts\/83619\/revisions"}],"wp:attachment":[{"href":"https:\/\/feminissima.de\/index.php\/wp-json\/wp\/v2\/media?parent=83619"}],"wp:term":[{"taxonomy":"category","embeddable":true,"href":"https:\/\/feminissima.de\/index.php\/wp-json\/wp\/v2\/categories?post=83619"},{"taxonomy":"post_tag","embeddable":true,"href":"https:\/\/feminissima.de\/index.php\/wp-json\/wp\/v2\/tags?post=83619"}],"curies":[{"name":"wp","href":"https:\/\/api.w.org\/{rel}","templated":true}]}}