{"id":83618,"date":"2005-03-02T16:13:27","date_gmt":"2005-03-02T16:13:27","guid":{"rendered":"http:\/\/www.feminissima.de\/?p=83618"},"modified":"2005-03-02T16:13:27","modified_gmt":"2005-03-02T16:13:27","slug":"1-2-maerz-05-medienmaerkte","status":"publish","type":"post","link":"https:\/\/feminissima.de\/index.php\/2005\/03\/02\/1-2-maerz-05-medienmaerkte\/","title":{"rendered":"1.&#038;2.M\u00e4rz 05\/Medien&#038;M\u00e4rkte"},"content":{"rendered":"<p>yes, dearies &#038; Dears, die live-Site quoll \u00fcber..innerhalb von eineinhalb Tagen&#8230;und dabei haben wir nur die H\u00e4lfte dessen, was wir wollten, geschrieben&#8230;bisher&#8230;hier diese Zwischentexte, auch neu genannt &#8222;QUERLESE-Ticker oder viel interessanter, aber auf Anhieb nicht-was-gemeint-entzifferbar: QUERLES-eTicker&#8230;ja, da schau her, was ein kleiner optischer Unterschied&#8230;!<br \/> 2. M\u00e4rz &#8211; Erg\u00e4nzung zu den Meldungen \u00fcber Antibiotika-R\u00fcckst\u00e4nde im Schweinefleisch:<\/p>\n<p>&#8230;siehe auch unsere Meldung \u00fcber &#8222;SALMONELLEN IM SCHWEINEFLEISCH&#8220; &#8211; in der Rubrik fem&#038;Gesunheit. Die dort genanntenDaten hat das Bundesinstitut f\u00fcr Risikobewertung am 13. Februar 2005 ver\u00f6ffentlicht. \/ In FEM*s Querlese-Ticker oder auch Querles-eTicker geschrieben&#8230;(eine neue Rubrik..ohne eine Rubrik zu haben&#8230;mal sehen..)vom 1. M\u00e4rz, also gestern, der Hinweis auf die Antibiotika-R\u00fcckst\u00e4nde im Schweinefleisch &#8211; und einem interessanten Zusatz.! <\/p>\n<p>2. M\u00e4rz &#8211; Erg\u00e4nzung zu den Meldungen \u00fcber Antibiotika-R\u00fcckst\u00e4nde im Schweinefleisch:<\/p>\n<p>2.3.05 &#8230;&#8230;.keine &#8222;zielf\u00fchrende&#8220; Diskussion&#8230;<\/p>\n<p>&#8230;auch gestern wurde dieses nette Attribut, auf das Euch FEMINISSIMA vor einiger Zeit aufmerksam machte..als Zeichen f\u00fcr die Wirkung der hochbezahlten PR-Agenturen, die diese Regierung f\u00fcr sich arbeiten l\u00e4\u00dft, weil ihr nichts mehr einf\u00e4llt. Dabei werden dann all diese Wort-im-Sack-Sinnlos-KaschierZweck..herumgereicht: vor allem im HARTZ IV Desaster&#8230;ein Lieblingsausspruch von Arroganto Clement&#8230;: &#8222;Das ist jetzt keine zielf\u00fchrende Diskussion!&#8220; Bleibt wach &#038; wachsam&#8230;\/ 7 Uhr 35 \/ der Kaffee dampft gerade in den Tassen&#8230;so momenti-dementi&#8230;die Arbeitszeit beginnt ja erst um 8 Uhr, nicht wahr&#8230;! Alle lachen h\u00f6flich. Denn nat\u00fcrlich wissen auch alle &#8211; online&#8230;arbeitet immer..never sleeps&#8230;never pausiert&#8230;das schnellste Medium. Und immer ge\u00f6ffnet &#8211; no closing time! <\/p>\n<p>2. M\u00e4rz &#8211; Erg\u00e4nzung zu den Meldungen \u00fcber Antibiotika-R\u00fcckst\u00e4nde im Schweinefleisch:<\/p>\n<p>2.3.05 &#8230;&#8230;.keine &#8222;zielf\u00fchrende&#8220; Diskussion&#8230;<\/p>\n<p>2. M\u00e4rz 2005 &#8230;Kommentar zu gestern &#8230;<\/p>\n<p>Guten Morgen &#8211; ! Die FEMINISSIMA-SCHICHT zieht gerade ihre Handschuhe aus. W\u00fchlt sich durch den Berg von Meldungen. Und gibt ihren Hut an der Garderobe ab. Das Hirn bleibt bei ihr. Heute&#8230;Stirnkr\u00e4useln&#8230;wird&#8230;nach dem Fr\u00fchst\u00fcck&#8230;wir kaufen uns ein Armen-Fr\u00fchst\u00fcck f\u00fcr 40 Cent an einer Schule, die ihre armen Kinder der Fernseh-Kamera preisgibt &#8211; und werden dabei den gestrigen Tag wiederk\u00e4uen&#8230;den medial-menschlich-politischen Tag&#8230;.. Da gibt es reichlich anzumerken&#8230;HOLD ON! \/ Es ist 7 Uhr in very Central Europe &#038; auch in Berlin. Schon einmal so viel: Heute nix-mehr-nirgends-im Bl\u00e4tterwald und online-auch-nicht&#8230;von den 5.2 Mio Arbeitslosen &#8211; es ist gestern rundum ausgeschlachtet worden&#8230;so wie all zu vor im Januar das Holocaust-Gedenken. Jetzt ist erst mal wieder 60 Jahre Schlu\u00df damit. Und die Arbeitslosen&#8230;ja, da haben wir doch wieder 4 Wochen Zeit&#8230;nicht wahr. FEMINISSIMA ist anders. Moment, der Wasserkessel pfeift. Und drau\u00dfen, welch ungewohnte, aber heimelig-erinnerselige-Erinnerungen an den tiefen-schwarzen-Westerwald&#8230;h\u00f6ren wir&#8230;.ach-ja&#8230;Schnee-Wegschipp-Ger\u00e4usche&#8230;die breiten Boulevards von Berlin werden vom ungro\u00dfst\u00e4dtischen Frisch-Schnee befreit&#8230;es schaut so wei\u00df heute Morgen: Neuschnee auf dem Balkon! Wenigstens. Unterwegs, wie immer, wie die Lemminge, gesperrte Autobahnen&#8230;der Deutsche glaubt, er braucht den Schnee nur zu ignorieren, bei Tempo 130, dann tut der ihm auch nix. Irrtum, liebe Autofahrer. Wo habt Ihr all Euren F\u00fchrerschein eingekauft???? <\/p>\n<p>2. M\u00e4rz &#8211; Erg\u00e4nzung zu den Meldungen \u00fcber Antibiotika-R\u00fcckst\u00e4nde im Schweinefleisch:<\/p>\n<p>2.3.05 &#8230;&#8230;.keine &#8222;zielf\u00fchrende&#8220; Diskussion&#8230;<\/p>\n<p>2. M\u00e4rz 2005 &#8230;Kommentar zu gestern &#8230;<\/p>\n<p>1. 3. 05 &#8211; FEM&#8217;s schneller Querles-eTicker um 14 Uhr MEZ<\/p>\n<p>&#8230;willkommen! Mal eben durch das Web spaziert! Was dabei dann zuletzt im Kopp h\u00e4ngenbleibt, ohne, da\u00df Du es Dir notierst: &#8222;Loki &#038; Schmidt im Alter immer alberner&#8220; &#8211; Lokis leicht demenztr\u00e4chtiger Ausspruch, unl\u00e4ngst, eine Ohrfeige habe noch nie geschadet (und wo endet es.. nicht wahr, wenn man an ihren Mann denkt..)..hat ihr offenbar, na, kein Wunder in die Flachmann-Sendung am Montagabend in der ARD, unser absolut ungeliebtester Moderator der ungeliebten Moderatoren, der Hirnschock am Montag-Sp\u00e4tabend in der ARD, you know&#8230;na, also, das irgendwo bei YAHOO , dort wieder Verweis auf die BUNTE&#8230;die Loko &#038; ihren Gatten ablichten&#8230;na, passt ja alles ! WAS SONST NOCH? Ja, wieder Antibiotika-R\u00fcckst\u00e4nde im SCHWEINEFLEISCH hat \u00d6KO-Test und andere, aber vor allem \u00d6KO-Test ermittelt, und dazu der Hinweis bei YAHOOH: &#8222;GUT DURCHBRATEN!&#8220; &#8230;Was noch? Pakistanisches Flugzeug geriet nach Landung&#8230;war es in Manchester? , na, Rauch stieg aus &#8211; alle \u00fcber 300 Passagiere unverletzt \u00fcber die Notrutsche..geborgen. Ja, dann sollen laut einer Umfrage in GREAT BRITAIN dort die FRIS\u00d6RE die gl\u00fccklichsten Berufsmenschen sein, an letzter Stelle Architekten und Sozialarbeiter&#8230;.au\u00dferdem: was blieb noch h\u00e4ngen&#8230;(gutes Ged\u00e4chtnistraining&#8230;hihihi)&#8230; OH JA &#8211; &#8222;Zusammenhang zwischen der Lust an CANNABIS-RAUCHEN und SCHIZOPHRENIE entdeckt. WEr gerne Hasch raucht..hat damit schon mal ein Problem&#8230;weil er latent schizoide-Latenzen&#8230;? Die Logik der Studien sind ja oft &#8230;na, auf jeden Fall&#8230;wird das Thema sicher jetzt bald richtig hoch-ge-kocht&#8230;WAS NOCH? Ach ja, der CDU-Abgeordnete von Berlin-Wilmersdorf, der sich als NPD-Fan outete, wird nun doch nicht aus der CDU ausgeschlossen. Und der Rest ? Das Wetter! Genau &#8211; &#8222;bleibt wie es ist&#8230;&#8220; see you &#8230;! <\/p>\n<p>2. M\u00e4rz &#8211; Erg\u00e4nzung zu den Meldungen \u00fcber Antibiotika-R\u00fcckst\u00e4nde im Schweinefleisch:<\/p>\n<p>2.3.05 &#8230;&#8230;.keine &#8222;zielf\u00fchrende&#8220; Diskussion&#8230;<\/p>\n<p>2. M\u00e4rz 2005 &#8230;Kommentar zu gestern &#8230;<\/p>\n<p>1. 3. 05 &#8211; FEM&#8217;s schneller Querles-eTicker um 14 Uhr MEZ<\/p>\n<p>\n(C) Feminissima 2002<br \/>\n<br \/>\nCMS by PostNuke<br \/>\n<br \/>\nHaftung f\u00fcr Inhalte auf verlinkten Seiten wird ausgeschlossen.<\/p>\n<p><\/p>\n","protected":false},"excerpt":{"rendered":"<p>yes, dearies &#038; Dears, die live-Site quoll \u00fcber..innerhalb von eineinhalb Tagen&#8230;und dabei haben wir nur die H\u00e4lfte dessen, was wir wollten, geschrieben&#8230;bisher&#8230;hier diese Zwischentexte, auch neu genannt &#8222;QUERLESE-Ticker oder viel interessanter, aber auf Anhieb nicht-was-gemeint-entzifferbar: QUERLES-eTicker&#8230;ja, da schau her, was ein kleiner optischer Unterschied&#8230;!<\/p>\n","protected":false},"author":2,"featured_media":0,"comment_status":"closed","ping_status":"closed","sticky":false,"template":"","format":"standard","meta":{"footnotes":""},"categories":[13],"tags":[],"class_list":["post-83618","post","type-post","status-publish","format-standard","hentry","category-femmedien","entry"],"yoast_head":"<!-- This site is optimized with the Yoast SEO plugin v21.0 - https:\/\/yoast.com\/wordpress\/plugins\/seo\/ -->\n<title>1.&amp;2.M\u00e4rz 05\/Medien&amp;M\u00e4rkte - Feminissima<\/title>\n<meta name=\"robots\" content=\"index, follow, max-snippet:-1, max-image-preview:large, max-video-preview:-1\" \/>\n<link rel=\"canonical\" href=\"https:\/\/feminissima.de\/index.php\/2005\/03\/02\/1-2-maerz-05-medienmaerkte\/\" \/>\n<meta property=\"og:locale\" content=\"de_DE\" \/>\n<meta property=\"og:type\" content=\"article\" \/>\n<meta property=\"og:title\" content=\"1.&amp;2.M\u00e4rz 05\/Medien&amp;M\u00e4rkte - Feminissima\" \/>\n<meta property=\"og:description\" content=\"yes, dearies &amp; Dears, die live-Site quoll \u00fcber..innerhalb von eineinhalb Tagen...und dabei haben wir nur die H\u00e4lfte dessen, was wir wollten, geschrieben...bisher...hier diese Zwischentexte, auch neu genannt &quot;QUERLESE-Ticker oder viel interessanter, aber auf Anhieb nicht-was-gemeint-entzifferbar: QUERLES-eTicker...ja, da schau her, was ein kleiner optischer Unterschied...!\" \/>\n<meta property=\"og:url\" content=\"https:\/\/feminissima.de\/index.php\/2005\/03\/02\/1-2-maerz-05-medienmaerkte\/\" \/>\n<meta property=\"og:site_name\" content=\"Feminissima\" \/>\n<meta property=\"article:published_time\" content=\"2005-03-02T16:13:27+00:00\" \/>\n<meta name=\"author\" content=\"admin\" \/>\n<meta name=\"twitter:card\" content=\"summary_large_image\" \/>\n<meta name=\"twitter:label1\" content=\"Verfasst von\" \/>\n\t<meta name=\"twitter:data1\" content=\"admin\" \/>\n\t<meta name=\"twitter:label2\" content=\"Gesch\u00e4tzte Lesezeit\" \/>\n\t<meta name=\"twitter:data2\" content=\"4\u00a0Minuten\" \/>\n<script type=\"application\/ld+json\" class=\"yoast-schema-graph\">{\"@context\":\"https:\/\/schema.org\",\"@graph\":[{\"@type\":\"WebPage\",\"@id\":\"https:\/\/feminissima.de\/index.php\/2005\/03\/02\/1-2-maerz-05-medienmaerkte\/\",\"url\":\"https:\/\/feminissima.de\/index.php\/2005\/03\/02\/1-2-maerz-05-medienmaerkte\/\",\"name\":\"1.&2.M\u00e4rz 05\/Medien&M\u00e4rkte - Feminissima\",\"isPartOf\":{\"@id\":\"https:\/\/feminissima.de\/#website\"},\"datePublished\":\"2005-03-02T16:13:27+00:00\",\"dateModified\":\"2005-03-02T16:13:27+00:00\",\"author\":{\"@id\":\"https:\/\/feminissima.de\/#\/schema\/person\/0b901e053624f88e7ecbea289d9d5128\"},\"breadcrumb\":{\"@id\":\"https:\/\/feminissima.de\/index.php\/2005\/03\/02\/1-2-maerz-05-medienmaerkte\/#breadcrumb\"},\"inLanguage\":\"de\",\"potentialAction\":[{\"@type\":\"ReadAction\",\"target\":[\"https:\/\/feminissima.de\/index.php\/2005\/03\/02\/1-2-maerz-05-medienmaerkte\/\"]}]},{\"@type\":\"BreadcrumbList\",\"@id\":\"https:\/\/feminissima.de\/index.php\/2005\/03\/02\/1-2-maerz-05-medienmaerkte\/#breadcrumb\",\"itemListElement\":[{\"@type\":\"ListItem\",\"position\":1,\"name\":\"Startseite\",\"item\":\"https:\/\/feminissima.de\/\"},{\"@type\":\"ListItem\",\"position\":2,\"name\":\"1.&#038;2.M\u00e4rz 05\/Medien&#038;M\u00e4rkte\"}]},{\"@type\":\"WebSite\",\"@id\":\"https:\/\/feminissima.de\/#website\",\"url\":\"https:\/\/feminissima.de\/\",\"name\":\"Feminissima\",\"description\":\"\",\"potentialAction\":[{\"@type\":\"SearchAction\",\"target\":{\"@type\":\"EntryPoint\",\"urlTemplate\":\"https:\/\/feminissima.de\/?s={search_term_string}\"},\"query-input\":\"required name=search_term_string\"}],\"inLanguage\":\"de\"},{\"@type\":\"Person\",\"@id\":\"https:\/\/feminissima.de\/#\/schema\/person\/0b901e053624f88e7ecbea289d9d5128\",\"name\":\"admin\",\"image\":{\"@type\":\"ImageObject\",\"inLanguage\":\"de\",\"@id\":\"https:\/\/feminissima.de\/#\/schema\/person\/image\/\",\"url\":\"https:\/\/secure.gravatar.com\/avatar\/8da1f51327453c0bf63338e8e2a791948b7d2ac19b68839492d1e69aac6924a8?s=96&d=mm&r=g\",\"contentUrl\":\"https:\/\/secure.gravatar.com\/avatar\/8da1f51327453c0bf63338e8e2a791948b7d2ac19b68839492d1e69aac6924a8?s=96&d=mm&r=g\",\"caption\":\"admin\"},\"url\":\"https:\/\/feminissima.de\/index.php\/author\/admin\/\"}]}<\/script>\n<!-- \/ Yoast SEO plugin. -->","yoast_head_json":{"title":"1.&2.M\u00e4rz 05\/Medien&M\u00e4rkte - Feminissima","robots":{"index":"index","follow":"follow","max-snippet":"max-snippet:-1","max-image-preview":"max-image-preview:large","max-video-preview":"max-video-preview:-1"},"canonical":"https:\/\/feminissima.de\/index.php\/2005\/03\/02\/1-2-maerz-05-medienmaerkte\/","og_locale":"de_DE","og_type":"article","og_title":"1.&2.M\u00e4rz 05\/Medien&M\u00e4rkte - Feminissima","og_description":"yes, dearies & Dears, die live-Site quoll \u00fcber..innerhalb von eineinhalb Tagen...und dabei haben wir nur die H\u00e4lfte dessen, was wir wollten, geschrieben...bisher...hier diese Zwischentexte, auch neu genannt \"QUERLESE-Ticker oder viel interessanter, aber auf Anhieb nicht-was-gemeint-entzifferbar: QUERLES-eTicker...ja, da schau her, was ein kleiner optischer Unterschied...!","og_url":"https:\/\/feminissima.de\/index.php\/2005\/03\/02\/1-2-maerz-05-medienmaerkte\/","og_site_name":"Feminissima","article_published_time":"2005-03-02T16:13:27+00:00","author":"admin","twitter_card":"summary_large_image","twitter_misc":{"Verfasst von":"admin","Gesch\u00e4tzte Lesezeit":"4\u00a0Minuten"},"schema":{"@context":"https:\/\/schema.org","@graph":[{"@type":"WebPage","@id":"https:\/\/feminissima.de\/index.php\/2005\/03\/02\/1-2-maerz-05-medienmaerkte\/","url":"https:\/\/feminissima.de\/index.php\/2005\/03\/02\/1-2-maerz-05-medienmaerkte\/","name":"1.&2.M\u00e4rz 05\/Medien&M\u00e4rkte - Feminissima","isPartOf":{"@id":"https:\/\/feminissima.de\/#website"},"datePublished":"2005-03-02T16:13:27+00:00","dateModified":"2005-03-02T16:13:27+00:00","author":{"@id":"https:\/\/feminissima.de\/#\/schema\/person\/0b901e053624f88e7ecbea289d9d5128"},"breadcrumb":{"@id":"https:\/\/feminissima.de\/index.php\/2005\/03\/02\/1-2-maerz-05-medienmaerkte\/#breadcrumb"},"inLanguage":"de","potentialAction":[{"@type":"ReadAction","target":["https:\/\/feminissima.de\/index.php\/2005\/03\/02\/1-2-maerz-05-medienmaerkte\/"]}]},{"@type":"BreadcrumbList","@id":"https:\/\/feminissima.de\/index.php\/2005\/03\/02\/1-2-maerz-05-medienmaerkte\/#breadcrumb","itemListElement":[{"@type":"ListItem","position":1,"name":"Startseite","item":"https:\/\/feminissima.de\/"},{"@type":"ListItem","position":2,"name":"1.&#038;2.M\u00e4rz 05\/Medien&#038;M\u00e4rkte"}]},{"@type":"WebSite","@id":"https:\/\/feminissima.de\/#website","url":"https:\/\/feminissima.de\/","name":"Feminissima","description":"","potentialAction":[{"@type":"SearchAction","target":{"@type":"EntryPoint","urlTemplate":"https:\/\/feminissima.de\/?s={search_term_string}"},"query-input":"required name=search_term_string"}],"inLanguage":"de"},{"@type":"Person","@id":"https:\/\/feminissima.de\/#\/schema\/person\/0b901e053624f88e7ecbea289d9d5128","name":"admin","image":{"@type":"ImageObject","inLanguage":"de","@id":"https:\/\/feminissima.de\/#\/schema\/person\/image\/","url":"https:\/\/secure.gravatar.com\/avatar\/8da1f51327453c0bf63338e8e2a791948b7d2ac19b68839492d1e69aac6924a8?s=96&d=mm&r=g","contentUrl":"https:\/\/secure.gravatar.com\/avatar\/8da1f51327453c0bf63338e8e2a791948b7d2ac19b68839492d1e69aac6924a8?s=96&d=mm&r=g","caption":"admin"},"url":"https:\/\/feminissima.de\/index.php\/author\/admin\/"}]}},"jetpack_featured_media_url":"","_links":{"self":[{"href":"https:\/\/feminissima.de\/index.php\/wp-json\/wp\/v2\/posts\/83618","targetHints":{"allow":["GET"]}}],"collection":[{"href":"https:\/\/feminissima.de\/index.php\/wp-json\/wp\/v2\/posts"}],"about":[{"href":"https:\/\/feminissima.de\/index.php\/wp-json\/wp\/v2\/types\/post"}],"author":[{"embeddable":true,"href":"https:\/\/feminissima.de\/index.php\/wp-json\/wp\/v2\/users\/2"}],"replies":[{"embeddable":true,"href":"https:\/\/feminissima.de\/index.php\/wp-json\/wp\/v2\/comments?post=83618"}],"version-history":[{"count":0,"href":"https:\/\/feminissima.de\/index.php\/wp-json\/wp\/v2\/posts\/83618\/revisions"}],"wp:attachment":[{"href":"https:\/\/feminissima.de\/index.php\/wp-json\/wp\/v2\/media?parent=83618"}],"wp:term":[{"taxonomy":"category","embeddable":true,"href":"https:\/\/feminissima.de\/index.php\/wp-json\/wp\/v2\/categories?post=83618"},{"taxonomy":"post_tag","embeddable":true,"href":"https:\/\/feminissima.de\/index.php\/wp-json\/wp\/v2\/tags?post=83618"}],"curies":[{"name":"wp","href":"https:\/\/api.w.org\/{rel}","templated":true}]}}