{"id":83617,"date":"2005-03-02T16:05:03","date_gmt":"2005-03-02T16:05:03","guid":{"rendered":"http:\/\/www.feminissima.de\/?p=83617"},"modified":"2005-03-02T16:05:03","modified_gmt":"2005-03-02T16:05:03","slug":"attac-hartz-iv-am-ende-2","status":"publish","type":"post","link":"https:\/\/feminissima.de\/index.php\/2005\/03\/02\/attac-hartz-iv-am-ende-2\/","title":{"rendered":"Attac: HARTZ IV am Ende"},"content":{"rendered":"<p>Auch dieser live-Text von heute wollte sich ausdehnen und seine eigene Rubrik als Haus sein eigen nennen und auch G\u00e4ste empfangen!<br \/>Bitte sehr &#8211; ausf\u00fchrlich k\u00f6nnt Ihr die Thesen von attac in der Rubrik fem&#038;POLITIK nachlesen.<br \/>\n<br \/>\nWir legen Sie Euch ans Herz. Und ins Hirn. Bitte sehr! Besser mal richtig nachdenken und analysieren, als all das Untertr\u00e4glich-Geschw\u00e4tz dieser Politiker und der wieder hervorgekramte Most-intolerable &#8211; &#8222;Allzweck-R\u00fcrup&#8220;&#8230;mit der nach ihm benannten Kommission begann all der Untergang&#8230;des Gesundheitssystems&#8230;des Sozialsystems&#8230;entstanden auch so neue Worte wie &#8222;Soziale Systeme&#8220;&#8230;Hinter dieser Wortver\u00e4nderung steht mehr, daran hatte FEMINISSIMA bereits 2002 alarmiert-erinnert, als nur die Umwandlung eines Wortes von &#8222;Sozialsystem&#8220; in &#8222;soziale Systeme&#8220;. Das haben wir nun inzwischen wohl begriffen, oder?***<br \/>\n<br \/>\nDie 2002 frisch-knapp(dank-Flutwelle im Osten..)-wiedergew\u00e4hlte ROT-GR\u00dcN-Wir-k\u00f6nnen-es-nicht-Regierung hatte flugs&#8230;ein Novum in den Geschichten der Demokratien &#8211; ungez\u00e4hlte NICHTGEW\u00c4HLTE daf\u00fcr bezahlt, zu &#8222;Kommissionen&#8220; berufen, um statt ihrer, der doch eigentlich Gew\u00e4hlten, Politik &#8230;zu machen, oder das, was sie darunter verstanden:*** und so klebt nicht mehr ein Minister-Name an all den Mi\u00dferfolgen, wie beispielsweise der kurzlebigen &#8222;RIESTER-RENTE&#8220; (Herr Riester legt nun wieder Fliesen, das war sein Beruf, jetzt allerdings vergoldete), sondern der\/die Namen der jeweiligen &#8222;Kommissions-Leiter&#8220;&#8230;wie ja auch HARTZ an Herrn Hartz von VW unselig&#8230;fast vergessen, auch der Begriff R\u00dcRUP-Kommission&#8230;an den ultra-undemokratisch-denkenden Herrn R\u00fcrup&#8230;* FEM hatte ebenso erbittert wie ausf\u00fchrlich dar\u00fcber &#038; dagegen geschrieben&#8230;aber es war wohl noch im Jahr 2002..und all die hervorragenden Artikel, damals schrieben wir noch Artikel bei FEMINISSIMA&#8230;sind einer allgemeinen S\u00e4uberungswelle&#8230;ha, lach..nein, anders, aber weg sind sie&#8230;trotzdem..teilweise ruhen sie noch&#8230;in WORD gespeichert&#8230;etwa auch der Artikel &#8222;Der Sommer der Sommeliers&#8220;&#8230;von 2002&#8230;vielleicht posten wir ihn demn\u00e4cht noch einmal&#8230;WEBMASTER und FEMINISSIMA beraten demn\u00e4chst wg. einer Umgestaltung, auch thematisch&#8230;dann werden wir die Rubrik &#8222;Gestern war&#8217;s&#8220; einrichten&#8230;all das Leergeschw\u00e4tz von gestern und was draus geworden ist, schon heute &#8211; GAR NICHTS&#8230;.Ja, bitte, bleibt dran. Die im ersten Tageslicht-Text von heute versprochenen Kommentare zum gestrigen medialen Tag &#8211; bleiben keine leeren Versprechungen. Sondern prasseln sp\u00e4ter wie Popcorn hier ins Netz&#8230;.\/ Nein, Tatsache war, das politische Jahr 2002 hatte unsere grundgute FEMINISSIMA so angeekelt, dass sie alles rauswarf&#8230;um ihre sch\u00f6ne Site nicht l\u00e4nger mit all diesen korrupten, machtgeilen Mittelm\u00e4\u00dfigen, deren einziger Vorteil darin bestand, m\u00e4nnlich, skrupellos und unmoralisch zu sein , zu verunzieren&#8230;so haben wir auch die sch\u00f6nen Fotos von dem EX-EX-EX&#8230;na, der der mit der Namens-Gr\u00e4fin in 2. Ehe verheiratet ist&#8230;LEute von gestern.. hatten wir unter der Foto-Session mit dem Vermerk stehen: POLITIK MACHT ALT &#8211; da sah man ba\u00df-erstaunt den rapiden Alterungsproze\u00df vom braven ehemaligen Rheinland-Pfalz-Ministerpr\u00e4sidenten bis zur Spitze des Peter-Prinzips&#8230;nein, vielleicht war auch eine Spur Mitleid dabei&#8230;wer wei\u00df. <\/p>\n","protected":false},"excerpt":{"rendered":"<p>Auch dieser live-Text von heute wollte sich ausdehnen und seine eigene Rubrik als Haus sein eigen nennen und auch G\u00e4ste empfangen!<\/p>\n","protected":false},"author":2,"featured_media":0,"comment_status":"closed","ping_status":"closed","sticky":false,"template":"","format":"standard","meta":{"footnotes":""},"categories":[14],"tags":[],"class_list":["post-83617","post","type-post","status-publish","format-standard","hentry","category-fempolitik","entry"],"yoast_head":"<!-- This site is optimized with the Yoast SEO plugin v21.0 - https:\/\/yoast.com\/wordpress\/plugins\/seo\/ -->\n<title>Attac: HARTZ IV am Ende - Feminissima<\/title>\n<meta name=\"robots\" content=\"index, follow, max-snippet:-1, max-image-preview:large, max-video-preview:-1\" \/>\n<link rel=\"canonical\" href=\"https:\/\/feminissima.de\/index.php\/2005\/03\/02\/attac-hartz-iv-am-ende-2\/\" \/>\n<meta property=\"og:locale\" content=\"de_DE\" \/>\n<meta property=\"og:type\" content=\"article\" \/>\n<meta property=\"og:title\" content=\"Attac: HARTZ IV am Ende - Feminissima\" \/>\n<meta property=\"og:description\" content=\"Auch dieser live-Text von heute wollte sich ausdehnen und seine eigene Rubrik als Haus sein eigen nennen und auch G\u00e4ste empfangen!\" \/>\n<meta property=\"og:url\" content=\"https:\/\/feminissima.de\/index.php\/2005\/03\/02\/attac-hartz-iv-am-ende-2\/\" \/>\n<meta property=\"og:site_name\" content=\"Feminissima\" \/>\n<meta property=\"article:published_time\" content=\"2005-03-02T16:05:03+00:00\" \/>\n<meta name=\"author\" content=\"admin\" \/>\n<meta name=\"twitter:card\" content=\"summary_large_image\" \/>\n<meta name=\"twitter:label1\" content=\"Verfasst von\" \/>\n\t<meta name=\"twitter:data1\" content=\"admin\" \/>\n\t<meta name=\"twitter:label2\" content=\"Gesch\u00e4tzte Lesezeit\" \/>\n\t<meta name=\"twitter:data2\" content=\"2\u00a0Minuten\" \/>\n<script type=\"application\/ld+json\" class=\"yoast-schema-graph\">{\"@context\":\"https:\/\/schema.org\",\"@graph\":[{\"@type\":\"WebPage\",\"@id\":\"https:\/\/feminissima.de\/index.php\/2005\/03\/02\/attac-hartz-iv-am-ende-2\/\",\"url\":\"https:\/\/feminissima.de\/index.php\/2005\/03\/02\/attac-hartz-iv-am-ende-2\/\",\"name\":\"Attac: HARTZ IV am Ende - Feminissima\",\"isPartOf\":{\"@id\":\"https:\/\/feminissima.de\/#website\"},\"datePublished\":\"2005-03-02T16:05:03+00:00\",\"dateModified\":\"2005-03-02T16:05:03+00:00\",\"author\":{\"@id\":\"https:\/\/feminissima.de\/#\/schema\/person\/0b901e053624f88e7ecbea289d9d5128\"},\"breadcrumb\":{\"@id\":\"https:\/\/feminissima.de\/index.php\/2005\/03\/02\/attac-hartz-iv-am-ende-2\/#breadcrumb\"},\"inLanguage\":\"de\",\"potentialAction\":[{\"@type\":\"ReadAction\",\"target\":[\"https:\/\/feminissima.de\/index.php\/2005\/03\/02\/attac-hartz-iv-am-ende-2\/\"]}]},{\"@type\":\"BreadcrumbList\",\"@id\":\"https:\/\/feminissima.de\/index.php\/2005\/03\/02\/attac-hartz-iv-am-ende-2\/#breadcrumb\",\"itemListElement\":[{\"@type\":\"ListItem\",\"position\":1,\"name\":\"Startseite\",\"item\":\"https:\/\/feminissima.de\/\"},{\"@type\":\"ListItem\",\"position\":2,\"name\":\"Attac: HARTZ IV am Ende\"}]},{\"@type\":\"WebSite\",\"@id\":\"https:\/\/feminissima.de\/#website\",\"url\":\"https:\/\/feminissima.de\/\",\"name\":\"Feminissima\",\"description\":\"\",\"potentialAction\":[{\"@type\":\"SearchAction\",\"target\":{\"@type\":\"EntryPoint\",\"urlTemplate\":\"https:\/\/feminissima.de\/?s={search_term_string}\"},\"query-input\":\"required name=search_term_string\"}],\"inLanguage\":\"de\"},{\"@type\":\"Person\",\"@id\":\"https:\/\/feminissima.de\/#\/schema\/person\/0b901e053624f88e7ecbea289d9d5128\",\"name\":\"admin\",\"image\":{\"@type\":\"ImageObject\",\"inLanguage\":\"de\",\"@id\":\"https:\/\/feminissima.de\/#\/schema\/person\/image\/\",\"url\":\"https:\/\/secure.gravatar.com\/avatar\/8da1f51327453c0bf63338e8e2a791948b7d2ac19b68839492d1e69aac6924a8?s=96&d=mm&r=g\",\"contentUrl\":\"https:\/\/secure.gravatar.com\/avatar\/8da1f51327453c0bf63338e8e2a791948b7d2ac19b68839492d1e69aac6924a8?s=96&d=mm&r=g\",\"caption\":\"admin\"},\"url\":\"https:\/\/feminissima.de\/index.php\/author\/admin\/\"}]}<\/script>\n<!-- \/ Yoast SEO plugin. -->","yoast_head_json":{"title":"Attac: HARTZ IV am Ende - Feminissima","robots":{"index":"index","follow":"follow","max-snippet":"max-snippet:-1","max-image-preview":"max-image-preview:large","max-video-preview":"max-video-preview:-1"},"canonical":"https:\/\/feminissima.de\/index.php\/2005\/03\/02\/attac-hartz-iv-am-ende-2\/","og_locale":"de_DE","og_type":"article","og_title":"Attac: HARTZ IV am Ende - Feminissima","og_description":"Auch dieser live-Text von heute wollte sich ausdehnen und seine eigene Rubrik als Haus sein eigen nennen und auch G\u00e4ste empfangen!","og_url":"https:\/\/feminissima.de\/index.php\/2005\/03\/02\/attac-hartz-iv-am-ende-2\/","og_site_name":"Feminissima","article_published_time":"2005-03-02T16:05:03+00:00","author":"admin","twitter_card":"summary_large_image","twitter_misc":{"Verfasst von":"admin","Gesch\u00e4tzte Lesezeit":"2\u00a0Minuten"},"schema":{"@context":"https:\/\/schema.org","@graph":[{"@type":"WebPage","@id":"https:\/\/feminissima.de\/index.php\/2005\/03\/02\/attac-hartz-iv-am-ende-2\/","url":"https:\/\/feminissima.de\/index.php\/2005\/03\/02\/attac-hartz-iv-am-ende-2\/","name":"Attac: HARTZ IV am Ende - Feminissima","isPartOf":{"@id":"https:\/\/feminissima.de\/#website"},"datePublished":"2005-03-02T16:05:03+00:00","dateModified":"2005-03-02T16:05:03+00:00","author":{"@id":"https:\/\/feminissima.de\/#\/schema\/person\/0b901e053624f88e7ecbea289d9d5128"},"breadcrumb":{"@id":"https:\/\/feminissima.de\/index.php\/2005\/03\/02\/attac-hartz-iv-am-ende-2\/#breadcrumb"},"inLanguage":"de","potentialAction":[{"@type":"ReadAction","target":["https:\/\/feminissima.de\/index.php\/2005\/03\/02\/attac-hartz-iv-am-ende-2\/"]}]},{"@type":"BreadcrumbList","@id":"https:\/\/feminissima.de\/index.php\/2005\/03\/02\/attac-hartz-iv-am-ende-2\/#breadcrumb","itemListElement":[{"@type":"ListItem","position":1,"name":"Startseite","item":"https:\/\/feminissima.de\/"},{"@type":"ListItem","position":2,"name":"Attac: HARTZ IV am Ende"}]},{"@type":"WebSite","@id":"https:\/\/feminissima.de\/#website","url":"https:\/\/feminissima.de\/","name":"Feminissima","description":"","potentialAction":[{"@type":"SearchAction","target":{"@type":"EntryPoint","urlTemplate":"https:\/\/feminissima.de\/?s={search_term_string}"},"query-input":"required name=search_term_string"}],"inLanguage":"de"},{"@type":"Person","@id":"https:\/\/feminissima.de\/#\/schema\/person\/0b901e053624f88e7ecbea289d9d5128","name":"admin","image":{"@type":"ImageObject","inLanguage":"de","@id":"https:\/\/feminissima.de\/#\/schema\/person\/image\/","url":"https:\/\/secure.gravatar.com\/avatar\/8da1f51327453c0bf63338e8e2a791948b7d2ac19b68839492d1e69aac6924a8?s=96&d=mm&r=g","contentUrl":"https:\/\/secure.gravatar.com\/avatar\/8da1f51327453c0bf63338e8e2a791948b7d2ac19b68839492d1e69aac6924a8?s=96&d=mm&r=g","caption":"admin"},"url":"https:\/\/feminissima.de\/index.php\/author\/admin\/"}]}},"jetpack_featured_media_url":"","_links":{"self":[{"href":"https:\/\/feminissima.de\/index.php\/wp-json\/wp\/v2\/posts\/83617","targetHints":{"allow":["GET"]}}],"collection":[{"href":"https:\/\/feminissima.de\/index.php\/wp-json\/wp\/v2\/posts"}],"about":[{"href":"https:\/\/feminissima.de\/index.php\/wp-json\/wp\/v2\/types\/post"}],"author":[{"embeddable":true,"href":"https:\/\/feminissima.de\/index.php\/wp-json\/wp\/v2\/users\/2"}],"replies":[{"embeddable":true,"href":"https:\/\/feminissima.de\/index.php\/wp-json\/wp\/v2\/comments?post=83617"}],"version-history":[{"count":0,"href":"https:\/\/feminissima.de\/index.php\/wp-json\/wp\/v2\/posts\/83617\/revisions"}],"wp:attachment":[{"href":"https:\/\/feminissima.de\/index.php\/wp-json\/wp\/v2\/media?parent=83617"}],"wp:term":[{"taxonomy":"category","embeddable":true,"href":"https:\/\/feminissima.de\/index.php\/wp-json\/wp\/v2\/categories?post=83617"},{"taxonomy":"post_tag","embeddable":true,"href":"https:\/\/feminissima.de\/index.php\/wp-json\/wp\/v2\/tags?post=83617"}],"curies":[{"name":"wp","href":"https:\/\/api.w.org\/{rel}","templated":true}]}}