{"id":83616,"date":"2005-03-02T16:01:52","date_gmt":"2005-03-02T16:01:52","guid":{"rendered":"http:\/\/www.feminissima.de\/?p=83616"},"modified":"2005-03-02T16:01:52","modified_gmt":"2005-03-02T16:01:52","slug":"empoerendempoerend-das-polit-hartziv-unrecht","status":"publish","type":"post","link":"https:\/\/feminissima.de\/index.php\/2005\/03\/02\/empoerendempoerend-das-polit-hartziv-unrecht\/","title":{"rendered":"Emp\u00f6rend&#038;Emp\u00f6rend: Das Polit-HartzIV-Unrecht"},"content":{"rendered":"<p>der live-Text hielt es auf der live-Site nicht mehr aus&#8230;er will sich ausdehnen&#8230;und Kommentare erhalten&#8230;claro!<br \/>FEMINISSIMA verwahrt sich dagegen, da\u00df in einem Sender wie PHOENIX, wo man den Hauch &#8230;zuweilen aber auch nur &#8212;vielleicht von Intelligenz erwarten k\u00f6nnte, JETZT NOCH, zum Beispiel GESTERN,<br \/>\n<br \/>\neine ultra-neoliberale Bezahltschreiberin von FINANCIAL TIMES DEUTSCHLAND ihren DUMMEN SENF absondern darf &#8211; eine Gouvernanten-Typie, Ende Zwanzig bis Ende 30 vielleicht, gewiss kinderlos&#8230;angesichts einer Zahl von 5, 2 Mio Arbeitslosen, von sich geben darf &#8211; &#8222;HATZT IV BRINGT EBEN WIEDER LEUTE AN DIE ARBEIT, DIE NICHT MEHR WISSEN, WIE ES GEHT&#8230;&#8220; sinngem\u00e4\u00df, noch \u00fcbler, formulierte es die wenig attraktive Dame&#8230;womit nicht ihr \u00c4u\u00dferes, sondern vor allem ihr Geist und ihre NICHT-SEELE gemeint ist. DA M\u00dcSSEN ERST GEISTLICHE HER&#8230;.in diesem Land der FEIGEN SEELENVERK\u00c4UFER, namens &#8222;Politiker&#8220; &#8211; im Land UMKIPPENDER GEWERKSCHAFTEN, da\u00df ein Herr Sommer nicht rausgeworfen wird, aus seiner Gewerkschaft, naja, wir wissen ja wo wir sind &#8211; DIE (au\u00dfer FEMINISSIMA&#8230;) SAGEN, WAS SACHE IST &#8211; DER MAMMUT-BETRUG am Volk durch ein Gesetz &#8211; das DIE BESTRAFT, DIE IHR LEBEN LANG GEARBEITET HATTEN &#8211; und nun noch neuer Clou &#8211; DIE TREU BEI EINEM EINZIGEN ARBEITGEBER WAREN &#8211; das hei\u00dft nun in diesem unverfroren-schl\u00e4gt-dem-FA\u00df-den-Boden-aus- Grauenhaft-Politiker-Oppportunisten-Hals-abschneid-Land: &#8222;Sie sind nicht flexibel!&#8220; *** &#8222;Das kann Ihnen als ein Mangel an FLEXIBILIT\u00c4T ausgelegt werden, wenn sie 28 Jahre bei ein- und derselben Firma gearbeitet haben!&#8220;<\/p>\n<p>*****In den kurzen, wenigen, halbwegs &#8222;normalen&#8220; Zeiten eines Landes namens &#8222;Deutschland&#8220;, waren Job-Hopper als &#8222;unzuverl\u00e4ssig, windig&#8220;, etc. eingestuft worden. <\/p>\n<p>******Gestern ABEND in den wenigen Sendungen, die man noch SEHEN kann &#8211; z.B. PLUS MINUS &#8211; (neben den Polit-Magazinen, die ja nun um 15 Minuten gek\u00fcrzt werden sollen &#8211; WO BLEIBT DER AUFSCHREI DER EMP\u00d6RUNG??)  &#8211; auch da wieder so ein dickbr\u00e4siger, hochsaturierter, selbst uralter &#8222;Arbeitgeber&#8220; (Rodenstock&#8230;man sollte die teuren Brillen..nicht..) &#8211; WAS DIESE UNMENSCHEN NUN ALLES VON SICH GEBEN D\u00dcRFEN &#8211; an Volks- und Arbeitnehmer-Verhetzung, das ist unfa\u00dfbar. Und &#8211; in diesem Feiglingsland &#8211; ist es ein Herr Drewermann, der genau und mit leiser Stimme, fast fl\u00fcsternd, wodurch das ewig die-anderen-Wegdr\u00e4ngende des f\u00fcr FEM seit 40 Jahren unertr\u00e4glichen Cohn-Bendit, der niemand au\u00dfer sich selbst reden h\u00f6ren kann &#8211; der sagt, was jeder wei\u00df, und doch haben sie alle dieses B\u00d6SE GESETZ&#8230;ROT GR\u00dcN GELB SCHWARZ ..alle, wollten sie mit dem Gesetz das ein so gro\u00dfes UNRECHTS-GESETZ IST , das unentwegt an NAZI-ZEITEN denken l\u00e4sst&#8230;damals fing es mit Berufsverboten f\u00fcr Juden an..heute&#8230;kriegt keiner mehr Arbeit, der \u00fcber 45 ist&#8230;und das offenbar ebenso okay wie die Tatsache &#8211; da\u00df LEBENSLANGE ZWANGSEINZAHLUNG in die SOZIALVERSICHERUNG heute dazu f\u00fchrt, dank dieses UNRECHTSGESETZES &#8211; da\u00df Du zwangsweise nach einem Jahr oder eineinhalb auf derselben Stufe landest wie der Penner, der nie in seinem Leben irgendwas in die Sozialkassen eingezahlt &#8211; sondern rausgezogen hat. Daf\u00fcr darfst Du dann mit 1 Euro Mehrverdienst unter Beweis stellen, da\u00df Du nicht verlernst, wie man &#8222;arbeitet&#8220;. Diese ULTRA-Bestrafung, auch gesellschaftlich, diese SCHWARZ-M\u00c4NNER, die man aus dem Haus in Berlin jagen sollte, namens Clement &#038; Co &#8211; HABEN DAS LEBEN ..und hier darf sie auch mal genannt werden &#8211; die LEBENSEHRE &#8211; von Millionen von Menschen ZERBROCHEN. WER BESTRAFT SIE???? Und noch immer getrauen sie sich, sie werden gesendet, denn die ARD und das ZDF &#8211; ist der STAATSFUNK&#8230;.und nur v\u00f6llig unabh\u00e4ngige Geister wie ein Herr Drewermann, sagt, \u00f6ffentlich-rechtlich&#8230;was sich offenbar sonst keiner zu sagen getraut. UND LEIDER AUCH DIE M\u00c4NNER-&#038; PARTEIPOLITSCH BESETZTE PRESSE NICHT. Sie finden es toll, da\u00df nun ein neues Land der Sklaven entstanden ist&#8230;die da oben und die da unten&#8230;dass Kindersterben durch Verhungern und Vernachl\u00e4ssigung, der rapide Anstieg von Alkoholismus, noch mehr, als er schon immer &#8230;die Gewalt, die jetzt mehr als zuvor, an Kindern und Frauen ausgelassen wird&#8230;die totale ENTW\u00dcRDIGUNG des SEINS &#8211; das haben diese Herrschaften zu verantworten. ****GLEICHZEITIG IST es ein Beweis f\u00fcr die NICHT-DEMOKRATIE, da\u00df die wenig hochintelligente &#8222;Heide Simonis&#8220;, ihr wohlbeh\u00fctetes Face nun wieder in die Kameras liften darf, in die Kameras, die Verliererin, die weitere Ultra-Nichtsk\u00f6nnerin&#8230;sie will ihre gutbezahlte Macht mit niemandem teilen..oh no, wir sind Sozialdemokraten! Und die im Norden besonders erfolglos und daf\u00fcr besonders von sich eingenommen. Siehe auch ein Herr  Scherf in Bremen! Oh, Ch\u00e9rie, die Redaktionswildkatze, strahlt. gerade so viel Hitze ab, hier, dass wir die Heizung abstellen k\u00f6nnen.  Aber wo sie recht hat&#8230;wir schreiben RECHT nun klein&#8230;sehr klein, hat sie es !<\/p>\n","protected":false},"excerpt":{"rendered":"<p>der live-Text hielt es auf der live-Site nicht mehr aus&#8230;er will sich ausdehnen&#8230;und Kommentare erhalten&#8230;claro!<\/p>\n","protected":false},"author":2,"featured_media":0,"comment_status":"closed","ping_status":"closed","sticky":false,"template":"","format":"standard","meta":{"footnotes":""},"categories":[14],"tags":[],"class_list":["post-83616","post","type-post","status-publish","format-standard","hentry","category-fempolitik","entry"],"yoast_head":"<!-- This site is optimized with the Yoast SEO plugin v21.0 - https:\/\/yoast.com\/wordpress\/plugins\/seo\/ -->\n<title>Emp\u00f6rend&amp;Emp\u00f6rend: Das Polit-HartzIV-Unrecht - Feminissima<\/title>\n<meta name=\"robots\" content=\"index, follow, max-snippet:-1, max-image-preview:large, max-video-preview:-1\" \/>\n<link rel=\"canonical\" href=\"https:\/\/feminissima.de\/index.php\/2005\/03\/02\/empoerendempoerend-das-polit-hartziv-unrecht\/\" \/>\n<meta property=\"og:locale\" content=\"de_DE\" \/>\n<meta property=\"og:type\" content=\"article\" \/>\n<meta property=\"og:title\" content=\"Emp\u00f6rend&amp;Emp\u00f6rend: Das Polit-HartzIV-Unrecht - Feminissima\" \/>\n<meta property=\"og:description\" content=\"der live-Text hielt es auf der live-Site nicht mehr aus...er will sich ausdehnen...und Kommentare erhalten...claro!\" \/>\n<meta property=\"og:url\" content=\"https:\/\/feminissima.de\/index.php\/2005\/03\/02\/empoerendempoerend-das-polit-hartziv-unrecht\/\" \/>\n<meta property=\"og:site_name\" content=\"Feminissima\" \/>\n<meta property=\"article:published_time\" content=\"2005-03-02T16:01:52+00:00\" \/>\n<meta name=\"author\" content=\"admin\" \/>\n<meta name=\"twitter:card\" content=\"summary_large_image\" \/>\n<meta name=\"twitter:label1\" content=\"Verfasst von\" \/>\n\t<meta name=\"twitter:data1\" content=\"admin\" \/>\n\t<meta name=\"twitter:label2\" content=\"Gesch\u00e4tzte Lesezeit\" \/>\n\t<meta name=\"twitter:data2\" content=\"4\u00a0Minuten\" \/>\n<script type=\"application\/ld+json\" class=\"yoast-schema-graph\">{\"@context\":\"https:\/\/schema.org\",\"@graph\":[{\"@type\":\"WebPage\",\"@id\":\"https:\/\/feminissima.de\/index.php\/2005\/03\/02\/empoerendempoerend-das-polit-hartziv-unrecht\/\",\"url\":\"https:\/\/feminissima.de\/index.php\/2005\/03\/02\/empoerendempoerend-das-polit-hartziv-unrecht\/\",\"name\":\"Emp\u00f6rend&Emp\u00f6rend: Das Polit-HartzIV-Unrecht - Feminissima\",\"isPartOf\":{\"@id\":\"https:\/\/feminissima.de\/#website\"},\"datePublished\":\"2005-03-02T16:01:52+00:00\",\"dateModified\":\"2005-03-02T16:01:52+00:00\",\"author\":{\"@id\":\"https:\/\/feminissima.de\/#\/schema\/person\/0b901e053624f88e7ecbea289d9d5128\"},\"breadcrumb\":{\"@id\":\"https:\/\/feminissima.de\/index.php\/2005\/03\/02\/empoerendempoerend-das-polit-hartziv-unrecht\/#breadcrumb\"},\"inLanguage\":\"de\",\"potentialAction\":[{\"@type\":\"ReadAction\",\"target\":[\"https:\/\/feminissima.de\/index.php\/2005\/03\/02\/empoerendempoerend-das-polit-hartziv-unrecht\/\"]}]},{\"@type\":\"BreadcrumbList\",\"@id\":\"https:\/\/feminissima.de\/index.php\/2005\/03\/02\/empoerendempoerend-das-polit-hartziv-unrecht\/#breadcrumb\",\"itemListElement\":[{\"@type\":\"ListItem\",\"position\":1,\"name\":\"Startseite\",\"item\":\"https:\/\/feminissima.de\/\"},{\"@type\":\"ListItem\",\"position\":2,\"name\":\"Emp\u00f6rend&#038;Emp\u00f6rend: Das Polit-HartzIV-Unrecht\"}]},{\"@type\":\"WebSite\",\"@id\":\"https:\/\/feminissima.de\/#website\",\"url\":\"https:\/\/feminissima.de\/\",\"name\":\"Feminissima\",\"description\":\"\",\"potentialAction\":[{\"@type\":\"SearchAction\",\"target\":{\"@type\":\"EntryPoint\",\"urlTemplate\":\"https:\/\/feminissima.de\/?s={search_term_string}\"},\"query-input\":\"required name=search_term_string\"}],\"inLanguage\":\"de\"},{\"@type\":\"Person\",\"@id\":\"https:\/\/feminissima.de\/#\/schema\/person\/0b901e053624f88e7ecbea289d9d5128\",\"name\":\"admin\",\"image\":{\"@type\":\"ImageObject\",\"inLanguage\":\"de\",\"@id\":\"https:\/\/feminissima.de\/#\/schema\/person\/image\/\",\"url\":\"https:\/\/secure.gravatar.com\/avatar\/8da1f51327453c0bf63338e8e2a791948b7d2ac19b68839492d1e69aac6924a8?s=96&d=mm&r=g\",\"contentUrl\":\"https:\/\/secure.gravatar.com\/avatar\/8da1f51327453c0bf63338e8e2a791948b7d2ac19b68839492d1e69aac6924a8?s=96&d=mm&r=g\",\"caption\":\"admin\"},\"url\":\"https:\/\/feminissima.de\/index.php\/author\/admin\/\"}]}<\/script>\n<!-- \/ Yoast SEO plugin. -->","yoast_head_json":{"title":"Emp\u00f6rend&Emp\u00f6rend: Das Polit-HartzIV-Unrecht - Feminissima","robots":{"index":"index","follow":"follow","max-snippet":"max-snippet:-1","max-image-preview":"max-image-preview:large","max-video-preview":"max-video-preview:-1"},"canonical":"https:\/\/feminissima.de\/index.php\/2005\/03\/02\/empoerendempoerend-das-polit-hartziv-unrecht\/","og_locale":"de_DE","og_type":"article","og_title":"Emp\u00f6rend&Emp\u00f6rend: Das Polit-HartzIV-Unrecht - Feminissima","og_description":"der live-Text hielt es auf der live-Site nicht mehr aus...er will sich ausdehnen...und Kommentare erhalten...claro!","og_url":"https:\/\/feminissima.de\/index.php\/2005\/03\/02\/empoerendempoerend-das-polit-hartziv-unrecht\/","og_site_name":"Feminissima","article_published_time":"2005-03-02T16:01:52+00:00","author":"admin","twitter_card":"summary_large_image","twitter_misc":{"Verfasst von":"admin","Gesch\u00e4tzte Lesezeit":"4\u00a0Minuten"},"schema":{"@context":"https:\/\/schema.org","@graph":[{"@type":"WebPage","@id":"https:\/\/feminissima.de\/index.php\/2005\/03\/02\/empoerendempoerend-das-polit-hartziv-unrecht\/","url":"https:\/\/feminissima.de\/index.php\/2005\/03\/02\/empoerendempoerend-das-polit-hartziv-unrecht\/","name":"Emp\u00f6rend&Emp\u00f6rend: Das Polit-HartzIV-Unrecht - Feminissima","isPartOf":{"@id":"https:\/\/feminissima.de\/#website"},"datePublished":"2005-03-02T16:01:52+00:00","dateModified":"2005-03-02T16:01:52+00:00","author":{"@id":"https:\/\/feminissima.de\/#\/schema\/person\/0b901e053624f88e7ecbea289d9d5128"},"breadcrumb":{"@id":"https:\/\/feminissima.de\/index.php\/2005\/03\/02\/empoerendempoerend-das-polit-hartziv-unrecht\/#breadcrumb"},"inLanguage":"de","potentialAction":[{"@type":"ReadAction","target":["https:\/\/feminissima.de\/index.php\/2005\/03\/02\/empoerendempoerend-das-polit-hartziv-unrecht\/"]}]},{"@type":"BreadcrumbList","@id":"https:\/\/feminissima.de\/index.php\/2005\/03\/02\/empoerendempoerend-das-polit-hartziv-unrecht\/#breadcrumb","itemListElement":[{"@type":"ListItem","position":1,"name":"Startseite","item":"https:\/\/feminissima.de\/"},{"@type":"ListItem","position":2,"name":"Emp\u00f6rend&#038;Emp\u00f6rend: Das Polit-HartzIV-Unrecht"}]},{"@type":"WebSite","@id":"https:\/\/feminissima.de\/#website","url":"https:\/\/feminissima.de\/","name":"Feminissima","description":"","potentialAction":[{"@type":"SearchAction","target":{"@type":"EntryPoint","urlTemplate":"https:\/\/feminissima.de\/?s={search_term_string}"},"query-input":"required name=search_term_string"}],"inLanguage":"de"},{"@type":"Person","@id":"https:\/\/feminissima.de\/#\/schema\/person\/0b901e053624f88e7ecbea289d9d5128","name":"admin","image":{"@type":"ImageObject","inLanguage":"de","@id":"https:\/\/feminissima.de\/#\/schema\/person\/image\/","url":"https:\/\/secure.gravatar.com\/avatar\/8da1f51327453c0bf63338e8e2a791948b7d2ac19b68839492d1e69aac6924a8?s=96&d=mm&r=g","contentUrl":"https:\/\/secure.gravatar.com\/avatar\/8da1f51327453c0bf63338e8e2a791948b7d2ac19b68839492d1e69aac6924a8?s=96&d=mm&r=g","caption":"admin"},"url":"https:\/\/feminissima.de\/index.php\/author\/admin\/"}]}},"jetpack_featured_media_url":"","_links":{"self":[{"href":"https:\/\/feminissima.de\/index.php\/wp-json\/wp\/v2\/posts\/83616","targetHints":{"allow":["GET"]}}],"collection":[{"href":"https:\/\/feminissima.de\/index.php\/wp-json\/wp\/v2\/posts"}],"about":[{"href":"https:\/\/feminissima.de\/index.php\/wp-json\/wp\/v2\/types\/post"}],"author":[{"embeddable":true,"href":"https:\/\/feminissima.de\/index.php\/wp-json\/wp\/v2\/users\/2"}],"replies":[{"embeddable":true,"href":"https:\/\/feminissima.de\/index.php\/wp-json\/wp\/v2\/comments?post=83616"}],"version-history":[{"count":0,"href":"https:\/\/feminissima.de\/index.php\/wp-json\/wp\/v2\/posts\/83616\/revisions"}],"wp:attachment":[{"href":"https:\/\/feminissima.de\/index.php\/wp-json\/wp\/v2\/media?parent=83616"}],"wp:term":[{"taxonomy":"category","embeddable":true,"href":"https:\/\/feminissima.de\/index.php\/wp-json\/wp\/v2\/categories?post=83616"},{"taxonomy":"post_tag","embeddable":true,"href":"https:\/\/feminissima.de\/index.php\/wp-json\/wp\/v2\/tags?post=83616"}],"curies":[{"name":"wp","href":"https:\/\/api.w.org\/{rel}","templated":true}]}}