{"id":83614,"date":"2005-03-02T08:15:15","date_gmt":"2005-03-02T08:15:15","guid":{"rendered":"http:\/\/www.feminissima.de\/?p=83614"},"modified":"2005-03-02T08:15:15","modified_gmt":"2005-03-02T08:15:15","slug":"attac-hartz-iv-am-ende","status":"publish","type":"post","link":"https:\/\/feminissima.de\/index.php\/2005\/03\/02\/attac-hartz-iv-am-ende\/","title":{"rendered":"Attac: HARTZ IV am Ende"},"content":{"rendered":"<p>Hier eine entsprechende Presse-Mitteilung von ATTAC:<br \/>Attac fordert Debatte um zukunftsweisende Reform<br \/>\n<br \/>\nder sozialen Sicherungssysteme \/ Abschied von der Vollbesch\u00e4ftigung &#8211; Hartz<br \/>\n<br \/>\nIV am Ende<\/p>\n<p>Attac Deutschland<br \/>\n<br \/>\nPressemitteilung<br \/>\n<br \/>\nFrankfurt, 1. M\u00e4rz 2005<\/p>\n<p>* Attac fordert Debatte um zukunftsweisende Reform der sozialen<br \/>\n<br \/>\nSicherungssysteme<br \/>\n<br \/>\n* Abschied von der Vollbesch\u00e4ftigung &#8211; Hartz IV am Ende<\/p>\n<p>Das globalisierungskritische Netzwerk Attac forderte heute in<br \/>\n<br \/>\nFrankfurt dazu auf, die Herausforderungen der neoliberalen<br \/>\n<br \/>\nGlobalisierung endlich ernst zu nehmen. &#8222;Wenn selbst nach<br \/>\n<br \/>\nAnsicht von Experten aus dem Umfeld der Bundesregierung<br \/>\n<br \/>\nVollbesch\u00e4ftigung in absehbarer Zukunft nicht mehr erreichbar<br \/>\n<br \/>\nsein wird, dann brauchen wir dringend eine Debatte um eine<br \/>\n<br \/>\nindividuelle Existenzsicherung mit oder ohne Arbeitseinkommen&#8220;,<br \/>\n<br \/>\nerkl\u00e4rte Johannes Beisiegel, Mitarbeiter im bundesweiten Attac-<br \/>\n<br \/>\nSchwerpunkt &#8222;Genug f\u00fcr alle&#8220;. Beisiegel weiter: &#8222;Von Arbeit muss<br \/>\n<br \/>\nman leben k\u00f6nnen. Ohne Arbeit auch.&#8220; Gegenw\u00e4rtig, das zeige<br \/>\n<br \/>\nsowohl die Entwicklung der Arbeitslosenzahlen wie die von Hartz IV,<br \/>\n<br \/>\nsei beides in Frage gestellt.<\/p>\n<p>Bisher wurde soziale Sicherung in Deutschland im Wesentlichen<br \/>\n<br \/>\n\u00fcber Erwerbsarbeit hergestellt. Wenn Arbeit diese Funktion nicht<br \/>\n<br \/>\nmehr erf\u00fclle, so Beisiegel, dann m\u00fcsse \u00fcber andere Instrumente<br \/>\n<br \/>\nnachgedacht werden. Nach Meinung von Attac kann sich deshalb die<br \/>\n<br \/>\nim M\u00e4rz laut Wirtschafts- und Arbeitsminister Wolfgang Clement<br \/>\n<br \/>\nanstehende erste Durchsicht des Hartz-Projektes dauerhaft nicht<br \/>\n<br \/>\nauf kleinere Nachbesserungen beschr\u00e4nken. Das stelle zwar notwendige<br \/>\n<br \/>\nSofortma\u00dfnahmen nicht in Abrede, aber langfristig sei ein<br \/>\n<br \/>\nbedingungsloses Grundeinkommen eine Notwendigkeit. Auch eine<br \/>\n<br \/>\nDiskussion dar\u00fcber, wie private Gewinne und Verm\u00f6gen zuk\u00fcnftig<br \/>\n<br \/>\nan der Finanzierung sozialer Sicherung beteiligt werden sollen,<br \/>\n<br \/>\nsei dringend notwendig.<\/p>\n<p>Attac fordert, sich innerhalb dieser Debatte in Deutschland und<br \/>\n<br \/>\nin der Europ\u00e4ischen Union verst\u00e4rkt folgenden Bereichen zu widmen:<br \/>\n<br \/>\n&#8211; Schlie\u00dfung der Steuerschlupfl\u00f6cher national und international;<br \/>\n<br \/>\n&#8211; Einheitliche Steuers\u00e4tze f\u00fcr Unternehmen in der EU;<br \/>\n<br \/>\n&#8211; Finanzierung der Sozialsysteme aus allen Einkommensquellen;<br \/>\n<br \/>\n&#8211; als Einstieg in eine Steuerreform die Umsetzung der Solidari-<br \/>\n<br \/>\nschen Einfachsteuer (SES), wie sie von Attac Deutschland und der<br \/>\n<br \/>\nGewerkschaft ver.di 2004 vorgestellt wurde.<\/p>\n<p>Kurzfristig w\u00e4ren angesichts der katastrophalen Zahlen folgende<br \/>\n<br \/>\nMa\u00dfnahmen n\u00f6tig:<br \/>\n<br \/>\n&#8211; Ersatz der 1-Euro-Jobs durch sozialversicherungspflichtige<br \/>\n<br \/>\n10-Euro-Jobs, die aus dem vorhandenen Programmmitteln finanziert<br \/>\n<br \/>\nwerden;<br \/>\n<br \/>\n&#8211; Deutliche Erh\u00f6hung der Zuverdienstm\u00f6glichkeiten bei Hartz IV<br \/>\n<br \/>\nund im SGB II;<br \/>\n<br \/>\n&#8211; Aufhebung des Arbeitszwangs im SGB II \/ Hartz IV und statt<br \/>\n<br \/>\ndessen bessere Qualifizierung und Betreuung der Betroffenen;<br \/>\n<br \/>\n&#8211; Arbeitszeitverk\u00fcrzungen und in einzelnen Branchen gesetzliche<br \/>\n<br \/>\nMindestl\u00f6hne.<\/p>\n<p>F\u00fcr Nachfragen:<br \/>\n<br \/>\n* Johannes Beisiegel, Tel. 0170 \/ 18 23 32 0<br \/>\n<br \/>\n* Jule Axmann, Tel. 069 \/ 900 281 44<\/p>\n<p><\/p>\n","protected":false},"excerpt":{"rendered":"<p>Hier eine entsprechende Presse-Mitteilung von ATTAC:<\/p>\n","protected":false},"author":2,"featured_media":0,"comment_status":"closed","ping_status":"closed","sticky":false,"template":"","format":"standard","meta":{"footnotes":""},"categories":[14],"tags":[],"class_list":["post-83614","post","type-post","status-publish","format-standard","hentry","category-fempolitik","entry"],"yoast_head":"<!-- This site is optimized with the Yoast SEO plugin v21.0 - https:\/\/yoast.com\/wordpress\/plugins\/seo\/ -->\n<title>Attac: HARTZ IV am Ende - Feminissima<\/title>\n<meta name=\"robots\" content=\"index, follow, max-snippet:-1, max-image-preview:large, max-video-preview:-1\" \/>\n<link rel=\"canonical\" href=\"https:\/\/feminissima.de\/index.php\/2005\/03\/02\/attac-hartz-iv-am-ende\/\" \/>\n<meta property=\"og:locale\" content=\"de_DE\" \/>\n<meta property=\"og:type\" content=\"article\" \/>\n<meta property=\"og:title\" content=\"Attac: HARTZ IV am Ende - Feminissima\" \/>\n<meta property=\"og:description\" content=\"Hier eine entsprechende Presse-Mitteilung von ATTAC:\" \/>\n<meta property=\"og:url\" content=\"https:\/\/feminissima.de\/index.php\/2005\/03\/02\/attac-hartz-iv-am-ende\/\" \/>\n<meta property=\"og:site_name\" content=\"Feminissima\" \/>\n<meta property=\"article:published_time\" content=\"2005-03-02T08:15:15+00:00\" \/>\n<meta name=\"author\" content=\"admin\" \/>\n<meta name=\"twitter:card\" content=\"summary_large_image\" \/>\n<meta name=\"twitter:label1\" content=\"Verfasst von\" \/>\n\t<meta name=\"twitter:data1\" content=\"admin\" \/>\n\t<meta name=\"twitter:label2\" content=\"Gesch\u00e4tzte Lesezeit\" \/>\n\t<meta name=\"twitter:data2\" content=\"2\u00a0Minuten\" \/>\n<script type=\"application\/ld+json\" class=\"yoast-schema-graph\">{\"@context\":\"https:\/\/schema.org\",\"@graph\":[{\"@type\":\"WebPage\",\"@id\":\"https:\/\/feminissima.de\/index.php\/2005\/03\/02\/attac-hartz-iv-am-ende\/\",\"url\":\"https:\/\/feminissima.de\/index.php\/2005\/03\/02\/attac-hartz-iv-am-ende\/\",\"name\":\"Attac: HARTZ IV am Ende - Feminissima\",\"isPartOf\":{\"@id\":\"https:\/\/feminissima.de\/#website\"},\"datePublished\":\"2005-03-02T08:15:15+00:00\",\"dateModified\":\"2005-03-02T08:15:15+00:00\",\"author\":{\"@id\":\"https:\/\/feminissima.de\/#\/schema\/person\/0b901e053624f88e7ecbea289d9d5128\"},\"breadcrumb\":{\"@id\":\"https:\/\/feminissima.de\/index.php\/2005\/03\/02\/attac-hartz-iv-am-ende\/#breadcrumb\"},\"inLanguage\":\"de\",\"potentialAction\":[{\"@type\":\"ReadAction\",\"target\":[\"https:\/\/feminissima.de\/index.php\/2005\/03\/02\/attac-hartz-iv-am-ende\/\"]}]},{\"@type\":\"BreadcrumbList\",\"@id\":\"https:\/\/feminissima.de\/index.php\/2005\/03\/02\/attac-hartz-iv-am-ende\/#breadcrumb\",\"itemListElement\":[{\"@type\":\"ListItem\",\"position\":1,\"name\":\"Startseite\",\"item\":\"https:\/\/feminissima.de\/\"},{\"@type\":\"ListItem\",\"position\":2,\"name\":\"Attac: HARTZ IV am Ende\"}]},{\"@type\":\"WebSite\",\"@id\":\"https:\/\/feminissima.de\/#website\",\"url\":\"https:\/\/feminissima.de\/\",\"name\":\"Feminissima\",\"description\":\"\",\"potentialAction\":[{\"@type\":\"SearchAction\",\"target\":{\"@type\":\"EntryPoint\",\"urlTemplate\":\"https:\/\/feminissima.de\/?s={search_term_string}\"},\"query-input\":\"required name=search_term_string\"}],\"inLanguage\":\"de\"},{\"@type\":\"Person\",\"@id\":\"https:\/\/feminissima.de\/#\/schema\/person\/0b901e053624f88e7ecbea289d9d5128\",\"name\":\"admin\",\"image\":{\"@type\":\"ImageObject\",\"inLanguage\":\"de\",\"@id\":\"https:\/\/feminissima.de\/#\/schema\/person\/image\/\",\"url\":\"https:\/\/secure.gravatar.com\/avatar\/8da1f51327453c0bf63338e8e2a791948b7d2ac19b68839492d1e69aac6924a8?s=96&d=mm&r=g\",\"contentUrl\":\"https:\/\/secure.gravatar.com\/avatar\/8da1f51327453c0bf63338e8e2a791948b7d2ac19b68839492d1e69aac6924a8?s=96&d=mm&r=g\",\"caption\":\"admin\"},\"url\":\"https:\/\/feminissima.de\/index.php\/author\/admin\/\"}]}<\/script>\n<!-- \/ Yoast SEO plugin. -->","yoast_head_json":{"title":"Attac: HARTZ IV am Ende - Feminissima","robots":{"index":"index","follow":"follow","max-snippet":"max-snippet:-1","max-image-preview":"max-image-preview:large","max-video-preview":"max-video-preview:-1"},"canonical":"https:\/\/feminissima.de\/index.php\/2005\/03\/02\/attac-hartz-iv-am-ende\/","og_locale":"de_DE","og_type":"article","og_title":"Attac: HARTZ IV am Ende - Feminissima","og_description":"Hier eine entsprechende Presse-Mitteilung von ATTAC:","og_url":"https:\/\/feminissima.de\/index.php\/2005\/03\/02\/attac-hartz-iv-am-ende\/","og_site_name":"Feminissima","article_published_time":"2005-03-02T08:15:15+00:00","author":"admin","twitter_card":"summary_large_image","twitter_misc":{"Verfasst von":"admin","Gesch\u00e4tzte Lesezeit":"2\u00a0Minuten"},"schema":{"@context":"https:\/\/schema.org","@graph":[{"@type":"WebPage","@id":"https:\/\/feminissima.de\/index.php\/2005\/03\/02\/attac-hartz-iv-am-ende\/","url":"https:\/\/feminissima.de\/index.php\/2005\/03\/02\/attac-hartz-iv-am-ende\/","name":"Attac: HARTZ IV am Ende - Feminissima","isPartOf":{"@id":"https:\/\/feminissima.de\/#website"},"datePublished":"2005-03-02T08:15:15+00:00","dateModified":"2005-03-02T08:15:15+00:00","author":{"@id":"https:\/\/feminissima.de\/#\/schema\/person\/0b901e053624f88e7ecbea289d9d5128"},"breadcrumb":{"@id":"https:\/\/feminissima.de\/index.php\/2005\/03\/02\/attac-hartz-iv-am-ende\/#breadcrumb"},"inLanguage":"de","potentialAction":[{"@type":"ReadAction","target":["https:\/\/feminissima.de\/index.php\/2005\/03\/02\/attac-hartz-iv-am-ende\/"]}]},{"@type":"BreadcrumbList","@id":"https:\/\/feminissima.de\/index.php\/2005\/03\/02\/attac-hartz-iv-am-ende\/#breadcrumb","itemListElement":[{"@type":"ListItem","position":1,"name":"Startseite","item":"https:\/\/feminissima.de\/"},{"@type":"ListItem","position":2,"name":"Attac: HARTZ IV am Ende"}]},{"@type":"WebSite","@id":"https:\/\/feminissima.de\/#website","url":"https:\/\/feminissima.de\/","name":"Feminissima","description":"","potentialAction":[{"@type":"SearchAction","target":{"@type":"EntryPoint","urlTemplate":"https:\/\/feminissima.de\/?s={search_term_string}"},"query-input":"required name=search_term_string"}],"inLanguage":"de"},{"@type":"Person","@id":"https:\/\/feminissima.de\/#\/schema\/person\/0b901e053624f88e7ecbea289d9d5128","name":"admin","image":{"@type":"ImageObject","inLanguage":"de","@id":"https:\/\/feminissima.de\/#\/schema\/person\/image\/","url":"https:\/\/secure.gravatar.com\/avatar\/8da1f51327453c0bf63338e8e2a791948b7d2ac19b68839492d1e69aac6924a8?s=96&d=mm&r=g","contentUrl":"https:\/\/secure.gravatar.com\/avatar\/8da1f51327453c0bf63338e8e2a791948b7d2ac19b68839492d1e69aac6924a8?s=96&d=mm&r=g","caption":"admin"},"url":"https:\/\/feminissima.de\/index.php\/author\/admin\/"}]}},"jetpack_featured_media_url":"","_links":{"self":[{"href":"https:\/\/feminissima.de\/index.php\/wp-json\/wp\/v2\/posts\/83614","targetHints":{"allow":["GET"]}}],"collection":[{"href":"https:\/\/feminissima.de\/index.php\/wp-json\/wp\/v2\/posts"}],"about":[{"href":"https:\/\/feminissima.de\/index.php\/wp-json\/wp\/v2\/types\/post"}],"author":[{"embeddable":true,"href":"https:\/\/feminissima.de\/index.php\/wp-json\/wp\/v2\/users\/2"}],"replies":[{"embeddable":true,"href":"https:\/\/feminissima.de\/index.php\/wp-json\/wp\/v2\/comments?post=83614"}],"version-history":[{"count":0,"href":"https:\/\/feminissima.de\/index.php\/wp-json\/wp\/v2\/posts\/83614\/revisions"}],"wp:attachment":[{"href":"https:\/\/feminissima.de\/index.php\/wp-json\/wp\/v2\/media?parent=83614"}],"wp:term":[{"taxonomy":"category","embeddable":true,"href":"https:\/\/feminissima.de\/index.php\/wp-json\/wp\/v2\/categories?post=83614"},{"taxonomy":"post_tag","embeddable":true,"href":"https:\/\/feminissima.de\/index.php\/wp-json\/wp\/v2\/tags?post=83614"}],"curies":[{"name":"wp","href":"https:\/\/api.w.org\/{rel}","templated":true}]}}