{"id":83613,"date":"2005-03-02T07:58:55","date_gmt":"2005-03-02T07:58:55","guid":{"rendered":"http:\/\/www.feminissima.de\/?p=83613"},"modified":"2005-03-02T07:58:55","modified_gmt":"2005-03-02T07:58:55","slug":"foerderung-junger-tumorforscher","status":"publish","type":"post","link":"https:\/\/feminissima.de\/index.php\/2005\/03\/02\/foerderung-junger-tumorforscher\/","title":{"rendered":"F\u00f6rderung junger Tumorforscher"},"content":{"rendered":"<p>Nachwuchs-Forscher-F\u00f6rderung&#8230;bei der Deutschen Krebshilfe: DAS WIRD AUCH ZEIT, oder? Sonst wandern doch alle jungen Forscher nach ihrer Promotion in die USA&#8230;weil hierzulande zwar viel \u00fcber die F\u00f6rderung der Forschung geredet wird, vor allem, wenn Wahlen anstehen, aber ansonsten wenig getan wird. Die DEUTSCHE KREBSHILFE hat viel zu lange zu WENIG FORSCHUNG GEF\u00d6RDERT. Sondern in die APPARATE-Medizin investiert&#8230;und in die Pharma&#8230;Industrie..????\/ Quelle der Meldung ist der Informationsdienst Wissenschaft e.V.<br \/>Nachwuchsf\u00f6rderung der Deutschen &#8230;<br \/>\n<br \/>\nNachwuchsf\u00f6rderung der Deutschen Krebshilfe<br \/>\n<br \/>\nVer\u00f6ffentlicht am:  01.03.2005 <\/p>\n<p>Ver\u00f6ffentlicht von:  Dr. med. Eva M. Kalbheim<br \/>\n<br \/>\nDeutsche Krebshilfe e. V. <\/p>\n<p>Kategorie:  \u00fcberregional<br \/>\n<br \/>\nwissenschaftliche Tagungen<br \/>\n<br \/>\nMedizin und Gesundheitswissenschaften <\/p>\n<p>Unterst\u00fctzung f\u00fcr junge Krebsforscher in Deutschland<\/p>\n<p>Bonn (ek) &#8211; 20 junge Krebsforscher aus der ganzen Bundesrepublik trafen sich vom 28. Februar bis zum 1. M\u00e4rz 2005 in Bonn, um im Rahmen eines Nachwuchswissenschaftlertreffens der Deutschen Krebshilfe \u00fcber ihre Zukunftsperspektiven zu diskutieren. &#8222;Die jungen K\u00f6pfe sind unser Kapital&#8220;, so Professor Dr. Otmar Wiestler, Vorsitzender des Fachausschusses &#8218;Nachwuchsf\u00f6rderung&#8216; und des Beirats &#8218;Krebshilfe-Organisationen&#8216;. Die Organisation ist der wichtigste private Geldgeber in der deutschen Krebsforschung und steuert ihre Nachwuchsf\u00f6rderung \u00fcber einen im vergangenen Jahr neu eingerichteten Fachausschuss. <\/p>\n<p>&#8222;Ohne die Unterst\u00fctzung durch die Deutsche Krebshilfe w\u00e4re ich nach meiner Postdoktorandenzeit sicherlich in den USA geblieben&#8220;, so Dr. Ines G\u00fctgemann, 36, von der Universit\u00e4t Bonn. Sie leitet eine Arbeitsgruppe, die im Bereich Leberkrebs forscht und im Rahmen des Max-Eder-Nachwuchsgruppenprogramms von der Deutschen Krebshilfe gef\u00f6rdert wird. Ziel des Max-Eder-Programms ist es, engagierten jungen \u00c4rzten nach einem Auslandsaufenthalt den Aufbau einer wissenschaftlichen Arbeitsgruppe an einer deutschen Universit\u00e4tsklinik zu erm\u00f6glichen. Mit diesem Programm steuert die Organisation auch dem so genannten &#8222;Brain Drain&#8220; entgegen, also dem Abwandern der besten Forscher aus Deutschland. Denn seit einigen Jahren zeichnet sich ab, dass durch die knappen \u00f6ffentlichen Gelder immer mehr hoch qualifizierte Wissenschaftler in Deutschland keine ad\u00e4quaten Entwicklungsm\u00f6glichkeiten mehr finden. <\/p>\n<p>Aber auch f\u00fcr besonders ambitionierte \u00c4rzte und Wissenschaftler, die sich nach ihrer Promotion in der Krebsforschung und -medizin spezialisieren m\u00f6chten, h\u00e4lt die Deutsche Krebshilfe ein F\u00f6rderprogramm bereit: das Mildred-Scheel-Stipendienprogramm. &#8222;Ich war f\u00fcr zwei Jahre in Bethesda\/USA auf dem Gebiet der Tumorimmunologie t\u00e4tig und habe Methoden erlernt, die in Deutschland noch nicht so verbreitet sind&#8220;, berichtet Dr. Matthias Grube, 34, der an die Universit\u00e4t Regensburg zur\u00fcckgekehrt ist. Das Stipendienprogramm wurde bereits 1977 ins Leben gerufen und unterst\u00fctzte bislang mehr als 440 junge Mediziner und Biologen. <\/p>\n<p>&#8222;In unserem Fachausschuss &#8218;Nachwuchsf\u00f6rderung&#8216; denken wir intensiv dar\u00fcber nach, in welchen Bereichen weiterer Handlungsbedarf besteht&#8220;, erl\u00e4utert Professor Wiestler. &#8222;Gerade f\u00fcr junge Frauen m\u00fcssen wir mehr tun: Viele von ihnen haben eine sehr gute Ausbildung, k\u00f6nnen aber \u00e4rztliche\/wissenschaftliche Fortentwicklung und Familiengr\u00fcndung nur schlecht vereinbaren.&#8220; Die Deutsche Krebshilfe ist die erste F\u00f6rderorganisation, die hier \u00fcber konkrete Hilfsm\u00f6glichkeiten nachdenkt und derzeit ein entsprechendes Konzept erarbeitet. <\/p>\n<p>Beim Nachwuchswissenschaftlertreffen in Bonn stand der Erfahrungsaustausch im Vordergrund: Auf den Feldern Immuntherapie, Gentherapie, H\u00e4matologie und Signal\u00fcbertragung diskutierten die jungen Experten angeregt mit f\u00fchrenden Meinungsbildnern der deutschen Forschungslandschaft. &#8222;Die Nachwuchsf\u00f6rderprogramme sind f\u00fcr uns eine einmalige Chance&#8220;, res\u00fcmierte Dr. Nisar Malek, 36, aus Hannover. &#8222;Die Deutsche Krebshilfe ist f\u00fcr uns alle unverzichtbar.&#8220; Die Organisation sieht die medizinisch\/wissenschaftliche Nachwuchsf\u00f6rderung als eine ihrer wichtigsten Aufgaben an, um weitere Verbesserungen in der Versorgung krebskranker Menschen zu erreichen. Sie finanziert all ihre Aktivit\u00e4ten ausschlie\u00dflich aus Spendengeldern engagierter B\u00fcrger.<\/p>\n<p>Infokasten &#8222;Max-Eder-Nachwuchsgruppenprogramm&#8220;<br \/>\n<br \/>\nMax Eder: ein Pionier der Deutschen Krebshilfe<br \/>\n<br \/>\nProfessor Dr. Max Eder war der Deutschen Krebshilfe von der ersten Stunde an ein Mitstreiter und loyaler Partner. Trotz seines starken beruflichen Engagements als Direktor des Pathologischen Instituts der Ludwig-Maximilians-Universit\u00e4t in M\u00fcnchen war er lange Jahre Vorsitzender des ehemaligen Medizinischen und des Wissenschaftlichen Beirates der Deutschen Krebshilfe. Seine menschliche W\u00e4rme, seine pers\u00f6nliche Integrit\u00e4t und seine \u00fcberragende fachliche Kompetenz pr\u00e4gten das Gesicht der Organisation entscheidend. 1998 verstarb Professor Eder im Alter von 73 Jahren. <\/p>\n","protected":false},"excerpt":{"rendered":"<p>Nachwuchs-Forscher-F\u00f6rderung&#8230;bei der Deutschen Krebshilfe: DAS WIRD AUCH ZEIT, oder? Sonst wandern doch alle jungen Forscher nach ihrer Promotion in die USA&#8230;weil hierzulande zwar viel \u00fcber die F\u00f6rderung der Forschung geredet wird, vor allem, wenn Wahlen anstehen, aber ansonsten wenig getan wird. Die DEUTSCHE KREBSHILFE hat viel zu lange zu WENIG FORSCHUNG GEF\u00d6RDERT. Sondern in die APPARATE-Medizin investiert&#8230;und in die Pharma&#8230;Industrie..????\/ Quelle der Meldung ist der Informationsdienst Wissenschaft e.V.<\/p>\n","protected":false},"author":2,"featured_media":0,"comment_status":"closed","ping_status":"closed","sticky":false,"template":"","format":"standard","meta":{"footnotes":""},"categories":[7],"tags":[],"class_list":["post-83613","post","type-post","status-publish","format-standard","hentry","category-femberuf","entry"],"yoast_head":"<!-- This site is optimized with the Yoast SEO plugin v21.0 - https:\/\/yoast.com\/wordpress\/plugins\/seo\/ -->\n<title>F\u00f6rderung junger Tumorforscher - Feminissima<\/title>\n<meta name=\"robots\" content=\"index, follow, max-snippet:-1, max-image-preview:large, max-video-preview:-1\" \/>\n<link rel=\"canonical\" href=\"https:\/\/feminissima.de\/index.php\/2005\/03\/02\/foerderung-junger-tumorforscher\/\" \/>\n<meta property=\"og:locale\" content=\"de_DE\" \/>\n<meta property=\"og:type\" content=\"article\" \/>\n<meta property=\"og:title\" content=\"F\u00f6rderung junger Tumorforscher - Feminissima\" \/>\n<meta property=\"og:description\" content=\"Nachwuchs-Forscher-F\u00f6rderung...bei der Deutschen Krebshilfe: DAS WIRD AUCH ZEIT, oder? Sonst wandern doch alle jungen Forscher nach ihrer Promotion in die USA...weil hierzulande zwar viel \u00fcber die F\u00f6rderung der Forschung geredet wird, vor allem, wenn Wahlen anstehen, aber ansonsten wenig getan wird. Die DEUTSCHE KREBSHILFE hat viel zu lange zu WENIG FORSCHUNG GEF\u00d6RDERT. Sondern in die APPARATE-Medizin investiert...und in die Pharma...Industrie..????\/ Quelle der Meldung ist der Informationsdienst Wissenschaft e.V.\" \/>\n<meta property=\"og:url\" content=\"https:\/\/feminissima.de\/index.php\/2005\/03\/02\/foerderung-junger-tumorforscher\/\" \/>\n<meta property=\"og:site_name\" content=\"Feminissima\" \/>\n<meta property=\"article:published_time\" content=\"2005-03-02T07:58:55+00:00\" \/>\n<meta name=\"author\" content=\"admin\" \/>\n<meta name=\"twitter:card\" content=\"summary_large_image\" \/>\n<meta name=\"twitter:label1\" content=\"Verfasst von\" \/>\n\t<meta name=\"twitter:data1\" content=\"admin\" \/>\n\t<meta name=\"twitter:label2\" content=\"Gesch\u00e4tzte Lesezeit\" \/>\n\t<meta name=\"twitter:data2\" content=\"3\u00a0Minuten\" \/>\n<script type=\"application\/ld+json\" class=\"yoast-schema-graph\">{\"@context\":\"https:\/\/schema.org\",\"@graph\":[{\"@type\":\"WebPage\",\"@id\":\"https:\/\/feminissima.de\/index.php\/2005\/03\/02\/foerderung-junger-tumorforscher\/\",\"url\":\"https:\/\/feminissima.de\/index.php\/2005\/03\/02\/foerderung-junger-tumorforscher\/\",\"name\":\"F\u00f6rderung junger Tumorforscher - Feminissima\",\"isPartOf\":{\"@id\":\"https:\/\/feminissima.de\/#website\"},\"datePublished\":\"2005-03-02T07:58:55+00:00\",\"dateModified\":\"2005-03-02T07:58:55+00:00\",\"author\":{\"@id\":\"https:\/\/feminissima.de\/#\/schema\/person\/0b901e053624f88e7ecbea289d9d5128\"},\"breadcrumb\":{\"@id\":\"https:\/\/feminissima.de\/index.php\/2005\/03\/02\/foerderung-junger-tumorforscher\/#breadcrumb\"},\"inLanguage\":\"de\",\"potentialAction\":[{\"@type\":\"ReadAction\",\"target\":[\"https:\/\/feminissima.de\/index.php\/2005\/03\/02\/foerderung-junger-tumorforscher\/\"]}]},{\"@type\":\"BreadcrumbList\",\"@id\":\"https:\/\/feminissima.de\/index.php\/2005\/03\/02\/foerderung-junger-tumorforscher\/#breadcrumb\",\"itemListElement\":[{\"@type\":\"ListItem\",\"position\":1,\"name\":\"Startseite\",\"item\":\"https:\/\/feminissima.de\/\"},{\"@type\":\"ListItem\",\"position\":2,\"name\":\"F\u00f6rderung junger Tumorforscher\"}]},{\"@type\":\"WebSite\",\"@id\":\"https:\/\/feminissima.de\/#website\",\"url\":\"https:\/\/feminissima.de\/\",\"name\":\"Feminissima\",\"description\":\"\",\"potentialAction\":[{\"@type\":\"SearchAction\",\"target\":{\"@type\":\"EntryPoint\",\"urlTemplate\":\"https:\/\/feminissima.de\/?s={search_term_string}\"},\"query-input\":\"required name=search_term_string\"}],\"inLanguage\":\"de\"},{\"@type\":\"Person\",\"@id\":\"https:\/\/feminissima.de\/#\/schema\/person\/0b901e053624f88e7ecbea289d9d5128\",\"name\":\"admin\",\"image\":{\"@type\":\"ImageObject\",\"inLanguage\":\"de\",\"@id\":\"https:\/\/feminissima.de\/#\/schema\/person\/image\/\",\"url\":\"https:\/\/secure.gravatar.com\/avatar\/8da1f51327453c0bf63338e8e2a791948b7d2ac19b68839492d1e69aac6924a8?s=96&d=mm&r=g\",\"contentUrl\":\"https:\/\/secure.gravatar.com\/avatar\/8da1f51327453c0bf63338e8e2a791948b7d2ac19b68839492d1e69aac6924a8?s=96&d=mm&r=g\",\"caption\":\"admin\"},\"url\":\"https:\/\/feminissima.de\/index.php\/author\/admin\/\"}]}<\/script>\n<!-- \/ Yoast SEO plugin. -->","yoast_head_json":{"title":"F\u00f6rderung junger Tumorforscher - Feminissima","robots":{"index":"index","follow":"follow","max-snippet":"max-snippet:-1","max-image-preview":"max-image-preview:large","max-video-preview":"max-video-preview:-1"},"canonical":"https:\/\/feminissima.de\/index.php\/2005\/03\/02\/foerderung-junger-tumorforscher\/","og_locale":"de_DE","og_type":"article","og_title":"F\u00f6rderung junger Tumorforscher - Feminissima","og_description":"Nachwuchs-Forscher-F\u00f6rderung...bei der Deutschen Krebshilfe: DAS WIRD AUCH ZEIT, oder? Sonst wandern doch alle jungen Forscher nach ihrer Promotion in die USA...weil hierzulande zwar viel \u00fcber die F\u00f6rderung der Forschung geredet wird, vor allem, wenn Wahlen anstehen, aber ansonsten wenig getan wird. Die DEUTSCHE KREBSHILFE hat viel zu lange zu WENIG FORSCHUNG GEF\u00d6RDERT. Sondern in die APPARATE-Medizin investiert...und in die Pharma...Industrie..????\/ Quelle der Meldung ist der Informationsdienst Wissenschaft e.V.","og_url":"https:\/\/feminissima.de\/index.php\/2005\/03\/02\/foerderung-junger-tumorforscher\/","og_site_name":"Feminissima","article_published_time":"2005-03-02T07:58:55+00:00","author":"admin","twitter_card":"summary_large_image","twitter_misc":{"Verfasst von":"admin","Gesch\u00e4tzte Lesezeit":"3\u00a0Minuten"},"schema":{"@context":"https:\/\/schema.org","@graph":[{"@type":"WebPage","@id":"https:\/\/feminissima.de\/index.php\/2005\/03\/02\/foerderung-junger-tumorforscher\/","url":"https:\/\/feminissima.de\/index.php\/2005\/03\/02\/foerderung-junger-tumorforscher\/","name":"F\u00f6rderung junger Tumorforscher - Feminissima","isPartOf":{"@id":"https:\/\/feminissima.de\/#website"},"datePublished":"2005-03-02T07:58:55+00:00","dateModified":"2005-03-02T07:58:55+00:00","author":{"@id":"https:\/\/feminissima.de\/#\/schema\/person\/0b901e053624f88e7ecbea289d9d5128"},"breadcrumb":{"@id":"https:\/\/feminissima.de\/index.php\/2005\/03\/02\/foerderung-junger-tumorforscher\/#breadcrumb"},"inLanguage":"de","potentialAction":[{"@type":"ReadAction","target":["https:\/\/feminissima.de\/index.php\/2005\/03\/02\/foerderung-junger-tumorforscher\/"]}]},{"@type":"BreadcrumbList","@id":"https:\/\/feminissima.de\/index.php\/2005\/03\/02\/foerderung-junger-tumorforscher\/#breadcrumb","itemListElement":[{"@type":"ListItem","position":1,"name":"Startseite","item":"https:\/\/feminissima.de\/"},{"@type":"ListItem","position":2,"name":"F\u00f6rderung junger Tumorforscher"}]},{"@type":"WebSite","@id":"https:\/\/feminissima.de\/#website","url":"https:\/\/feminissima.de\/","name":"Feminissima","description":"","potentialAction":[{"@type":"SearchAction","target":{"@type":"EntryPoint","urlTemplate":"https:\/\/feminissima.de\/?s={search_term_string}"},"query-input":"required name=search_term_string"}],"inLanguage":"de"},{"@type":"Person","@id":"https:\/\/feminissima.de\/#\/schema\/person\/0b901e053624f88e7ecbea289d9d5128","name":"admin","image":{"@type":"ImageObject","inLanguage":"de","@id":"https:\/\/feminissima.de\/#\/schema\/person\/image\/","url":"https:\/\/secure.gravatar.com\/avatar\/8da1f51327453c0bf63338e8e2a791948b7d2ac19b68839492d1e69aac6924a8?s=96&d=mm&r=g","contentUrl":"https:\/\/secure.gravatar.com\/avatar\/8da1f51327453c0bf63338e8e2a791948b7d2ac19b68839492d1e69aac6924a8?s=96&d=mm&r=g","caption":"admin"},"url":"https:\/\/feminissima.de\/index.php\/author\/admin\/"}]}},"jetpack_featured_media_url":"","_links":{"self":[{"href":"https:\/\/feminissima.de\/index.php\/wp-json\/wp\/v2\/posts\/83613","targetHints":{"allow":["GET"]}}],"collection":[{"href":"https:\/\/feminissima.de\/index.php\/wp-json\/wp\/v2\/posts"}],"about":[{"href":"https:\/\/feminissima.de\/index.php\/wp-json\/wp\/v2\/types\/post"}],"author":[{"embeddable":true,"href":"https:\/\/feminissima.de\/index.php\/wp-json\/wp\/v2\/users\/2"}],"replies":[{"embeddable":true,"href":"https:\/\/feminissima.de\/index.php\/wp-json\/wp\/v2\/comments?post=83613"}],"version-history":[{"count":0,"href":"https:\/\/feminissima.de\/index.php\/wp-json\/wp\/v2\/posts\/83613\/revisions"}],"wp:attachment":[{"href":"https:\/\/feminissima.de\/index.php\/wp-json\/wp\/v2\/media?parent=83613"}],"wp:term":[{"taxonomy":"category","embeddable":true,"href":"https:\/\/feminissima.de\/index.php\/wp-json\/wp\/v2\/categories?post=83613"},{"taxonomy":"post_tag","embeddable":true,"href":"https:\/\/feminissima.de\/index.php\/wp-json\/wp\/v2\/tags?post=83613"}],"curies":[{"name":"wp","href":"https:\/\/api.w.org\/{rel}","templated":true}]}}