{"id":83610,"date":"2005-02-28T23:49:11","date_gmt":"2005-02-28T23:49:11","guid":{"rendered":"http:\/\/www.feminissima.de\/?p=83610"},"modified":"2005-02-28T23:49:11","modified_gmt":"2005-02-28T23:49:11","slug":"seitenblicke-neue-austria-yellow-zeitschrift-u-a","status":"publish","type":"post","link":"https:\/\/feminissima.de\/index.php\/2005\/02\/28\/seitenblicke-neue-austria-yellow-zeitschrift-u-a\/","title":{"rendered":"&#8222;Seitenblicke&#8220; neue Austria-Yellow-Zeitschrift u.a."},"content":{"rendered":"<p>Die neuesten Print-Menschen-&#038; Medientrends: <\/p>\n<p>quelle welt-online:Menschen und Medien<\/p>\n<p>\nDas Auftreten der neuesten Zeitschriftengr\u00fcndung pa\u00dft zum Geldgeber dahinter: als &#8222;\u00d6sterreichs charmantestes und aktuellestes und bestes People-Magazin&#8220; bezeichnet sich &#8222;Seitenblicke&#8220; in seiner ersten Ausgabe. Das Heft wurde konzipiert von Christian K\u00e4mmerling (fr\u00fcher &#8222;SZ&#8220;-Magazin), Christian Seiler, Ex-Chefredakteur der Kulturzeitschrift &#8222;Du&#8220; und Alex Wiederin (Creative Director der italienischen &#8222;Glamour&#8220;). Mitte 2004 hatte der Red-Bull-Erfinder Dietrich Mateschitz 80 Prozent des Seitenblicke Verlag \u00fcbernommen und nun f\u00fcr das Heft kr\u00e4ftig eingekauft (etwa Helge Timmerberg als Textchef). Herausgekommen ist eine Punk-Version der &#8222;Bunte&#8220;, die das Medienmagazin &#8222;V.i.S.d.P.&#8220; ebenso wie die US-Bl\u00e4tter &#8222;Us&#8220; und &#8222;Star&#8220; zitiert. Man ahnte kaum, da\u00df &#8222;PeopleJournalismus&#8220; so sexy aussehen kann. Obwohl sich auch ein T.C. Boyle-Interview in der ersten Ausgabe findet, geht es dem Blatt vor allem um das eine: &#8222;Ein Star nach dem anderen wird hochgekocht&#8220; (K\u00e4mmerling). <\/p>\n<p>\nDas Kurz-Comeback der Woche hatte Josef Andorfer. Der gescha\u00dfte RTL-2-Chef spazierte am Donnerstag wieder beim M\u00fcnchner Sender durch die T\u00fcr, den er laut dem Willen der Gesellschafter RTL Group und Tele M\u00fcnchen nicht mehr leiten soll. Andorfer konnte eine einstweilige Verf\u00fcgung gegen die K\u00fcndigung erwirken und mu\u00dfte nun sichtbar machen, da\u00df es ihm mit der Klage ernst ist. Es geht bei dem Spiel um die H\u00f6he der Abfindung. Da\u00df Andorfer als Senderchef Vergangenheit ist, wurde mittlerweile auf einer zweiten Gesellschafterversammlung bekr\u00e4ftigt, auch wenn sich Burda-Mann Helmut Markwort weiter gegen die K\u00fcndigung ausspricht. Wenn es sein m\u00fcsse, hei\u00dft es im Gesellschafterkreis, beschlie\u00dfe man den Rauswurf auch ein drittes Mal. Im &#8222;Big Brother&#8220;-Sender werden eben auch Entlassungen gut inszeniert. <\/p>\n<p>\n20 Millionen Euro will Gruner+Jahr in den kommenden zwei Jahren sparen. Vor allem bei der Cash-Cow &#8222;Stern&#8220; sieht Vorstand Bernd Buchholz noch Potential. \u00dcberraschend ist das nicht &#8211; nat\u00fcrlich m\u00fcssen alle Verlage genau auf ihre Kosten schauen. Am Hamburger Baumwall ist man wegen der schlechten Presse ein wenig verschnupft &#8211; vor der Jahrespressekonferenz am 18. M\u00e4rz sind solche &#8222;bad news&#8220; nicht erw\u00fcnscht. Und G+J-Chef Bernd Kundrun wird kaum zum gro\u00dfen Gegenschlag ausholen k\u00f6nnen.<\/p>\n<p> Neue Projekte wie eine &#8222;Upmarket-Frauenzeitschrift&#8220; (Ex-&#8222;Glamour&#8220;-Chefin Bettina W\u00fcndrich arbeitet sich seit Monatsanfang in M\u00fcnchen ein) und das Wissensmagazin &#8222;Galileo&#8220; sind noch nicht spruchreif. <\/p>\n<p>\nBeim Mitbewerber Cond\u00e9 Nast trommelt man dagegen um so lauter.<br \/>\n<br \/>\nDas exklusive (&#8222;Vogue&#8220;, &#8222;GQ&#8220;), aber schmale Portfolio soll um einen monatlichen Frauentitel erweitert werden.<br \/>\n<br \/>\nChefredakteurin ist Sabine Hofmann (&#8222;F\u00fcr Sie&#8220;). <\/p>\n<p>Deutlich people-lastiger d\u00fcrfte Bauers &#8222;In Touch&#8220; werden, die Adaption eines US-Erfolgstitels. Nachdem die Entwicklungsredaktion in K\u00f6ln ihre Zelte abgebrochen hat, wird nun unter Regie von Marc Werthmann in Hamburg weitergebastelt. <\/p>\n<p>\nViele Neueinsteiger in der Liste der 100 &#8222;besten und wichtigsten&#8220; deutschen Zeitschriften, ermittelt von der LeadAcademy f\u00fcr Mediendesign und Medienmarketing.<\/p>\n<p> &#8222;Cicero&#8220; (Ringier) steigt gleich auf Platz 6 ein, &#8222;Neon&#8220; (G+J) auf 17, gefolgt von den Independent-Bl\u00e4ttern &#8222;Monopol&#8220; (26), &#8222;Dummy&#8220; (39) und der Springer-Viertelsjahresschrift &#8222;Der Freund&#8220; (48). <\/p>\n<p>Gefragt waren \u00fcber 2000 Entscheider. <\/p>\n<p>Zwei unangenehme Pillen mu\u00df der Ex-Trendsetter Milchstra\u00dfe schlucken:<br \/>\n<br \/>\n&#8222;Max&#8220; st\u00fcrzt von Platz 27 auf 50,<br \/>\n<br \/>\n&#8222;Amica&#8220; gar von 37 auf 95.<br \/>\n<br \/>\nViel Arbeit f\u00fcr &#8222;Bunte&#8220;-Chefin Patricia Riekel, unter deren F\u00fchrung die Frauenzeitschrift weiterleben darf. <\/p>\n<p>Was sind die Trends? <\/p>\n<p>&#8222;Inhalte z\u00e4hlen in Deutschland immer noch mehr als die Gestaltung&#8220;, <\/p>\n<p>sagt LeadAcademy-Vorstand Lo Breier. <\/p>\n<p>Bester Beweis &#8211; der &#8222;Spiegel&#8220; h\u00e4lt den ersten Platz vor &#8222;Mare&#8220; und &#8222;brand eins&#8220;. <\/p>\n<p>\nArtikel erschienen am 27. Februar 2005<\/p>\n<p><\/p>\n","protected":false},"excerpt":{"rendered":"<p>Die neuesten Print-Menschen-&#038; Medientrends:<br \/><\/p>\n","protected":false},"author":2,"featured_media":0,"comment_status":"closed","ping_status":"closed","sticky":false,"template":"","format":"standard","meta":{"footnotes":""},"categories":[13],"tags":[],"class_list":["post-83610","post","type-post","status-publish","format-standard","hentry","category-femmedien","entry"],"yoast_head":"<!-- This site is optimized with the Yoast SEO plugin v21.0 - https:\/\/yoast.com\/wordpress\/plugins\/seo\/ -->\n<title>&quot;Seitenblicke&quot; neue Austria-Yellow-Zeitschrift u.a. - Feminissima<\/title>\n<meta name=\"robots\" content=\"index, follow, max-snippet:-1, max-image-preview:large, max-video-preview:-1\" \/>\n<link rel=\"canonical\" href=\"https:\/\/feminissima.de\/index.php\/2005\/02\/28\/seitenblicke-neue-austria-yellow-zeitschrift-u-a\/\" \/>\n<meta property=\"og:locale\" content=\"de_DE\" \/>\n<meta property=\"og:type\" content=\"article\" \/>\n<meta property=\"og:title\" content=\"&quot;Seitenblicke&quot; neue Austria-Yellow-Zeitschrift u.a. - Feminissima\" \/>\n<meta property=\"og:description\" content=\"Die neuesten Print-Menschen-&amp; Medientrends:\" \/>\n<meta property=\"og:url\" content=\"https:\/\/feminissima.de\/index.php\/2005\/02\/28\/seitenblicke-neue-austria-yellow-zeitschrift-u-a\/\" \/>\n<meta property=\"og:site_name\" content=\"Feminissima\" \/>\n<meta property=\"article:published_time\" content=\"2005-02-28T23:49:11+00:00\" \/>\n<meta name=\"author\" content=\"admin\" \/>\n<meta name=\"twitter:card\" content=\"summary_large_image\" \/>\n<meta name=\"twitter:label1\" content=\"Verfasst von\" \/>\n\t<meta name=\"twitter:data1\" content=\"admin\" \/>\n\t<meta name=\"twitter:label2\" content=\"Gesch\u00e4tzte Lesezeit\" \/>\n\t<meta name=\"twitter:data2\" content=\"3\u00a0Minuten\" \/>\n<script type=\"application\/ld+json\" class=\"yoast-schema-graph\">{\"@context\":\"https:\/\/schema.org\",\"@graph\":[{\"@type\":\"WebPage\",\"@id\":\"https:\/\/feminissima.de\/index.php\/2005\/02\/28\/seitenblicke-neue-austria-yellow-zeitschrift-u-a\/\",\"url\":\"https:\/\/feminissima.de\/index.php\/2005\/02\/28\/seitenblicke-neue-austria-yellow-zeitschrift-u-a\/\",\"name\":\"\\\"Seitenblicke\\\" neue Austria-Yellow-Zeitschrift u.a. - Feminissima\",\"isPartOf\":{\"@id\":\"https:\/\/feminissima.de\/#website\"},\"datePublished\":\"2005-02-28T23:49:11+00:00\",\"dateModified\":\"2005-02-28T23:49:11+00:00\",\"author\":{\"@id\":\"https:\/\/feminissima.de\/#\/schema\/person\/0b901e053624f88e7ecbea289d9d5128\"},\"breadcrumb\":{\"@id\":\"https:\/\/feminissima.de\/index.php\/2005\/02\/28\/seitenblicke-neue-austria-yellow-zeitschrift-u-a\/#breadcrumb\"},\"inLanguage\":\"de\",\"potentialAction\":[{\"@type\":\"ReadAction\",\"target\":[\"https:\/\/feminissima.de\/index.php\/2005\/02\/28\/seitenblicke-neue-austria-yellow-zeitschrift-u-a\/\"]}]},{\"@type\":\"BreadcrumbList\",\"@id\":\"https:\/\/feminissima.de\/index.php\/2005\/02\/28\/seitenblicke-neue-austria-yellow-zeitschrift-u-a\/#breadcrumb\",\"itemListElement\":[{\"@type\":\"ListItem\",\"position\":1,\"name\":\"Startseite\",\"item\":\"https:\/\/feminissima.de\/\"},{\"@type\":\"ListItem\",\"position\":2,\"name\":\"&#8222;Seitenblicke&#8220; neue Austria-Yellow-Zeitschrift u.a.\"}]},{\"@type\":\"WebSite\",\"@id\":\"https:\/\/feminissima.de\/#website\",\"url\":\"https:\/\/feminissima.de\/\",\"name\":\"Feminissima\",\"description\":\"\",\"potentialAction\":[{\"@type\":\"SearchAction\",\"target\":{\"@type\":\"EntryPoint\",\"urlTemplate\":\"https:\/\/feminissima.de\/?s={search_term_string}\"},\"query-input\":\"required name=search_term_string\"}],\"inLanguage\":\"de\"},{\"@type\":\"Person\",\"@id\":\"https:\/\/feminissima.de\/#\/schema\/person\/0b901e053624f88e7ecbea289d9d5128\",\"name\":\"admin\",\"image\":{\"@type\":\"ImageObject\",\"inLanguage\":\"de\",\"@id\":\"https:\/\/feminissima.de\/#\/schema\/person\/image\/\",\"url\":\"https:\/\/secure.gravatar.com\/avatar\/8da1f51327453c0bf63338e8e2a791948b7d2ac19b68839492d1e69aac6924a8?s=96&d=mm&r=g\",\"contentUrl\":\"https:\/\/secure.gravatar.com\/avatar\/8da1f51327453c0bf63338e8e2a791948b7d2ac19b68839492d1e69aac6924a8?s=96&d=mm&r=g\",\"caption\":\"admin\"},\"url\":\"https:\/\/feminissima.de\/index.php\/author\/admin\/\"}]}<\/script>\n<!-- \/ Yoast SEO plugin. -->","yoast_head_json":{"title":"\"Seitenblicke\" neue Austria-Yellow-Zeitschrift u.a. - Feminissima","robots":{"index":"index","follow":"follow","max-snippet":"max-snippet:-1","max-image-preview":"max-image-preview:large","max-video-preview":"max-video-preview:-1"},"canonical":"https:\/\/feminissima.de\/index.php\/2005\/02\/28\/seitenblicke-neue-austria-yellow-zeitschrift-u-a\/","og_locale":"de_DE","og_type":"article","og_title":"\"Seitenblicke\" neue Austria-Yellow-Zeitschrift u.a. - Feminissima","og_description":"Die neuesten Print-Menschen-& Medientrends:","og_url":"https:\/\/feminissima.de\/index.php\/2005\/02\/28\/seitenblicke-neue-austria-yellow-zeitschrift-u-a\/","og_site_name":"Feminissima","article_published_time":"2005-02-28T23:49:11+00:00","author":"admin","twitter_card":"summary_large_image","twitter_misc":{"Verfasst von":"admin","Gesch\u00e4tzte Lesezeit":"3\u00a0Minuten"},"schema":{"@context":"https:\/\/schema.org","@graph":[{"@type":"WebPage","@id":"https:\/\/feminissima.de\/index.php\/2005\/02\/28\/seitenblicke-neue-austria-yellow-zeitschrift-u-a\/","url":"https:\/\/feminissima.de\/index.php\/2005\/02\/28\/seitenblicke-neue-austria-yellow-zeitschrift-u-a\/","name":"\"Seitenblicke\" neue Austria-Yellow-Zeitschrift u.a. - Feminissima","isPartOf":{"@id":"https:\/\/feminissima.de\/#website"},"datePublished":"2005-02-28T23:49:11+00:00","dateModified":"2005-02-28T23:49:11+00:00","author":{"@id":"https:\/\/feminissima.de\/#\/schema\/person\/0b901e053624f88e7ecbea289d9d5128"},"breadcrumb":{"@id":"https:\/\/feminissima.de\/index.php\/2005\/02\/28\/seitenblicke-neue-austria-yellow-zeitschrift-u-a\/#breadcrumb"},"inLanguage":"de","potentialAction":[{"@type":"ReadAction","target":["https:\/\/feminissima.de\/index.php\/2005\/02\/28\/seitenblicke-neue-austria-yellow-zeitschrift-u-a\/"]}]},{"@type":"BreadcrumbList","@id":"https:\/\/feminissima.de\/index.php\/2005\/02\/28\/seitenblicke-neue-austria-yellow-zeitschrift-u-a\/#breadcrumb","itemListElement":[{"@type":"ListItem","position":1,"name":"Startseite","item":"https:\/\/feminissima.de\/"},{"@type":"ListItem","position":2,"name":"&#8222;Seitenblicke&#8220; neue Austria-Yellow-Zeitschrift u.a."}]},{"@type":"WebSite","@id":"https:\/\/feminissima.de\/#website","url":"https:\/\/feminissima.de\/","name":"Feminissima","description":"","potentialAction":[{"@type":"SearchAction","target":{"@type":"EntryPoint","urlTemplate":"https:\/\/feminissima.de\/?s={search_term_string}"},"query-input":"required name=search_term_string"}],"inLanguage":"de"},{"@type":"Person","@id":"https:\/\/feminissima.de\/#\/schema\/person\/0b901e053624f88e7ecbea289d9d5128","name":"admin","image":{"@type":"ImageObject","inLanguage":"de","@id":"https:\/\/feminissima.de\/#\/schema\/person\/image\/","url":"https:\/\/secure.gravatar.com\/avatar\/8da1f51327453c0bf63338e8e2a791948b7d2ac19b68839492d1e69aac6924a8?s=96&d=mm&r=g","contentUrl":"https:\/\/secure.gravatar.com\/avatar\/8da1f51327453c0bf63338e8e2a791948b7d2ac19b68839492d1e69aac6924a8?s=96&d=mm&r=g","caption":"admin"},"url":"https:\/\/feminissima.de\/index.php\/author\/admin\/"}]}},"jetpack_featured_media_url":"","_links":{"self":[{"href":"https:\/\/feminissima.de\/index.php\/wp-json\/wp\/v2\/posts\/83610","targetHints":{"allow":["GET"]}}],"collection":[{"href":"https:\/\/feminissima.de\/index.php\/wp-json\/wp\/v2\/posts"}],"about":[{"href":"https:\/\/feminissima.de\/index.php\/wp-json\/wp\/v2\/types\/post"}],"author":[{"embeddable":true,"href":"https:\/\/feminissima.de\/index.php\/wp-json\/wp\/v2\/users\/2"}],"replies":[{"embeddable":true,"href":"https:\/\/feminissima.de\/index.php\/wp-json\/wp\/v2\/comments?post=83610"}],"version-history":[{"count":0,"href":"https:\/\/feminissima.de\/index.php\/wp-json\/wp\/v2\/posts\/83610\/revisions"}],"wp:attachment":[{"href":"https:\/\/feminissima.de\/index.php\/wp-json\/wp\/v2\/media?parent=83610"}],"wp:term":[{"taxonomy":"category","embeddable":true,"href":"https:\/\/feminissima.de\/index.php\/wp-json\/wp\/v2\/categories?post=83610"},{"taxonomy":"post_tag","embeddable":true,"href":"https:\/\/feminissima.de\/index.php\/wp-json\/wp\/v2\/tags?post=83610"}],"curies":[{"name":"wp","href":"https:\/\/api.w.org\/{rel}","templated":true}]}}