{"id":83609,"date":"2005-02-28T22:25:26","date_gmt":"2005-02-28T22:25:26","guid":{"rendered":"http:\/\/www.feminissima.de\/?p=83609"},"modified":"2005-02-28T22:25:26","modified_gmt":"2005-02-28T22:25:26","slug":"9-un-opfer-im-kongo","status":"publish","type":"post","link":"https:\/\/feminissima.de\/index.php\/2005\/02\/28\/9-un-opfer-im-kongo\/","title":{"rendered":"9 UN-Opfer im Kongo"},"content":{"rendered":"<p>C&#8217;est un texte en francais (unter dem c ein Cedille..m\u00fc\u00dft Ihr Euch denken..) &#8211; aus LE MONDE vom 28. 2. \/1. 3. 05 &#8211; 9 Blauhelme aus Bangladesch sind im Kongo aus einem Hinterhalt heraus get\u00f6tet worden &#8211; : (in der deutschen Presse liest man davon nichts, jedenfalls nicht so schnell..die LE MONDE ist da f\u00fchrend, schon immer gewesen..): Ihr m\u00fc\u00dft nun Franz\u00f6sisch lernen, um mitreden zu k\u00f6nnen, c&#8217;est comme ca, hier wieder ein Cedille unter dem &#8222;c&#8220;, hat aber dieser Lap leider nicht..na, macht nichts:<\/p>\n<p>Guten Abend, Bon Soir, &#8211; ici un texte in franz\u00f6sischer Sprache, aus Le MONDE, von morgen: <\/p>\n<p>Der Text mu\u00df noch optisch gesetzt werden, so hold on:<\/p>\n<p>Apr\u00e8s la mort de neuf casques bleus bangladais, les Nations unies sont en difficult\u00e9 au Congo<\/p>\n<p>Quelle\/Source:<br \/>\n<br \/>\nLE MONDE | 28.02.05 <\/p>\n<p>\nPris dans l&#8217;engrenage de la violence, les soldats des Nations unies vont-ils faire la guerre en R\u00e9publique d\u00e9mocratique du Congo (RDC) ? <\/p>\n<p>Apr\u00e8s la mort de neuf casques bleus bangladais dans une embuscade tendue, <br \/>vendredi 25 f\u00e9vrier,<br \/> par des miliciens non identifi\u00e9s dans la province de l&#8217;Ituri,<br \/> dans l&#8217;est du pays, la Mission de l&#8217;ONU au Congo (Monuc),<br \/> d\u00e9ploy\u00e9e depuis 1999, n&#8217;a jamais \u00e9t\u00e9 aussi proche de se faire happer par un conflit th\u00e9oriquement clos par un processus de paix,<br \/> mais constamment sur le point de se rallumer.  <\/p>\n<p>Dans les heures qui ont suivi la mort des neuf soldats, <br \/>les hommes du contingent du Bangladesh \u00e9taient pr\u00eats \u00e0 &#8222;tirer dans le tas&#8220;, <\/p>\n<p>selon une source des Nations unies.<\/p>\n<p> Les quatre bataillons (pakistanais, n\u00e9palais, marocain et bangladais) de la brigade Ituri de la Monuc (4 731 hommes) <br \/>sont \u00e9quip\u00e9s pour faire la guerre, et leur mandat leur donne toute latitude pour faire usage de leurs armes.<br \/> De plus, longtemps critiqu\u00e9s pour leur apathie alors que les massacres de civils des deux ethnies de la r\u00e9gion, <br \/>les Hemas et les Lendus,  <br \/>se d\u00e9roulaient devant leurs yeux, les soldats de l&#8217;ONU \u00e9taient pr\u00eats \u00e0 s&#8217;attaquer aux miliciens de l&#8217;Ituri.<\/p>\n<p>Une partie du secteur o\u00f9 l&#8217;embuscade avait eu lieu le matin m\u00eame avait \u00e9t\u00e9 aussit\u00f4t cern\u00e9e. <\/p>\n<p>\nLes h\u00e9licopt\u00e8res de combats Mi-18 de la Monuc \u00e9taient pr\u00eats \u00e0 d\u00e9coller. <br \/>Des pluies torrentielles ont suspendu l&#8217;op\u00e9ration.<br \/> Depuis, son principe m\u00eame est &#8222;en discussion&#8220;, selon une source onusienne \u00e0 Bunia, alors que les inconnus qui ont tendu l&#8217;embuscade &#8222;ont eu le temps de dispara\u00eetre dans la nature&#8220;. <br \/>L&#8217;une des difficult\u00e9s de la situation r\u00e9side l\u00e0. <br \/>Une attaque, \u00e0 pr\u00e9sent, aurait toutes les chances de frapper des miliciens qui n&#8217;ont pas pris part \u00e0 l&#8217;assassinat des casques bleus. <br \/>Mais, inversement, l&#8217;inertie de la Monuc, apr\u00e8s une telle op\u00e9ration, pourrait \u00eatre interpr\u00e9t\u00e9e par les six groupes arm\u00e9s de l&#8217;Ituri comme un encouragement \u00e0 prendre les casques bleus pour cible.<\/p>\n<p>&#8222;S&#8217;il n&#8217;y a pas de r\u00e9ponse rapide, il va y avoir de nouvelles violences&#8220;, <br \/>s&#8217;inqui\u00e8te la m\u00eame source.<\/p>\n<p>La situation s&#8217;est s\u00e9rieusement d\u00e9grad\u00e9e en Ituri ces derniers temps.<br \/> Depuis plusieurs semaines, des miliciens lendus &#8222;tiraient la nuit pour faire fuir les gens des villages hemas&#8220;, selon une source des Nations unies. Parmi plusieurs groupes similaires, entre 17 000 et 18 000 personnes, abandonnant leurs villages dans la crainte d&#8217;\u00eatre massacr\u00e9es, avaient \u00e9t\u00e9 &#8222;pouss\u00e9es&#8220; jusqu&#8217;\u00e0 un point proche du lac Albert, en contrebas des monts Bleus.<\/p>\n<p>C&#8217;est l\u00e0 qu&#8217;une compagnie de casques bleus du Bangladesh avait install\u00e9 un camp de fortune pour assurer leur protection, coinc\u00e9 entre le lac et le massif montagneux, dans une zone particuli\u00e8rement difficile d&#8217;acc\u00e8s. Ils avaient les plus grandes peines du monde \u00e0 y \u00eatre ravitaill\u00e9s et \u00e0 y \u00e9tablir des communications radio, en raison d&#8217;un surplomb rocheux. Certains d&#8217;entre eux avaient commenc\u00e9 \u00e0 \u00eatre contamin\u00e9s par le chol\u00e9ra.<\/p>\n<p>Vendredi, une patrouille d&#8217;une trentaine d&#8217;hommes de la Monuc a gravi, par des sentiers, la pente rocheuse qui ferme l&#8217;acc\u00e8s du camp. En arrivant sur le plateau, \u00e0 4 km de leur point de d\u00e9part, dans une zone tenue par les miliciens lendus du Front nationaliste et int\u00e9grationniste (FNI), deux colonnes de dix casques bleus chacune, accompagn\u00e9es d&#8217;un interpr\u00e8te, ont \u00e9t\u00e9 prises sous le feu d&#8217;agresseurs non identifi\u00e9s. Sur les vingt et un hommes engag\u00e9s, six ont \u00e9t\u00e9 tu\u00e9s sur-le-champ. Trois autres, bless\u00e9s, ont pu communiquer avec la Monuc \u00e0 Bunia, avant d&#8217;\u00eatre achev\u00e9s d&#8217;une balle dans la t\u00eate.<\/p>\n<p>Les auteurs de l&#8217;attaque ont agi en &#8222;professionnels de la guerre, rel\u00e8ve une source des Nations unies. Selon les experts militaires, les angles de tir \u00e9taient parfaits. Ce n&#8217;est pas dans la mani\u00e8re habituelle des attaques des Lendus du FNI&#8220;. L&#8217;identification des v\u00e9ritables responsables de l&#8217;embuscade sera d&#8217;autant plus difficile que, en Ituri, l&#8217;ensemble des milices (9 000 hommes et 6 000 enfants) qui se sont autrefois battues pour le contr\u00f4le de la r\u00e9gion sont \u00e0 pr\u00e9sent ligu\u00e9es contre la Monuc.<\/p>\n<p>Jean-Philippe R\u00e9my<\/p>\n<p>\u2022 ARTICLE PARU DANS L&#8217;EDITION DU 01.03.05<\/p>\n<p><\/p>\n","protected":false},"excerpt":{"rendered":"<p>C&#8217;est un texte en francais (unter dem c ein Cedille..m\u00fc\u00dft Ihr Euch denken..) &#8211; aus LE MONDE vom 28. 2. \/1. 3. 05 &#8211; 9 Blauhelme aus Bangladesch sind im Kongo aus einem Hinterhalt heraus get\u00f6tet worden &#8211; : (in der deutschen Presse liest man davon nichts, jedenfalls nicht so schnell..die LE MONDE ist da f\u00fchrend, schon immer gewesen..): Ihr m\u00fc\u00dft nun Franz\u00f6sisch lernen, um mitreden zu k\u00f6nnen, c&#8217;est comme ca, hier wieder ein Cedille unter dem &#8222;c&#8220;, hat aber dieser Lap leider nicht..na, macht nichts:<\/p>\n","protected":false},"author":2,"featured_media":0,"comment_status":"closed","ping_status":"closed","sticky":false,"template":"","format":"standard","meta":{"footnotes":""},"categories":[14],"tags":[],"class_list":["post-83609","post","type-post","status-publish","format-standard","hentry","category-fempolitik","entry"],"yoast_head":"<!-- This site is optimized with the Yoast SEO plugin v21.0 - https:\/\/yoast.com\/wordpress\/plugins\/seo\/ -->\n<title>9 UN-Opfer im Kongo - Feminissima<\/title>\n<meta name=\"robots\" content=\"index, follow, max-snippet:-1, max-image-preview:large, max-video-preview:-1\" \/>\n<link rel=\"canonical\" href=\"https:\/\/feminissima.de\/index.php\/2005\/02\/28\/9-un-opfer-im-kongo\/\" \/>\n<meta property=\"og:locale\" content=\"de_DE\" \/>\n<meta property=\"og:type\" content=\"article\" \/>\n<meta property=\"og:title\" content=\"9 UN-Opfer im Kongo - Feminissima\" \/>\n<meta property=\"og:description\" content=\"C&#039;est un texte en francais (unter dem c ein Cedille..m\u00fc\u00dft Ihr Euch denken..) - aus LE MONDE vom 28. 2. \/1. 3. 05 - 9 Blauhelme aus Bangladesch sind im Kongo aus einem Hinterhalt heraus get\u00f6tet worden - : (in der deutschen Presse liest man davon nichts, jedenfalls nicht so schnell..die LE MONDE ist da f\u00fchrend, schon immer gewesen..): Ihr m\u00fc\u00dft nun Franz\u00f6sisch lernen, um mitreden zu k\u00f6nnen, c&#039;est comme ca, hier wieder ein Cedille unter dem &quot;c&quot;, hat aber dieser Lap leider nicht..na, macht nichts:\" \/>\n<meta property=\"og:url\" content=\"https:\/\/feminissima.de\/index.php\/2005\/02\/28\/9-un-opfer-im-kongo\/\" \/>\n<meta property=\"og:site_name\" content=\"Feminissima\" \/>\n<meta property=\"article:published_time\" content=\"2005-02-28T22:25:26+00:00\" \/>\n<meta name=\"author\" content=\"admin\" \/>\n<meta name=\"twitter:card\" content=\"summary_large_image\" \/>\n<meta name=\"twitter:label1\" content=\"Verfasst von\" \/>\n\t<meta name=\"twitter:data1\" content=\"admin\" \/>\n\t<meta name=\"twitter:label2\" content=\"Gesch\u00e4tzte Lesezeit\" \/>\n\t<meta name=\"twitter:data2\" content=\"4\u00a0Minuten\" \/>\n<script type=\"application\/ld+json\" class=\"yoast-schema-graph\">{\"@context\":\"https:\/\/schema.org\",\"@graph\":[{\"@type\":\"WebPage\",\"@id\":\"https:\/\/feminissima.de\/index.php\/2005\/02\/28\/9-un-opfer-im-kongo\/\",\"url\":\"https:\/\/feminissima.de\/index.php\/2005\/02\/28\/9-un-opfer-im-kongo\/\",\"name\":\"9 UN-Opfer im Kongo - Feminissima\",\"isPartOf\":{\"@id\":\"https:\/\/feminissima.de\/#website\"},\"datePublished\":\"2005-02-28T22:25:26+00:00\",\"dateModified\":\"2005-02-28T22:25:26+00:00\",\"author\":{\"@id\":\"https:\/\/feminissima.de\/#\/schema\/person\/0b901e053624f88e7ecbea289d9d5128\"},\"breadcrumb\":{\"@id\":\"https:\/\/feminissima.de\/index.php\/2005\/02\/28\/9-un-opfer-im-kongo\/#breadcrumb\"},\"inLanguage\":\"de\",\"potentialAction\":[{\"@type\":\"ReadAction\",\"target\":[\"https:\/\/feminissima.de\/index.php\/2005\/02\/28\/9-un-opfer-im-kongo\/\"]}]},{\"@type\":\"BreadcrumbList\",\"@id\":\"https:\/\/feminissima.de\/index.php\/2005\/02\/28\/9-un-opfer-im-kongo\/#breadcrumb\",\"itemListElement\":[{\"@type\":\"ListItem\",\"position\":1,\"name\":\"Startseite\",\"item\":\"https:\/\/feminissima.de\/\"},{\"@type\":\"ListItem\",\"position\":2,\"name\":\"9 UN-Opfer im Kongo\"}]},{\"@type\":\"WebSite\",\"@id\":\"https:\/\/feminissima.de\/#website\",\"url\":\"https:\/\/feminissima.de\/\",\"name\":\"Feminissima\",\"description\":\"\",\"potentialAction\":[{\"@type\":\"SearchAction\",\"target\":{\"@type\":\"EntryPoint\",\"urlTemplate\":\"https:\/\/feminissima.de\/?s={search_term_string}\"},\"query-input\":\"required name=search_term_string\"}],\"inLanguage\":\"de\"},{\"@type\":\"Person\",\"@id\":\"https:\/\/feminissima.de\/#\/schema\/person\/0b901e053624f88e7ecbea289d9d5128\",\"name\":\"admin\",\"image\":{\"@type\":\"ImageObject\",\"inLanguage\":\"de\",\"@id\":\"https:\/\/feminissima.de\/#\/schema\/person\/image\/\",\"url\":\"https:\/\/secure.gravatar.com\/avatar\/8da1f51327453c0bf63338e8e2a791948b7d2ac19b68839492d1e69aac6924a8?s=96&d=mm&r=g\",\"contentUrl\":\"https:\/\/secure.gravatar.com\/avatar\/8da1f51327453c0bf63338e8e2a791948b7d2ac19b68839492d1e69aac6924a8?s=96&d=mm&r=g\",\"caption\":\"admin\"},\"url\":\"https:\/\/feminissima.de\/index.php\/author\/admin\/\"}]}<\/script>\n<!-- \/ Yoast SEO plugin. -->","yoast_head_json":{"title":"9 UN-Opfer im Kongo - Feminissima","robots":{"index":"index","follow":"follow","max-snippet":"max-snippet:-1","max-image-preview":"max-image-preview:large","max-video-preview":"max-video-preview:-1"},"canonical":"https:\/\/feminissima.de\/index.php\/2005\/02\/28\/9-un-opfer-im-kongo\/","og_locale":"de_DE","og_type":"article","og_title":"9 UN-Opfer im Kongo - Feminissima","og_description":"C'est un texte en francais (unter dem c ein Cedille..m\u00fc\u00dft Ihr Euch denken..) - aus LE MONDE vom 28. 2. \/1. 3. 05 - 9 Blauhelme aus Bangladesch sind im Kongo aus einem Hinterhalt heraus get\u00f6tet worden - : (in der deutschen Presse liest man davon nichts, jedenfalls nicht so schnell..die LE MONDE ist da f\u00fchrend, schon immer gewesen..): Ihr m\u00fc\u00dft nun Franz\u00f6sisch lernen, um mitreden zu k\u00f6nnen, c'est comme ca, hier wieder ein Cedille unter dem \"c\", hat aber dieser Lap leider nicht..na, macht nichts:","og_url":"https:\/\/feminissima.de\/index.php\/2005\/02\/28\/9-un-opfer-im-kongo\/","og_site_name":"Feminissima","article_published_time":"2005-02-28T22:25:26+00:00","author":"admin","twitter_card":"summary_large_image","twitter_misc":{"Verfasst von":"admin","Gesch\u00e4tzte Lesezeit":"4\u00a0Minuten"},"schema":{"@context":"https:\/\/schema.org","@graph":[{"@type":"WebPage","@id":"https:\/\/feminissima.de\/index.php\/2005\/02\/28\/9-un-opfer-im-kongo\/","url":"https:\/\/feminissima.de\/index.php\/2005\/02\/28\/9-un-opfer-im-kongo\/","name":"9 UN-Opfer im Kongo - Feminissima","isPartOf":{"@id":"https:\/\/feminissima.de\/#website"},"datePublished":"2005-02-28T22:25:26+00:00","dateModified":"2005-02-28T22:25:26+00:00","author":{"@id":"https:\/\/feminissima.de\/#\/schema\/person\/0b901e053624f88e7ecbea289d9d5128"},"breadcrumb":{"@id":"https:\/\/feminissima.de\/index.php\/2005\/02\/28\/9-un-opfer-im-kongo\/#breadcrumb"},"inLanguage":"de","potentialAction":[{"@type":"ReadAction","target":["https:\/\/feminissima.de\/index.php\/2005\/02\/28\/9-un-opfer-im-kongo\/"]}]},{"@type":"BreadcrumbList","@id":"https:\/\/feminissima.de\/index.php\/2005\/02\/28\/9-un-opfer-im-kongo\/#breadcrumb","itemListElement":[{"@type":"ListItem","position":1,"name":"Startseite","item":"https:\/\/feminissima.de\/"},{"@type":"ListItem","position":2,"name":"9 UN-Opfer im Kongo"}]},{"@type":"WebSite","@id":"https:\/\/feminissima.de\/#website","url":"https:\/\/feminissima.de\/","name":"Feminissima","description":"","potentialAction":[{"@type":"SearchAction","target":{"@type":"EntryPoint","urlTemplate":"https:\/\/feminissima.de\/?s={search_term_string}"},"query-input":"required name=search_term_string"}],"inLanguage":"de"},{"@type":"Person","@id":"https:\/\/feminissima.de\/#\/schema\/person\/0b901e053624f88e7ecbea289d9d5128","name":"admin","image":{"@type":"ImageObject","inLanguage":"de","@id":"https:\/\/feminissima.de\/#\/schema\/person\/image\/","url":"https:\/\/secure.gravatar.com\/avatar\/8da1f51327453c0bf63338e8e2a791948b7d2ac19b68839492d1e69aac6924a8?s=96&d=mm&r=g","contentUrl":"https:\/\/secure.gravatar.com\/avatar\/8da1f51327453c0bf63338e8e2a791948b7d2ac19b68839492d1e69aac6924a8?s=96&d=mm&r=g","caption":"admin"},"url":"https:\/\/feminissima.de\/index.php\/author\/admin\/"}]}},"jetpack_featured_media_url":"","_links":{"self":[{"href":"https:\/\/feminissima.de\/index.php\/wp-json\/wp\/v2\/posts\/83609","targetHints":{"allow":["GET"]}}],"collection":[{"href":"https:\/\/feminissima.de\/index.php\/wp-json\/wp\/v2\/posts"}],"about":[{"href":"https:\/\/feminissima.de\/index.php\/wp-json\/wp\/v2\/types\/post"}],"author":[{"embeddable":true,"href":"https:\/\/feminissima.de\/index.php\/wp-json\/wp\/v2\/users\/2"}],"replies":[{"embeddable":true,"href":"https:\/\/feminissima.de\/index.php\/wp-json\/wp\/v2\/comments?post=83609"}],"version-history":[{"count":0,"href":"https:\/\/feminissima.de\/index.php\/wp-json\/wp\/v2\/posts\/83609\/revisions"}],"wp:attachment":[{"href":"https:\/\/feminissima.de\/index.php\/wp-json\/wp\/v2\/media?parent=83609"}],"wp:term":[{"taxonomy":"category","embeddable":true,"href":"https:\/\/feminissima.de\/index.php\/wp-json\/wp\/v2\/categories?post=83609"},{"taxonomy":"post_tag","embeddable":true,"href":"https:\/\/feminissima.de\/index.php\/wp-json\/wp\/v2\/tags?post=83609"}],"curies":[{"name":"wp","href":"https:\/\/api.w.org\/{rel}","templated":true}]}}