{"id":83607,"date":"2005-02-28T13:35:37","date_gmt":"2005-02-28T13:35:37","guid":{"rendered":"http:\/\/www.feminissima.de\/?p=83607"},"modified":"2005-02-28T13:35:37","modified_gmt":"2005-02-28T13:35:37","slug":"rechtsradikale-taten","status":"publish","type":"post","link":"https:\/\/feminissima.de\/index.php\/2005\/02\/28\/rechtsradikale-taten\/","title":{"rendered":"Rechtsradikale Taten"},"content":{"rendered":"<p>976 Straftaten von Rechtsradikalen, allein im letzten Jahr. Doch &#8211; wo liest oder h\u00f6rt oder sieht man davon..?<br \/>&#8230;\/9 Uhr news- bei FEMINISSIMA <\/p>\n<p>(Tip unserer FAN-LESER &#8211; &#8222;FEMINISSIMA-NET-RADIO&#8220;&#8230;ja, mal dr\u00fcber nachdenken..und was Webmaster sagt&#8230;wie man das machen kann..)<\/p>\n<p> &#8211; W\u00c4HREND  Partei-, P\u00f6stchen- &#038; weitere Politikerskandale in der Presse (was ja auch gut ist!)am K\u00f6cheln gehalten werden,<br \/> ger\u00e4t in den Medien &#8230;<br \/>und daher k\u00f6nnen die auch ungeniert-ungehindert zulegen&#8230;und zuschlagen&#8230;<br \/>das Braun- Gewalt-Potential in den Hintergrund. <\/p>\n<p>Sonderbar, oder was hat das zu bedeuten. <\/p>\n<p>Wie bei google-news gefunden &#8211; <br \/>soll es im vergangenen Jahr<br \/> 976 Straftaten mit rechstextremem Hintergrund in sweet Germany gegeben haben. <br \/>Komisch, da\u00df wir nur von wenigen wissen. Dar\u00fcber informiert werden.<br \/>Wie etwa zuweilen von PANORAMA, MONITOR, KONTRASTE. <\/p>\n<p>Blickt also ansonsten die Presse mehrheitlich weg?<\/p>\n<p>Dieser Tage sagte uns jemand: <br \/>  &#8211; &#8222;Der Osten ist nicht nur so leer, weil es dort keine Arbeit gibt &#8211;<br \/> sondern der Osten ist leer und es gibt keine Arbeit dort &#8211; <br \/>weil der Osten des Landes schon fest in der Hand der NEO-NAZIS ist, <br \/>und keiner mit denen zusammenleben will &#8211; <br \/>alle &#8222;Schi\u00df&#8220; vor ihnen haben!&#8220; <\/p>\n<p>\nAuch im Landkreis VERDEN\/Niedersachsen, hat sich der braune Mob eingenistet. <br \/>Sie kaufen &#8222;Landg\u00fcter&#8220; unter den Namen von Strohm\u00e4nnern <br \/>und &#8222;bilden&#8220; dort auf dem flachen Land auf ihrem dann eigenen Grundst\u00fcck &#8222;ihre Leute aus&#8220;. <br \/>Komisch, da\u00df bei &#8222;Linken&#8220; der Staat zuzuschlagen wu\u00dfte.<br \/> Bei RECHTS schaut er weg???? <br \/>Was ist das f\u00fcr eine bigotte Moral?? <br \/>Und wer sch\u00fctzt uns vor RECHTS???\/ <\/p>\n","protected":false},"excerpt":{"rendered":"<p>976 Straftaten von Rechtsradikalen, allein im letzten Jahr. Doch &#8211; wo liest oder h\u00f6rt oder sieht man davon..?<\/p>\n","protected":false},"author":2,"featured_media":0,"comment_status":"closed","ping_status":"closed","sticky":false,"template":"","format":"standard","meta":{"footnotes":""},"categories":[14],"tags":[],"class_list":["post-83607","post","type-post","status-publish","format-standard","hentry","category-fempolitik","entry"],"yoast_head":"<!-- This site is optimized with the Yoast SEO plugin v21.0 - https:\/\/yoast.com\/wordpress\/plugins\/seo\/ -->\n<title>Rechtsradikale Taten - Feminissima<\/title>\n<meta name=\"robots\" content=\"index, follow, max-snippet:-1, max-image-preview:large, max-video-preview:-1\" \/>\n<link rel=\"canonical\" href=\"https:\/\/feminissima.de\/index.php\/2005\/02\/28\/rechtsradikale-taten\/\" \/>\n<meta property=\"og:locale\" content=\"de_DE\" \/>\n<meta property=\"og:type\" content=\"article\" \/>\n<meta property=\"og:title\" content=\"Rechtsradikale Taten - Feminissima\" \/>\n<meta property=\"og:description\" content=\"976 Straftaten von Rechtsradikalen, allein im letzten Jahr. Doch - wo liest oder h\u00f6rt oder sieht man davon..?\" \/>\n<meta property=\"og:url\" content=\"https:\/\/feminissima.de\/index.php\/2005\/02\/28\/rechtsradikale-taten\/\" \/>\n<meta property=\"og:site_name\" content=\"Feminissima\" \/>\n<meta property=\"article:published_time\" content=\"2005-02-28T13:35:37+00:00\" \/>\n<meta name=\"author\" content=\"admin\" \/>\n<meta name=\"twitter:card\" content=\"summary_large_image\" \/>\n<meta name=\"twitter:label1\" content=\"Verfasst von\" \/>\n\t<meta name=\"twitter:data1\" content=\"admin\" \/>\n\t<meta name=\"twitter:label2\" content=\"Gesch\u00e4tzte Lesezeit\" \/>\n\t<meta name=\"twitter:data2\" content=\"1\u00a0Minute\" \/>\n<script type=\"application\/ld+json\" class=\"yoast-schema-graph\">{\"@context\":\"https:\/\/schema.org\",\"@graph\":[{\"@type\":\"WebPage\",\"@id\":\"https:\/\/feminissima.de\/index.php\/2005\/02\/28\/rechtsradikale-taten\/\",\"url\":\"https:\/\/feminissima.de\/index.php\/2005\/02\/28\/rechtsradikale-taten\/\",\"name\":\"Rechtsradikale Taten - Feminissima\",\"isPartOf\":{\"@id\":\"https:\/\/feminissima.de\/#website\"},\"datePublished\":\"2005-02-28T13:35:37+00:00\",\"dateModified\":\"2005-02-28T13:35:37+00:00\",\"author\":{\"@id\":\"https:\/\/feminissima.de\/#\/schema\/person\/0b901e053624f88e7ecbea289d9d5128\"},\"breadcrumb\":{\"@id\":\"https:\/\/feminissima.de\/index.php\/2005\/02\/28\/rechtsradikale-taten\/#breadcrumb\"},\"inLanguage\":\"de\",\"potentialAction\":[{\"@type\":\"ReadAction\",\"target\":[\"https:\/\/feminissima.de\/index.php\/2005\/02\/28\/rechtsradikale-taten\/\"]}]},{\"@type\":\"BreadcrumbList\",\"@id\":\"https:\/\/feminissima.de\/index.php\/2005\/02\/28\/rechtsradikale-taten\/#breadcrumb\",\"itemListElement\":[{\"@type\":\"ListItem\",\"position\":1,\"name\":\"Startseite\",\"item\":\"https:\/\/feminissima.de\/\"},{\"@type\":\"ListItem\",\"position\":2,\"name\":\"Rechtsradikale Taten\"}]},{\"@type\":\"WebSite\",\"@id\":\"https:\/\/feminissima.de\/#website\",\"url\":\"https:\/\/feminissima.de\/\",\"name\":\"Feminissima\",\"description\":\"\",\"potentialAction\":[{\"@type\":\"SearchAction\",\"target\":{\"@type\":\"EntryPoint\",\"urlTemplate\":\"https:\/\/feminissima.de\/?s={search_term_string}\"},\"query-input\":\"required name=search_term_string\"}],\"inLanguage\":\"de\"},{\"@type\":\"Person\",\"@id\":\"https:\/\/feminissima.de\/#\/schema\/person\/0b901e053624f88e7ecbea289d9d5128\",\"name\":\"admin\",\"image\":{\"@type\":\"ImageObject\",\"inLanguage\":\"de\",\"@id\":\"https:\/\/feminissima.de\/#\/schema\/person\/image\/\",\"url\":\"https:\/\/secure.gravatar.com\/avatar\/8da1f51327453c0bf63338e8e2a791948b7d2ac19b68839492d1e69aac6924a8?s=96&d=mm&r=g\",\"contentUrl\":\"https:\/\/secure.gravatar.com\/avatar\/8da1f51327453c0bf63338e8e2a791948b7d2ac19b68839492d1e69aac6924a8?s=96&d=mm&r=g\",\"caption\":\"admin\"},\"url\":\"https:\/\/feminissima.de\/index.php\/author\/admin\/\"}]}<\/script>\n<!-- \/ Yoast SEO plugin. -->","yoast_head_json":{"title":"Rechtsradikale Taten - Feminissima","robots":{"index":"index","follow":"follow","max-snippet":"max-snippet:-1","max-image-preview":"max-image-preview:large","max-video-preview":"max-video-preview:-1"},"canonical":"https:\/\/feminissima.de\/index.php\/2005\/02\/28\/rechtsradikale-taten\/","og_locale":"de_DE","og_type":"article","og_title":"Rechtsradikale Taten - Feminissima","og_description":"976 Straftaten von Rechtsradikalen, allein im letzten Jahr. Doch - wo liest oder h\u00f6rt oder sieht man davon..?","og_url":"https:\/\/feminissima.de\/index.php\/2005\/02\/28\/rechtsradikale-taten\/","og_site_name":"Feminissima","article_published_time":"2005-02-28T13:35:37+00:00","author":"admin","twitter_card":"summary_large_image","twitter_misc":{"Verfasst von":"admin","Gesch\u00e4tzte Lesezeit":"1\u00a0Minute"},"schema":{"@context":"https:\/\/schema.org","@graph":[{"@type":"WebPage","@id":"https:\/\/feminissima.de\/index.php\/2005\/02\/28\/rechtsradikale-taten\/","url":"https:\/\/feminissima.de\/index.php\/2005\/02\/28\/rechtsradikale-taten\/","name":"Rechtsradikale Taten - Feminissima","isPartOf":{"@id":"https:\/\/feminissima.de\/#website"},"datePublished":"2005-02-28T13:35:37+00:00","dateModified":"2005-02-28T13:35:37+00:00","author":{"@id":"https:\/\/feminissima.de\/#\/schema\/person\/0b901e053624f88e7ecbea289d9d5128"},"breadcrumb":{"@id":"https:\/\/feminissima.de\/index.php\/2005\/02\/28\/rechtsradikale-taten\/#breadcrumb"},"inLanguage":"de","potentialAction":[{"@type":"ReadAction","target":["https:\/\/feminissima.de\/index.php\/2005\/02\/28\/rechtsradikale-taten\/"]}]},{"@type":"BreadcrumbList","@id":"https:\/\/feminissima.de\/index.php\/2005\/02\/28\/rechtsradikale-taten\/#breadcrumb","itemListElement":[{"@type":"ListItem","position":1,"name":"Startseite","item":"https:\/\/feminissima.de\/"},{"@type":"ListItem","position":2,"name":"Rechtsradikale Taten"}]},{"@type":"WebSite","@id":"https:\/\/feminissima.de\/#website","url":"https:\/\/feminissima.de\/","name":"Feminissima","description":"","potentialAction":[{"@type":"SearchAction","target":{"@type":"EntryPoint","urlTemplate":"https:\/\/feminissima.de\/?s={search_term_string}"},"query-input":"required name=search_term_string"}],"inLanguage":"de"},{"@type":"Person","@id":"https:\/\/feminissima.de\/#\/schema\/person\/0b901e053624f88e7ecbea289d9d5128","name":"admin","image":{"@type":"ImageObject","inLanguage":"de","@id":"https:\/\/feminissima.de\/#\/schema\/person\/image\/","url":"https:\/\/secure.gravatar.com\/avatar\/8da1f51327453c0bf63338e8e2a791948b7d2ac19b68839492d1e69aac6924a8?s=96&d=mm&r=g","contentUrl":"https:\/\/secure.gravatar.com\/avatar\/8da1f51327453c0bf63338e8e2a791948b7d2ac19b68839492d1e69aac6924a8?s=96&d=mm&r=g","caption":"admin"},"url":"https:\/\/feminissima.de\/index.php\/author\/admin\/"}]}},"jetpack_featured_media_url":"","_links":{"self":[{"href":"https:\/\/feminissima.de\/index.php\/wp-json\/wp\/v2\/posts\/83607","targetHints":{"allow":["GET"]}}],"collection":[{"href":"https:\/\/feminissima.de\/index.php\/wp-json\/wp\/v2\/posts"}],"about":[{"href":"https:\/\/feminissima.de\/index.php\/wp-json\/wp\/v2\/types\/post"}],"author":[{"embeddable":true,"href":"https:\/\/feminissima.de\/index.php\/wp-json\/wp\/v2\/users\/2"}],"replies":[{"embeddable":true,"href":"https:\/\/feminissima.de\/index.php\/wp-json\/wp\/v2\/comments?post=83607"}],"version-history":[{"count":0,"href":"https:\/\/feminissima.de\/index.php\/wp-json\/wp\/v2\/posts\/83607\/revisions"}],"wp:attachment":[{"href":"https:\/\/feminissima.de\/index.php\/wp-json\/wp\/v2\/media?parent=83607"}],"wp:term":[{"taxonomy":"category","embeddable":true,"href":"https:\/\/feminissima.de\/index.php\/wp-json\/wp\/v2\/categories?post=83607"},{"taxonomy":"post_tag","embeddable":true,"href":"https:\/\/feminissima.de\/index.php\/wp-json\/wp\/v2\/tags?post=83607"}],"curies":[{"name":"wp","href":"https:\/\/api.w.org\/{rel}","templated":true}]}}