{"id":83606,"date":"2005-02-28T13:30:58","date_gmt":"2005-02-28T13:30:58","guid":{"rendered":"http:\/\/www.feminissima.de\/?p=83606"},"modified":"2005-02-28T13:30:58","modified_gmt":"2005-02-28T13:30:58","slug":"ehrenmord-erwachen-der-medien","status":"publish","type":"post","link":"https:\/\/feminissima.de\/index.php\/2005\/02\/28\/ehrenmord-erwachen-der-medien\/","title":{"rendered":"&#8222;Ehrenmord&#8220;- Erwachen der Medien"},"content":{"rendered":"<p>ja&#8230;bitte sehr &#8211; hier etwa ein Blick auf die ZEIT, aktuelle Ausgabe.<br \/>&#8222;EHRENMORD&#8220;&#8230;ja, das NETZ, und Independys wie FEMINISSIMA ..sind die Schnellen, die Sofort-Reagierenden&#8230;au\u00dfer den &#8222;Tageszeitungen vor Ort&#8220;.<\/p>\n<p>\nEs geht um die Ermordung von Hatun S\u00fcr\u00fcc\u00fc.., <br \/>die am 7. Februar dieses Jahres von, so wird gemutma\u00dft, <br \/>dreien ihrer Br\u00fcder abgeschlachtet wurde,<br \/> weil sie &#8222;lebte wie eine Deutsche&#8220;. &#8230;<\/p>\n<p> Nun hat sich die ZEIT, die sich mit Giovanni di Lorenzo als Chef-Redakteur erfreulich AKTUALISIERT..<\/p>\n<p>(FEMINISSIMA vermeidet absichtlich den Ausdr\u00fcck: &#8222;verj\u00fcngt&#8220; &#8211; denn Denken ist nicht unbedingt eine Frage des Alters oder der Jugend..) ..<\/p>\n<p>auch (endlich) eines Themas angenommen, <br \/>das seit 30 Jahren in diesem Land bekannt ist. <\/p>\n<p>Aber erst mu\u00dften in Berlin beinah monatlich,<br \/> und zuweilen lagen nur Wochen zwischen den Taten, <br \/> t\u00fcrkische Frauen auf zudem unbeschreibbar grausame Weise, <br \/>eine wohl zus\u00e4tzliche &#8222;Entehrung&#8220;..?..:<br \/> zumeist auf offener Stra\u00dfe, <br \/>in einem Fall vor den Augen des Kindes&#8230;<br \/>und zuletzt insgesamt schon sechs Frauen &#8211; <br \/>&#8222;im Namen der Ehre&#8220; <br \/>umgebracht werden,<br \/> ehe die Brillen-auf-der-Nase-Herumr\u00fccker mal aufger\u00fcttelt wurden. <\/p>\n<p>Der Artikel in der ZEIT vom 24. Februar 2005, <br \/>mit der \u00dcberschrift &#8222;WIE EINE DEUTSCHE&#8220; &#8211; <br \/>fasst zusammen, <br \/>was sich schon seit Jahren in diesem Land abspielt. <\/p>\n<p>Unter dem &#8211; so FEMINISSIMA etwas drastischer &#8211; <\/p>\n<p>(siehe unsere Rubriken und auch unter den Texten von &#8222;2nd H\u00e4lfte Februar 05) <\/p>\n<p>&#8222;Multi-Kulti-Geschw\u00e4tz&#8220; zu Lasten und Lebenverlieren der t\u00fcrkisch-muslimischen Frauen weggeredet worden ist &#8211; : <\/p>\n<p>Die Akzeptanz des deutschen Rechts, der deutschen Justiz,<br \/> da\u00df muslimische Frauen hier rechtlos sind. <br \/>Dass sie einem Sippen- , einem &#8222;Clan-Denken&#8220; , <\/p>\n<p>einem tief-mittelalterlichen-frauenverachtenden &#8222;Traditionsdenken&#8220; ausgeliefert sind, <br \/>Schutzlos. <br \/> Eines &#8222;Denkens&#8220;,<br \/> das sowohl Inzucht wie Vergewaltigung, <br \/>Zwangsheirat, Verschleppung, Schl\u00e4ge, N\u00f6tigung,<br \/> und Ermordung als &#8222;normal&#8220; empfindet,  <br \/>weil eine SELBSTBESTIMMUNG DER FRAU in diesem verkorksten &#8222;Denken&#8220; nicht existiert.  <\/p>\n<p>\nErstmals spricht auch eine Frau, eine Muslimin, in der ZEIT aus, was wir &#8222;so&#8220; nicht miteinander &#8222;verglichen&#8220; haben &#8211; aber genau das widerspiegelt, was Sache ist :  <\/p>\n<p>\nN\u00e4mlich auch\/sogar die mediale &#8222;Wertlosigkeit der muslimischen Frau&#8220; selbst im Vergleich von Tod aufzeigt: <\/p>\n<p>\n&#8222;Wie kann es sein, da\u00df sich ganz Europa &#8211; zu Recht &#8211; wochenlang \u00fcber den Mord eines islamistischen Fanatikers an dem holl\u00e4ndischen Filmemacher Theo van Gogh erregt, w\u00e4hrend erst sechs (muslimische) Frauen innerhalb von vier Monaten sterben m\u00fcssen, bis die \u00d6ffentlichkeit aus ihrer Tr\u00e4gheit erwacht?&#8220; <\/p>\n<p>(Quelle: ZEIT\/Nr. 9 vom 24. 2. 2005). <br \/>Ja. <br \/>Dazu noch etwas: <br \/>Au\u00dfer in der Berliner TAGESZEITUNG &#8222;taz&#8220; wurde nirgends erw\u00e4hnt, <br \/>dass es die Berliner Lesben-und Schwulenbewegung war, <br \/>die zur MAHNWACHE f\u00fcr HATUN S\u00dcR\u00dcC\u00dc aufgerufen hatte.<br \/>Und erst durch diese MAHNWACHE &#8211; pl\u00f6tzlich Presse wie Politiker &#8222;aufwachten&#8220;. <br \/>Erst 2 Wochen nach ihrer Ermordung geriet so Hatun S\u00fcr\u00fcc\u00fc in die TAGESTHEMEN (FEMINISSIMA merkte dies an..).<br \/>Und erst jetzt druckt die \u00fcberregtionale Presse, <br \/>wof\u00fcr sich  TERRE DES FEMMES seit Jahr und Tag engagiert <br \/>(abgesehen auch von den Hilfen f\u00fcr muslimische Frauen, die vor ihren Familien fliehen und sich verstecken m\u00fcssen)<br \/> &#8211; Kampagnen zu lancieren, um gegen die Verbrechen muslimischer Familien gegen ihre T\u00f6chter, Frauen und Schwestern wachzur\u00fctteln.<\/p>\n<p>Dazu findet auch n\u00e4chste Woche ein KONGRESS in BERLIN statt. <\/p>\n<p>FEMINISSIMA wird die Daten nachher (im Verlauf des Tages) in ihre PINWAND setzen. <br \/>Jetzt schon einmal die online-Adresse von TERRE DES FEMMES (Sitz in T\u00fcbingen):<\/p>\n<p> www. frauenrechte.de  <\/p>\n","protected":false},"excerpt":{"rendered":"<p>ja&#8230;bitte sehr &#8211; hier etwa ein Blick auf die ZEIT, aktuelle Ausgabe.<\/p>\n","protected":false},"author":2,"featured_media":0,"comment_status":"closed","ping_status":"closed","sticky":false,"template":"","format":"standard","meta":{"footnotes":""},"categories":[13],"tags":[],"class_list":["post-83606","post","type-post","status-publish","format-standard","hentry","category-femmedien","entry"],"yoast_head":"<!-- This site is optimized with the Yoast SEO plugin v21.0 - https:\/\/yoast.com\/wordpress\/plugins\/seo\/ -->\n<title>&quot;Ehrenmord&quot;- Erwachen der Medien - Feminissima<\/title>\n<meta name=\"robots\" content=\"index, follow, max-snippet:-1, max-image-preview:large, max-video-preview:-1\" \/>\n<link rel=\"canonical\" href=\"https:\/\/feminissima.de\/index.php\/2005\/02\/28\/ehrenmord-erwachen-der-medien\/\" \/>\n<meta property=\"og:locale\" content=\"de_DE\" \/>\n<meta property=\"og:type\" content=\"article\" \/>\n<meta property=\"og:title\" content=\"&quot;Ehrenmord&quot;- Erwachen der Medien - Feminissima\" \/>\n<meta property=\"og:description\" content=\"ja...bitte sehr - hier etwa ein Blick auf die ZEIT, aktuelle Ausgabe.\" \/>\n<meta property=\"og:url\" content=\"https:\/\/feminissima.de\/index.php\/2005\/02\/28\/ehrenmord-erwachen-der-medien\/\" \/>\n<meta property=\"og:site_name\" content=\"Feminissima\" \/>\n<meta property=\"article:published_time\" content=\"2005-02-28T13:30:58+00:00\" \/>\n<meta name=\"author\" content=\"admin\" \/>\n<meta name=\"twitter:card\" content=\"summary_large_image\" \/>\n<meta name=\"twitter:label1\" content=\"Verfasst von\" \/>\n\t<meta name=\"twitter:data1\" content=\"admin\" \/>\n\t<meta name=\"twitter:label2\" content=\"Gesch\u00e4tzte Lesezeit\" \/>\n\t<meta name=\"twitter:data2\" content=\"3\u00a0Minuten\" \/>\n<script type=\"application\/ld+json\" class=\"yoast-schema-graph\">{\"@context\":\"https:\/\/schema.org\",\"@graph\":[{\"@type\":\"WebPage\",\"@id\":\"https:\/\/feminissima.de\/index.php\/2005\/02\/28\/ehrenmord-erwachen-der-medien\/\",\"url\":\"https:\/\/feminissima.de\/index.php\/2005\/02\/28\/ehrenmord-erwachen-der-medien\/\",\"name\":\"\\\"Ehrenmord\\\"- Erwachen der Medien - Feminissima\",\"isPartOf\":{\"@id\":\"https:\/\/feminissima.de\/#website\"},\"datePublished\":\"2005-02-28T13:30:58+00:00\",\"dateModified\":\"2005-02-28T13:30:58+00:00\",\"author\":{\"@id\":\"https:\/\/feminissima.de\/#\/schema\/person\/0b901e053624f88e7ecbea289d9d5128\"},\"breadcrumb\":{\"@id\":\"https:\/\/feminissima.de\/index.php\/2005\/02\/28\/ehrenmord-erwachen-der-medien\/#breadcrumb\"},\"inLanguage\":\"de\",\"potentialAction\":[{\"@type\":\"ReadAction\",\"target\":[\"https:\/\/feminissima.de\/index.php\/2005\/02\/28\/ehrenmord-erwachen-der-medien\/\"]}]},{\"@type\":\"BreadcrumbList\",\"@id\":\"https:\/\/feminissima.de\/index.php\/2005\/02\/28\/ehrenmord-erwachen-der-medien\/#breadcrumb\",\"itemListElement\":[{\"@type\":\"ListItem\",\"position\":1,\"name\":\"Startseite\",\"item\":\"https:\/\/feminissima.de\/\"},{\"@type\":\"ListItem\",\"position\":2,\"name\":\"&#8222;Ehrenmord&#8220;- Erwachen der Medien\"}]},{\"@type\":\"WebSite\",\"@id\":\"https:\/\/feminissima.de\/#website\",\"url\":\"https:\/\/feminissima.de\/\",\"name\":\"Feminissima\",\"description\":\"\",\"potentialAction\":[{\"@type\":\"SearchAction\",\"target\":{\"@type\":\"EntryPoint\",\"urlTemplate\":\"https:\/\/feminissima.de\/?s={search_term_string}\"},\"query-input\":\"required name=search_term_string\"}],\"inLanguage\":\"de\"},{\"@type\":\"Person\",\"@id\":\"https:\/\/feminissima.de\/#\/schema\/person\/0b901e053624f88e7ecbea289d9d5128\",\"name\":\"admin\",\"image\":{\"@type\":\"ImageObject\",\"inLanguage\":\"de\",\"@id\":\"https:\/\/feminissima.de\/#\/schema\/person\/image\/\",\"url\":\"https:\/\/secure.gravatar.com\/avatar\/8da1f51327453c0bf63338e8e2a791948b7d2ac19b68839492d1e69aac6924a8?s=96&d=mm&r=g\",\"contentUrl\":\"https:\/\/secure.gravatar.com\/avatar\/8da1f51327453c0bf63338e8e2a791948b7d2ac19b68839492d1e69aac6924a8?s=96&d=mm&r=g\",\"caption\":\"admin\"},\"url\":\"https:\/\/feminissima.de\/index.php\/author\/admin\/\"}]}<\/script>\n<!-- \/ Yoast SEO plugin. -->","yoast_head_json":{"title":"\"Ehrenmord\"- Erwachen der Medien - Feminissima","robots":{"index":"index","follow":"follow","max-snippet":"max-snippet:-1","max-image-preview":"max-image-preview:large","max-video-preview":"max-video-preview:-1"},"canonical":"https:\/\/feminissima.de\/index.php\/2005\/02\/28\/ehrenmord-erwachen-der-medien\/","og_locale":"de_DE","og_type":"article","og_title":"\"Ehrenmord\"- Erwachen der Medien - Feminissima","og_description":"ja...bitte sehr - hier etwa ein Blick auf die ZEIT, aktuelle Ausgabe.","og_url":"https:\/\/feminissima.de\/index.php\/2005\/02\/28\/ehrenmord-erwachen-der-medien\/","og_site_name":"Feminissima","article_published_time":"2005-02-28T13:30:58+00:00","author":"admin","twitter_card":"summary_large_image","twitter_misc":{"Verfasst von":"admin","Gesch\u00e4tzte Lesezeit":"3\u00a0Minuten"},"schema":{"@context":"https:\/\/schema.org","@graph":[{"@type":"WebPage","@id":"https:\/\/feminissima.de\/index.php\/2005\/02\/28\/ehrenmord-erwachen-der-medien\/","url":"https:\/\/feminissima.de\/index.php\/2005\/02\/28\/ehrenmord-erwachen-der-medien\/","name":"\"Ehrenmord\"- Erwachen der Medien - Feminissima","isPartOf":{"@id":"https:\/\/feminissima.de\/#website"},"datePublished":"2005-02-28T13:30:58+00:00","dateModified":"2005-02-28T13:30:58+00:00","author":{"@id":"https:\/\/feminissima.de\/#\/schema\/person\/0b901e053624f88e7ecbea289d9d5128"},"breadcrumb":{"@id":"https:\/\/feminissima.de\/index.php\/2005\/02\/28\/ehrenmord-erwachen-der-medien\/#breadcrumb"},"inLanguage":"de","potentialAction":[{"@type":"ReadAction","target":["https:\/\/feminissima.de\/index.php\/2005\/02\/28\/ehrenmord-erwachen-der-medien\/"]}]},{"@type":"BreadcrumbList","@id":"https:\/\/feminissima.de\/index.php\/2005\/02\/28\/ehrenmord-erwachen-der-medien\/#breadcrumb","itemListElement":[{"@type":"ListItem","position":1,"name":"Startseite","item":"https:\/\/feminissima.de\/"},{"@type":"ListItem","position":2,"name":"&#8222;Ehrenmord&#8220;- Erwachen der Medien"}]},{"@type":"WebSite","@id":"https:\/\/feminissima.de\/#website","url":"https:\/\/feminissima.de\/","name":"Feminissima","description":"","potentialAction":[{"@type":"SearchAction","target":{"@type":"EntryPoint","urlTemplate":"https:\/\/feminissima.de\/?s={search_term_string}"},"query-input":"required name=search_term_string"}],"inLanguage":"de"},{"@type":"Person","@id":"https:\/\/feminissima.de\/#\/schema\/person\/0b901e053624f88e7ecbea289d9d5128","name":"admin","image":{"@type":"ImageObject","inLanguage":"de","@id":"https:\/\/feminissima.de\/#\/schema\/person\/image\/","url":"https:\/\/secure.gravatar.com\/avatar\/8da1f51327453c0bf63338e8e2a791948b7d2ac19b68839492d1e69aac6924a8?s=96&d=mm&r=g","contentUrl":"https:\/\/secure.gravatar.com\/avatar\/8da1f51327453c0bf63338e8e2a791948b7d2ac19b68839492d1e69aac6924a8?s=96&d=mm&r=g","caption":"admin"},"url":"https:\/\/feminissima.de\/index.php\/author\/admin\/"}]}},"jetpack_featured_media_url":"","_links":{"self":[{"href":"https:\/\/feminissima.de\/index.php\/wp-json\/wp\/v2\/posts\/83606","targetHints":{"allow":["GET"]}}],"collection":[{"href":"https:\/\/feminissima.de\/index.php\/wp-json\/wp\/v2\/posts"}],"about":[{"href":"https:\/\/feminissima.de\/index.php\/wp-json\/wp\/v2\/types\/post"}],"author":[{"embeddable":true,"href":"https:\/\/feminissima.de\/index.php\/wp-json\/wp\/v2\/users\/2"}],"replies":[{"embeddable":true,"href":"https:\/\/feminissima.de\/index.php\/wp-json\/wp\/v2\/comments?post=83606"}],"version-history":[{"count":0,"href":"https:\/\/feminissima.de\/index.php\/wp-json\/wp\/v2\/posts\/83606\/revisions"}],"wp:attachment":[{"href":"https:\/\/feminissima.de\/index.php\/wp-json\/wp\/v2\/media?parent=83606"}],"wp:term":[{"taxonomy":"category","embeddable":true,"href":"https:\/\/feminissima.de\/index.php\/wp-json\/wp\/v2\/categories?post=83606"},{"taxonomy":"post_tag","embeddable":true,"href":"https:\/\/feminissima.de\/index.php\/wp-json\/wp\/v2\/tags?post=83606"}],"curies":[{"name":"wp","href":"https:\/\/api.w.org\/{rel}","templated":true}]}}