{"id":83604,"date":"2005-02-26T12:57:35","date_gmt":"2005-02-26T12:57:35","guid":{"rendered":"http:\/\/www.feminissima.de\/?p=83604"},"modified":"2005-02-26T12:57:35","modified_gmt":"2005-02-26T12:57:35","slug":"journalistinnen-im-april-in-wien","status":"publish","type":"post","link":"https:\/\/feminissima.de\/index.php\/2005\/02\/26\/journalistinnen-im-april-in-wien\/","title":{"rendered":"Journalistinnen im April in Wien"},"content":{"rendered":"<p>11. April schon mal vormerken: Termin in Wien!<br \/>\n<br \/>\nJournalistinnentreffen!\/ Hier erst einmal die news, die wir von www.newsroom.de so \u00fcbernommen haben. Wir posten noch die Adresse der VeranstalterINNEN, (wenn wir sie herausgefunden haben ).<br \/>Journalistinnenkongress am 11. April in Wien<\/p>\n<p>  Der Kongress steht unter dem Motto &#8222;grenzenlos&#8220;. <\/p>\n<p>\n  Wien &#8211; Am Montag, dem 11. April 2005 findet zum 7. Mal der \u00f6sterreichische Journalistinnenkongress im Haus der Industrie am Wiener Schwarzenbergplatz statt. 40 Referentinnen werden zu aktuellen und frauenrelevanten Medienthemen Stellung nehmen.<\/p>\n<p>Das Thema &#8222;grenzenlos&#8220; wird bei diesem Kongress vielfach hinterfragt. Aktuell l\u00f6sen sich durch das neue Europa starre politische Grenzen auf, die Medienlandschaft ver\u00e4ndert sich, ein neues, breiteres Informationsbed\u00fcrfnis entsteht. Themen und Interessen verlagern sich genau so wie der Arbeitsmarkt, neue Chancen und Herausforderungen kommen auf Medienfrauen zu. <\/p>\n<p>Schwerpunkte sind unter anderem zwei Podiumsdiskussionen: &#8222;Grenzenloser Einsatz, Sprungbrett oder Karrierefalle?&#8220; widmet sich Medienbereichen, die bislang schon an der Aufl\u00f6sung von Grenzen gearbeitet haben &#8211; internationale Zusammenarbeit und Vernetzung einerseits, der Abbau von Vorurteilen und das Schaffen von Verst\u00e4ndnis f\u00fcr Andersartiges und Fremdes andererseits. <\/p>\n<p>&#8222;Medienlandschaft im Wandel, Chancen und Risken&#8220; soll hinterfragen, wohin sich unsere Medienwelt entwickelt und welches Informationsbed\u00fcrfnis dem gegen\u00fcber steht. Aktueller und globaler einerseits, Platz f\u00fcr Nischen andererseits.<\/p>\n<p>Praxisorientiert und nutzenstiftend stehen f\u00fcnf parallele Workshops am Programm: &#8222;Grenzenloses Netzwerken&#8220;, &#8222;Enge Grenzen: Die Spezialistinnen&#8220;, &#8222;M\u00e4nnerdom\u00e4ne Technik&#8220;, &#8222;Honorare: Selbstbewusst verhandelt&#8220;, &#8222;Medienrecht: \u00c4nderungen und Schwerpunkt EU&#8220;. <\/p>\n<p>Zum Kongress wird wie in den vergangenen Jahren eine Begleitstudie erstellt und die Ergebnisse pr\u00e4sentiert. \u00d6sterreich wird erstmals auch am Global Media Monitoring Project (GMMP) teilnehmen &#8211; auch hier gibt es die ersten nationalen Ergebnisse zum Kongress. <\/p>\n<p>Der Abend ist ausgiebig dem direkten Netzwerken, Kennenlernen und Gedankenaustausch gewidmet. In einem Open Space mit Buffet und einigen Info-Tischen wird es dazu optimale Rahmenbedingungen geben. <\/p>\n<p><\/p>\n","protected":false},"excerpt":{"rendered":"<p>11. April schon mal vormerken: Termin in Wien!<br \/>\n<br \/>\nJournalistinnentreffen!\/ Hier erst einmal die news, die wir von www.newsroom.de so \u00fcbernommen haben. Wir posten noch die Adresse der VeranstalterINNEN, (wenn wir sie herausgefunden haben ).<\/p>\n","protected":false},"author":2,"featured_media":0,"comment_status":"closed","ping_status":"closed","sticky":false,"template":"","format":"standard","meta":{"footnotes":""},"categories":[26],"tags":[],"class_list":["post-83604","post","type-post","status-publish","format-standard","hentry","category-pinnwand","entry"],"yoast_head":"<!-- This site is optimized with the Yoast SEO plugin v21.0 - https:\/\/yoast.com\/wordpress\/plugins\/seo\/ -->\n<title>Journalistinnen im April in Wien - Feminissima<\/title>\n<meta name=\"robots\" content=\"index, follow, max-snippet:-1, max-image-preview:large, max-video-preview:-1\" \/>\n<link rel=\"canonical\" href=\"https:\/\/feminissima.de\/index.php\/2005\/02\/26\/journalistinnen-im-april-in-wien\/\" \/>\n<meta property=\"og:locale\" content=\"de_DE\" \/>\n<meta property=\"og:type\" content=\"article\" \/>\n<meta property=\"og:title\" content=\"Journalistinnen im April in Wien - Feminissima\" \/>\n<meta property=\"og:description\" content=\"11. April schon mal vormerken: Termin in Wien! Journalistinnentreffen!\/ Hier erst einmal die news, die wir von www.newsroom.de so \u00fcbernommen haben. Wir posten noch die Adresse der VeranstalterINNEN, (wenn wir sie herausgefunden haben ).\" \/>\n<meta property=\"og:url\" content=\"https:\/\/feminissima.de\/index.php\/2005\/02\/26\/journalistinnen-im-april-in-wien\/\" \/>\n<meta property=\"og:site_name\" content=\"Feminissima\" \/>\n<meta property=\"article:published_time\" content=\"2005-02-26T12:57:35+00:00\" \/>\n<meta name=\"author\" content=\"admin\" \/>\n<meta name=\"twitter:card\" content=\"summary_large_image\" \/>\n<meta name=\"twitter:label1\" content=\"Verfasst von\" \/>\n\t<meta name=\"twitter:data1\" content=\"admin\" \/>\n\t<meta name=\"twitter:label2\" content=\"Gesch\u00e4tzte Lesezeit\" \/>\n\t<meta name=\"twitter:data2\" content=\"1\u00a0Minute\" \/>\n<script type=\"application\/ld+json\" class=\"yoast-schema-graph\">{\"@context\":\"https:\/\/schema.org\",\"@graph\":[{\"@type\":\"WebPage\",\"@id\":\"https:\/\/feminissima.de\/index.php\/2005\/02\/26\/journalistinnen-im-april-in-wien\/\",\"url\":\"https:\/\/feminissima.de\/index.php\/2005\/02\/26\/journalistinnen-im-april-in-wien\/\",\"name\":\"Journalistinnen im April in Wien - Feminissima\",\"isPartOf\":{\"@id\":\"https:\/\/feminissima.de\/#website\"},\"datePublished\":\"2005-02-26T12:57:35+00:00\",\"dateModified\":\"2005-02-26T12:57:35+00:00\",\"author\":{\"@id\":\"https:\/\/feminissima.de\/#\/schema\/person\/0b901e053624f88e7ecbea289d9d5128\"},\"breadcrumb\":{\"@id\":\"https:\/\/feminissima.de\/index.php\/2005\/02\/26\/journalistinnen-im-april-in-wien\/#breadcrumb\"},\"inLanguage\":\"de\",\"potentialAction\":[{\"@type\":\"ReadAction\",\"target\":[\"https:\/\/feminissima.de\/index.php\/2005\/02\/26\/journalistinnen-im-april-in-wien\/\"]}]},{\"@type\":\"BreadcrumbList\",\"@id\":\"https:\/\/feminissima.de\/index.php\/2005\/02\/26\/journalistinnen-im-april-in-wien\/#breadcrumb\",\"itemListElement\":[{\"@type\":\"ListItem\",\"position\":1,\"name\":\"Startseite\",\"item\":\"https:\/\/feminissima.de\/\"},{\"@type\":\"ListItem\",\"position\":2,\"name\":\"Journalistinnen im April in Wien\"}]},{\"@type\":\"WebSite\",\"@id\":\"https:\/\/feminissima.de\/#website\",\"url\":\"https:\/\/feminissima.de\/\",\"name\":\"Feminissima\",\"description\":\"\",\"potentialAction\":[{\"@type\":\"SearchAction\",\"target\":{\"@type\":\"EntryPoint\",\"urlTemplate\":\"https:\/\/feminissima.de\/?s={search_term_string}\"},\"query-input\":\"required name=search_term_string\"}],\"inLanguage\":\"de\"},{\"@type\":\"Person\",\"@id\":\"https:\/\/feminissima.de\/#\/schema\/person\/0b901e053624f88e7ecbea289d9d5128\",\"name\":\"admin\",\"image\":{\"@type\":\"ImageObject\",\"inLanguage\":\"de\",\"@id\":\"https:\/\/feminissima.de\/#\/schema\/person\/image\/\",\"url\":\"https:\/\/secure.gravatar.com\/avatar\/8da1f51327453c0bf63338e8e2a791948b7d2ac19b68839492d1e69aac6924a8?s=96&d=mm&r=g\",\"contentUrl\":\"https:\/\/secure.gravatar.com\/avatar\/8da1f51327453c0bf63338e8e2a791948b7d2ac19b68839492d1e69aac6924a8?s=96&d=mm&r=g\",\"caption\":\"admin\"},\"url\":\"https:\/\/feminissima.de\/index.php\/author\/admin\/\"}]}<\/script>\n<!-- \/ Yoast SEO plugin. -->","yoast_head_json":{"title":"Journalistinnen im April in Wien - Feminissima","robots":{"index":"index","follow":"follow","max-snippet":"max-snippet:-1","max-image-preview":"max-image-preview:large","max-video-preview":"max-video-preview:-1"},"canonical":"https:\/\/feminissima.de\/index.php\/2005\/02\/26\/journalistinnen-im-april-in-wien\/","og_locale":"de_DE","og_type":"article","og_title":"Journalistinnen im April in Wien - Feminissima","og_description":"11. April schon mal vormerken: Termin in Wien! Journalistinnentreffen!\/ Hier erst einmal die news, die wir von www.newsroom.de so \u00fcbernommen haben. Wir posten noch die Adresse der VeranstalterINNEN, (wenn wir sie herausgefunden haben ).","og_url":"https:\/\/feminissima.de\/index.php\/2005\/02\/26\/journalistinnen-im-april-in-wien\/","og_site_name":"Feminissima","article_published_time":"2005-02-26T12:57:35+00:00","author":"admin","twitter_card":"summary_large_image","twitter_misc":{"Verfasst von":"admin","Gesch\u00e4tzte Lesezeit":"1\u00a0Minute"},"schema":{"@context":"https:\/\/schema.org","@graph":[{"@type":"WebPage","@id":"https:\/\/feminissima.de\/index.php\/2005\/02\/26\/journalistinnen-im-april-in-wien\/","url":"https:\/\/feminissima.de\/index.php\/2005\/02\/26\/journalistinnen-im-april-in-wien\/","name":"Journalistinnen im April in Wien - Feminissima","isPartOf":{"@id":"https:\/\/feminissima.de\/#website"},"datePublished":"2005-02-26T12:57:35+00:00","dateModified":"2005-02-26T12:57:35+00:00","author":{"@id":"https:\/\/feminissima.de\/#\/schema\/person\/0b901e053624f88e7ecbea289d9d5128"},"breadcrumb":{"@id":"https:\/\/feminissima.de\/index.php\/2005\/02\/26\/journalistinnen-im-april-in-wien\/#breadcrumb"},"inLanguage":"de","potentialAction":[{"@type":"ReadAction","target":["https:\/\/feminissima.de\/index.php\/2005\/02\/26\/journalistinnen-im-april-in-wien\/"]}]},{"@type":"BreadcrumbList","@id":"https:\/\/feminissima.de\/index.php\/2005\/02\/26\/journalistinnen-im-april-in-wien\/#breadcrumb","itemListElement":[{"@type":"ListItem","position":1,"name":"Startseite","item":"https:\/\/feminissima.de\/"},{"@type":"ListItem","position":2,"name":"Journalistinnen im April in Wien"}]},{"@type":"WebSite","@id":"https:\/\/feminissima.de\/#website","url":"https:\/\/feminissima.de\/","name":"Feminissima","description":"","potentialAction":[{"@type":"SearchAction","target":{"@type":"EntryPoint","urlTemplate":"https:\/\/feminissima.de\/?s={search_term_string}"},"query-input":"required name=search_term_string"}],"inLanguage":"de"},{"@type":"Person","@id":"https:\/\/feminissima.de\/#\/schema\/person\/0b901e053624f88e7ecbea289d9d5128","name":"admin","image":{"@type":"ImageObject","inLanguage":"de","@id":"https:\/\/feminissima.de\/#\/schema\/person\/image\/","url":"https:\/\/secure.gravatar.com\/avatar\/8da1f51327453c0bf63338e8e2a791948b7d2ac19b68839492d1e69aac6924a8?s=96&d=mm&r=g","contentUrl":"https:\/\/secure.gravatar.com\/avatar\/8da1f51327453c0bf63338e8e2a791948b7d2ac19b68839492d1e69aac6924a8?s=96&d=mm&r=g","caption":"admin"},"url":"https:\/\/feminissima.de\/index.php\/author\/admin\/"}]}},"jetpack_featured_media_url":"","_links":{"self":[{"href":"https:\/\/feminissima.de\/index.php\/wp-json\/wp\/v2\/posts\/83604","targetHints":{"allow":["GET"]}}],"collection":[{"href":"https:\/\/feminissima.de\/index.php\/wp-json\/wp\/v2\/posts"}],"about":[{"href":"https:\/\/feminissima.de\/index.php\/wp-json\/wp\/v2\/types\/post"}],"author":[{"embeddable":true,"href":"https:\/\/feminissima.de\/index.php\/wp-json\/wp\/v2\/users\/2"}],"replies":[{"embeddable":true,"href":"https:\/\/feminissima.de\/index.php\/wp-json\/wp\/v2\/comments?post=83604"}],"version-history":[{"count":0,"href":"https:\/\/feminissima.de\/index.php\/wp-json\/wp\/v2\/posts\/83604\/revisions"}],"wp:attachment":[{"href":"https:\/\/feminissima.de\/index.php\/wp-json\/wp\/v2\/media?parent=83604"}],"wp:term":[{"taxonomy":"category","embeddable":true,"href":"https:\/\/feminissima.de\/index.php\/wp-json\/wp\/v2\/categories?post=83604"},{"taxonomy":"post_tag","embeddable":true,"href":"https:\/\/feminissima.de\/index.php\/wp-json\/wp\/v2\/tags?post=83604"}],"curies":[{"name":"wp","href":"https:\/\/api.w.org\/{rel}","templated":true}]}}