{"id":83603,"date":"2005-02-25T21:10:56","date_gmt":"2005-02-25T21:10:56","guid":{"rendered":"http:\/\/www.feminissima.de\/?p=83603"},"modified":"2005-02-25T21:10:56","modified_gmt":"2005-02-25T21:10:56","slug":"boellstiftung-eu-frauen","status":"publish","type":"post","link":"https:\/\/feminissima.de\/index.php\/2005\/02\/25\/boellstiftung-eu-frauen\/","title":{"rendered":"B\u00f6llstiftung &#038; EU-Frauen.."},"content":{"rendered":"<p>ein impressionistischer EU-Frauenabend bei der B\u00d6LL-Stiftung, Thema verfehlt!<br \/>Crissi &#8211; unsere dauerhaft unterbezahlte studentische Hilfskraft &#8211; hatte den hinrei\u00dfenden Text, der hier stand, gel\u00f6scht. Nat\u00fcrlich aus Versehen. Hinter vorgehaltener Hand hat sie verraten, da\u00df es absichtlich war. Richtig! Sofort Gehaltserh\u00f6hung! Denn der Text war wirklich schlecht!&#8230;Und was k\u00f6nnen die Buchstaben daf\u00fcr, da\u00df wir die Veranstaltung einer Stiftung, die leider den Namen eines gewi\u00df parteilosen Schriftstellers ..ja, all unser Zorn, \u00fcber die bezahlten Partei-Stellen&#8230;all die Vitamin-B-Stellen, und dabei das unglaubliche MITTELMASS&#8230;dieser Zorn..nein, die Buchstaben k\u00f6nnen nichts daf\u00fcr.<br \/>\n<br \/>\nDer gestrige Abend war der am schlechtesten vorbereitete, am nichtssagendsten in seiner Aussage und &#8211; ja, mit so Worten wie &#8222;Europa&#8220; um sich werfend, und dazu noch die &#8222;neuen Staaten&#8220;&#8230;Frauen aus den neuen EU-Staaten&#8230;reden..was machen sie in Europa, dieses Jahr&#8230;da bist Du gespannt. VIELE WAREN ES.<br \/>\n<br \/>\nAber&#8230;das Gestottere in einer fremden Sprache..f\u00fcr einen Dolmetscher hat es dann bei B\u00d6LL-Stiftung wohl nicht gereicht, ein \u00fcber die Ma\u00dfen dummer Mann, der ausgerechnet diese Frauen-Konferenz &#8222;moderierte&#8220;, und seinen Ha\u00df auf &#8222;Feminisimus&#8220;, wie er in den 70er Jahren in Deutschland in seinen Augen stattgefunden hat&#8230;der mu\u00dfte dann..und daran zeigt sich schon, da\u00df er alles andere war, als ein &#8222;Moderator&#8220;, oder gar ein &#8222;kluger Moderator&#8220;&#8230;also in seine Fragen..ehe ihm der Gedanken kam, da\u00df die drei Stunden qu\u00e4lendsten Zuh\u00f6rens zu fast NULL-AUSSAGEN&#8230;nun eigentlich f\u00fcr die Zuh\u00f6rerInnen auch ein Ende haben sollten&#8230;.ja, also &#8211; 2 Jahre Berlin &#8211; viele verschwafelte Abende hat Eure FEMINISSIMA da schon durchlebt  -aber gestern ABEND &#8211; das war die SPITZE&#8230;wie ein kleiner feiner Kreis erregt hinterher feststellte, w\u00e4hrend wir noch ein paar Schl\u00fcckchen&#8230;wof\u00fcr wir uns schm\u00e4men sollten&#8230;des im Foyer neben einem S\u00fcppchen &#8230;ja, zu uns nahmen. Die B\u00f6ll-Stiftung, f\u00fcr die, die es ncht wissen &#8211; eine STELLENBESCHAFFUNGS-STELLE NUR F\u00dcR GR\u00dcNE&#8230;schm\u00fcckt sich mit falschen Federn &#8211; die haben zwar nun eine Art &#8222;feministisches Institut&#8220; oder so \u00e4hnlich, wie man fein im Internet auf der boell.de Site herausfinden kann, aber die MacherInnen sind offenbar alles andere&#8230;aber bestimmt keine FEMINISTINNEN&#8230;aber, dass diese durch so einen dummerhaftigen Bubi, der den Job, den er so \u00fcberhaupt nicht konnte, garantiert nur als Geldquelle durch Vitamin B&#8230;wie kann der sich erdreisten&#8230;und wir &#8230;die wir uns dagegen verwahrten&#8230;vor dem Mikro dann, bien s\u00fc\u00fc\u00fcr! ..und teils in flie\u00dfendem Englisch &#8211; denn wir sind polyglotty&#8230;wurden dann ein wenig ausgebuht..naja&#8230;und am &#8222;Podium&#8220; &#8230;sa\u00df denn auch noch so eine ganz merkw\u00fcrdige Gr\u00fcne, die uns in einer CHRISTIANSEN-SENDUNG schon mal wegen ihrer nicht-zu-durchschauenden-Haltung&#8230;die aber heftig! aufgefallen war&#8230;jammerte als ehemalige &#8222;OSSI&#8220; &#8211; wir lie\u00dfen sie ausreden, sp\u00e4ter emp\u00f6rte sie sich dar\u00fcber. Ja, dearies &#038; dears&#8230;.alles Shampoo&#8230;&#8230;..<\/p>\n<p>Kleiner Anhang: zwei Frauen gingen bereits nach der ersten halben Stunde&#8230;weil sie wu\u00dften, &#8222;da ist nichts, was wir mit nach hause nehmen k\u00f6nnten&#8220;, an Gedanken..ja, gegen Ende der uns\u00e4glichen Null-Veranstaltung war der Raum nur noch halbvoll. <br \/>Weggegrault das Publikum. <br \/>Sinniert Ch\u00e9rie, die Wildkatze, und putzt angelegentlich ihre Pf\u00f6tchen:<br \/> &#8222;Nach welchen Kriterien wurden eigentlich die Frauen aus den neuen EU-L\u00e4ndern ausgew\u00e4hlt? <br \/>Sie hatten doch nichts zu sagen??? <br \/>Und warum wurde das so unprofessionell aufgezogen? <br \/>Und was hatte das mit &#8222;Europa&#8220; zu tun??? In real&#8230;?&#8220; ..<br \/>Ja, bei uns denken auch die Tiere..<\/p>\n","protected":false},"excerpt":{"rendered":"<p>ein impressionistischer EU-Frauenabend bei der B\u00d6LL-Stiftung, Thema verfehlt!<\/p>\n","protected":false},"author":2,"featured_media":0,"comment_status":"closed","ping_status":"closed","sticky":false,"template":"","format":"standard","meta":{"footnotes":""},"categories":[20],"tags":[],"class_list":["post-83603","post","type-post","status-publish","format-standard","hentry","category-impressionen","entry"],"yoast_head":"<!-- This site is optimized with the Yoast SEO plugin v21.0 - https:\/\/yoast.com\/wordpress\/plugins\/seo\/ -->\n<title>B\u00f6llstiftung &amp; EU-Frauen.. - Feminissima<\/title>\n<meta name=\"robots\" content=\"index, follow, max-snippet:-1, max-image-preview:large, max-video-preview:-1\" \/>\n<link rel=\"canonical\" href=\"https:\/\/feminissima.de\/index.php\/2005\/02\/25\/boellstiftung-eu-frauen\/\" \/>\n<meta property=\"og:locale\" content=\"de_DE\" \/>\n<meta property=\"og:type\" content=\"article\" \/>\n<meta property=\"og:title\" content=\"B\u00f6llstiftung &amp; EU-Frauen.. - Feminissima\" \/>\n<meta property=\"og:description\" content=\"ein impressionistischer EU-Frauenabend bei der B\u00d6LL-Stiftung, Thema verfehlt!\" \/>\n<meta property=\"og:url\" content=\"https:\/\/feminissima.de\/index.php\/2005\/02\/25\/boellstiftung-eu-frauen\/\" \/>\n<meta property=\"og:site_name\" content=\"Feminissima\" \/>\n<meta property=\"article:published_time\" content=\"2005-02-25T21:10:56+00:00\" \/>\n<meta name=\"author\" content=\"admin\" \/>\n<meta name=\"twitter:card\" content=\"summary_large_image\" \/>\n<meta name=\"twitter:label1\" content=\"Verfasst von\" \/>\n\t<meta name=\"twitter:data1\" content=\"admin\" \/>\n\t<meta name=\"twitter:label2\" content=\"Gesch\u00e4tzte Lesezeit\" \/>\n\t<meta name=\"twitter:data2\" content=\"3\u00a0Minuten\" \/>\n<script type=\"application\/ld+json\" class=\"yoast-schema-graph\">{\"@context\":\"https:\/\/schema.org\",\"@graph\":[{\"@type\":\"WebPage\",\"@id\":\"https:\/\/feminissima.de\/index.php\/2005\/02\/25\/boellstiftung-eu-frauen\/\",\"url\":\"https:\/\/feminissima.de\/index.php\/2005\/02\/25\/boellstiftung-eu-frauen\/\",\"name\":\"B\u00f6llstiftung & EU-Frauen.. - Feminissima\",\"isPartOf\":{\"@id\":\"https:\/\/feminissima.de\/#website\"},\"datePublished\":\"2005-02-25T21:10:56+00:00\",\"dateModified\":\"2005-02-25T21:10:56+00:00\",\"author\":{\"@id\":\"https:\/\/feminissima.de\/#\/schema\/person\/0b901e053624f88e7ecbea289d9d5128\"},\"breadcrumb\":{\"@id\":\"https:\/\/feminissima.de\/index.php\/2005\/02\/25\/boellstiftung-eu-frauen\/#breadcrumb\"},\"inLanguage\":\"de\",\"potentialAction\":[{\"@type\":\"ReadAction\",\"target\":[\"https:\/\/feminissima.de\/index.php\/2005\/02\/25\/boellstiftung-eu-frauen\/\"]}]},{\"@type\":\"BreadcrumbList\",\"@id\":\"https:\/\/feminissima.de\/index.php\/2005\/02\/25\/boellstiftung-eu-frauen\/#breadcrumb\",\"itemListElement\":[{\"@type\":\"ListItem\",\"position\":1,\"name\":\"Startseite\",\"item\":\"https:\/\/feminissima.de\/\"},{\"@type\":\"ListItem\",\"position\":2,\"name\":\"B\u00f6llstiftung &#038; EU-Frauen..\"}]},{\"@type\":\"WebSite\",\"@id\":\"https:\/\/feminissima.de\/#website\",\"url\":\"https:\/\/feminissima.de\/\",\"name\":\"Feminissima\",\"description\":\"\",\"potentialAction\":[{\"@type\":\"SearchAction\",\"target\":{\"@type\":\"EntryPoint\",\"urlTemplate\":\"https:\/\/feminissima.de\/?s={search_term_string}\"},\"query-input\":\"required name=search_term_string\"}],\"inLanguage\":\"de\"},{\"@type\":\"Person\",\"@id\":\"https:\/\/feminissima.de\/#\/schema\/person\/0b901e053624f88e7ecbea289d9d5128\",\"name\":\"admin\",\"image\":{\"@type\":\"ImageObject\",\"inLanguage\":\"de\",\"@id\":\"https:\/\/feminissima.de\/#\/schema\/person\/image\/\",\"url\":\"https:\/\/secure.gravatar.com\/avatar\/8da1f51327453c0bf63338e8e2a791948b7d2ac19b68839492d1e69aac6924a8?s=96&d=mm&r=g\",\"contentUrl\":\"https:\/\/secure.gravatar.com\/avatar\/8da1f51327453c0bf63338e8e2a791948b7d2ac19b68839492d1e69aac6924a8?s=96&d=mm&r=g\",\"caption\":\"admin\"},\"url\":\"https:\/\/feminissima.de\/index.php\/author\/admin\/\"}]}<\/script>\n<!-- \/ Yoast SEO plugin. -->","yoast_head_json":{"title":"B\u00f6llstiftung & EU-Frauen.. - Feminissima","robots":{"index":"index","follow":"follow","max-snippet":"max-snippet:-1","max-image-preview":"max-image-preview:large","max-video-preview":"max-video-preview:-1"},"canonical":"https:\/\/feminissima.de\/index.php\/2005\/02\/25\/boellstiftung-eu-frauen\/","og_locale":"de_DE","og_type":"article","og_title":"B\u00f6llstiftung & EU-Frauen.. - Feminissima","og_description":"ein impressionistischer EU-Frauenabend bei der B\u00d6LL-Stiftung, Thema verfehlt!","og_url":"https:\/\/feminissima.de\/index.php\/2005\/02\/25\/boellstiftung-eu-frauen\/","og_site_name":"Feminissima","article_published_time":"2005-02-25T21:10:56+00:00","author":"admin","twitter_card":"summary_large_image","twitter_misc":{"Verfasst von":"admin","Gesch\u00e4tzte Lesezeit":"3\u00a0Minuten"},"schema":{"@context":"https:\/\/schema.org","@graph":[{"@type":"WebPage","@id":"https:\/\/feminissima.de\/index.php\/2005\/02\/25\/boellstiftung-eu-frauen\/","url":"https:\/\/feminissima.de\/index.php\/2005\/02\/25\/boellstiftung-eu-frauen\/","name":"B\u00f6llstiftung & EU-Frauen.. - Feminissima","isPartOf":{"@id":"https:\/\/feminissima.de\/#website"},"datePublished":"2005-02-25T21:10:56+00:00","dateModified":"2005-02-25T21:10:56+00:00","author":{"@id":"https:\/\/feminissima.de\/#\/schema\/person\/0b901e053624f88e7ecbea289d9d5128"},"breadcrumb":{"@id":"https:\/\/feminissima.de\/index.php\/2005\/02\/25\/boellstiftung-eu-frauen\/#breadcrumb"},"inLanguage":"de","potentialAction":[{"@type":"ReadAction","target":["https:\/\/feminissima.de\/index.php\/2005\/02\/25\/boellstiftung-eu-frauen\/"]}]},{"@type":"BreadcrumbList","@id":"https:\/\/feminissima.de\/index.php\/2005\/02\/25\/boellstiftung-eu-frauen\/#breadcrumb","itemListElement":[{"@type":"ListItem","position":1,"name":"Startseite","item":"https:\/\/feminissima.de\/"},{"@type":"ListItem","position":2,"name":"B\u00f6llstiftung &#038; EU-Frauen.."}]},{"@type":"WebSite","@id":"https:\/\/feminissima.de\/#website","url":"https:\/\/feminissima.de\/","name":"Feminissima","description":"","potentialAction":[{"@type":"SearchAction","target":{"@type":"EntryPoint","urlTemplate":"https:\/\/feminissima.de\/?s={search_term_string}"},"query-input":"required name=search_term_string"}],"inLanguage":"de"},{"@type":"Person","@id":"https:\/\/feminissima.de\/#\/schema\/person\/0b901e053624f88e7ecbea289d9d5128","name":"admin","image":{"@type":"ImageObject","inLanguage":"de","@id":"https:\/\/feminissima.de\/#\/schema\/person\/image\/","url":"https:\/\/secure.gravatar.com\/avatar\/8da1f51327453c0bf63338e8e2a791948b7d2ac19b68839492d1e69aac6924a8?s=96&d=mm&r=g","contentUrl":"https:\/\/secure.gravatar.com\/avatar\/8da1f51327453c0bf63338e8e2a791948b7d2ac19b68839492d1e69aac6924a8?s=96&d=mm&r=g","caption":"admin"},"url":"https:\/\/feminissima.de\/index.php\/author\/admin\/"}]}},"jetpack_featured_media_url":"","_links":{"self":[{"href":"https:\/\/feminissima.de\/index.php\/wp-json\/wp\/v2\/posts\/83603","targetHints":{"allow":["GET"]}}],"collection":[{"href":"https:\/\/feminissima.de\/index.php\/wp-json\/wp\/v2\/posts"}],"about":[{"href":"https:\/\/feminissima.de\/index.php\/wp-json\/wp\/v2\/types\/post"}],"author":[{"embeddable":true,"href":"https:\/\/feminissima.de\/index.php\/wp-json\/wp\/v2\/users\/2"}],"replies":[{"embeddable":true,"href":"https:\/\/feminissima.de\/index.php\/wp-json\/wp\/v2\/comments?post=83603"}],"version-history":[{"count":0,"href":"https:\/\/feminissima.de\/index.php\/wp-json\/wp\/v2\/posts\/83603\/revisions"}],"wp:attachment":[{"href":"https:\/\/feminissima.de\/index.php\/wp-json\/wp\/v2\/media?parent=83603"}],"wp:term":[{"taxonomy":"category","embeddable":true,"href":"https:\/\/feminissima.de\/index.php\/wp-json\/wp\/v2\/categories?post=83603"},{"taxonomy":"post_tag","embeddable":true,"href":"https:\/\/feminissima.de\/index.php\/wp-json\/wp\/v2\/tags?post=83603"}],"curies":[{"name":"wp","href":"https:\/\/api.w.org\/{rel}","templated":true}]}}