{"id":83597,"date":"2005-02-20T16:21:01","date_gmt":"2005-02-20T16:21:01","guid":{"rendered":"http:\/\/www.feminissima.de\/?p=83597"},"modified":"2005-02-20T16:21:01","modified_gmt":"2005-02-20T16:21:01","slug":"zdf-werbesendung-more","status":"publish","type":"post","link":"https:\/\/feminissima.de\/index.php\/2005\/02\/20\/zdf-werbesendung-more\/","title":{"rendered":"ZDF-Werbesendung &#038; more"},"content":{"rendered":"<p>Zu &#8222;WETTEN DASS&#8220; , zu &#8222;BIANCA&#8220; , zu &#8222;LESEN&#8220;, zu taz und &#8230;bitte sehr: <br \/>&#8222;Wetten da\u00df&#8220; &#8211; unertr\u00e4gliche WERBE-SENDUNG, flache Witze, unsympathischer Marius-Westernhagen, soll uns doch bitte verschonen&#8230;und mon dieu  &#8211; wie FLACH darf \u00f6ffentlich-rechtliches Fernsehen eigentlich noch weiter werden?? NEIN zum sexistischen DAUER-FLACH-SINN. Was ist aus Gottschalk geworden????????\/ \u00dcbrigens ist auch Elkes Sendung &#8222;LESEN&#8220; von kaum noch ertr\u00e4glicher..ist so HAUSBACKEN..geworden..?und dann noch der FAZ-Typ, och nee, da haben unsere Redaktionstiere doch entnervt ..weggezappt&#8230;nach 15 langweiligen Minuten&#8230;Wann mal mehr FRAUEN und FRAUEN, die schreiben&#8230;????w\u00e4re ja auch mal was&#8230;! \/ die taz versucht die Wochenendauflage mit MINI-Romanen zum Thema ZEITUNG aufzumoppen. Dieses Wochenende &#8211; Eva Demski. Deswegen haben wir mal wieder die taz am Wochendende uns besorgt&#8230;denn der neoliberale Strom in der taz l\u00e4sst sich ja l\u00e4ngst nicht mehr&#8230;ver-ber-gen. Kommt das von ver-biegen. Leider haben wir von Eva Demskis Mini-Roman nur 2 S\u00e4tze gelesen. Man merkt immer, wenn Frauen \u00fcber Kinder-Reaktionen schreiben, die selbst keine Kinder haben. DAs kommt bei uns M\u00fcttern nicht so gut an&#8230;Alle \u00f6ffentlichen DAMEN sind kinderlos &#8211; das sagt was aus, \u00fcber dieses Land- mit Kindern hast Du KEINE Karriere-Chance&#8230;.was die Kinderunfreundlichkeit in diesem Land weiter anschwillen-anschwellen l\u00e4sst&#8230;weil dann wiederum doch ein subkutaner Neid auf die M\u00fctter&#8230;oder nicht-doch-nicht????????? Siehe ALICE SCHWARZER &#8211; eigentlich hat sie immer gegen M\u00fctter geschrieben. Schade. Auch M\u00fctter sind Frauen. Und wollen leben. Existenziell. Und intellektuell..und ..finanziell&#8230;\u00fcberleben.\/ Noch ein W\u00d6RTCHEN zum ZDF : die &#8222;Telenovela&#8220; namens BIANCA &#8211; t\u00e4gliche Anstiftung zu noch mehr Gemeinheit unter den Menschen??? Man gr\u00fcbelt, woher die &#8222;Drehbuch-Autoren&#8220; der Sendung, alles UFA, \u00fcbrigens, hat ja mit ZDF-Mitarbeitern nix zu tun, so ent-sorgt auch das ZDF mit \u00f6ffentlichen Mitteln intern Arbeitspl\u00e4tze, ohne, dass es auff\u00e4llt &#8211; woher sie die Fantasie zu so viel MIESHEIT und HINTERH\u00c4LTIGKEIT nehmen&#8230;Gut kann das nicht sein&#8230;f\u00fcr das schon moralisch so weit heruntergekommene Land, sp\u00e4testens seit Einf\u00fchrung von HARTZ IV&#8230;. \/ DAZU ERREICHTE UNS EINE MAIL von unseren starken LESERN: &#8222;Wenn jetzt die Deutsche Bank wegen der Stellenk\u00fcrzungen so runtergemacht wird, dann sind es dieselben Leute, die die ehemaligen Deutsche Bank-Mitarbeiter am ersten Tag ihrer Arbeitslosigkeit als faule S.. hinstellen!&#8220; \/ Ja, dar\u00fcber gilt es mal nachzudenken&#8230;oder ?<br \/><\/p>\n","protected":false},"excerpt":{"rendered":"<p>Zu &#8222;WETTEN DASS&#8220; , zu &#8222;BIANCA&#8220; , zu &#8222;LESEN&#8220;, zu taz und &#8230;bitte sehr: <\/p>\n","protected":false},"author":2,"featured_media":0,"comment_status":"closed","ping_status":"closed","sticky":false,"template":"","format":"standard","meta":{"footnotes":""},"categories":[13],"tags":[],"class_list":["post-83597","post","type-post","status-publish","format-standard","hentry","category-femmedien","entry"],"yoast_head":"<!-- This site is optimized with the Yoast SEO plugin v21.0 - https:\/\/yoast.com\/wordpress\/plugins\/seo\/ -->\n<title>ZDF-Werbesendung &amp; more - Feminissima<\/title>\n<meta name=\"robots\" content=\"index, follow, max-snippet:-1, max-image-preview:large, max-video-preview:-1\" \/>\n<link rel=\"canonical\" href=\"https:\/\/feminissima.de\/index.php\/2005\/02\/20\/zdf-werbesendung-more\/\" \/>\n<meta property=\"og:locale\" content=\"de_DE\" \/>\n<meta property=\"og:type\" content=\"article\" \/>\n<meta property=\"og:title\" content=\"ZDF-Werbesendung &amp; more - Feminissima\" \/>\n<meta property=\"og:description\" content=\"Zu &quot;WETTEN DASS&quot; , zu &quot;BIANCA&quot; , zu &quot;LESEN&quot;, zu taz und ...bitte sehr:\" \/>\n<meta property=\"og:url\" content=\"https:\/\/feminissima.de\/index.php\/2005\/02\/20\/zdf-werbesendung-more\/\" \/>\n<meta property=\"og:site_name\" content=\"Feminissima\" \/>\n<meta property=\"article:published_time\" content=\"2005-02-20T16:21:01+00:00\" \/>\n<meta name=\"author\" content=\"admin\" \/>\n<meta name=\"twitter:card\" content=\"summary_large_image\" \/>\n<meta name=\"twitter:label1\" content=\"Verfasst von\" \/>\n\t<meta name=\"twitter:data1\" content=\"admin\" \/>\n\t<meta name=\"twitter:label2\" content=\"Gesch\u00e4tzte Lesezeit\" \/>\n\t<meta name=\"twitter:data2\" content=\"2\u00a0Minuten\" \/>\n<script type=\"application\/ld+json\" class=\"yoast-schema-graph\">{\"@context\":\"https:\/\/schema.org\",\"@graph\":[{\"@type\":\"WebPage\",\"@id\":\"https:\/\/feminissima.de\/index.php\/2005\/02\/20\/zdf-werbesendung-more\/\",\"url\":\"https:\/\/feminissima.de\/index.php\/2005\/02\/20\/zdf-werbesendung-more\/\",\"name\":\"ZDF-Werbesendung & more - Feminissima\",\"isPartOf\":{\"@id\":\"https:\/\/feminissima.de\/#website\"},\"datePublished\":\"2005-02-20T16:21:01+00:00\",\"dateModified\":\"2005-02-20T16:21:01+00:00\",\"author\":{\"@id\":\"https:\/\/feminissima.de\/#\/schema\/person\/0b901e053624f88e7ecbea289d9d5128\"},\"breadcrumb\":{\"@id\":\"https:\/\/feminissima.de\/index.php\/2005\/02\/20\/zdf-werbesendung-more\/#breadcrumb\"},\"inLanguage\":\"de\",\"potentialAction\":[{\"@type\":\"ReadAction\",\"target\":[\"https:\/\/feminissima.de\/index.php\/2005\/02\/20\/zdf-werbesendung-more\/\"]}]},{\"@type\":\"BreadcrumbList\",\"@id\":\"https:\/\/feminissima.de\/index.php\/2005\/02\/20\/zdf-werbesendung-more\/#breadcrumb\",\"itemListElement\":[{\"@type\":\"ListItem\",\"position\":1,\"name\":\"Startseite\",\"item\":\"https:\/\/feminissima.de\/\"},{\"@type\":\"ListItem\",\"position\":2,\"name\":\"ZDF-Werbesendung &#038; more\"}]},{\"@type\":\"WebSite\",\"@id\":\"https:\/\/feminissima.de\/#website\",\"url\":\"https:\/\/feminissima.de\/\",\"name\":\"Feminissima\",\"description\":\"\",\"potentialAction\":[{\"@type\":\"SearchAction\",\"target\":{\"@type\":\"EntryPoint\",\"urlTemplate\":\"https:\/\/feminissima.de\/?s={search_term_string}\"},\"query-input\":\"required name=search_term_string\"}],\"inLanguage\":\"de\"},{\"@type\":\"Person\",\"@id\":\"https:\/\/feminissima.de\/#\/schema\/person\/0b901e053624f88e7ecbea289d9d5128\",\"name\":\"admin\",\"image\":{\"@type\":\"ImageObject\",\"inLanguage\":\"de\",\"@id\":\"https:\/\/feminissima.de\/#\/schema\/person\/image\/\",\"url\":\"https:\/\/secure.gravatar.com\/avatar\/8da1f51327453c0bf63338e8e2a791948b7d2ac19b68839492d1e69aac6924a8?s=96&d=mm&r=g\",\"contentUrl\":\"https:\/\/secure.gravatar.com\/avatar\/8da1f51327453c0bf63338e8e2a791948b7d2ac19b68839492d1e69aac6924a8?s=96&d=mm&r=g\",\"caption\":\"admin\"},\"url\":\"https:\/\/feminissima.de\/index.php\/author\/admin\/\"}]}<\/script>\n<!-- \/ Yoast SEO plugin. -->","yoast_head_json":{"title":"ZDF-Werbesendung & more - Feminissima","robots":{"index":"index","follow":"follow","max-snippet":"max-snippet:-1","max-image-preview":"max-image-preview:large","max-video-preview":"max-video-preview:-1"},"canonical":"https:\/\/feminissima.de\/index.php\/2005\/02\/20\/zdf-werbesendung-more\/","og_locale":"de_DE","og_type":"article","og_title":"ZDF-Werbesendung & more - Feminissima","og_description":"Zu \"WETTEN DASS\" , zu \"BIANCA\" , zu \"LESEN\", zu taz und ...bitte sehr:","og_url":"https:\/\/feminissima.de\/index.php\/2005\/02\/20\/zdf-werbesendung-more\/","og_site_name":"Feminissima","article_published_time":"2005-02-20T16:21:01+00:00","author":"admin","twitter_card":"summary_large_image","twitter_misc":{"Verfasst von":"admin","Gesch\u00e4tzte Lesezeit":"2\u00a0Minuten"},"schema":{"@context":"https:\/\/schema.org","@graph":[{"@type":"WebPage","@id":"https:\/\/feminissima.de\/index.php\/2005\/02\/20\/zdf-werbesendung-more\/","url":"https:\/\/feminissima.de\/index.php\/2005\/02\/20\/zdf-werbesendung-more\/","name":"ZDF-Werbesendung & more - Feminissima","isPartOf":{"@id":"https:\/\/feminissima.de\/#website"},"datePublished":"2005-02-20T16:21:01+00:00","dateModified":"2005-02-20T16:21:01+00:00","author":{"@id":"https:\/\/feminissima.de\/#\/schema\/person\/0b901e053624f88e7ecbea289d9d5128"},"breadcrumb":{"@id":"https:\/\/feminissima.de\/index.php\/2005\/02\/20\/zdf-werbesendung-more\/#breadcrumb"},"inLanguage":"de","potentialAction":[{"@type":"ReadAction","target":["https:\/\/feminissima.de\/index.php\/2005\/02\/20\/zdf-werbesendung-more\/"]}]},{"@type":"BreadcrumbList","@id":"https:\/\/feminissima.de\/index.php\/2005\/02\/20\/zdf-werbesendung-more\/#breadcrumb","itemListElement":[{"@type":"ListItem","position":1,"name":"Startseite","item":"https:\/\/feminissima.de\/"},{"@type":"ListItem","position":2,"name":"ZDF-Werbesendung &#038; more"}]},{"@type":"WebSite","@id":"https:\/\/feminissima.de\/#website","url":"https:\/\/feminissima.de\/","name":"Feminissima","description":"","potentialAction":[{"@type":"SearchAction","target":{"@type":"EntryPoint","urlTemplate":"https:\/\/feminissima.de\/?s={search_term_string}"},"query-input":"required name=search_term_string"}],"inLanguage":"de"},{"@type":"Person","@id":"https:\/\/feminissima.de\/#\/schema\/person\/0b901e053624f88e7ecbea289d9d5128","name":"admin","image":{"@type":"ImageObject","inLanguage":"de","@id":"https:\/\/feminissima.de\/#\/schema\/person\/image\/","url":"https:\/\/secure.gravatar.com\/avatar\/8da1f51327453c0bf63338e8e2a791948b7d2ac19b68839492d1e69aac6924a8?s=96&d=mm&r=g","contentUrl":"https:\/\/secure.gravatar.com\/avatar\/8da1f51327453c0bf63338e8e2a791948b7d2ac19b68839492d1e69aac6924a8?s=96&d=mm&r=g","caption":"admin"},"url":"https:\/\/feminissima.de\/index.php\/author\/admin\/"}]}},"jetpack_featured_media_url":"","_links":{"self":[{"href":"https:\/\/feminissima.de\/index.php\/wp-json\/wp\/v2\/posts\/83597","targetHints":{"allow":["GET"]}}],"collection":[{"href":"https:\/\/feminissima.de\/index.php\/wp-json\/wp\/v2\/posts"}],"about":[{"href":"https:\/\/feminissima.de\/index.php\/wp-json\/wp\/v2\/types\/post"}],"author":[{"embeddable":true,"href":"https:\/\/feminissima.de\/index.php\/wp-json\/wp\/v2\/users\/2"}],"replies":[{"embeddable":true,"href":"https:\/\/feminissima.de\/index.php\/wp-json\/wp\/v2\/comments?post=83597"}],"version-history":[{"count":0,"href":"https:\/\/feminissima.de\/index.php\/wp-json\/wp\/v2\/posts\/83597\/revisions"}],"wp:attachment":[{"href":"https:\/\/feminissima.de\/index.php\/wp-json\/wp\/v2\/media?parent=83597"}],"wp:term":[{"taxonomy":"category","embeddable":true,"href":"https:\/\/feminissima.de\/index.php\/wp-json\/wp\/v2\/categories?post=83597"},{"taxonomy":"post_tag","embeddable":true,"href":"https:\/\/feminissima.de\/index.php\/wp-json\/wp\/v2\/tags?post=83597"}],"curies":[{"name":"wp","href":"https:\/\/api.w.org\/{rel}","templated":true}]}}