{"id":83596,"date":"2005-02-20T16:12:13","date_gmt":"2005-02-20T16:12:13","guid":{"rendered":"http:\/\/www.feminissima.de\/?p=83596"},"modified":"2005-02-20T16:12:13","modified_gmt":"2005-02-20T16:12:13","slug":"mord-an-9jaehrigem-lange-geplant","status":"publish","type":"post","link":"https:\/\/feminissima.de\/index.php\/2005\/02\/20\/mord-an-9jaehrigem-lange-geplant\/","title":{"rendered":"Mord an 9j\u00e4hrigem lange geplant"},"content":{"rendered":"<p>..hier noch ein weiterer Artikel zum Kinderm\u00f6rder aus M\u00fcnchen, einem aus der Haft entlassenen ..nun &#8211; Wiederholungst\u00e4ter \/PRESSE-STIMME:<br \/>\n<br \/>\nTRAUNSTEINER NACHRICHTEN:<\/p>\n<p> Mord an Neunj\u00e4hrigem von langer Hand geplant   <\/p>\n<p>M\u00fcnchen (dpa) &#8211; Der M\u00f6rder des kleinen Peter aus M\u00fcnchen hat sein Verbrechen von langer Hand geplant. Kurz nachdem der heute 28-j\u00e4hrige, gest\u00e4ndige Wiederholungst\u00e4ter eine mehrj\u00e4hrige Haftstrafe verb\u00fc\u00dft hatte, brachte er erneut ein Kind ums Leben.  <\/p>\n<p>  Er gestand nach Polizeiangaben vom Sonntag, den Gedanken an den Missbrauch des ihm bekannten Neunj\u00e4hrigen bereits seit Monaten gehegt zu haben. \u00abEr traf bereits entsprechende Vorbereitungen in den vergangenen Wochen\u00bb, sagte der Chef der Mordkommission, Harald Pickert. So habe er Handschellen und M\u00fclls\u00e4cke eingekauft. Die Leiche des Jungen war am Freitag entdeckt worden.<\/p>\n<p>Die Vernehmungen am Wochenende ergaben weitere Details der kaltbl\u00fctig ausgef\u00fchrten Tat. Noch w\u00e4hrend der 28-J\u00e4hrige den sich zur Wehr setzenden Jungen \u00fcber Stunden hinweg missbrauchte, versuchten dessen Eltern einige Male, ihr Kind auf dem Handy zu erreichen. Nachdem er sein Opfer mit einer Plastikt\u00fcte stranguliert und erstickt und die Leiche versteckt hatte, suchte der T\u00e4ter die Eltern auf und beteiligte sich an der Suche nach dem Jungen. Er telefonierte laut Polizei sogar Krankenh\u00e4user ab, um nach dem Neunj\u00e4hrigen zu fragen. Zur\u00fcckgekehrt in sein Wohnheim, verging er sich noch an der Leiche des Kindes.<\/p>\n<p>Der Mann hatte bereits 1994 in Regensburg einen elf Jahre alten Jungen ermordet und war daf\u00fcr zu einer Jugendstrafe von neun Jahren verurteilt worden.<\/p>\n<p><\/p>\n","protected":false},"excerpt":{"rendered":"<p>..hier noch ein weiterer Artikel zum Kinderm\u00f6rder aus M\u00fcnchen, einem aus der Haft entlassenen ..nun &#8211; Wiederholungst\u00e4ter \/PRESSE-STIMME:<br \/>\n<br \/>\nTRAUNSTEINER NACHRICHTEN:<br \/><\/p>\n","protected":false},"author":2,"featured_media":0,"comment_status":"closed","ping_status":"closed","sticky":false,"template":"","format":"standard","meta":{"footnotes":""},"categories":[15],"tags":[],"class_list":["post-83596","post","type-post","status-publish","format-standard","hentry","category-femrecht","entry"],"yoast_head":"<!-- This site is optimized with the Yoast SEO plugin v21.0 - https:\/\/yoast.com\/wordpress\/plugins\/seo\/ -->\n<title>Mord an 9j\u00e4hrigem lange geplant - Feminissima<\/title>\n<meta name=\"robots\" content=\"index, follow, max-snippet:-1, max-image-preview:large, max-video-preview:-1\" \/>\n<link rel=\"canonical\" href=\"https:\/\/feminissima.de\/index.php\/2005\/02\/20\/mord-an-9jaehrigem-lange-geplant\/\" \/>\n<meta property=\"og:locale\" content=\"de_DE\" \/>\n<meta property=\"og:type\" content=\"article\" \/>\n<meta property=\"og:title\" content=\"Mord an 9j\u00e4hrigem lange geplant - Feminissima\" \/>\n<meta property=\"og:description\" content=\"..hier noch ein weiterer Artikel zum Kinderm\u00f6rder aus M\u00fcnchen, einem aus der Haft entlassenen ..nun - Wiederholungst\u00e4ter \/PRESSE-STIMME: TRAUNSTEINER NACHRICHTEN:\" \/>\n<meta property=\"og:url\" content=\"https:\/\/feminissima.de\/index.php\/2005\/02\/20\/mord-an-9jaehrigem-lange-geplant\/\" \/>\n<meta property=\"og:site_name\" content=\"Feminissima\" \/>\n<meta property=\"article:published_time\" content=\"2005-02-20T16:12:13+00:00\" \/>\n<meta name=\"author\" content=\"admin\" \/>\n<meta name=\"twitter:card\" content=\"summary_large_image\" \/>\n<meta name=\"twitter:label1\" content=\"Verfasst von\" \/>\n\t<meta name=\"twitter:data1\" content=\"admin\" \/>\n\t<meta name=\"twitter:label2\" content=\"Gesch\u00e4tzte Lesezeit\" \/>\n\t<meta name=\"twitter:data2\" content=\"1\u00a0Minute\" \/>\n<script type=\"application\/ld+json\" class=\"yoast-schema-graph\">{\"@context\":\"https:\/\/schema.org\",\"@graph\":[{\"@type\":\"WebPage\",\"@id\":\"https:\/\/feminissima.de\/index.php\/2005\/02\/20\/mord-an-9jaehrigem-lange-geplant\/\",\"url\":\"https:\/\/feminissima.de\/index.php\/2005\/02\/20\/mord-an-9jaehrigem-lange-geplant\/\",\"name\":\"Mord an 9j\u00e4hrigem lange geplant - Feminissima\",\"isPartOf\":{\"@id\":\"https:\/\/feminissima.de\/#website\"},\"datePublished\":\"2005-02-20T16:12:13+00:00\",\"dateModified\":\"2005-02-20T16:12:13+00:00\",\"author\":{\"@id\":\"https:\/\/feminissima.de\/#\/schema\/person\/0b901e053624f88e7ecbea289d9d5128\"},\"breadcrumb\":{\"@id\":\"https:\/\/feminissima.de\/index.php\/2005\/02\/20\/mord-an-9jaehrigem-lange-geplant\/#breadcrumb\"},\"inLanguage\":\"de\",\"potentialAction\":[{\"@type\":\"ReadAction\",\"target\":[\"https:\/\/feminissima.de\/index.php\/2005\/02\/20\/mord-an-9jaehrigem-lange-geplant\/\"]}]},{\"@type\":\"BreadcrumbList\",\"@id\":\"https:\/\/feminissima.de\/index.php\/2005\/02\/20\/mord-an-9jaehrigem-lange-geplant\/#breadcrumb\",\"itemListElement\":[{\"@type\":\"ListItem\",\"position\":1,\"name\":\"Startseite\",\"item\":\"https:\/\/feminissima.de\/\"},{\"@type\":\"ListItem\",\"position\":2,\"name\":\"Mord an 9j\u00e4hrigem lange geplant\"}]},{\"@type\":\"WebSite\",\"@id\":\"https:\/\/feminissima.de\/#website\",\"url\":\"https:\/\/feminissima.de\/\",\"name\":\"Feminissima\",\"description\":\"\",\"potentialAction\":[{\"@type\":\"SearchAction\",\"target\":{\"@type\":\"EntryPoint\",\"urlTemplate\":\"https:\/\/feminissima.de\/?s={search_term_string}\"},\"query-input\":\"required name=search_term_string\"}],\"inLanguage\":\"de\"},{\"@type\":\"Person\",\"@id\":\"https:\/\/feminissima.de\/#\/schema\/person\/0b901e053624f88e7ecbea289d9d5128\",\"name\":\"admin\",\"image\":{\"@type\":\"ImageObject\",\"inLanguage\":\"de\",\"@id\":\"https:\/\/feminissima.de\/#\/schema\/person\/image\/\",\"url\":\"https:\/\/secure.gravatar.com\/avatar\/8da1f51327453c0bf63338e8e2a791948b7d2ac19b68839492d1e69aac6924a8?s=96&d=mm&r=g\",\"contentUrl\":\"https:\/\/secure.gravatar.com\/avatar\/8da1f51327453c0bf63338e8e2a791948b7d2ac19b68839492d1e69aac6924a8?s=96&d=mm&r=g\",\"caption\":\"admin\"},\"url\":\"https:\/\/feminissima.de\/index.php\/author\/admin\/\"}]}<\/script>\n<!-- \/ Yoast SEO plugin. -->","yoast_head_json":{"title":"Mord an 9j\u00e4hrigem lange geplant - Feminissima","robots":{"index":"index","follow":"follow","max-snippet":"max-snippet:-1","max-image-preview":"max-image-preview:large","max-video-preview":"max-video-preview:-1"},"canonical":"https:\/\/feminissima.de\/index.php\/2005\/02\/20\/mord-an-9jaehrigem-lange-geplant\/","og_locale":"de_DE","og_type":"article","og_title":"Mord an 9j\u00e4hrigem lange geplant - Feminissima","og_description":"..hier noch ein weiterer Artikel zum Kinderm\u00f6rder aus M\u00fcnchen, einem aus der Haft entlassenen ..nun - Wiederholungst\u00e4ter \/PRESSE-STIMME: TRAUNSTEINER NACHRICHTEN:","og_url":"https:\/\/feminissima.de\/index.php\/2005\/02\/20\/mord-an-9jaehrigem-lange-geplant\/","og_site_name":"Feminissima","article_published_time":"2005-02-20T16:12:13+00:00","author":"admin","twitter_card":"summary_large_image","twitter_misc":{"Verfasst von":"admin","Gesch\u00e4tzte Lesezeit":"1\u00a0Minute"},"schema":{"@context":"https:\/\/schema.org","@graph":[{"@type":"WebPage","@id":"https:\/\/feminissima.de\/index.php\/2005\/02\/20\/mord-an-9jaehrigem-lange-geplant\/","url":"https:\/\/feminissima.de\/index.php\/2005\/02\/20\/mord-an-9jaehrigem-lange-geplant\/","name":"Mord an 9j\u00e4hrigem lange geplant - Feminissima","isPartOf":{"@id":"https:\/\/feminissima.de\/#website"},"datePublished":"2005-02-20T16:12:13+00:00","dateModified":"2005-02-20T16:12:13+00:00","author":{"@id":"https:\/\/feminissima.de\/#\/schema\/person\/0b901e053624f88e7ecbea289d9d5128"},"breadcrumb":{"@id":"https:\/\/feminissima.de\/index.php\/2005\/02\/20\/mord-an-9jaehrigem-lange-geplant\/#breadcrumb"},"inLanguage":"de","potentialAction":[{"@type":"ReadAction","target":["https:\/\/feminissima.de\/index.php\/2005\/02\/20\/mord-an-9jaehrigem-lange-geplant\/"]}]},{"@type":"BreadcrumbList","@id":"https:\/\/feminissima.de\/index.php\/2005\/02\/20\/mord-an-9jaehrigem-lange-geplant\/#breadcrumb","itemListElement":[{"@type":"ListItem","position":1,"name":"Startseite","item":"https:\/\/feminissima.de\/"},{"@type":"ListItem","position":2,"name":"Mord an 9j\u00e4hrigem lange geplant"}]},{"@type":"WebSite","@id":"https:\/\/feminissima.de\/#website","url":"https:\/\/feminissima.de\/","name":"Feminissima","description":"","potentialAction":[{"@type":"SearchAction","target":{"@type":"EntryPoint","urlTemplate":"https:\/\/feminissima.de\/?s={search_term_string}"},"query-input":"required name=search_term_string"}],"inLanguage":"de"},{"@type":"Person","@id":"https:\/\/feminissima.de\/#\/schema\/person\/0b901e053624f88e7ecbea289d9d5128","name":"admin","image":{"@type":"ImageObject","inLanguage":"de","@id":"https:\/\/feminissima.de\/#\/schema\/person\/image\/","url":"https:\/\/secure.gravatar.com\/avatar\/8da1f51327453c0bf63338e8e2a791948b7d2ac19b68839492d1e69aac6924a8?s=96&d=mm&r=g","contentUrl":"https:\/\/secure.gravatar.com\/avatar\/8da1f51327453c0bf63338e8e2a791948b7d2ac19b68839492d1e69aac6924a8?s=96&d=mm&r=g","caption":"admin"},"url":"https:\/\/feminissima.de\/index.php\/author\/admin\/"}]}},"jetpack_featured_media_url":"","_links":{"self":[{"href":"https:\/\/feminissima.de\/index.php\/wp-json\/wp\/v2\/posts\/83596","targetHints":{"allow":["GET"]}}],"collection":[{"href":"https:\/\/feminissima.de\/index.php\/wp-json\/wp\/v2\/posts"}],"about":[{"href":"https:\/\/feminissima.de\/index.php\/wp-json\/wp\/v2\/types\/post"}],"author":[{"embeddable":true,"href":"https:\/\/feminissima.de\/index.php\/wp-json\/wp\/v2\/users\/2"}],"replies":[{"embeddable":true,"href":"https:\/\/feminissima.de\/index.php\/wp-json\/wp\/v2\/comments?post=83596"}],"version-history":[{"count":0,"href":"https:\/\/feminissima.de\/index.php\/wp-json\/wp\/v2\/posts\/83596\/revisions"}],"wp:attachment":[{"href":"https:\/\/feminissima.de\/index.php\/wp-json\/wp\/v2\/media?parent=83596"}],"wp:term":[{"taxonomy":"category","embeddable":true,"href":"https:\/\/feminissima.de\/index.php\/wp-json\/wp\/v2\/categories?post=83596"},{"taxonomy":"post_tag","embeddable":true,"href":"https:\/\/feminissima.de\/index.php\/wp-json\/wp\/v2\/tags?post=83596"}],"curies":[{"name":"wp","href":"https:\/\/api.w.org\/{rel}","templated":true}]}}