{"id":83595,"date":"2005-02-20T12:42:06","date_gmt":"2005-02-20T12:42:06","guid":{"rendered":"http:\/\/www.feminissima.de\/?p=83595"},"modified":"2005-02-20T12:42:06","modified_gmt":"2005-02-20T12:42:06","slug":"mord-an-kurdin-endlich-in-der-weltpresse","status":"publish","type":"post","link":"https:\/\/feminissima.de\/index.php\/2005\/02\/20\/mord-an-kurdin-endlich-in-der-weltpresse\/","title":{"rendered":"Mord an Kurdin, endlich in der Weltpresse"},"content":{"rendered":"<p>Am 7. Februar 05 wurde die junge Kurdin auf offener Stra\u00dfe erschossen, in Berlin, spiegel-online reagiert erst gestern, durch eine Presse-Konferenz aufgeschreckt: <\/p>\n<p>Kein Wunder, da\u00df rund 80% der Deutschen nach Zeitschriftenumfragen die T\u00fcrkei NICHT in der EU haben wollen &#8211; jeder sogenannte &#8222;EhrenMord&#8220; l\u00e4sst eine Ablehnung wachsen, die &#8222;so&#8220; vor rund 20 Jahren \u00fcberhaupt nicht existierte.<br \/>\n<br \/>\nDie Frage, die es wert w\u00e4re, untersucht zu werden- WANN und mit WEM kehrte der so krass-m\u00f6rderische absolut-frauenfeindliche ISLAMISMUS nach Deutschland ein..?? Oder war es &#8222;fr\u00fcher&#8220; auch nicht besser und wir haben es blo\u00df nicht so gemerkt&#8230;?? HIER der Artikel von spiegel-online, unser PRESSE-SPIEGEL heute, zur Ermordung von Hatin &#8230;in einigen Presse-Artikel hei\u00dft sie Hatun&#8230;wir erfahren es vielleicht am kommenden Dienstag, wie sie wirklich hei\u00dft, bei der<br \/>\n<br \/>\nTRAUERFEIER internationaler FRAUENGRUPPEN zu Ehren von Hatin oder Hatun&#8230;.<\/p>\n<p>Der Artikel fasst die aktuellen Trends zusammen.<br \/>\n<br \/>\nEin sehr gut geschriebener Artikel, finden wir, daher &#8211; f\u00fcr Euch gesammelt&#8230;:<br \/>19. Februar 2005 <\/p>\n<p>\nMORD AN JUNGER T\u00dcRKIN<\/p>\n<p>&#8222;Sie hat ja wie eine Deutsche gelebt&#8220;<\/p>\n<p>Von Florian Peil und Sonja Ernst <\/p>\n<p>Eine T\u00fcrkin, die sich von ihrer Familie losgesagt hatte, wurde in Berlin auf offener Stra\u00dfe erschossen. Die Ermittler bef\u00fcrchten einen so genannten Ehrenmord. An einer Schule fand das Verbrechen bei einigen muslimischen Sch\u00fclern Beifall. Die Diskussion um gef\u00e4hrliche Parallelgesellschaften bekommt neue Nahrung.<\/p>\n<p>Polizei Berlin<br \/>\n<br \/>\nOpfer S\u00fcr\u00fcc\u00fc: Wegen ihres Lebenstils von den Br\u00fcdern get\u00f6tet?<br \/>\n<br \/>\nBerlin &#8211; Die Sch\u00fcsse fallen am Abend des 7. Februar an einer einsamen Bushaltestelle in Berlin-Tempelhof. Ein Telefonanruf hat Hatin S\u00fcr\u00fcc\u00fc aus dem Haus gelockt. Auf der Stra\u00dfe wird die 23-J\u00e4hrige von mehreren Kugeln aus n\u00e4chster N\u00e4he so schwer getroffen, dass sie noch am Tatort stirbt. Bald darauf werden drei ihrer Br\u00fcder verhaftet &#8211; sie sollen das M\u00e4dchen schon seit l\u00e4ngerem bedroht haben. <\/p>\n<p>Die junge Deutsche t\u00fcrkisch-kurdischer Herkunft galt f\u00fcr ihre streng konservative Familie als Versto\u00dfene. Denn Hatin S\u00fcr\u00fcc\u00fc hatte sich von ihrer Familie abgewendet und ein neues Leben begonnen &#8211; um endlich nach ihren eigenen Regeln leben zu k\u00f6nnen. In Berlin aufgewachsen, heiratete sie mit 16 Jahren ihren Cousin in Istanbul. Die Hochzeit war von den Eltern arrangiert worden. Durch die konservativen Familientraditionen f\u00fchlte sich Hatin S\u00fcr\u00fcc\u00fc jedoch bald eingeengt: Sie lie\u00df sich scheiden und kehrte mit ihrem kleinen Sohn nach Berlin zur\u00fcck.<\/p>\n<p>Hier wohnte sie in einem Mutter-Kind-Heim, machte ihren Schulabschluss und begann eine Ausbildung als Elektroinstallateurin. Sie galt als lebenslustig und ging gern aus. Das Kopftuch hatte sie abgelegt. War das ihr Todesurteil?<\/p>\n<p>Sollte sich der Verdacht der Ermittler auf einen so genannten Ehrenmord best\u00e4tigen &#8211; der Fall von Hatin S\u00fcr\u00fcc\u00fc w\u00e4re nicht der erste in Deutschland, wohl aber einer der brutalsten in j\u00fcngster Zeit. Nach einer k\u00fcrzlich ver\u00f6ffentlichten Studie von Papatya, einer Berliner Kriseneinrichtung f\u00fcr junge Migrantinnen, sind zwischen 1996 und 2004 insgesamt 45 M\u00e4nner und Frauen &#8222;im Namen der Ehre&#8220; ermordet worden. <\/p>\n<p>Patriarchalische Muster <\/p>\n<p>&#8222;Traditionelle Familien wollen nicht, dass ihre Kinder deutsch werden&#8220;, sagt die t\u00fcrkische Autorin Necla Kelek. In ihrem Buch &#8222;Die fremde Braut&#8220; beschreibt sie das Leben t\u00fcrkischer Frauen, die keine Rechte kennen. &#8222;Die Eltern f\u00fcrchten, dass ihre Kinder zu Individualisten werden &#8211; denn dann w\u00fcrden sie ihre Macht \u00fcber sie verlieren.&#8220; \u00c4hnlich argumentiert Myria B\u00f6hmecke von der Frauenorganisation Terre Des Femmes. &#8222;Ehrverbrechen sind kein rein islamisches Ph\u00e4nomen, sondern spiegeln traditionell patriarchalische Muster&#8220;, sagt die Leiterin der seit November laufenden Kampagne &#8222;Nein zu Verbrechen im Namen der Ehre&#8220;, die das Thema enttabuisieren soll. <\/p>\n<p>F\u00fcr Ali Kizilkaya, den Vorsitzenden des Islamrates, eines der gro\u00dfen muslimischen Dachverb\u00e4nde in Deutschland, stellt die Ermordung Hatins &#8222;einen Missbrauch und eine Beleidigung der Religion&#8220; dar. F\u00fcr solche &#8222;Ehrenmorde&#8220; gebe es keine religi\u00f6se Rechtfertigung. <\/p>\n<p>SPIEGEL ONLINE<br \/>\n<br \/>\nSchulleiter Volker Steffens: &#8222;Wir kehren nichts unter den Teppich&#8220;<br \/>\n<br \/>\nBeifall fand die Ermordung von Hatin S\u00fcr\u00fcc\u00fc an einer Schule in Berlin-Neuk\u00f6lln. Drei t\u00fcrkischst\u00e4mmige Sch\u00fcler der Thomas-Morus-Hauptschule, die ganz in der N\u00e4he des Tatorts liegt, hatten den Mord im Unterricht gut gehei\u00dfen: &#8222;Sie hat ja wie eine Deutsche gelebt&#8220;, hatte einer von ihnen erkl\u00e4rt. <\/p>\n<p>Schulleiter Volker Steffens war schockiert &#8211; und reagierte sofort: In einem offenen Brief an die Sch\u00fcler, Eltern und Lehrer drohte er den Sch\u00fclern f\u00fcr solche &#8222;Hetze und Respektlosigkeit&#8220; mit scharfen Konsequenzen. Als der Brief in die Medien gelangte, war die Schule pl\u00f6tzlich von Fernsehteams und Fotografen belagert. <\/p>\n<p>&#8222;Wir wollen an unserer Schule nichts unter den Teppich kehren&#8220;, sagte Steffens auf einer spontan organisierten Pressekonferenz. Die betreffenden Sch\u00fcler seien aber keine &#8222;Meinungsf\u00fchrer&#8220; an der Schule. Klarheit \u00fcber den Gehalt der Sch\u00fcler-Aussagen soll ein Gespr\u00e4ch in der kommenden Woche bringen, an dem auch die Eltern teilnehmen. <\/p>\n<p>Alles nur Spa\u00df?<\/p>\n<p>Unklar bleibt, ob die Bemerkungen der drei Achtkl\u00e4ssler nur pubert\u00e4re Provokationen waren &#8211; oder weit verbreitetes Denken unter t\u00fcrkischen und arabischen Erwachsenen. Die Sch\u00fcler jedenfalls k\u00f6nnen die ganze Aufregung und den Medienrummel nicht verstehen. &#8222;Der Rektor hat das alles viel zu Ernst genommen&#8220;, sagt Schulsprecherin Damla Y. Vielleicht sei es ja nur ein Spa\u00df gewesen: &#8222;Das sind doch kleine Kinder, die wollten nur den Lehrer nerven.&#8220; Den Mord an Hatin S\u00fcr\u00fcc\u00fc verurteilt die 18-j\u00e4hrige T\u00fcrkin. Sie selbst lehnt ein Kopftuch ab und tr\u00e4gt ihr Haar offen: &#8222;Ich bin frei. Ich kann machen, was ich will.&#8220; <\/p>\n<p>Viele Sch\u00fcler sind der Ansicht, dass ihr Rektor \u00fcberreagiert habe. Vor den Kameras und Mikrofonen bef\u00fcrwortet keiner den Mord an Hatin S\u00fcr\u00fcc\u00fc. &#8222;Das sind doch Sitten wie im Mittelalter&#8220;, sagt Ebo A. aus dem Libanon. &#8222;Wer so etwas will, soll doch zur\u00fcck in die T\u00fcrkei gehen.&#8220; Ohnehin tr\u00fcgen viele M\u00e4dchen nur deshalb Kopft\u00fccher, weil ihre Eltern das so wollten, so der 17-J\u00e4hrige. &#8222;Die glauben aber nicht dran.&#8220; <\/p>\n<p>Auf dem Schulhof sind nur wenige M\u00e4dchen mit Kopftuch zu sehen. Doch wer im Sommer mit einem kurzen Rock zur Schule komme, erz\u00e4hlt Eve K., werde schon mal als &#8222;Schlampe&#8220; beschimpft &#8211; von Kopftuch tragenden M\u00e4dchen. <\/p>\n","protected":false},"excerpt":{"rendered":"<p>Am 7. Februar 05 wurde die junge Kurdin auf offener Stra\u00dfe erschossen, in Berlin, spiegel-online reagiert erst gestern, durch eine Presse-Konferenz aufgeschreckt: <\/p>\n<p>Kein Wunder, da\u00df rund 80% der Deutschen nach Zeitschriftenumfragen die T\u00fcrkei NICHT in der EU haben wollen &#8211; jeder sogenannte &#8222;EhrenMord&#8220; l\u00e4sst eine Ablehnung wachsen, die &#8222;so&#8220; vor rund 20 Jahren \u00fcberhaupt nicht existierte.<br \/>\n<br \/>\nDie Frage, die es wert w\u00e4re, untersucht zu werden- WANN und mit WEM kehrte der so krass-m\u00f6rderische absolut-frauenfeindliche ISLAMISMUS nach Deutschland ein..?? Oder war es &#8222;fr\u00fcher&#8220; auch nicht besser und wir haben es blo\u00df nicht so gemerkt&#8230;?? HIER der Artikel von spiegel-online, unser PRESSE-SPIEGEL heute, zur Ermordung von Hatin &#8230;in einigen Presse-Artikel hei\u00dft sie Hatun&#8230;wir erfahren es vielleicht am kommenden Dienstag, wie sie wirklich hei\u00dft, bei der<br \/>\n<br \/>\nTRAUERFEIER internationaler FRAUENGRUPPEN zu Ehren von Hatin oder Hatun&#8230;.<\/p>\n<p>Der Artikel fasst die aktuellen Trends zusammen.<br \/>\n<br \/>\nEin sehr gut geschriebener Artikel, finden wir, daher &#8211; f\u00fcr Euch gesammelt&#8230;:<\/p>\n","protected":false},"author":2,"featured_media":0,"comment_status":"closed","ping_status":"closed","sticky":false,"template":"","format":"standard","meta":{"footnotes":""},"categories":[15],"tags":[],"class_list":["post-83595","post","type-post","status-publish","format-standard","hentry","category-femrecht","entry"],"yoast_head":"<!-- This site is optimized with the Yoast SEO plugin v21.0 - https:\/\/yoast.com\/wordpress\/plugins\/seo\/ -->\n<title>Mord an Kurdin, endlich in der Weltpresse - Feminissima<\/title>\n<meta name=\"robots\" content=\"index, follow, max-snippet:-1, max-image-preview:large, max-video-preview:-1\" \/>\n<link rel=\"canonical\" href=\"https:\/\/feminissima.de\/index.php\/2005\/02\/20\/mord-an-kurdin-endlich-in-der-weltpresse\/\" \/>\n<meta property=\"og:locale\" content=\"de_DE\" \/>\n<meta property=\"og:type\" content=\"article\" \/>\n<meta property=\"og:title\" content=\"Mord an Kurdin, endlich in der Weltpresse - Feminissima\" \/>\n<meta property=\"og:description\" content=\"Am 7. Februar 05 wurde die junge Kurdin auf offener Stra\u00dfe erschossen, in Berlin, spiegel-online reagiert erst gestern, durch eine Presse-Konferenz aufgeschreckt:   Kein Wunder, da\u00df rund 80% der Deutschen nach Zeitschriftenumfragen die T\u00fcrkei NICHT in der EU haben wollen - jeder sogenannte &quot;EhrenMord&quot; l\u00e4sst eine Ablehnung wachsen, die &quot;so&quot; vor rund 20 Jahren \u00fcberhaupt nicht existierte.  Die Frage, die es wert w\u00e4re, untersucht zu werden- WANN und mit WEM kehrte der so krass-m\u00f6rderische absolut-frauenfeindliche ISLAMISMUS nach Deutschland ein..?? Oder war es &quot;fr\u00fcher&quot; auch nicht besser und wir haben es blo\u00df nicht so gemerkt...?? HIER der Artikel von spiegel-online, unser PRESSE-SPIEGEL heute, zur Ermordung von Hatin ...in einigen Presse-Artikel hei\u00dft sie Hatun...wir erfahren es vielleicht am kommenden Dienstag, wie sie wirklich hei\u00dft, bei der TRAUERFEIER internationaler FRAUENGRUPPEN zu Ehren von Hatin oder Hatun....  Der Artikel fasst die aktuellen Trends zusammen. Ein sehr gut geschriebener Artikel, finden wir, daher - f\u00fcr Euch gesammelt...:\" \/>\n<meta property=\"og:url\" content=\"https:\/\/feminissima.de\/index.php\/2005\/02\/20\/mord-an-kurdin-endlich-in-der-weltpresse\/\" \/>\n<meta property=\"og:site_name\" content=\"Feminissima\" \/>\n<meta property=\"article:published_time\" content=\"2005-02-20T12:42:06+00:00\" \/>\n<meta name=\"author\" content=\"admin\" \/>\n<meta name=\"twitter:card\" content=\"summary_large_image\" \/>\n<meta name=\"twitter:label1\" content=\"Verfasst von\" \/>\n\t<meta name=\"twitter:data1\" content=\"admin\" \/>\n\t<meta name=\"twitter:label2\" content=\"Gesch\u00e4tzte Lesezeit\" \/>\n\t<meta name=\"twitter:data2\" content=\"5\u00a0Minuten\" \/>\n<script type=\"application\/ld+json\" class=\"yoast-schema-graph\">{\"@context\":\"https:\/\/schema.org\",\"@graph\":[{\"@type\":\"WebPage\",\"@id\":\"https:\/\/feminissima.de\/index.php\/2005\/02\/20\/mord-an-kurdin-endlich-in-der-weltpresse\/\",\"url\":\"https:\/\/feminissima.de\/index.php\/2005\/02\/20\/mord-an-kurdin-endlich-in-der-weltpresse\/\",\"name\":\"Mord an Kurdin, endlich in der Weltpresse - Feminissima\",\"isPartOf\":{\"@id\":\"https:\/\/feminissima.de\/#website\"},\"datePublished\":\"2005-02-20T12:42:06+00:00\",\"dateModified\":\"2005-02-20T12:42:06+00:00\",\"author\":{\"@id\":\"https:\/\/feminissima.de\/#\/schema\/person\/0b901e053624f88e7ecbea289d9d5128\"},\"breadcrumb\":{\"@id\":\"https:\/\/feminissima.de\/index.php\/2005\/02\/20\/mord-an-kurdin-endlich-in-der-weltpresse\/#breadcrumb\"},\"inLanguage\":\"de\",\"potentialAction\":[{\"@type\":\"ReadAction\",\"target\":[\"https:\/\/feminissima.de\/index.php\/2005\/02\/20\/mord-an-kurdin-endlich-in-der-weltpresse\/\"]}]},{\"@type\":\"BreadcrumbList\",\"@id\":\"https:\/\/feminissima.de\/index.php\/2005\/02\/20\/mord-an-kurdin-endlich-in-der-weltpresse\/#breadcrumb\",\"itemListElement\":[{\"@type\":\"ListItem\",\"position\":1,\"name\":\"Startseite\",\"item\":\"https:\/\/feminissima.de\/\"},{\"@type\":\"ListItem\",\"position\":2,\"name\":\"Mord an Kurdin, endlich in der Weltpresse\"}]},{\"@type\":\"WebSite\",\"@id\":\"https:\/\/feminissima.de\/#website\",\"url\":\"https:\/\/feminissima.de\/\",\"name\":\"Feminissima\",\"description\":\"\",\"potentialAction\":[{\"@type\":\"SearchAction\",\"target\":{\"@type\":\"EntryPoint\",\"urlTemplate\":\"https:\/\/feminissima.de\/?s={search_term_string}\"},\"query-input\":\"required name=search_term_string\"}],\"inLanguage\":\"de\"},{\"@type\":\"Person\",\"@id\":\"https:\/\/feminissima.de\/#\/schema\/person\/0b901e053624f88e7ecbea289d9d5128\",\"name\":\"admin\",\"image\":{\"@type\":\"ImageObject\",\"inLanguage\":\"de\",\"@id\":\"https:\/\/feminissima.de\/#\/schema\/person\/image\/\",\"url\":\"https:\/\/secure.gravatar.com\/avatar\/8da1f51327453c0bf63338e8e2a791948b7d2ac19b68839492d1e69aac6924a8?s=96&d=mm&r=g\",\"contentUrl\":\"https:\/\/secure.gravatar.com\/avatar\/8da1f51327453c0bf63338e8e2a791948b7d2ac19b68839492d1e69aac6924a8?s=96&d=mm&r=g\",\"caption\":\"admin\"},\"url\":\"https:\/\/feminissima.de\/index.php\/author\/admin\/\"}]}<\/script>\n<!-- \/ Yoast SEO plugin. -->","yoast_head_json":{"title":"Mord an Kurdin, endlich in der Weltpresse - Feminissima","robots":{"index":"index","follow":"follow","max-snippet":"max-snippet:-1","max-image-preview":"max-image-preview:large","max-video-preview":"max-video-preview:-1"},"canonical":"https:\/\/feminissima.de\/index.php\/2005\/02\/20\/mord-an-kurdin-endlich-in-der-weltpresse\/","og_locale":"de_DE","og_type":"article","og_title":"Mord an Kurdin, endlich in der Weltpresse - Feminissima","og_description":"Am 7. Februar 05 wurde die junge Kurdin auf offener Stra\u00dfe erschossen, in Berlin, spiegel-online reagiert erst gestern, durch eine Presse-Konferenz aufgeschreckt:   Kein Wunder, da\u00df rund 80% der Deutschen nach Zeitschriftenumfragen die T\u00fcrkei NICHT in der EU haben wollen - jeder sogenannte \"EhrenMord\" l\u00e4sst eine Ablehnung wachsen, die \"so\" vor rund 20 Jahren \u00fcberhaupt nicht existierte.  Die Frage, die es wert w\u00e4re, untersucht zu werden- WANN und mit WEM kehrte der so krass-m\u00f6rderische absolut-frauenfeindliche ISLAMISMUS nach Deutschland ein..?? Oder war es \"fr\u00fcher\" auch nicht besser und wir haben es blo\u00df nicht so gemerkt...?? HIER der Artikel von spiegel-online, unser PRESSE-SPIEGEL heute, zur Ermordung von Hatin ...in einigen Presse-Artikel hei\u00dft sie Hatun...wir erfahren es vielleicht am kommenden Dienstag, wie sie wirklich hei\u00dft, bei der TRAUERFEIER internationaler FRAUENGRUPPEN zu Ehren von Hatin oder Hatun....  Der Artikel fasst die aktuellen Trends zusammen. Ein sehr gut geschriebener Artikel, finden wir, daher - f\u00fcr Euch gesammelt...:","og_url":"https:\/\/feminissima.de\/index.php\/2005\/02\/20\/mord-an-kurdin-endlich-in-der-weltpresse\/","og_site_name":"Feminissima","article_published_time":"2005-02-20T12:42:06+00:00","author":"admin","twitter_card":"summary_large_image","twitter_misc":{"Verfasst von":"admin","Gesch\u00e4tzte Lesezeit":"5\u00a0Minuten"},"schema":{"@context":"https:\/\/schema.org","@graph":[{"@type":"WebPage","@id":"https:\/\/feminissima.de\/index.php\/2005\/02\/20\/mord-an-kurdin-endlich-in-der-weltpresse\/","url":"https:\/\/feminissima.de\/index.php\/2005\/02\/20\/mord-an-kurdin-endlich-in-der-weltpresse\/","name":"Mord an Kurdin, endlich in der Weltpresse - Feminissima","isPartOf":{"@id":"https:\/\/feminissima.de\/#website"},"datePublished":"2005-02-20T12:42:06+00:00","dateModified":"2005-02-20T12:42:06+00:00","author":{"@id":"https:\/\/feminissima.de\/#\/schema\/person\/0b901e053624f88e7ecbea289d9d5128"},"breadcrumb":{"@id":"https:\/\/feminissima.de\/index.php\/2005\/02\/20\/mord-an-kurdin-endlich-in-der-weltpresse\/#breadcrumb"},"inLanguage":"de","potentialAction":[{"@type":"ReadAction","target":["https:\/\/feminissima.de\/index.php\/2005\/02\/20\/mord-an-kurdin-endlich-in-der-weltpresse\/"]}]},{"@type":"BreadcrumbList","@id":"https:\/\/feminissima.de\/index.php\/2005\/02\/20\/mord-an-kurdin-endlich-in-der-weltpresse\/#breadcrumb","itemListElement":[{"@type":"ListItem","position":1,"name":"Startseite","item":"https:\/\/feminissima.de\/"},{"@type":"ListItem","position":2,"name":"Mord an Kurdin, endlich in der Weltpresse"}]},{"@type":"WebSite","@id":"https:\/\/feminissima.de\/#website","url":"https:\/\/feminissima.de\/","name":"Feminissima","description":"","potentialAction":[{"@type":"SearchAction","target":{"@type":"EntryPoint","urlTemplate":"https:\/\/feminissima.de\/?s={search_term_string}"},"query-input":"required name=search_term_string"}],"inLanguage":"de"},{"@type":"Person","@id":"https:\/\/feminissima.de\/#\/schema\/person\/0b901e053624f88e7ecbea289d9d5128","name":"admin","image":{"@type":"ImageObject","inLanguage":"de","@id":"https:\/\/feminissima.de\/#\/schema\/person\/image\/","url":"https:\/\/secure.gravatar.com\/avatar\/8da1f51327453c0bf63338e8e2a791948b7d2ac19b68839492d1e69aac6924a8?s=96&d=mm&r=g","contentUrl":"https:\/\/secure.gravatar.com\/avatar\/8da1f51327453c0bf63338e8e2a791948b7d2ac19b68839492d1e69aac6924a8?s=96&d=mm&r=g","caption":"admin"},"url":"https:\/\/feminissima.de\/index.php\/author\/admin\/"}]}},"jetpack_featured_media_url":"","_links":{"self":[{"href":"https:\/\/feminissima.de\/index.php\/wp-json\/wp\/v2\/posts\/83595","targetHints":{"allow":["GET"]}}],"collection":[{"href":"https:\/\/feminissima.de\/index.php\/wp-json\/wp\/v2\/posts"}],"about":[{"href":"https:\/\/feminissima.de\/index.php\/wp-json\/wp\/v2\/types\/post"}],"author":[{"embeddable":true,"href":"https:\/\/feminissima.de\/index.php\/wp-json\/wp\/v2\/users\/2"}],"replies":[{"embeddable":true,"href":"https:\/\/feminissima.de\/index.php\/wp-json\/wp\/v2\/comments?post=83595"}],"version-history":[{"count":0,"href":"https:\/\/feminissima.de\/index.php\/wp-json\/wp\/v2\/posts\/83595\/revisions"}],"wp:attachment":[{"href":"https:\/\/feminissima.de\/index.php\/wp-json\/wp\/v2\/media?parent=83595"}],"wp:term":[{"taxonomy":"category","embeddable":true,"href":"https:\/\/feminissima.de\/index.php\/wp-json\/wp\/v2\/categories?post=83595"},{"taxonomy":"post_tag","embeddable":true,"href":"https:\/\/feminissima.de\/index.php\/wp-json\/wp\/v2\/tags?post=83595"}],"curies":[{"name":"wp","href":"https:\/\/api.w.org\/{rel}","templated":true}]}}