{"id":83594,"date":"2005-02-19T04:16:12","date_gmt":"2005-02-19T04:16:12","guid":{"rendered":"http:\/\/www.feminissima.de\/?p=83594"},"modified":"2005-02-19T04:16:12","modified_gmt":"2005-02-19T04:16:12","slug":"ermordet-die-kurdin-der-kleine-junge","status":"publish","type":"post","link":"https:\/\/feminissima.de\/index.php\/2005\/02\/19\/ermordet-die-kurdin-der-kleine-junge\/","title":{"rendered":"Ermordet. Die Kurdin. Der kleine Junge."},"content":{"rendered":"<p>Die Gewalt haben wir in die Gewalt-Rubrik verbannt&#8230;.sie hat uns so niedergezogen und Euch vielleicht auch, auf unserer doch sonst eher so ..munteren live-Site.. Hier in ihrer Rubrik hat die GEWALT ihren Platz&#8230;: und unsere krassen Ansichten dazu auch &#8211; Es geht um den erneuten Kindermord (ein Kind in Bayern, vom Freund des Vaters, einem Wiederholungst\u00e4ter, der schon mal ein Kind mit 70 Messerstichen get\u00f6tet hatte&#8230;aber&#8230;sicher dank so toller Psychologen..wieder..wie man nun erlebte..gerade wieder auf freiem Fu\u00df war&#8230;da wird das n\u00e4chste Kind gleich wieder sexuell mi\u00dfbraucht und umgebracht- man m\u00fc\u00dfte auch die bestrafen, die seine FREILASSUNG  VERBROCHEN HABEN. Und dann &#8211; endlich ger\u00e4t Berlin in Aufruhr &#8211; nachdem die 5. Muslimin innerhalb k\u00fcrzester Zeit auf offener Stra\u00dfe von ihren &#8222;Angeh\u00f6rigen&#8220; abgeschlachtet worden ist&#8230;.<\/p>\n<p>&#8212;&#8212;&#8212;&#8212;&#8212;&#8212;&#8212;&#8212;&#8212;&#8212;&#8212;&#8212;&#8212;&#8212;&#8212;&#8212;&#8211;<\/p>\n<p>\n  Und hier der n\u00e4chste Dauer-Horror : ein weiterer Kindermord!<\/p>\n<p>\n19. 2. 05 <\/p>\n<p>Auch Kinder leben in diesem Land auff\u00e4llig seltsam ungesch\u00fctzt.<br \/>\n<br \/>\nMan sollte \u00fcber eine Todesstrafe nachdenken f\u00fcr Mord.<br \/>\n<br \/>\nBesonders bei Mord an KINDERN!!!! Und FRAUEN.<\/p>\n<p>Dann w\u00fcrde dieser Neunj\u00e4hrige jetzt noch leben&#8230;und viele andere Kinder auch&#8230;!!!<\/p>\n<p>Vorbestrafter Sexualt\u00e4ter t\u00f6tet Neunj\u00e4hrigen M\u00fcnchen (dpa)<\/p>\n<p>&#8211; Ein neunj\u00e4hriger Junge aus M\u00fcnchen ist einem Sexualverbrechen zum Opfer gefallen. Der neunj\u00e4hrige Peter wurde am Freitag in M\u00fcnchen tot gefunden. <\/p>\n<p>\u00a9 dpa Er wurde von einem Wiederholungst\u00e4ter umgebracht und am Freitagnachmittag tot aufgefunden. Wie die Polizei am Abend mitteilte, hatte der gest\u00e4ndige 28-j\u00e4hrige Mann bereits im Oktober 1994 in Regensburg einen 11-J\u00e4hrigen mit 70 Messerstichen get\u00f6tet.<\/p>\n<p>Er gab nach seiner Festnahme in M\u00fcnchen an, den kleinen Peter aus dem Stadtteil Neuperlach nach sexuellen Handlungen erstickt und in einen M\u00fcllcontainer geworfen zu haben. Tatort war das Zimmer des Verd\u00e4chtigen in einer Sozialunterkunft. <\/p>\n<p>F\u00fcr den Mord an dem Kind in Regensburg war der T\u00e4ter zu einer Jugendstrafe von neun Jahren verurteilt worden, die er bis zum April 2004 absa\u00df. Der Vater des jetzt get\u00f6teten Jungen und der mutma\u00dfliche M\u00f6rder kannten sich nach Polizeiermittlungen aus dem Gef\u00e4ngnis. <\/p>\n<p>Der Neunj\u00e4hrige war zuletzt am Donnerstagmittag gesehen worden. Er war mit dem Schulbus bis in die N\u00e4he seiner Wohnung gefahren. Der Busfahrer sah ihn Polizeiangaben zufolge noch zum Wohnhaus seiner Eltern gehen, dort tauchte er aber nicht auf.<\/p>\n<p>Zun\u00e4chst hatten die Eltern selbst die Umgebung abgesucht und Schulfreunde des Jungen befragt. Am Donnerstagabend verst\u00e4ndigten sie schlie\u00dflich die Polizei. <\/p>\n<p>Eine gro\u00df angelegte Suchaktion mit Polizeihubschrauber blieb erfolglos. Schlie\u00dflich f\u00fchrte der Verd\u00e4chtige selbst die Beamten zum Fundort der Leiche.<\/p>\n<p>SO KANN DAS EIGENTLICH NICHT WEITERGEHEN, ODER? IMMER WIEDER SIND ES &#8212; WIEDERHOLUNGST\u00c4TER! Lasche Justiz und falsch-verstandene Psychologen-Mentalit\u00e4t t\u00f6ten unsere Kinder!  <\/p>\n<p>Und hier der n\u00e4chste Dauer-Horror : ein weiterer Kindermord!<\/p>\n<p>18. Februar 2005 &#8211; Der Mord an Hatun S\u00fcr\u00fcc\u00fc &#8211; von muslimischen Sch\u00fclern als &#8222;richtig&#8220; eingestuft :<\/p>\n<p>19. Feb &#8211; weiter unten druckt FEM den Originalbrief des Berliner Schulleiters ab, der die Haltung einiger muslimischer Jugendlicher seiner Schule zur Ermordung von Hatun (durch ihre Br\u00fcder, so wird vermutet, Begr\u00fcndugn &#8222;Sie lebte wie eine Deutsche&#8220;) nicht akzeptiert hat. Mittlerweile steigert sich auch die Zahl der im Netz abgedruckten Artikel &#8211; dennoch sind es mit der Zahl 14 noch sehr wenige, aber schon mehr als gestern Vormittag. Weiter unten dann der Wortlaut des Briefes, wie gesagt, jenes Berliner Schulleiters, den wir in einer (f\u00fcr uns) neuen NET-Zeitung gefunden haben &#8211; die sich ANWALT-TV nennt.<\/p>\n<p>\n&#8222;Ein grauenvolles Dokument der Verrohung&#8220; <\/p>\n<p>Entsetzen und Abscheu bei Eltern und Politikern \u00fcber die Billigung des Mordes an einer jungen T\u00fcrkin.<\/p>\n<p>Mit Entsetzen, Abscheu und Wut haben Elternverb\u00e4nde und Politiker auf die Billigung des Mordes an einer t\u00fcrkischst\u00e4mmigen Berlinerin reagiert.<br \/>\n<br \/>\n&#8222;Es gibt nicht den Hauch einer Entschuldigung daf\u00fcr&#8220;,<br \/>\n<br \/>\nsagte der Vorsitzende des Landeselternausschusses, Andr\u00e9 Schindler. Wer einem Verbrechen zustimme, werde zum &#8222;geistigen Mitt\u00e4ter&#8220;. <\/p>\n<p>Deutschland sei ein aufgekl\u00e4rtes Land, in dem jeder seine Kultur leben k\u00f6nne. Aber die Toleranz habe dort ein Ende, wo Rechte Einzelner beschnitten w\u00fcrden. &#8222;Da m\u00fcssen wir deutliche Grenzen ziehen.&#8220;<\/p>\n<p>Nach Ansicht des Landeselternausschusses d\u00fcrfen Schulen keine weiteren Zugest\u00e4ndnisse mehr machen, wenn es darum geht, Sch\u00fclerinnen nicht deutscher Herkunft vom Schwimm- oder Biologieunterricht oder von Klassenfahrten freizustellen. Schon bei der Anmeldung sollten die Schulen ein entsprechendes Regelwerk von den Eltern unterschreiben lassen, sagte Schindler: &#8222;Wer das nicht einh\u00e4lt, mu\u00df sein Kind eben abmelden von dieser Schule.&#8220; <\/p>\n<p>Ebenso wie Schindler steht auch Neuk\u00f6llns Bildungsstadtrat Wolfgang Schimmang (SPD) voll hinter der Entscheidung des Schulleiters, den Vorfall \u00f6ffentlich zu machen: &#8222;Es geht nicht an, da\u00df Selbstjustiz ge\u00fcbt und akzeptiert wird.&#8220; Schimmang forderte, die Kita-Geb\u00fchren in Brennpunkten mit Quartiermanagement auf Null zu senken, um Kindern aus allen Schichten humane Wertvorstellungen vermitteln zu k\u00f6nnen. Damit m\u00fcsse fr\u00fch begonnen werden. &#8222;Sonst entwickelt sich in Wedding, Tiergarten und Neuk\u00f6lln eine Zeitbombe.&#8220; <\/p>\n<p>Bezirksb\u00fcrgermeister Heinz Buschkowsky (SPD) versprach, die Billigung des Mordes mit &#8222;gebotener H\u00e4rte&#8220; zu ahnden: &#8222;Es ist ein grauenvolles Dokument der Verrohung und Verslumung in den K\u00f6pfen junger Menschen in sozial schwachen Gebieten.&#8220; Wer einen Mord guthei\u00dfe, sei noch nicht in der Zivilisation angekommen,<br \/>\n<br \/>\nsagte der Politiker. <\/p>\n<p>W\u00e4hrend Schulen normalerweise Bildungseinrichtungen seien und Wissen vermitteln, so Buschkowsky, w\u00e4ren sie in Brennpunkten Einrichtungen zur Bewahrung des sozialen Friedens. Dort m\u00fc\u00dften den Sch\u00fclern erst die Grundprinzipien eines demokratischen Staatswesens beigebracht werden. Die Lehrer seien gefordert, die Defizite der bildungsfernen Elternh\u00e4user auszugleichen und aufzufangen. <\/p>\n<p>Buschkowsky fordert daher, die Kinder und Jugendlichen intensiver in kleineren Klassen zu beschulen und bereits in den Kitas mit dem Erlernen der Sprache zu beginnen. <\/p>\n<p>Die Gr\u00fcnen-Fraktionsvorsitzende Sibyll Klotz sagte, die Schulen brauchten nicht nur Geld, sondern auch die Unterst\u00fctzung und das Engagement der Politiker vor Ort:<br \/>\n<br \/>\n&#8222;Wer \u00fcberzeugen will, mu\u00df den Dialog suchen.&#8220; Politiker sollten Schulpatenschaften \u00fcbernehmen und Gespr\u00e4che vor Ort f\u00fchren.<br \/>\n<br \/>\nDie Gr\u00fcnen w\u00fcrden damit beginnen, versprach Klotz. <\/p>\n<p>Der gr\u00fcne Bildungsexperte \u00d6zcan Mutlu warf der Politik vor, sie habe &#8222;viel zu lange weggeschaut und sich nicht um die Integration der Migranten und ihrer Kinder gek\u00fcmmert&#8220;. Grundwerte unserer Gesellschaft wie das Recht auf k\u00f6rperliche Unversehrtheit und die Gleichberechtigung der Geschlechter w\u00fcrden mi\u00dfachtet und nicht mehr anerkannt. <\/p>\n<p>Als &#8222;einen Tiefpunkt jeglicher Vermittlung von Werten und Ethik an junge Menschen&#8220; bezeichnete CDU-Fraktionschef Nicolas Zimmer den Vorfall.<br \/>\n<br \/>\nKonsequenz m\u00fcsse die Einf\u00fchrung eines verpflichtenden Religions- und Werteunterrichtes sein. <\/p>\n<p>&#8222;Hatun S\u00fcr\u00fcc\u00fc hat f\u00fcr ihren Wunsch nach Freiheit und Selbstbestimmung mit dem Leben bezahlt.&#8220;<br \/>\n<br \/>\nQuelle &#8211; welt-online\/siehe auch &#8222;Das Schweigen ist zu Ende&#8220;.<\/p>\n<p>Hier der oben angek\u00fcndigte Brief von Schulleiter Steffens:<br \/>\n<br \/>\nQuelle:<\/p>\n<p>Deutschlands multimediales Rechts-Nachrichtenmagazin Sonnabend, 19.02.05 www.anwalt-tv.de <\/p>\n<p>Sch\u00fcler hei\u00dfen Mord gut &#8211; der Brief des Schulleiters hierauf im Wortlaut<\/p>\n<p>Der Mord an der t\u00fcrkischst\u00e4mmigen Berlinerin Hatun S\u00fcr\u00fcc\u00fc in der vergangenen Woche ist an der Neuk\u00f6llner Thomas-Morus-Oberschule von mehreren Sch\u00fclern gutgehei\u00dfen worden.<br \/>\n<br \/>\nSchuldirektor Volker Steffens hat daraufhin in einem offenen Brief an alle Sch\u00fcler, Eltern und das Lehrerkollegium scharfe Konsequenzen angek\u00fcndigt. <\/p>\n<p>Die betreffenden Sch\u00fcler w\u00fcrden den Frieden des Schullebens zerst\u00f6ren. Mitsch\u00fclerinnen seien beleidigt und provoziert worden, weil sie kein Kopftuch tragen und \u00abanders leben\u00bb. <\/p>\n<p>Schulleiter Steffens sagte:<br \/>\n<br \/>\n\u00abWor\u00fcber wir geschockt sind, ist die Tatsache, da\u00df einige Sch\u00fcler unserer Schule den Mord an der jungen Frau gut finden und sich an der allgemeinen Hetze und an Aktionen gegen Frauen, die nicht so sind, wie sie sein m\u00fcssen, beteiligen.\u00bb <\/p>\n<p>Diese Sch\u00fcler, deren genaue Zahl Schulleiter Steffens allerdings nicht nannte, h\u00e4tten ge\u00e4u\u00dfert, die Frau h\u00e4tte sich \u00abwie eine Deutsche benommen\u00bb. <\/p>\n<p>Die Schule dulde keine Hetze gegen die Freiheit und keine Respektlosigkeit gegen Mitmenschen, hie\u00df es. <\/p>\n<p>An der Morus-Oberschule in Neuk\u00f6lln lernen Sch\u00fcler aus mehr als 40 Nationen. Das gemeinsame Lernen an einer solchen Schule k\u00f6nne nur in Sicherheit und in einer Atmosph\u00e4re des Respekts gedeihen. Angst verhindere das Lernen, betonte Schulleiter Steffens. <\/p>\n<p>Brief des Schulleiters<br \/>\n<br \/>\nDer Mord an einer t\u00fcrkischst\u00e4mmigen Berlinerin in der vergangenen Woche ist an der Neuk\u00f6llner Thomas-Morus-Oberschule von mehreren Sch\u00fclern gutgehei\u00dfen worden. Schulleiter Volker Steffens reagierte daraufhin mit einem Offenen Brief an die Sch\u00fcler, Eltern und das Lehrerkollegium an seiner Schule.<br \/>\n<br \/>\nDie MORGENPOST dokumentiert das Schreiben: <\/p>\n<p>\u00abLiebe Sch\u00fclerinnen und Sch\u00fcler, liebe Eltern, liebe Kolleginnen und Kollegen, in der vergangenen Woche hat es einen Todesfall gegeben. Eine junge Frau wurde auf offener Stra\u00dfe ermordet. Wir wissen inzwischen, da\u00df die Frau<\/p>\n<p>sterben mu\u00dfte, weil sie frei leben wollte. <\/p>\n<p>Nun kann man \u00fcber das freie Leben sehr unterschiedlicher Meinung sein, und die Informationen \u00fcber die Hintergr\u00fcnde sind nur durch Berichte zu uns gelangt.<br \/>\n<br \/>\nWor\u00fcber wir aber geschockt sind, ist die Tatsache, da\u00df <\/p>\n<p>einige Sch\u00fcler unserer Schule den Mord an der jungen Frau gut finden <\/p>\n<p>und sich an der allgemeinen Hetze und an Aktionen gegen Frauen, die nicht so sind wie sie sein m\u00fcssen, beteiligen. <\/p>\n<p>Diese Sch\u00fcler zerst\u00f6ren den Frieden des Schullebens, <\/p>\n<p>\n&#8211; wenn sie den Mord guthei\u00dfen,<br \/>\n<br \/>\n&#8211; wenn sie \u00e4u\u00dfern, die Frau h\u00e4tte sich wie eine Deutsche benommen,<br \/>\n<br \/>\n&#8211; wenn sie Mitsch\u00fclerinnen hier in der Schule beleidigen<br \/>\n<br \/>\nund provozieren, weil diese M\u00e4dchen kein Kopftuch tragen oder<br \/>\n<br \/>\nanders leben. <\/p>\n<p>Wir leben in einem freien Land, in dem wir unsere Meinung frei \u00e4u\u00dfern k\u00f6nnen. Die Grenze liegt da, wo die Hetze und die Respektlosigkeit beginnen. Wir dulden aber keine Hetze gegen die Freiheit und keine Respektlosigkeit gegen die Mitmenschen. Das friedliche Schulleben, auf das wir alle stolz sind, ist in Gefahr. Wir sind eine Schule mit Sch\u00fclerinnen und Sch\u00fclern aus \u00fcber 40 Nationen. Das gemeinsame Leben an unserer Schule kann nur in einer Atmosph\u00e4re der Sicherheit und des Respekts gedeihen. Angst verhindert das Lernen. <\/p>\n<p>Wer Mobbing will, hat bei uns keinen Platz. Wir werden diese intoleranten Sch\u00fcler zur Verantwortung ziehen. Volker Steffens\u00bb <\/p>\n<p>dpa 18.02.2005 <\/p>\n<p>FEMINISSIMA : ISLAMISMUS IST FASCHISMUS! <\/p>\n<p>NEIN zum FASCHISMUS. <\/p>\n<p>NEIN ZUM EBENSO MENSCHENVERACHTENDEN ISLAMISMUS!!!! <\/p>\n<p>Wenn f\u00fcr eine Muslima der Wunsch, zu leben wie eine Deutsche, ein Todesurteil durch ihre &#8222;Verwandten&#8220; darstellt &#8211; dann darf man sich fragen, was diese Barbaren denn eigentlich in diesem Land Deutschland suchen,<br \/>\n<br \/>\nwenn sie dessen Lebensweise so sehr hassen, dass sie daf\u00fcr ihre eigene Tochter, ihre eigene Schwester, ihre eigene Ehefrau umbringen?? <\/p>\n<p>Dann erst mal DENKEN lernen und dann wiederkommen&#8230;vielleicht! <\/p>\n<p>Die ANZAHL der auf offener Stra\u00dfe ermordeten t\u00fcrkischen Frauen allein Berlin in den letzten Wochen und Monaten hat Ausma\u00dfe angenommen, die einfach nicht l\u00e4nger vertuscht werden k\u00f6nnen.<br \/>\n<br \/>\nHier ist das &#8222;Multi-Kulti-&#8220; Geschw\u00e4tz an seine Blutzoll-Grenze gelangt:<br \/>\n<br \/>\n&#8211; hat sie drastisch \u00fcberschritten &#8211;<br \/>\n<br \/>\nABGESCHLACHTET werden sie, die muslimischen FRAUEN, FRAUEN FRAUEN&#8230;(und bei Berliner Deutschos-Machos macht das m\u00f6rderische Beispiel Schule, wie die j\u00fcngsten Morde an Ehefrauen und Kindern in Berlin auf schreckliche Weise zu beweisen scheinen..)<br \/>\n<br \/>\nund jene Verhetzten-Verblendeten-jene hirnrissigen Dummk\u00f6pfe, die in ihrem kranken Fanatismus zu M\u00f6rdern werden,<br \/>\n<br \/>\nwerden von diesen tollen TRADITIONSMITGLIEDER-FAMILIEN auch noch als &#8222;Helden&#8220; gefeiert.<br \/>\n<br \/>\nHIER MUSS DER STAAT MEHR LEISTEN, ALS NUN JETZT, nach dem erneuten MORD an einer MUSLIMA in kurzer Zeit, allein in BERLIN&#8230;.<br \/>\n<br \/>\nund auch strafrechtlich weitaus h\u00e4rter als bisher von den Gesetzen Gebrauch machen!<br \/>\n<br \/>\nWENIGSTENS B E S U CH S V E R B OT ..ISOLATIONSHAFT f\u00fcr diese M\u00f6rder-Muslime:<br \/>\n<br \/>\nDenn sie werden auch -und-erst-recht im Knast von ihren Familien hofiert, verh\u00e4tschelt und vert\u00e4tschelt:<br \/>\n<br \/>\n&#8211; Das mu\u00df unterbunden werden.<br \/>\n<br \/>\nEs mu\u00df f\u00fcr die muslimischen M\u00d6RDER-MACHOS in Deutschland eine ECHTE STRAFE m\u00f6glich sein.<br \/>\n<br \/>\nODER &#8211; ist FRAUEN-LEBEN und erst recht das Leben muslimischer Frauen, auch strafrechtlich weniger wert&#8230;??<br \/>\n<br \/>\nBRAUCHEN IHRE M\u00d6RDER WENIGER SCHARF BESTRAFT WERDEN?<\/p>\n<p>Vielleicht sollten wir nicht-muslimischen Frauen jeden t\u00fcrkischen Gem\u00fcseladen meiden! Und jeden D\u00d6NER-Imbi\u00df!<br \/>\n<br \/>\nWir m\u00fcssen aus Solidarit\u00e4t AGGRESSIVER VORGEHEN &#8211; gegen diese muslimischen Machos, die so leicht zu M\u00f6rdern werden, wenn sich weibliche Familienmitglieder von der mittelalterlichen sexistischen Unterdr\u00fcckung aus Analphabetismus und Leibeigenschaft die nur der Befriedigung einer m\u00e4nnlichen Macht und Sex-Besessenheit dient &#8211; BEFREIEN WOLLEN &#8211; sich in ein Land integrieren wollen, das ihnen eine Chance gibt, als MENSCH zu leben, und nicht als Matratze und Arbeitstier ihres muslimischen Machos und des Clans.. &#8230;in dem sie leben&#8230;!!<br \/>\n<br \/>\nAuch wir schauen doch letztlich weg !<br \/>\n<br \/>\nAu\u00dfer TERRE DES FEMMES &#8211; in T\u00fcbingen &#8211; sie verstecken Muslima auch vor ihren Familien&#8230;<br \/>\n<br \/>\nDoch in BERLIN PENNT DIE JUSTIZ IRGENDWIE&#8230;<br \/>\n<br \/>\nDenn IMMER stellte sich &#8222;hinterher&#8220;, wenn die Frauen tot, schon umgebracht wurden, erstochen, erw\u00fcrgt, erschossen waren, von ihren &#8222;eigenen&#8220; Leuten, da\u00df es da schon &#8222;was&#8220; gegeben hatte&#8230;Es gab immer schon aktenkundliche Anzeichen f\u00fcr die Lebensgefahr der Frauen&#8230;<\/p>\n<p>Aber sie wurden nicht besch\u00fctzt oder gesch\u00fctzt von der deutschen Justiz. <\/p>\n<p>Und hier die mageren Reste des Freitagsputz-Textes..: <\/p>\n<p>Herr Sommer hat sich<br \/>\n<br \/>\neingerichtet.<br \/>\n<br \/>\nImmer wieder gut,<br \/>\n<br \/>\nwenn man wei\u00df,<br \/>\n<br \/>\nin welchen wei\u00dfen Ecken&#8230;<br \/>\n<br \/>\nder Staub<br \/>\n<br \/>\nliegt.<br \/>\n<br \/>\nBest\u00e4tigte Gef\u00fchle. <\/p>\n<p>Oder unbest\u00e4tigte Ger\u00fcchte??<br \/>\n<br \/>\n&#8230;herzlich wenig zu<br \/>\n<br \/>\ntun&#8230; verstehe! <\/p>\n<p>Oh, gerade! <\/p>\n<p>Texte von gestern &#8211; immer wieder lecker frisch auf den Tisch!<br \/>\n<br \/>\nBitte zur Vorlage! <\/p>\n<p>\nJener &#038; Jene &#038; Jenes.<\/p>\n<p>\nAs times go by! <\/p>\n<p>Eigentlich eine sch\u00f6ne Gegend.<br \/>\n<br \/>\nAuch wenn man unentspannt herumbummelt.<br \/>\n<br \/>\nNothing to hide. <\/p>\n<p>Tristesse und Winter-Blues&#8230;!<br \/>\n<br \/>\nDer Morgen. Der Tag. Der Abend. Die Nacht.<br \/>\n<br \/>\nEin Mann und eine Frau.<br \/>\n<br \/>\nAnouk Aim\u00e9 und der junge Trintignant..ach!<\/p>\n<p>Eine Arbeit ohne Arbeitsplatz.<br \/>\n<br \/>\nEine Pause ohne Gedanken.<br \/>\n<br \/>\nEin Spazierg\u00e4nger mit Hund.<br \/>\n<br \/>\nEin Turm ohne Ausblick.<br \/>\n<br \/>\n&#8222;Was gibt es heute eigentlich zu essen?&#8220;<\/p>\n<p>Ach so, ja-klar! Moment!<br \/>\n<br \/>\nMal nachschaun! <\/p>\n<p>\nImpressionen: Halber Februar 05<br \/>\n<br \/>\nja, in diesen live-Notizen von FEMINISSIMA geht es ne Menge um Medien, aber nicht nur &#8230;<br \/>\n<br \/>\nWenn Ihr hineinschauen wollt&#8230;bitte sehr ! Texte, die \u00fcbriggeblieben sind, also nicht gel\u00f6scht wurden &#8211; der letzten 8 &#8211; 10 Tage&#8230;dieser Februar hat uns nicht so inspiriert&#8230;jedenfalls nicht so offensichtlich&#8230;wir posten ihn unter IMPRESSIONEN, daher..\u00fcbrigens auch ein BERICHT \u00fcber die Wieder-\u00d6ffnung der AKTE DIANA&#8230;\/ und die wunderbare Zivilcourage eines LUFTHANSA-PILOTEN gegen ABSCHIEBUNG: er weigerte sich, eine 24j\u00e4hrige Iranerin auszufliegen&#8230;SUPER. \/ Und nicht zu vergessen &#8211; BERLINALE &#8211; Gefl\u00fcster.<br \/>\n<br \/>\nNote: Ja, bitte &#8211; ruhig noch-mal-lesen&#8230;sie waren ja live-Texte und m\u00f6chten keine ex-Texte..werden&#8230;kann man ja verstehen, nicht?<br \/>\n<br \/>\nVer\u00f6ffentlicht 18. Feb 2005 &#8211; 14:35  <\/p>\n<p>\nfem&#038;Wirtschaft: Nytimes kauft Website<br \/>\n<br \/>\n..das Internet-Business ist in den USA wieder gefragt:<br \/>\n<br \/>\nF\u00fcr many millions of Dollars ( in Worten: 410 Millionen Dollar!) hat die New York Times Company nun eine WEBSITE gekauft &#8211;<br \/>\n<br \/>\nmehr &#8211; unser heutiger PRESSE-SPIEGEL: ..spiegel-online, das sicher beste deutsche online-paper..: NACH FEMINISSIMA, bien s\u00fc\u00fc\u00fc\u00fcr&#8230;!<br \/>\n<br \/>\nVer\u00f6ffentlicht 18. Feb 2005 &#8211; 14:27  <\/p>\n<p>\nPortrait: V\u00f6lkermord sprachlich vorbereitet<br \/>\n<br \/>\nPortr\u00e4t eines V\u00f6lkermords. <\/p>\n<p>Forschungsbericht UNI BOCHUM &#8211; wie Jugendb\u00fccher schon die Jungen literarisch auf die Linie brachten, um den V\u00f6lkermord als zwangsl\u00e4ufig darzustellen &#8211; Der V\u00f6lkermord an den HERERO und NAMA durch die deutschen Schutztruppen (betrachtet das Wort..&#8220;Schutz&#8220;&#8230;) zwischen 1904 und 1908 im damaligen Deutsch-S\u00fcdwest-Afrika. <\/p>\n<p>B\u00fccher, die teils als Schullekt\u00fcre zum Einsatz kamen &#8211; mehr:<br \/>\n<br \/>\nNote: BILDUNG TUT IMMER NOT !!!! NOT IN DER BILDUNG!<br \/>\n<br \/>\nWIR HELFEN BILDUNG BAUEN&#8230;.Feminissima<br \/>\n<br \/>\nVer\u00f6ffentlicht 15. Feb 2005 &#8211; 15:24  <\/p>\n<p>\nfem&#038;Medien: BURDA streicht150 Stellen bei Milchstra\u00dfe<br \/>\n<br \/>\nFEMINISSIMA hatte mehrfach \u00fcber den bevorstehenden \u00dcbernahme-Kroko-Deal&#8230;geschrieben (fem&#038;Wirtschaft)&#8230;.nun wird der Schmerz in HH konkret&#8230;(f\u00fcr 28 Mio EURO hat BURDA die MILCHSTRASSE geschluckt, das Kartellamt hatte nix dagegen..).<br \/>\n<br \/>\nNote: War ja vorauszusehen &#8211; dass nach BURDA-\u00dcBernahme der MILCHSTRASSE &#8230;Stellen wegfallen..<br \/>\n<br \/>\nVer\u00f6ffentlicht 15. Feb 2005 &#8211; 15:08  <\/p>\n<p>\nfem&#038;Medien: Sophie Scholl und One day\/05<br \/>\n<br \/>\nPRESSE-STIMMEN\/KRITIK zum offensichtlichen BERLINALE-Gewinner-Film: Sophie Scholl und &#8222;One day in Europe&#8220; <\/p>\n<p>Quelle: faz.net vom 14. 2. 2005<br \/>\n<br \/>\nNote: klasse geschrieben. Guter Ansatz.<br \/>\n<br \/>\nVer\u00f6ffentlicht 15. Feb 2005 &#8211; 12:30  <\/p>\n<p>\nPinnwand: Biotech-Kongress in Munich<br \/>\n<br \/>\nKongress in M\u00fcnchen und Infos ..Biotech-Pharmazeutika auf dem Vormarsch gegen Krebs..<br \/>\n<br \/>\nN\u00e4heres auch \u00fcber HERCEPTIN &#8211; wirksam gegen jenen Brustkrebs, der von dem rapid-growing Krebs-Gen HER2neu zum Wachsen stimuliert wird. Der weltweite Erfolg des Medikaments, das, anders als die Chemo keine gesunden Zellen angreift &#8211;<br \/>\n<br \/>\nNote: Je mehr Du wei\u00dft, desto l\u00e4nger kannst Du unter Umst\u00e4nden &#8211; leben .<br \/>\n<br \/>\nVer\u00f6ffentlicht 13. Feb 2005 &#8211; 16:05  <\/p>\n<p>\nfem&#038;Gesundheit: Salmonellen in Schweinefleisch<br \/>\n<br \/>\nEin neuer Pressebericht des Bundesinstituts f\u00fcr Risikobewertung warnt vor &#8211;<br \/>\n<br \/>\nNote: also des Hackbr\u00f6tche k\u00f6nnt schon&#8230;<br \/>\n<br \/>\nVer\u00f6ffentlicht 13. Feb 2005 &#8211; 15:55  <\/p>\n<p>\nBERLINALE &#8211; politisch<br \/>\n<br \/>\nunser heutiger PRESSE-SPIEGEL &#8211; die Deutsche Welle zur 55. BERLINALE:&#8230;und die R\u00fcckkehr des DOKUMENTARFILMS&#8230;in der Gunst des Publikums&#8230;wunderbar! Das spricht gegen den reinen Kommerzialisierungstrend der FFA&#8230;und den meisten Filmf\u00f6rderungs-Institutionen. Die sich nur als &#8222;F\u00f6rderer der Filmwirtschaft&#8220; &#8211; nicht aber dessen &#8230;was FILM doch auch ausmachen soll&#8230;des K\u00dcNSTLERISCHEN&#8230;des EINZIGARTIGEN&#8230;.<br \/>\n<br \/>\nVer\u00f6ffentlicht 10. Feb 2005 &#8211; 13:32  <\/p>\n<p>\nImpressionen: Mini-Februar-Texties..<br \/>\n<br \/>\nja, kurz vor dem Wegwerfen noch gerettet&#8230;einfach so&#8230;weil sie es uns wert sind&#8230;live-Texte vor dem Lese-Wegwerfen gerettet..ohhh!<br \/>\n<br \/>\nVer\u00f6ffentlicht 09. Feb 2005 &#8211; 12:58  <\/p>\n<p>\nfem&#038;Medien: The AVIATOR. zu lang..<br \/>\n<br \/>\n..hier unser Text zum Film&#8230;vom Sonntag, dem 6.Februar 2005, ein klarer-sonniger-kalter Tag.<br \/>\n<br \/>\nVer\u00f6ffentlicht 09. Feb 2005 &#8211; 12:51  <\/p>\n<p> Polly fragt &#8211; wie k\u00f6nnen wir all diese Gewalt in<\/p>\n<p> diesem Land &#8212;-was k\u00f6nnen wir dagegen tun??<br \/>\n<br \/>\n Lasst uns \u00fcberlegen, welchen PROTEST<br \/>\n<br \/>\n wir FRAUEN (aller Nationalit\u00e4ten)<br \/>\n<br \/>\n gegen die m\u00f6rderischen Muslime<br \/>\n<br \/>\n einlegen k\u00f6nnen, ohne selbst dabei mit dem<br \/>\n<br \/>\n Gesetz in Konflikt zu kommen &#8211;<br \/>\n<br \/>\n last uns eine listige oder besser &#8211; mehrere &#8211;<br \/>\n<br \/>\n Ja &#8211; keine Frau mehr zu D\u00f6ner-Buden und<br \/>\n<br \/>\n so&#8230;Zettel stattdessen dort verteilen &#8211;<br \/>\n<br \/>\n wenn Ihr Deutschland so ha\u00dft, dass Ihr eure<br \/>\n<br \/>\n Frauen ermordet, wenn sie &#8222;westlich&#8220; leben<br \/>\n<br \/>\n dann wollen wir Euch &#038; Euer Essen auch nicht mehr<\/p>\n<p>\n[ Results | Polls ]<\/p>\n<p>Votes: 0 | Comments: 0<\/p>\n<p>\n \u00b7 Halber Februar 05 (18. Feb, 2005)<br \/>\n<br \/>\n\u00b7 Nytimes kauft Website (18. Feb, 2005)<br \/>\n<br \/>\n\u00b7 V\u00f6lkermord sprachlich vorbereitet (15. Feb, 2005)<br \/>\n<br \/>\n\u00b7 BURDA streicht150 Stellen bei Milchstra\u00dfe (15. Feb, 2005)<br \/>\n<br \/>\n\u00b7 Sophie Scholl und One day\/05 (15. Feb, 2005)<br \/>\n<br \/>\n\u00b7 Biotech-Kongress in Munich (13. Feb, 2005)<br \/>\n<br \/>\n\u00b7 Salmonellen in Schweinefleisch (13. Feb, 2005)<br \/>\n<br \/>\n\u00b7 Mini-Februar-Texties.. (09. Feb, 2005)<br \/>\n<br \/>\n\u00b7 The AVIATOR. zu lang.. (09. Feb, 2005)<br \/>\n<br \/>\n\u00b7 Arte: Musliminnen &#038; Sexualit\u00e4t (09. Feb, 2005)<\/p>\n<p>\n Mittwoch, 09. Februar<br \/>\n<br \/>\n\u00b7 Arte: Musliminnen &#038; Sexualit\u00e4t (0)<br \/>\n<br \/>\nMontag, 07. Februar<br \/>\n<br \/>\n\u00b7 PET \/CT &#8211; Modernste Tumor-Sichtger\u00e4te in T\u00fcbingen (0)<br \/>\n<br \/>\nSonntag, 06. Februar<br \/>\n<br \/>\n\u00b7 liveTexte, ungeschminkt\/02\/05 (0)<br \/>\n<br \/>\n\u00b7 Chinesisches Neujahr: 5.2. 05 (0)<br \/>\n<br \/>\nSamstag, 05. Februar<br \/>\n<br \/>\n\u00b7 Kluge K\u00f6pfe leben l\u00e4nger..! (2)<br \/>\n<br \/>\nFreitag, 04. Februar<br \/>\n<br \/>\n\u00b7 Abgeschlachtet . (0)<br \/>\n<br \/>\n\u00b7 Mehr zur Ribonukleins\u00e4ure (0)<br \/>\n<br \/>\nMittwoch, 02. Februar<br \/>\n<br \/>\n\u00b7 30.1.05 (0)<br \/>\n<br \/>\nMontag, 31. Januar<br \/>\n<br \/>\n\u00b7 In Abschiebehaft\/Berlin (0)<br \/>\n<br \/>\n\u00b7 Kultur-Presse-Termine in Berlin (0)<br \/>\n<br \/>\n  Older Articles <\/p>\n<p>(C) Feminissima 2002<br \/>\n<br \/>\nCMS by PostNuke<br \/>\n<br \/>\nHaftung f\u00fcr Inhalte auf verlinkten Seiten wird ausgeschlossen.<\/p>\n<p><\/p>\n","protected":false},"excerpt":{"rendered":"<p>Die Gewalt haben wir in die Gewalt-Rubrik verbannt&#8230;.sie hat uns so niedergezogen und Euch vielleicht auch, auf unserer doch sonst eher so ..munteren live-Site.. Hier in ihrer Rubrik hat die GEWALT ihren Platz&#8230;: und unsere krassen Ansichten dazu auch &#8211; Es geht um den erneuten Kindermord (ein Kind in Bayern, vom Freund des Vaters, einem Wiederholungst\u00e4ter, der schon mal ein Kind mit 70 Messerstichen get\u00f6tet hatte&#8230;aber&#8230;sicher dank so toller Psychologen..wieder..wie man nun erlebte..gerade wieder auf freiem Fu\u00df war&#8230;da wird das n\u00e4chste Kind gleich wieder sexuell mi\u00dfbraucht und umgebracht- man m\u00fc\u00dfte auch die bestrafen, die seine FREILASSUNG  VERBROCHEN HABEN. Und dann &#8211; endlich ger\u00e4t Berlin in Aufruhr &#8211; nachdem die 5. Muslimin innerhalb k\u00fcrzester Zeit auf offener Stra\u00dfe von ihren &#8222;Angeh\u00f6rigen&#8220; abgeschlachtet worden ist&#8230;.<\/p>\n","protected":false},"author":2,"featured_media":0,"comment_status":"closed","ping_status":"closed","sticky":false,"template":"","format":"standard","meta":{"footnotes":""},"categories":[15],"tags":[],"class_list":["post-83594","post","type-post","status-publish","format-standard","hentry","category-femrecht","entry"],"yoast_head":"<!-- This site is optimized with the Yoast SEO plugin v21.0 - https:\/\/yoast.com\/wordpress\/plugins\/seo\/ -->\n<title>Ermordet. Die Kurdin. Der kleine Junge. - Feminissima<\/title>\n<meta name=\"robots\" content=\"index, follow, max-snippet:-1, max-image-preview:large, max-video-preview:-1\" \/>\n<link rel=\"canonical\" href=\"https:\/\/feminissima.de\/index.php\/2005\/02\/19\/ermordet-die-kurdin-der-kleine-junge\/\" \/>\n<meta property=\"og:locale\" content=\"de_DE\" \/>\n<meta property=\"og:type\" content=\"article\" \/>\n<meta property=\"og:title\" content=\"Ermordet. Die Kurdin. Der kleine Junge. - Feminissima\" \/>\n<meta property=\"og:description\" content=\"Die Gewalt haben wir in die Gewalt-Rubrik verbannt....sie hat uns so niedergezogen und Euch vielleicht auch, auf unserer doch sonst eher so ..munteren live-Site.. Hier in ihrer Rubrik hat die GEWALT ihren Platz...: und unsere krassen Ansichten dazu auch - Es geht um den erneuten Kindermord (ein Kind in Bayern, vom Freund des Vaters, einem Wiederholungst\u00e4ter, der schon mal ein Kind mit 70 Messerstichen get\u00f6tet hatte...aber...sicher dank so toller Psychologen..wieder..wie man nun erlebte..gerade wieder auf freiem Fu\u00df war...da wird das n\u00e4chste Kind gleich wieder sexuell mi\u00dfbraucht und umgebracht- man m\u00fc\u00dfte auch die bestrafen, die seine FREILASSUNG VERBROCHEN HABEN. Und dann - endlich ger\u00e4t Berlin in Aufruhr - nachdem die 5. Muslimin innerhalb k\u00fcrzester Zeit auf offener Stra\u00dfe von ihren &quot;Angeh\u00f6rigen&quot; abgeschlachtet worden ist....\" \/>\n<meta property=\"og:url\" content=\"https:\/\/feminissima.de\/index.php\/2005\/02\/19\/ermordet-die-kurdin-der-kleine-junge\/\" \/>\n<meta property=\"og:site_name\" content=\"Feminissima\" \/>\n<meta property=\"article:published_time\" content=\"2005-02-19T04:16:12+00:00\" \/>\n<meta name=\"author\" content=\"admin\" \/>\n<meta name=\"twitter:card\" content=\"summary_large_image\" \/>\n<meta name=\"twitter:label1\" content=\"Verfasst von\" \/>\n\t<meta name=\"twitter:data1\" content=\"admin\" \/>\n\t<meta name=\"twitter:label2\" content=\"Gesch\u00e4tzte Lesezeit\" \/>\n\t<meta name=\"twitter:data2\" content=\"15\u00a0Minuten\" \/>\n<script type=\"application\/ld+json\" class=\"yoast-schema-graph\">{\"@context\":\"https:\/\/schema.org\",\"@graph\":[{\"@type\":\"WebPage\",\"@id\":\"https:\/\/feminissima.de\/index.php\/2005\/02\/19\/ermordet-die-kurdin-der-kleine-junge\/\",\"url\":\"https:\/\/feminissima.de\/index.php\/2005\/02\/19\/ermordet-die-kurdin-der-kleine-junge\/\",\"name\":\"Ermordet. Die Kurdin. Der kleine Junge. - Feminissima\",\"isPartOf\":{\"@id\":\"https:\/\/feminissima.de\/#website\"},\"datePublished\":\"2005-02-19T04:16:12+00:00\",\"dateModified\":\"2005-02-19T04:16:12+00:00\",\"author\":{\"@id\":\"https:\/\/feminissima.de\/#\/schema\/person\/0b901e053624f88e7ecbea289d9d5128\"},\"breadcrumb\":{\"@id\":\"https:\/\/feminissima.de\/index.php\/2005\/02\/19\/ermordet-die-kurdin-der-kleine-junge\/#breadcrumb\"},\"inLanguage\":\"de\",\"potentialAction\":[{\"@type\":\"ReadAction\",\"target\":[\"https:\/\/feminissima.de\/index.php\/2005\/02\/19\/ermordet-die-kurdin-der-kleine-junge\/\"]}]},{\"@type\":\"BreadcrumbList\",\"@id\":\"https:\/\/feminissima.de\/index.php\/2005\/02\/19\/ermordet-die-kurdin-der-kleine-junge\/#breadcrumb\",\"itemListElement\":[{\"@type\":\"ListItem\",\"position\":1,\"name\":\"Startseite\",\"item\":\"https:\/\/feminissima.de\/\"},{\"@type\":\"ListItem\",\"position\":2,\"name\":\"Ermordet. Die Kurdin. Der kleine Junge.\"}]},{\"@type\":\"WebSite\",\"@id\":\"https:\/\/feminissima.de\/#website\",\"url\":\"https:\/\/feminissima.de\/\",\"name\":\"Feminissima\",\"description\":\"\",\"potentialAction\":[{\"@type\":\"SearchAction\",\"target\":{\"@type\":\"EntryPoint\",\"urlTemplate\":\"https:\/\/feminissima.de\/?s={search_term_string}\"},\"query-input\":\"required name=search_term_string\"}],\"inLanguage\":\"de\"},{\"@type\":\"Person\",\"@id\":\"https:\/\/feminissima.de\/#\/schema\/person\/0b901e053624f88e7ecbea289d9d5128\",\"name\":\"admin\",\"image\":{\"@type\":\"ImageObject\",\"inLanguage\":\"de\",\"@id\":\"https:\/\/feminissima.de\/#\/schema\/person\/image\/\",\"url\":\"https:\/\/secure.gravatar.com\/avatar\/8da1f51327453c0bf63338e8e2a791948b7d2ac19b68839492d1e69aac6924a8?s=96&d=mm&r=g\",\"contentUrl\":\"https:\/\/secure.gravatar.com\/avatar\/8da1f51327453c0bf63338e8e2a791948b7d2ac19b68839492d1e69aac6924a8?s=96&d=mm&r=g\",\"caption\":\"admin\"},\"url\":\"https:\/\/feminissima.de\/index.php\/author\/admin\/\"}]}<\/script>\n<!-- \/ Yoast SEO plugin. -->","yoast_head_json":{"title":"Ermordet. Die Kurdin. Der kleine Junge. - Feminissima","robots":{"index":"index","follow":"follow","max-snippet":"max-snippet:-1","max-image-preview":"max-image-preview:large","max-video-preview":"max-video-preview:-1"},"canonical":"https:\/\/feminissima.de\/index.php\/2005\/02\/19\/ermordet-die-kurdin-der-kleine-junge\/","og_locale":"de_DE","og_type":"article","og_title":"Ermordet. Die Kurdin. Der kleine Junge. - Feminissima","og_description":"Die Gewalt haben wir in die Gewalt-Rubrik verbannt....sie hat uns so niedergezogen und Euch vielleicht auch, auf unserer doch sonst eher so ..munteren live-Site.. Hier in ihrer Rubrik hat die GEWALT ihren Platz...: und unsere krassen Ansichten dazu auch - Es geht um den erneuten Kindermord (ein Kind in Bayern, vom Freund des Vaters, einem Wiederholungst\u00e4ter, der schon mal ein Kind mit 70 Messerstichen get\u00f6tet hatte...aber...sicher dank so toller Psychologen..wieder..wie man nun erlebte..gerade wieder auf freiem Fu\u00df war...da wird das n\u00e4chste Kind gleich wieder sexuell mi\u00dfbraucht und umgebracht- man m\u00fc\u00dfte auch die bestrafen, die seine FREILASSUNG VERBROCHEN HABEN. Und dann - endlich ger\u00e4t Berlin in Aufruhr - nachdem die 5. Muslimin innerhalb k\u00fcrzester Zeit auf offener Stra\u00dfe von ihren \"Angeh\u00f6rigen\" abgeschlachtet worden ist....","og_url":"https:\/\/feminissima.de\/index.php\/2005\/02\/19\/ermordet-die-kurdin-der-kleine-junge\/","og_site_name":"Feminissima","article_published_time":"2005-02-19T04:16:12+00:00","author":"admin","twitter_card":"summary_large_image","twitter_misc":{"Verfasst von":"admin","Gesch\u00e4tzte Lesezeit":"15\u00a0Minuten"},"schema":{"@context":"https:\/\/schema.org","@graph":[{"@type":"WebPage","@id":"https:\/\/feminissima.de\/index.php\/2005\/02\/19\/ermordet-die-kurdin-der-kleine-junge\/","url":"https:\/\/feminissima.de\/index.php\/2005\/02\/19\/ermordet-die-kurdin-der-kleine-junge\/","name":"Ermordet. Die Kurdin. Der kleine Junge. - Feminissima","isPartOf":{"@id":"https:\/\/feminissima.de\/#website"},"datePublished":"2005-02-19T04:16:12+00:00","dateModified":"2005-02-19T04:16:12+00:00","author":{"@id":"https:\/\/feminissima.de\/#\/schema\/person\/0b901e053624f88e7ecbea289d9d5128"},"breadcrumb":{"@id":"https:\/\/feminissima.de\/index.php\/2005\/02\/19\/ermordet-die-kurdin-der-kleine-junge\/#breadcrumb"},"inLanguage":"de","potentialAction":[{"@type":"ReadAction","target":["https:\/\/feminissima.de\/index.php\/2005\/02\/19\/ermordet-die-kurdin-der-kleine-junge\/"]}]},{"@type":"BreadcrumbList","@id":"https:\/\/feminissima.de\/index.php\/2005\/02\/19\/ermordet-die-kurdin-der-kleine-junge\/#breadcrumb","itemListElement":[{"@type":"ListItem","position":1,"name":"Startseite","item":"https:\/\/feminissima.de\/"},{"@type":"ListItem","position":2,"name":"Ermordet. Die Kurdin. Der kleine Junge."}]},{"@type":"WebSite","@id":"https:\/\/feminissima.de\/#website","url":"https:\/\/feminissima.de\/","name":"Feminissima","description":"","potentialAction":[{"@type":"SearchAction","target":{"@type":"EntryPoint","urlTemplate":"https:\/\/feminissima.de\/?s={search_term_string}"},"query-input":"required name=search_term_string"}],"inLanguage":"de"},{"@type":"Person","@id":"https:\/\/feminissima.de\/#\/schema\/person\/0b901e053624f88e7ecbea289d9d5128","name":"admin","image":{"@type":"ImageObject","inLanguage":"de","@id":"https:\/\/feminissima.de\/#\/schema\/person\/image\/","url":"https:\/\/secure.gravatar.com\/avatar\/8da1f51327453c0bf63338e8e2a791948b7d2ac19b68839492d1e69aac6924a8?s=96&d=mm&r=g","contentUrl":"https:\/\/secure.gravatar.com\/avatar\/8da1f51327453c0bf63338e8e2a791948b7d2ac19b68839492d1e69aac6924a8?s=96&d=mm&r=g","caption":"admin"},"url":"https:\/\/feminissima.de\/index.php\/author\/admin\/"}]}},"jetpack_featured_media_url":"","_links":{"self":[{"href":"https:\/\/feminissima.de\/index.php\/wp-json\/wp\/v2\/posts\/83594","targetHints":{"allow":["GET"]}}],"collection":[{"href":"https:\/\/feminissima.de\/index.php\/wp-json\/wp\/v2\/posts"}],"about":[{"href":"https:\/\/feminissima.de\/index.php\/wp-json\/wp\/v2\/types\/post"}],"author":[{"embeddable":true,"href":"https:\/\/feminissima.de\/index.php\/wp-json\/wp\/v2\/users\/2"}],"replies":[{"embeddable":true,"href":"https:\/\/feminissima.de\/index.php\/wp-json\/wp\/v2\/comments?post=83594"}],"version-history":[{"count":0,"href":"https:\/\/feminissima.de\/index.php\/wp-json\/wp\/v2\/posts\/83594\/revisions"}],"wp:attachment":[{"href":"https:\/\/feminissima.de\/index.php\/wp-json\/wp\/v2\/media?parent=83594"}],"wp:term":[{"taxonomy":"category","embeddable":true,"href":"https:\/\/feminissima.de\/index.php\/wp-json\/wp\/v2\/categories?post=83594"},{"taxonomy":"post_tag","embeddable":true,"href":"https:\/\/feminissima.de\/index.php\/wp-json\/wp\/v2\/tags?post=83594"}],"curies":[{"name":"wp","href":"https:\/\/api.w.org\/{rel}","templated":true}]}}