{"id":83550,"date":"2005-01-25T18:53:04","date_gmt":"2005-01-25T18:53:04","guid":{"rendered":"http:\/\/www.feminissima.de\/?p=83550"},"modified":"2005-01-25T18:53:04","modified_gmt":"2005-01-25T18:53:04","slug":"altersarmut-politikgewollt","status":"publish","type":"post","link":"https:\/\/feminissima.de\/index.php\/2005\/01\/25\/altersarmut-politikgewollt\/","title":{"rendered":"Altersarmut, politikgewollt"},"content":{"rendered":"<p>Altersarmut &#8211; Gespr\u00e4chskreis?<br \/>\n<br \/>\nGute, wenngleich traurige, aber leider realistische Gedanken&#8230;und auch Kontakt-Links&#8230;\u00fcbrigens k\u00f6nnt ihr auch an : rosetta66@gmx.de mailen, das ist eine unserer ADRESSEN, da fem@feminissima.de seit einiger Zeit leider nicht funktioniert, aber wir bitten unseren Webmaster mal&#8230;sich drum zu k\u00fcmmern<br \/>\u201eAltersarmut\u201c zusammengestellt als anregende Gespr\u00e4chsgrundlage<br \/>\n<br \/>\ndes Vorruhest\u00e4ndlerkreises und die es werden wollen<br \/>\n<br \/>\nvon Klaus Wanner, Berlin: Stand 01.12.2004<\/p>\n<p>Betroffen sind Langzeitarbeitslose ab Anfang 50, Vorruhest\u00e4nder, Rentner, Behinderte, psychisch Kranke und Sozialhilfeempf\u00e4nger.<\/p>\n<p>Wie sieht die materielle Situation aus? Gegenwart und nahe Zukunft:<br \/>\n<br \/>\nPreise steigen wie Miete, Mietnebenkosten, Lebenshaltungskosten, Fahrpreise (Nah- und Fernverkehr) etc bei gleichlaufenden K\u00fcrzungen der Eink\u00fcnfte (Hartz IV= AlgII Allensbach, Sept.04,; Minijobs) und Renten (Rentenklau seit 1992 schon 40%; die Besteuerung ab 2005 sowie weitere Abz\u00fcge wie Krankengeld etc ab 01.07.2005 0,9%). Die Erh\u00f6hung des Arbeitsalters bedeutet faktisch die Absenkung der Rentenh\u00f6he. Man hat zwar zeitlich mehr Freiheiten aber ist den monit\u00e4ren Zw\u00e4ngen ausgesetzt und die Rentner sind um die Fr\u00fcchte ihrer jahrelangen Arbeit gebracht worden.<br \/>\n<br \/>\nWeitere Sozialversicherungsabgaben werden folgen  wie z.B. zur Pflegeversicherung, oder die Einf\u00fchrung der Unterhaltspflicht in der Seitenlinie (Geschwister unter-einander)u.a&#8230;. <\/p>\n<p>Welche materielle Konsequenzen hat dies m\u00f6glicherweise?: Bringt auf jeden Falle eine ungewollte Ver\u00e4nderung mit sich wie Wohnungswechsel wird erforderlich (Seniorenh\u00e4user oder Umzug in Au\u00dfen- oder in Randbezirke Berlins), was Verdr\u00e4ngung aus dem angestammten Wohnbereich bedeutet  mit den daraus resultierenden Bruch sozialer Kontakte und Beziehungen. Von liebgewonnenem Inventar (museal) und von sonstigem Gesammeltem (bibliophil) mu\u00df getrennt und\/oder ver\u00e4u\u00dfert werden, weil Verkleinerung angesagt ist, Anspr\u00fcche sind zu reduzieren, kann unter Umst\u00e4nden auch als Befreiung erlebt werden. Einschr\u00e4nkung von geregeltem Luxus und Wohlstand; es wird \u00fcberlegt, wo kann gespart werden. Mindereinkauf von Lebensmitteln. Man kann sich weniger leisten, ohne Schulden zu machen.<\/p>\n<p>Welche Auswirkung geistig\/psychisch\/seelisch wird dieses verursachen?: Wenn der materielle Absturz und Ausscheiden aus dem Arbeitsleben schnell und sehr radikal stattfindet, kann dies zu einer l\u00e4ngeren emotionale, innere Umbruchsphase f\u00fchren (bei M\u00e4nnern voraussichtlich st\u00e4rker ausgepr\u00e4gt sein als bei Frauen).<br \/>\n<br \/>\nNichtfreiwillige Mobilit\u00e4t und Flexibilit\u00e4t im Alter f\u00fchrt h\u00e4ufig zu Entwurzelung, nicht umsonst hei\u00dft es, es tut nicht gut, alte B\u00e4ume (st\u00e4ndig) zu verpflanzen (Umstellungsschwierigkeiten).<br \/>\n<br \/>\nStarke Einschr\u00e4nkung von kulturellen Angeboten, R\u00fcckzug ins h\u00e4usliche Milieu (TV, Internet, Telefonitis). Gefahr auf Grund der Vereinsamung in Depression zu geraten, (Aufmerksamkeits- und Zuwendungshaltung); heimliches Trinken; subjektiv erleben von sozialem Abstieg (kann gesellschaftlich noch verst\u00e4rkt erfahren werden wie durch soziale K\u00e4lte); selbst im Freundeskreis wird man m\u00f6glicherweise abgeschrieben, weil man nicht mehr mithalten kann wie Konzertbesuche, gut essen gehen und sich schick kleiden etc. (Spa\u00df- und Vergn\u00fcgungsbesuche) Diese Abwertung erzeugt neben Verlust von W\u00fcrde auch die von Freiheit.<br \/>\n<br \/>\nWenn einer der Partner schnarcht, gibt es die M\u00f6glichkeit, in getrennten Zimmern zu schlafen? wie wohnt man, wenn das Treppensteigen nicht mehr geht oder sonstig durch Kranksein von anderen abh\u00e4ngig wird? Sind \u00c4rzte in der N\u00e4he, Krankenwagen schnell zur Stelle?<br \/>\n<br \/>\nWieweit wird man gebraucht oder f\u00fchlt man sich schon \u00fcberfl\u00fcssig? Sind Kinder und Kindeskinder, Eltern oder Partner da?  Die Erwartung, dass das eigene Kind einem als Gebrechlichen schnell wegen Betreuung zur Stelle zur Verf\u00fcgung steht, ist auch eine Einstellungsfalle, wenn dies verheiratet, in Arbeit steht und woanders wohnt oder l\u00e4stig einen abschiebt.<br \/>\n<br \/>\nH\u00e4lt man an alten Gewohnheiten fest oder ist man noch tolerant?<br \/>\n<br \/>\nWie sieht dieses Problem in anderen Kulturen aus, bestehen dort trotz gr\u00f6\u00dfter Armut bessere soziale Zusammenhalte, also Solidarit\u00e4t???<\/p>\n<p>\nM\u00f6glichkeiten zum Lebensqualit\u00e4tserhalt: Versuch von Hinzuverdienst durch \u201eSklavenarbeit\u201c, weil man sich unter Wert verkaufen mu\u00df, das die \u201eSchwarzarbeit\u201c als Schattenwirtschaft f\u00f6rdert; Schn\u00e4ppchenjagd; Aufsuchen von Essk\u00fcchen oder Teestuben, um neben der Verk\u00f6stigung Austausch zu Mitbetroffene zu haben (Problem des Niveauverlustes). Als single m\u00f6glichst eine\/n reiche\/n PartnerIn finden, das die Ausnahme sein d\u00fcrfte. Gro\u00dfe Wohnungen durch Untervermietung Kosten verringern.<br \/>\n<br \/>\nEine Lebensform w\u00e4re in Wohngemeinschaften aus Kostengr\u00fcnden zu ziehen und um sich nicht allein und einsam zu f\u00fchlen. Frage: welche normale WGs nehmen Alte auf? Wieweit ist der\/die Betroffene bereit, sich Auseinandersetzungen in WGs zu stellen und sich anzupassen, wenn er\/sie Seelenfrieden sucht? Eine andere w\u00e4re: getrennt wohnen, gemeinsam leben!<\/p>\n<p>\naus: Christine und Harald L\u00fcders: \u201eLebst du noch oder sparst du schon?\u201c FTB 16374, 7.90\u20ac, 2004: daraus folgende Hinweise:<br \/>\n<br \/>\nSoziologin Heike Gr\u00fcnwald, B.-Steglitz: \u201eGemeinsam wohnen und Altwerden \u2013 GWA\u201c<br \/>\n<br \/>\n\u201eForum f\u00fcr gemeinschaftliches wohnen im Alter \u2013 www.fgwa.de\u201c; www.generationdialog.de; Hannover: \u201eLaher H\u00f6fe\u201c; K\u00f6ln: \u201eHaus Mobile \u2013 www.nwia.de\u201c;<br \/>\n<br \/>\nM\u00fcnchen: \u201curbanes wohnen\u201c, B.-Neuk\u00f6lln: \u201eOffensives Altern\u201c<br \/>\n<br \/>\nWer sich\u2019s leisten kann, sucht Alterswohnresidenzen oder Ruhesitze oder Projekte wie www.labsaal.de<br \/>\n<br \/>\naus Berliner Zeitung 20.\/21.Nov.04:<br \/>\n<br \/>\nSeniorenwohngemeinschaft in 2Fami.Haus, auf dem Lande in Stadtn\u00e4he: 470 308 647<\/p>\n<p>Internet: www.single-generationen.de<br \/>\n<br \/>\nBerlin: Verein \u201eAmbulante Dienste- ad\u201c, versucht auf die Bed\u00fcrfnisse Behinderter einzugehen. Bisheriges Qualit\u00e4ts- und Besch\u00e4ftigungsproblem: examinierte Alten- und Pflegekr\u00e4fte sind nicht erw\u00fcnscht, weil Behinderte mit den Methoden Examinierter schlechte Erfahrungen gemacht haben und angelernte Motivierte sind billiger.<br \/>\n<br \/>\n(ver.di Publik 12-01,dez.04)<\/p>\n<p>\nAus ver.di Publik 12-01,dez04:\u201eAngst vor einer ungesicherten Zukunft\u201c (B.A.T. Freizeit-Forschungsinstitut, Juni 04), Verlust des Arbeitsplatzes (polis Umfrage f\u00fcr den DGB, Juni 04 + R+V-Versicherung, Sept.04).<br \/>\n<br \/>\nUntersuchungen \u00fcber Existenz\u00e4ngste gibt es lt. Psychologie Heute, Nov.04 (Angstforscher J\u00fcrgen Markgraf, Basel) kaum im Gegensatz zur \u201eRealangst\u201c als sch\u00fctzende, Lebens- erhaltende Funktion und die aus innerer Quelle kommend, die \u201eneurotische Angst\u201c als \u201eVerzerrung der Realit\u00e4t\u201c, die l\u00e4hmend wirken und zur Bedrohung werden kann (Christian Schneider, Ffm: Sigmund-Freud Institut).<br \/>\n<br \/>\nFrage: ab wann werden konkrete Bef\u00fcrchtungen zur neurotischen Angst und wer bewertet daraus die angemessene Sichtweise?<br \/>\n<br \/>\nDer Soziologe Ulrich Beck hat die Bindungsverlust und Zukunftsangst in seinem in den 80erJahre erschienen Werk: \u201eRisikogesellschaft\u201c die Individualisierung der Gesellschaft mit der Aufl\u00f6sung traditioneller Bindungen: das Individium steht in dem Spannungsverh\u00e4ltnis: einerseits den Wunsch nach Autonomie und Unabh\u00e4ngigkeit andererseits den Wunsch nach Sicherheit, Stabilit\u00e4t und \u00dcberschaubarkeit. Somit ist nach Beck der Umgang mit Angst und Unsicherheit eine Schl\u00fcsselqualifikation.<\/p>\n<p><\/p>\n","protected":false},"excerpt":{"rendered":"<p>Altersarmut &#8211; Gespr\u00e4chskreis?<br \/>\n<br \/>\nGute, wenngleich traurige, aber leider realistische Gedanken&#8230;und auch Kontakt-Links&#8230;\u00fcbrigens k\u00f6nnt ihr auch an : rosetta66@gmx.de mailen, das ist eine unserer ADRESSEN, da fem@feminissima.de seit einiger Zeit leider nicht funktioniert, aber wir bitten unseren Webmaster mal&#8230;sich drum zu k\u00fcmmern<\/p>\n","protected":false},"author":2,"featured_media":0,"comment_status":"closed","ping_status":"closed","sticky":false,"template":"","format":"standard","meta":{"footnotes":""},"categories":[26],"tags":[],"class_list":["post-83550","post","type-post","status-publish","format-standard","hentry","category-pinnwand","entry"],"yoast_head":"<!-- This site is optimized with the Yoast SEO plugin v21.0 - https:\/\/yoast.com\/wordpress\/plugins\/seo\/ -->\n<title>Altersarmut, politikgewollt - Feminissima<\/title>\n<meta name=\"robots\" content=\"index, follow, max-snippet:-1, max-image-preview:large, max-video-preview:-1\" \/>\n<link rel=\"canonical\" href=\"https:\/\/feminissima.de\/index.php\/2005\/01\/25\/altersarmut-politikgewollt\/\" \/>\n<meta property=\"og:locale\" content=\"de_DE\" \/>\n<meta property=\"og:type\" content=\"article\" \/>\n<meta property=\"og:title\" content=\"Altersarmut, politikgewollt - Feminissima\" \/>\n<meta property=\"og:description\" content=\"Altersarmut - Gespr\u00e4chskreis?  Gute, wenngleich traurige, aber leider realistische Gedanken...und auch Kontakt-Links...\u00fcbrigens k\u00f6nnt ihr auch an : rosetta66@gmx.de mailen, das ist eine unserer ADRESSEN, da fem@feminissima.de seit einiger Zeit leider nicht funktioniert, aber wir bitten unseren Webmaster mal...sich drum zu k\u00fcmmern\" \/>\n<meta property=\"og:url\" content=\"https:\/\/feminissima.de\/index.php\/2005\/01\/25\/altersarmut-politikgewollt\/\" \/>\n<meta property=\"og:site_name\" content=\"Feminissima\" \/>\n<meta property=\"article:published_time\" content=\"2005-01-25T18:53:04+00:00\" \/>\n<meta name=\"author\" content=\"admin\" \/>\n<meta name=\"twitter:card\" content=\"summary_large_image\" \/>\n<meta name=\"twitter:label1\" content=\"Verfasst von\" \/>\n\t<meta name=\"twitter:data1\" content=\"admin\" \/>\n\t<meta name=\"twitter:label2\" content=\"Gesch\u00e4tzte Lesezeit\" \/>\n\t<meta name=\"twitter:data2\" content=\"5\u00a0Minuten\" \/>\n<script type=\"application\/ld+json\" class=\"yoast-schema-graph\">{\"@context\":\"https:\/\/schema.org\",\"@graph\":[{\"@type\":\"WebPage\",\"@id\":\"https:\/\/feminissima.de\/index.php\/2005\/01\/25\/altersarmut-politikgewollt\/\",\"url\":\"https:\/\/feminissima.de\/index.php\/2005\/01\/25\/altersarmut-politikgewollt\/\",\"name\":\"Altersarmut, politikgewollt - Feminissima\",\"isPartOf\":{\"@id\":\"https:\/\/feminissima.de\/#website\"},\"datePublished\":\"2005-01-25T18:53:04+00:00\",\"dateModified\":\"2005-01-25T18:53:04+00:00\",\"author\":{\"@id\":\"https:\/\/feminissima.de\/#\/schema\/person\/0b901e053624f88e7ecbea289d9d5128\"},\"breadcrumb\":{\"@id\":\"https:\/\/feminissima.de\/index.php\/2005\/01\/25\/altersarmut-politikgewollt\/#breadcrumb\"},\"inLanguage\":\"de\",\"potentialAction\":[{\"@type\":\"ReadAction\",\"target\":[\"https:\/\/feminissima.de\/index.php\/2005\/01\/25\/altersarmut-politikgewollt\/\"]}]},{\"@type\":\"BreadcrumbList\",\"@id\":\"https:\/\/feminissima.de\/index.php\/2005\/01\/25\/altersarmut-politikgewollt\/#breadcrumb\",\"itemListElement\":[{\"@type\":\"ListItem\",\"position\":1,\"name\":\"Startseite\",\"item\":\"https:\/\/feminissima.de\/\"},{\"@type\":\"ListItem\",\"position\":2,\"name\":\"Altersarmut, politikgewollt\"}]},{\"@type\":\"WebSite\",\"@id\":\"https:\/\/feminissima.de\/#website\",\"url\":\"https:\/\/feminissima.de\/\",\"name\":\"Feminissima\",\"description\":\"\",\"potentialAction\":[{\"@type\":\"SearchAction\",\"target\":{\"@type\":\"EntryPoint\",\"urlTemplate\":\"https:\/\/feminissima.de\/?s={search_term_string}\"},\"query-input\":\"required name=search_term_string\"}],\"inLanguage\":\"de\"},{\"@type\":\"Person\",\"@id\":\"https:\/\/feminissima.de\/#\/schema\/person\/0b901e053624f88e7ecbea289d9d5128\",\"name\":\"admin\",\"image\":{\"@type\":\"ImageObject\",\"inLanguage\":\"de\",\"@id\":\"https:\/\/feminissima.de\/#\/schema\/person\/image\/\",\"url\":\"https:\/\/secure.gravatar.com\/avatar\/8da1f51327453c0bf63338e8e2a791948b7d2ac19b68839492d1e69aac6924a8?s=96&d=mm&r=g\",\"contentUrl\":\"https:\/\/secure.gravatar.com\/avatar\/8da1f51327453c0bf63338e8e2a791948b7d2ac19b68839492d1e69aac6924a8?s=96&d=mm&r=g\",\"caption\":\"admin\"},\"url\":\"https:\/\/feminissima.de\/index.php\/author\/admin\/\"}]}<\/script>\n<!-- \/ Yoast SEO plugin. -->","yoast_head_json":{"title":"Altersarmut, politikgewollt - Feminissima","robots":{"index":"index","follow":"follow","max-snippet":"max-snippet:-1","max-image-preview":"max-image-preview:large","max-video-preview":"max-video-preview:-1"},"canonical":"https:\/\/feminissima.de\/index.php\/2005\/01\/25\/altersarmut-politikgewollt\/","og_locale":"de_DE","og_type":"article","og_title":"Altersarmut, politikgewollt - Feminissima","og_description":"Altersarmut - Gespr\u00e4chskreis?  Gute, wenngleich traurige, aber leider realistische Gedanken...und auch Kontakt-Links...\u00fcbrigens k\u00f6nnt ihr auch an : rosetta66@gmx.de mailen, das ist eine unserer ADRESSEN, da fem@feminissima.de seit einiger Zeit leider nicht funktioniert, aber wir bitten unseren Webmaster mal...sich drum zu k\u00fcmmern","og_url":"https:\/\/feminissima.de\/index.php\/2005\/01\/25\/altersarmut-politikgewollt\/","og_site_name":"Feminissima","article_published_time":"2005-01-25T18:53:04+00:00","author":"admin","twitter_card":"summary_large_image","twitter_misc":{"Verfasst von":"admin","Gesch\u00e4tzte Lesezeit":"5\u00a0Minuten"},"schema":{"@context":"https:\/\/schema.org","@graph":[{"@type":"WebPage","@id":"https:\/\/feminissima.de\/index.php\/2005\/01\/25\/altersarmut-politikgewollt\/","url":"https:\/\/feminissima.de\/index.php\/2005\/01\/25\/altersarmut-politikgewollt\/","name":"Altersarmut, politikgewollt - Feminissima","isPartOf":{"@id":"https:\/\/feminissima.de\/#website"},"datePublished":"2005-01-25T18:53:04+00:00","dateModified":"2005-01-25T18:53:04+00:00","author":{"@id":"https:\/\/feminissima.de\/#\/schema\/person\/0b901e053624f88e7ecbea289d9d5128"},"breadcrumb":{"@id":"https:\/\/feminissima.de\/index.php\/2005\/01\/25\/altersarmut-politikgewollt\/#breadcrumb"},"inLanguage":"de","potentialAction":[{"@type":"ReadAction","target":["https:\/\/feminissima.de\/index.php\/2005\/01\/25\/altersarmut-politikgewollt\/"]}]},{"@type":"BreadcrumbList","@id":"https:\/\/feminissima.de\/index.php\/2005\/01\/25\/altersarmut-politikgewollt\/#breadcrumb","itemListElement":[{"@type":"ListItem","position":1,"name":"Startseite","item":"https:\/\/feminissima.de\/"},{"@type":"ListItem","position":2,"name":"Altersarmut, politikgewollt"}]},{"@type":"WebSite","@id":"https:\/\/feminissima.de\/#website","url":"https:\/\/feminissima.de\/","name":"Feminissima","description":"","potentialAction":[{"@type":"SearchAction","target":{"@type":"EntryPoint","urlTemplate":"https:\/\/feminissima.de\/?s={search_term_string}"},"query-input":"required name=search_term_string"}],"inLanguage":"de"},{"@type":"Person","@id":"https:\/\/feminissima.de\/#\/schema\/person\/0b901e053624f88e7ecbea289d9d5128","name":"admin","image":{"@type":"ImageObject","inLanguage":"de","@id":"https:\/\/feminissima.de\/#\/schema\/person\/image\/","url":"https:\/\/secure.gravatar.com\/avatar\/8da1f51327453c0bf63338e8e2a791948b7d2ac19b68839492d1e69aac6924a8?s=96&d=mm&r=g","contentUrl":"https:\/\/secure.gravatar.com\/avatar\/8da1f51327453c0bf63338e8e2a791948b7d2ac19b68839492d1e69aac6924a8?s=96&d=mm&r=g","caption":"admin"},"url":"https:\/\/feminissima.de\/index.php\/author\/admin\/"}]}},"jetpack_featured_media_url":"","_links":{"self":[{"href":"https:\/\/feminissima.de\/index.php\/wp-json\/wp\/v2\/posts\/83550","targetHints":{"allow":["GET"]}}],"collection":[{"href":"https:\/\/feminissima.de\/index.php\/wp-json\/wp\/v2\/posts"}],"about":[{"href":"https:\/\/feminissima.de\/index.php\/wp-json\/wp\/v2\/types\/post"}],"author":[{"embeddable":true,"href":"https:\/\/feminissima.de\/index.php\/wp-json\/wp\/v2\/users\/2"}],"replies":[{"embeddable":true,"href":"https:\/\/feminissima.de\/index.php\/wp-json\/wp\/v2\/comments?post=83550"}],"version-history":[{"count":0,"href":"https:\/\/feminissima.de\/index.php\/wp-json\/wp\/v2\/posts\/83550\/revisions"}],"wp:attachment":[{"href":"https:\/\/feminissima.de\/index.php\/wp-json\/wp\/v2\/media?parent=83550"}],"wp:term":[{"taxonomy":"category","embeddable":true,"href":"https:\/\/feminissima.de\/index.php\/wp-json\/wp\/v2\/categories?post=83550"},{"taxonomy":"post_tag","embeddable":true,"href":"https:\/\/feminissima.de\/index.php\/wp-json\/wp\/v2\/tags?post=83550"}],"curies":[{"name":"wp","href":"https:\/\/api.w.org\/{rel}","templated":true}]}}