{"id":83548,"date":"2005-01-25T15:56:28","date_gmt":"2005-01-25T15:56:28","guid":{"rendered":"http:\/\/www.feminissima.de\/?p=83548"},"modified":"2005-01-25T15:56:28","modified_gmt":"2005-01-25T15:56:28","slug":"ensetzen-ueber-kauder-cdu","status":"publish","type":"post","link":"https:\/\/feminissima.de\/index.php\/2005\/01\/25\/ensetzen-ueber-kauder-cdu\/","title":{"rendered":"Ensetzen \u00fcber KAUDER, CDU"},"content":{"rendered":"<p>hier EIN Beispiel aus google.news&#8230;\u00fcber das, was &#8230; ja, hat der Mann noch alle beisammen? Oder nur ein Fall f\u00fcr&#8230;??? Ach so, die wollen der NPD jetzt die W\u00e4hler abspenstig machen, verstehe ! Aber war die CDU nicht immer eine Fast-Schwester-Partei der NPD&#8230;??? wenn man mal so an Hessen zum Beispiel denkt&#8230;wie dort ein Mann Ministerpr\u00e4sident wurde&#8230;mehr als ein Geschm\u00e4ckle&#8230;ein Riesen HAUT GOUT&#8230;<\/p>\n<p>    |  Aktuell <\/p>\n<p>\nPRESSE-STIMMEN &#8211; hier spiegel-online <\/p>\n<p>EINSTAND ALS CDU-GENERAL<\/p>\n<p>Kauder entsetzt Rot-Gr\u00fcn mit NS-Vergleich<\/p>\n<p>Der neue Generalsekret\u00e4r von Angela Merkel hat nach Auffassung der Regierung einen Fehlstart hingelegt. Vor dem Bundesausschuss der CDU verglich Volker Kauder das geplante Antidiskriminierungsgesetz mit den Rassengesetzen der Nazis. Die Gr\u00fcnen sprechen von &#8222;unertr\u00e4glicher Geschichtsvergessenheit&#8220;.<\/p>\n<p>DPA<br \/>\n<br \/>\nLehnt die korrekte politische Einstellung ab: Generalsekret\u00e4r Kauder<br \/>\n<br \/>\nBerlin &#8211; Die SPD warf Kauder eine Verh\u00f6hnung der NS-Opfer vor und verlangte eine Entschuldigung. Kauder hatte gestern vor dem Bundesausschuss der CDU den rot-gr\u00fcnen Gesetzentwurf scharf kritisiert und gesagt, fr\u00fcher h\u00e4tten die einen darauf verwiesen, es komme auf die &#8222;richtige Rasse&#8220; an. Sp\u00e4ter in der DDR sei die &#8222;richtige Klasse&#8220; propagiert worden, dann sei es um die richtige Hautfarbe gegangen. &#8222;Und jetzt erleben wir: Es muss einer die korrekte politische Einstellung haben.&#8220; Wenn das nicht helfe, werde ein Antidiskrimisierungsgesetz gemacht, zitiert die Presse aus Kauders Rede.<\/p>\n<p>Mit dieser Kritik sei die Union &#8222;zu weit gegangen&#8220;, sagten SPD-Fraktionsvize Nicolette Kressl und der SPD-Rechtspolitiker Olaf Scholz. &#8222;Erst er\u00f6ffnet sie die so genannte Patriotismusdebatte, dann l\u00e4dt die Junge Union den Ex-CDU-Abgeordneten und Rechtsau\u00dfen-Mann Martin Hohmann als Festredner ein und jetzt die Entgleisung des neuen Generalsekret\u00e4rs.&#8220; CDU-Parteichefin Angela Merkel m\u00fcsse &#8222;aufpassen, dass nicht die Amokl\u00e4ufer mit ihren schr\u00e4gen Nazi-Vergleichen in der Union die Oberhand gewinnen.&#8220;<\/p>\n<p>Die Bundesgesch\u00e4ftsf\u00fchrerin der Gr\u00fcnen, Steffi Lemke, sagte, wer &#8222;die N\u00fcrnberger Rassengesetze, die Klassenideologie der DDR und das Gesetzesvorhaben einer demokratisch gew\u00e4hlten Regierung gleichsetzt, z\u00fcndelt an den Grundlagen unserer Demokratie&#8220;. Der Parlamentarische Fraktionsgesch\u00e4ftsf\u00fchrer der Gr\u00fcnen, Volker Beck, sagte, wer das Gesetz so denunziere, sei ein &#8222;schlechter Demokrat&#8220;.<\/p>\n<p>Mit dem Gesetz sollen Benachteiligungen im Wirtschafts- und Arbeitsleben auf Grund des Geschlechts, der ethnischen Herkunft, der sexuellen Identit\u00e4t, der Religion oder Weltanschauung, des Alters oder einer Behinderung vermieden werden. Anlass dazu sind die EU-Richtlinien gegen Diskriminierung, die in deutsches Recht umgesetzt werden sollen. <\/p>\n<p><\/p>\n","protected":false},"excerpt":{"rendered":"<p>hier EIN Beispiel aus google.news&#8230;\u00fcber das, was &#8230; ja, hat der Mann noch alle beisammen? Oder nur ein Fall f\u00fcr&#8230;??? Ach so, die wollen der NPD jetzt die W\u00e4hler abspenstig machen, verstehe ! Aber war die CDU nicht immer eine Fast-Schwester-Partei der NPD&#8230;??? wenn man mal so an Hessen zum Beispiel denkt&#8230;wie dort ein Mann Ministerpr\u00e4sident wurde&#8230;mehr als ein Geschm\u00e4ckle&#8230;ein Riesen HAUT GOUT&#8230;<\/p>\n","protected":false},"author":2,"featured_media":0,"comment_status":"closed","ping_status":"closed","sticky":false,"template":"","format":"standard","meta":{"footnotes":""},"categories":[14],"tags":[],"class_list":["post-83548","post","type-post","status-publish","format-standard","hentry","category-fempolitik","entry"],"yoast_head":"<!-- This site is optimized with the Yoast SEO plugin v21.0 - https:\/\/yoast.com\/wordpress\/plugins\/seo\/ -->\n<title>Ensetzen \u00fcber KAUDER, CDU - Feminissima<\/title>\n<meta name=\"robots\" content=\"index, follow, max-snippet:-1, max-image-preview:large, max-video-preview:-1\" \/>\n<link rel=\"canonical\" href=\"https:\/\/feminissima.de\/index.php\/2005\/01\/25\/ensetzen-ueber-kauder-cdu\/\" \/>\n<meta property=\"og:locale\" content=\"de_DE\" \/>\n<meta property=\"og:type\" content=\"article\" \/>\n<meta property=\"og:title\" content=\"Ensetzen \u00fcber KAUDER, CDU - Feminissima\" \/>\n<meta property=\"og:description\" content=\"hier EIN Beispiel aus google.news...\u00fcber das, was ... ja, hat der Mann noch alle beisammen? Oder nur ein Fall f\u00fcr...??? Ach so, die wollen der NPD jetzt die W\u00e4hler abspenstig machen, verstehe ! Aber war die CDU nicht immer eine Fast-Schwester-Partei der NPD...??? wenn man mal so an Hessen zum Beispiel denkt...wie dort ein Mann Ministerpr\u00e4sident wurde...mehr als ein Geschm\u00e4ckle...ein Riesen HAUT GOUT...\" \/>\n<meta property=\"og:url\" content=\"https:\/\/feminissima.de\/index.php\/2005\/01\/25\/ensetzen-ueber-kauder-cdu\/\" \/>\n<meta property=\"og:site_name\" content=\"Feminissima\" \/>\n<meta property=\"article:published_time\" content=\"2005-01-25T15:56:28+00:00\" \/>\n<meta name=\"author\" content=\"admin\" \/>\n<meta name=\"twitter:card\" content=\"summary_large_image\" \/>\n<meta name=\"twitter:label1\" content=\"Verfasst von\" \/>\n\t<meta name=\"twitter:data1\" content=\"admin\" \/>\n\t<meta name=\"twitter:label2\" content=\"Gesch\u00e4tzte Lesezeit\" \/>\n\t<meta name=\"twitter:data2\" content=\"2\u00a0Minuten\" \/>\n<script type=\"application\/ld+json\" class=\"yoast-schema-graph\">{\"@context\":\"https:\/\/schema.org\",\"@graph\":[{\"@type\":\"WebPage\",\"@id\":\"https:\/\/feminissima.de\/index.php\/2005\/01\/25\/ensetzen-ueber-kauder-cdu\/\",\"url\":\"https:\/\/feminissima.de\/index.php\/2005\/01\/25\/ensetzen-ueber-kauder-cdu\/\",\"name\":\"Ensetzen \u00fcber KAUDER, CDU - Feminissima\",\"isPartOf\":{\"@id\":\"https:\/\/feminissima.de\/#website\"},\"datePublished\":\"2005-01-25T15:56:28+00:00\",\"dateModified\":\"2005-01-25T15:56:28+00:00\",\"author\":{\"@id\":\"https:\/\/feminissima.de\/#\/schema\/person\/0b901e053624f88e7ecbea289d9d5128\"},\"breadcrumb\":{\"@id\":\"https:\/\/feminissima.de\/index.php\/2005\/01\/25\/ensetzen-ueber-kauder-cdu\/#breadcrumb\"},\"inLanguage\":\"de\",\"potentialAction\":[{\"@type\":\"ReadAction\",\"target\":[\"https:\/\/feminissima.de\/index.php\/2005\/01\/25\/ensetzen-ueber-kauder-cdu\/\"]}]},{\"@type\":\"BreadcrumbList\",\"@id\":\"https:\/\/feminissima.de\/index.php\/2005\/01\/25\/ensetzen-ueber-kauder-cdu\/#breadcrumb\",\"itemListElement\":[{\"@type\":\"ListItem\",\"position\":1,\"name\":\"Startseite\",\"item\":\"https:\/\/feminissima.de\/\"},{\"@type\":\"ListItem\",\"position\":2,\"name\":\"Ensetzen \u00fcber KAUDER, CDU\"}]},{\"@type\":\"WebSite\",\"@id\":\"https:\/\/feminissima.de\/#website\",\"url\":\"https:\/\/feminissima.de\/\",\"name\":\"Feminissima\",\"description\":\"\",\"potentialAction\":[{\"@type\":\"SearchAction\",\"target\":{\"@type\":\"EntryPoint\",\"urlTemplate\":\"https:\/\/feminissima.de\/?s={search_term_string}\"},\"query-input\":\"required name=search_term_string\"}],\"inLanguage\":\"de\"},{\"@type\":\"Person\",\"@id\":\"https:\/\/feminissima.de\/#\/schema\/person\/0b901e053624f88e7ecbea289d9d5128\",\"name\":\"admin\",\"image\":{\"@type\":\"ImageObject\",\"inLanguage\":\"de\",\"@id\":\"https:\/\/feminissima.de\/#\/schema\/person\/image\/\",\"url\":\"https:\/\/secure.gravatar.com\/avatar\/8da1f51327453c0bf63338e8e2a791948b7d2ac19b68839492d1e69aac6924a8?s=96&d=mm&r=g\",\"contentUrl\":\"https:\/\/secure.gravatar.com\/avatar\/8da1f51327453c0bf63338e8e2a791948b7d2ac19b68839492d1e69aac6924a8?s=96&d=mm&r=g\",\"caption\":\"admin\"},\"url\":\"https:\/\/feminissima.de\/index.php\/author\/admin\/\"}]}<\/script>\n<!-- \/ Yoast SEO plugin. -->","yoast_head_json":{"title":"Ensetzen \u00fcber KAUDER, CDU - Feminissima","robots":{"index":"index","follow":"follow","max-snippet":"max-snippet:-1","max-image-preview":"max-image-preview:large","max-video-preview":"max-video-preview:-1"},"canonical":"https:\/\/feminissima.de\/index.php\/2005\/01\/25\/ensetzen-ueber-kauder-cdu\/","og_locale":"de_DE","og_type":"article","og_title":"Ensetzen \u00fcber KAUDER, CDU - Feminissima","og_description":"hier EIN Beispiel aus google.news...\u00fcber das, was ... ja, hat der Mann noch alle beisammen? Oder nur ein Fall f\u00fcr...??? Ach so, die wollen der NPD jetzt die W\u00e4hler abspenstig machen, verstehe ! Aber war die CDU nicht immer eine Fast-Schwester-Partei der NPD...??? wenn man mal so an Hessen zum Beispiel denkt...wie dort ein Mann Ministerpr\u00e4sident wurde...mehr als ein Geschm\u00e4ckle...ein Riesen HAUT GOUT...","og_url":"https:\/\/feminissima.de\/index.php\/2005\/01\/25\/ensetzen-ueber-kauder-cdu\/","og_site_name":"Feminissima","article_published_time":"2005-01-25T15:56:28+00:00","author":"admin","twitter_card":"summary_large_image","twitter_misc":{"Verfasst von":"admin","Gesch\u00e4tzte Lesezeit":"2\u00a0Minuten"},"schema":{"@context":"https:\/\/schema.org","@graph":[{"@type":"WebPage","@id":"https:\/\/feminissima.de\/index.php\/2005\/01\/25\/ensetzen-ueber-kauder-cdu\/","url":"https:\/\/feminissima.de\/index.php\/2005\/01\/25\/ensetzen-ueber-kauder-cdu\/","name":"Ensetzen \u00fcber KAUDER, CDU - Feminissima","isPartOf":{"@id":"https:\/\/feminissima.de\/#website"},"datePublished":"2005-01-25T15:56:28+00:00","dateModified":"2005-01-25T15:56:28+00:00","author":{"@id":"https:\/\/feminissima.de\/#\/schema\/person\/0b901e053624f88e7ecbea289d9d5128"},"breadcrumb":{"@id":"https:\/\/feminissima.de\/index.php\/2005\/01\/25\/ensetzen-ueber-kauder-cdu\/#breadcrumb"},"inLanguage":"de","potentialAction":[{"@type":"ReadAction","target":["https:\/\/feminissima.de\/index.php\/2005\/01\/25\/ensetzen-ueber-kauder-cdu\/"]}]},{"@type":"BreadcrumbList","@id":"https:\/\/feminissima.de\/index.php\/2005\/01\/25\/ensetzen-ueber-kauder-cdu\/#breadcrumb","itemListElement":[{"@type":"ListItem","position":1,"name":"Startseite","item":"https:\/\/feminissima.de\/"},{"@type":"ListItem","position":2,"name":"Ensetzen \u00fcber KAUDER, CDU"}]},{"@type":"WebSite","@id":"https:\/\/feminissima.de\/#website","url":"https:\/\/feminissima.de\/","name":"Feminissima","description":"","potentialAction":[{"@type":"SearchAction","target":{"@type":"EntryPoint","urlTemplate":"https:\/\/feminissima.de\/?s={search_term_string}"},"query-input":"required name=search_term_string"}],"inLanguage":"de"},{"@type":"Person","@id":"https:\/\/feminissima.de\/#\/schema\/person\/0b901e053624f88e7ecbea289d9d5128","name":"admin","image":{"@type":"ImageObject","inLanguage":"de","@id":"https:\/\/feminissima.de\/#\/schema\/person\/image\/","url":"https:\/\/secure.gravatar.com\/avatar\/8da1f51327453c0bf63338e8e2a791948b7d2ac19b68839492d1e69aac6924a8?s=96&d=mm&r=g","contentUrl":"https:\/\/secure.gravatar.com\/avatar\/8da1f51327453c0bf63338e8e2a791948b7d2ac19b68839492d1e69aac6924a8?s=96&d=mm&r=g","caption":"admin"},"url":"https:\/\/feminissima.de\/index.php\/author\/admin\/"}]}},"jetpack_featured_media_url":"","_links":{"self":[{"href":"https:\/\/feminissima.de\/index.php\/wp-json\/wp\/v2\/posts\/83548","targetHints":{"allow":["GET"]}}],"collection":[{"href":"https:\/\/feminissima.de\/index.php\/wp-json\/wp\/v2\/posts"}],"about":[{"href":"https:\/\/feminissima.de\/index.php\/wp-json\/wp\/v2\/types\/post"}],"author":[{"embeddable":true,"href":"https:\/\/feminissima.de\/index.php\/wp-json\/wp\/v2\/users\/2"}],"replies":[{"embeddable":true,"href":"https:\/\/feminissima.de\/index.php\/wp-json\/wp\/v2\/comments?post=83548"}],"version-history":[{"count":0,"href":"https:\/\/feminissima.de\/index.php\/wp-json\/wp\/v2\/posts\/83548\/revisions"}],"wp:attachment":[{"href":"https:\/\/feminissima.de\/index.php\/wp-json\/wp\/v2\/media?parent=83548"}],"wp:term":[{"taxonomy":"category","embeddable":true,"href":"https:\/\/feminissima.de\/index.php\/wp-json\/wp\/v2\/categories?post=83548"},{"taxonomy":"post_tag","embeddable":true,"href":"https:\/\/feminissima.de\/index.php\/wp-json\/wp\/v2\/tags?post=83548"}],"curies":[{"name":"wp","href":"https:\/\/api.w.org\/{rel}","templated":true}]}}