{"id":83543,"date":"2005-01-10T23:36:58","date_gmt":"2005-01-10T23:36:58","guid":{"rendered":"http:\/\/www.feminissima.de\/?p=83543"},"modified":"2005-01-10T23:36:58","modified_gmt":"2005-01-10T23:36:58","slug":"die-edelweisspiraten","status":"publish","type":"post","link":"https:\/\/feminissima.de\/index.php\/2005\/01\/10\/die-edelweisspiraten\/","title":{"rendered":"Die Edelwei\u00dfpiraten"},"content":{"rendered":"<p>Ja, noch ein bissi was zu lesen.<br \/>\n<br \/>\nAuf die Nacht.<br \/>\n<br \/>\nWer waren die Edelwei\u00dfpiraten?<br \/>\n<br \/>\nGuido Knopp hat sie noch nicht entdeckt.<br \/>\n<br \/>\nAber FEMINISSIMA.<\/p>\n<p>Es waren &#8222;unangepa\u00dfte Jugendliche aus K\u00f6ln in der Nazi-Zeit&#8220;, die von der Gestapo terrorisiert wurden, weil die ne eigene Meinung hatten..bitte sehr &#8211; das freut einen ja&#8230;soooo!<br \/> Chronik   Lexikon<br \/>\n<br \/>\nEdelwei\u00dfpirat  <\/p>\n<p>Die Jugendpolitik des Nationalsozialismus, die beabsichtigte, alle Kinder und Jugendlichen in die Hitlerjugend hineinzuzw\u00e4ngen, um sie dort nach Geschlechtern getrennt ideologisch zu indoktrinieren und milit\u00e4risch zu drillen, rief bei manchen Jugendlichen Protest und Widersetzung hervor. Dies galt insbesondere f\u00fcr Jugendliche aus Arbeiterkreisen und aus der B\u00fcndischen Jugend.<\/p>\n<p>Vor allem in den St\u00e4dten tauchten nach 1933 lose Zusammenschl\u00fcsse von Jugendlichen auf, die ihre unangepasste Haltung durch betont l\u00e4ssige Kleidung, auff\u00e4llige Frisuren, H\u00f6ren von &#8222;undeutscher&#8220; Musik oder durch gemeinsame gesellige Unternehmungen (besonders Freizeitfahrten) von Jungen und M\u00e4dchen demonstrierten. Eines der Erkennungsmerkmale dieser Jugendlichen war, besonders im Rheinland, ein Edelwei\u00dfabzeichen, das unterm oder am Jackenaufschlag getragen wurde.<\/p>\n<p>Die Verweigerungshaltung f\u00fchrte bald zu Konflikten mit der HJ. Bisweilen kam es sogar zu offenen Stra\u00dfenschlachten zwischen dem Streifendienst der HJ und den Jugendgruppen. Einige Jugendliche gingen &#8211; allerdings erst sp\u00e4ter unter den chaotischen Bedingungen der Endkriegsphase &#8211; weiter und ver\u00fcbten Sabotageakte auf R\u00fcstungsbetriebe oder Anschl\u00e4ge auf NSDAP-Funktion\u00e4re.<\/p>\n<p>Es kam zur pauschalen Kriminalisierung der widerst\u00e4ndigen Jugendlichen durch die NS-Verfolgungsbeh\u00f6rden, die sich beispielsweise 1944 in der Herausgabe von &#8222;Richtlinien zur Bek\u00e4mpfung jugendlicher Cliquen&#8220; niederschlug.<\/p>\n<p>\nMit den Prozessen gegen die \u201eNavajos\u201c Ende 1937\/Anfang 1938 bricht f\u00fcr K\u00f6ln die Quellen\u00fcberlieferung zum Thema \u201eUnangepasstes Jugendverhalten\u201c ab, um erst mit den Ermittlungen gegen \u201eEdelwei\u00dfpiraten\u201c Ende 1942 wieder einzusetzen. Alles das, was in der Zwischenzeit geschah, liegt bis heute weitgehend im Dunkeln.<\/p>\n<p>So ist unklar, ob die Aktionen der Gestapo gegen die \u201eNavajos\u201c tats\u00e4chlich so nachhaltige Wirkung zeigten, wie die Quellen nahe legen, oder ob es \u2013 was wahrscheinlicher ist \u2013 nicht doch weiterhin in gro\u00dfem Umfang unangepasstes Jugendverhalten in K\u00f6ln gab. <\/p>\n<p>Als sicher kann gelten, dass der Zweite Weltkrieg auch in den Jugendgruppen tiefe Umw\u00e4lzungen ausl\u00f6ste. Ein gro\u00dfer Teil der \u00c4lteren wurde nun zur Wehrmacht eingezogen, womit viele Gruppen ihr Zentrum verloren. Es dauerte einige Zeit, bis solche L\u00fccken geschlossen waren.<\/p>\n<p>Dann aber bildeten sich Gruppen von zum Teil beachtlicher Gr\u00f6\u00dfe, deren Hauptinteresse zwar nach wie vor dem Wandern und einem gewissen Grad an Freiheit jenseits der HJ galt, die aber durchaus auch zu politisch motivierten Aktionen bereit und f\u00e4hig waren. Dabei ist es in jedem Einzelfall schwer, eindeutig zwischen jugendlichem \u00dcbermut und bewusster politischer Handlung zu unterscheiden.<\/p>\n<p>Ein weiteres Kennzeichen dieser Gruppen von \u201eEdelwei\u00dfpiraten\u201c \u2013 auch hier ist die genaue Herkunft des Namens bislang ungekl\u00e4rt \u2013 war es, dass sie Gastst\u00e4tten als neue Art von Treffpunkten nutzten. Das war insbesondere auf die kriegsbedingte Jugendschutzverordnung zur\u00fcckzuf\u00fchren, die den Aufenthalt auf Stra\u00dfen und Pl\u00e4tzen bei Einsetzen der Dunkelheit verbot.<\/p>\n<p>\nNachdem im Dezember 1942 zahlreiche K\u00f6lner Edelwei\u00dfpiraten durch die Gestapo verhaftet worden waren, endete diese Phase des Edelwei\u00dfpiratentums\u201c in K\u00f6ln. Es standen aber bereits J\u00fcngere bereit, die nun ihrerseits Gruppen bilden und das pflegen, was sie bei den \u00c4lteren beobachtet haben. Diese Gruppen scheinen allerdings nicht mehr den Grad an Geschlossenheit zu erreichen, der die Gruppen der Jahre 1941\/42 auszeichnete.<\/p>\n<p>\nDie Gruppen unangepasster Jugendlicher der Jahre 1943\/44 unterschieden sich in wesentlichen Punkten von ihren \u201eVorg\u00e4ngern\u201c der ersten Kriegsjahre. Weitaus st\u00e4rker als letztere waren die 15- bis 17-J\u00e4hrigen seit 1943 vom Bombenkrieg und der sich abzeichnenden deutschen Niederlage gepr\u00e4gt. <\/p>\n<p>Die zunehmende Zerst\u00f6rung des Lebensumfelds und die damit einhergehende Aufl\u00f6sung bisheriger Moralvorstellungen bestimmten die Sicht und das Handeln der Heranwachsenden, die in einer Welt aufwuchsen, die ihnen in mehrfacher Hinsicht keine Grenzen, aber auch keine Perspektiven mehr aufzeigen konnte.<\/p>\n<p>Angst spielte eine immer geringere Rolle. Wer tagt\u00e4glich den Tod vor Augen hatte, verlor auch den Respekt vor der Gestapo. Au\u00dferdem vermischten sich im K\u00f6ln der letzten Kriegsmonate sehr unterschiedliche Menschen und Gruppen, die eins gemein hatten: Sie waren untergetaucht, lebten illegal und taten naturgem\u00e4\u00df alles, um ihr \u00dcberleben zu sichern. So skrupellos, wie die Gestapo und andere NS-Institutionen gegen sie vorgingen, so rigoros verteidigten sie sich. \u201eNormale\u201c Wertma\u00dfst\u00e4be waren unter solchen Bedingungen nicht mehr anzulegen.<\/p>\n<p>Au\u00dferdem l\u00f6sten sich Gruppenzusammenh\u00e4nge immer st\u00e4rker auf. Ende September 1944 berichtete die K\u00f6lner Gestapo, dass die \u201eBearbeitung von Vorg\u00e4ngen gegen sogenannte Edelwei\u00dfpiraten\u201c wegen \u201ekriegswichtiger\u201c Ermittlungen zur\u00fcckgestellt w\u00fcrden. Den entsprechenden Handlungsbedarf sch\u00e4tzte sie zu diesem Zeitpunkt aber ohnehin nicht mehr hoch ein: \u201eDer gr\u00f6\u00dfte Teil der Jugendlichen befindet sich z.Zt. am Westwall, wodurch die Bet\u00e4tigung im Sinne der E.P. merklich nachgelassen hat.\u201c <\/p>\n<p>Juli 1942: Ortsgruppenleiter erstattet Anzeige wegen &#8222;Zersetzungserscheinungen&#8220; in der HJ<br \/>\n<br \/>\nSeptember 1942: \u00dcberlokale Ans\u00e4tze: Treffen zwischen K\u00f6lner und D\u00fcsseldorfer Jugendlichen<br \/>\n<br \/>\n13. September 1942: \u00dcber Nacht: Alarmierende Wandbeschriftungen in K\u00f6ln<br \/>\n<br \/>\nMitte Oktober 1942: Gr\u00fcndung des Clubs der Edelwei\u00dfpiraten<br \/>\n<br \/>\n4. Oktober 1942: HJ-Streife kontrolliert Edelwei\u00dfpiraten auf Fahrt<br \/>\n<br \/>\n16. Oktober 1942: Verabredung zum Sprengstoffdiebstahl?<br \/>\n<br \/>\n17. Oktober 1942: Weindiebstahl auf Edelwei\u00dfpiraten-Fahrt<br \/>\n<br \/>\n14. November 1942: Geburtstagsfeier unter Edelwei\u00dfpiraten<br \/>\n<br \/>\n21. November 1942: &#8222;Leistungswoche der B\u00fcndischen Jugend&#8220; &#8211; Illegale Flugbl\u00e4tter in K\u00f6ln!<br \/>\n<br \/>\n1. Dezember 1942: Gestapo ermittelt wegen &#8222;Vorbereitung zum Hochverrat, B\u00fcndische Bet\u00e4tigung u.a.m&#8220;<br \/>\n<br \/>\n2. Dezember 1942: Auftakt zu Verhaftungswelle: Jugendlicher in Merheim-linksrheinisch festgenommen<br \/>\n<br \/>\n4. Dezember 1942: Festnahmewelle in K\u00f6lner Gastst\u00e4tten: Harter Schlag gegen Edelwei\u00dfpiraten<br \/>\n<br \/>\n4. Februar 1943: Ermittlungen gegen K\u00f6lner Edelwei\u00dfpiraten<br \/>\n<br \/>\n15. M\u00e4rz 1943: SS geht gegen Edelwei\u00dfpiraten vor<br \/>\n<br \/>\nPfingsten 1943: Gestapo verhaftet Mitglieder der &#8222;Gruppe der Edelwei\u00dfpiraten&#8220;<br \/>\n<br \/>\n23. Juni 1943: Oberstaatsanwaltschaft erhebt Anklage beim Sondergericht K\u00f6ln gegen K\u00f6lner Edelwei\u00dfpiraten<br \/>\n<br \/>\n12. September 1943: Gestapo-Razzia bei einer Schiffstour nach K\u00f6nigswinter<br \/>\n<br \/>\n15. September 1943: Sondergericht verurteilt K\u00f6lner Edelwei\u00dfpiraten zu hohen Haftstrafen<br \/>\n<br \/>\nMitte Oktober 1943: Gestapo verhaftet K\u00f6lner Jugendliche<br \/>\n<br \/>\n13. Oktober 1943: Gestapo-Razzia in K\u00f6ln-M\u00fclheim<br \/>\n<br \/>\n16. Oktober 1943: HJ-Streife \u00fcberf\u00e4llt vier M\u00fclheimer Jugendliche<br \/>\n<br \/>\n18. Oktober 1943: M\u00fclheimer Jugendliche greifen HJ-Dienststelle an<br \/>\n<br \/>\n1. Dezember 1943: Oberstaatsanwaltschaft erhebt Anklage gegen M\u00fclheimer Jugendliche<br \/>\n<br \/>\n25. Dezember 1943: Weihnachten in Brauweiler: Gewalt in der Erziehungsanstalt<br \/>\n<br \/>\nAnfang 1944: Reichsjustizministerium berichtet \u00fcber jugendliche Cliquen<br \/>\n<br \/>\n3. Januar 1944: Club der Edelwei\u00dfpiraten in Brauweiler<br \/>\n<br \/>\n22. Januar 1944: Brauweiler Direktor will Verlegung der Edelwei\u00dfpiraten in ein &#8222;Jugendschutzlager&#8220;: Einschaltung der Gestapo<br \/>\n<br \/>\n17. M\u00e4rz 1943: F\u00fcrsorgeerziehungsbeh\u00f6rde berichtet Gestapo \u00fcber &#8222;oppositionelle Jugendbewegungen&#8220; in Brauweiler<br \/>\n<br \/>\n14. Juli 1944: Gestapo berichtet \u00fcber Ermittlungsstand gegen die Brauweiler Edelwei\u00dfpiraten<br \/>\n<br \/>\n30. September 1944: Ermittlungen gegen Edelwewi\u00dfpiraten wird zur\u00fcckgefahren<br \/>\n<br \/>\n4. Oktober 1944: Jugendliche aus dem Umkreis der Steinbr\u00fcck-Gruppe verhaftet<br \/>\n<br \/>\n10. November 1944: Hinrichtungen in K\u00f6ln-Ehrenfeld Hinrichtungen in K\u00f6ln-Ehrenfeld<br \/>\n<br \/>\n13. Januar 1944: Gerichtsverhandlung gegen M\u00fclheimer Edelwei\u00dfpiraten wegen &#8222;b\u00fcndischer Bet\u00e4tigung&#8220;<br \/>\n<br \/>\nOktober 1944: Fremdwahrnehmung der Edelwei\u00dfpiraten: Skepsis bei amerikanischen Nachrichtenoffizieren 1944\/45<br \/>\n<br \/>\nDezember 1944: Kontroverse Beurteilung der Edelwei\u00dfpiraten im britischen Au\u00dfenministerium<br \/>\n<br \/>\n7. November 1943: K\u00f6lner Richter gibt Lagebericht zu K\u00f6lner Edelwei\u00dfpiraten<\/p>\n<p>\nGruppen<\/p>\n<p>Edelwei\u00dfpiraten (Leipziger Platz)<br \/>\n<br \/>\nEdelwei\u00dfpiraten (Volksgarten)<br \/>\n<br \/>\nEdelwei\u00dfpiraten (M\u00fclheim)<br \/>\n<br \/>\nEdelwei\u00dfpiraten (Manderscheider Platz)<br \/>\n<br \/>\nEdelwei\u00dfpiraten (Ehrenfeld)<br \/>\n<br \/>\nEdelwei\u00dfpiraten (Club der Edelwei\u00dfpiraten)<br \/>\n<br \/>\nSteinbr\u00fcck-Gruppe (Jugendliche)<\/p>\n","protected":false},"excerpt":{"rendered":"<p>Ja, noch ein bissi was zu lesen.<br \/>\n<br \/>\nAuf die Nacht.<br \/>\n<br \/>\nWer waren die Edelwei\u00dfpiraten?<br \/>\n<br \/>\nGuido Knopp hat sie noch nicht entdeckt.<br \/>\n<br \/>\nAber FEMINISSIMA.<\/p>\n<p>Es waren &#8222;unangepa\u00dfte Jugendliche aus K\u00f6ln in der Nazi-Zeit&#8220;, die von der Gestapo terrorisiert wurden, weil die ne eigene Meinung hatten..bitte sehr &#8211; das freut einen ja&#8230;soooo!<\/p>\n","protected":false},"author":2,"featured_media":0,"comment_status":"closed","ping_status":"closed","sticky":false,"template":"","format":"standard","meta":{"footnotes":""},"categories":[8],"tags":[],"class_list":["post-83543","post","type-post","status-publish","format-standard","hentry","category-fembildung","entry"],"yoast_head":"<!-- This site is optimized with the Yoast SEO plugin v21.0 - https:\/\/yoast.com\/wordpress\/plugins\/seo\/ -->\n<title>Die Edelwei\u00dfpiraten - Feminissima<\/title>\n<meta name=\"robots\" content=\"index, follow, max-snippet:-1, max-image-preview:large, max-video-preview:-1\" \/>\n<link rel=\"canonical\" href=\"https:\/\/feminissima.de\/index.php\/2005\/01\/10\/die-edelweisspiraten\/\" \/>\n<meta property=\"og:locale\" content=\"de_DE\" \/>\n<meta property=\"og:type\" content=\"article\" \/>\n<meta property=\"og:title\" content=\"Die Edelwei\u00dfpiraten - Feminissima\" \/>\n<meta property=\"og:description\" content=\"Ja, noch ein bissi was zu lesen. Auf die Nacht. Wer waren die Edelwei\u00dfpiraten? Guido Knopp hat sie noch nicht entdeckt. Aber FEMINISSIMA.  Es waren &quot;unangepa\u00dfte Jugendliche aus K\u00f6ln in der Nazi-Zeit&quot;, die von der Gestapo terrorisiert wurden, weil die ne eigene Meinung hatten..bitte sehr - das freut einen ja...soooo!\" \/>\n<meta property=\"og:url\" content=\"https:\/\/feminissima.de\/index.php\/2005\/01\/10\/die-edelweisspiraten\/\" \/>\n<meta property=\"og:site_name\" content=\"Feminissima\" \/>\n<meta property=\"article:published_time\" content=\"2005-01-10T23:36:58+00:00\" \/>\n<meta name=\"author\" content=\"admin\" \/>\n<meta name=\"twitter:card\" content=\"summary_large_image\" \/>\n<meta name=\"twitter:label1\" content=\"Verfasst von\" \/>\n\t<meta name=\"twitter:data1\" content=\"admin\" \/>\n\t<meta name=\"twitter:label2\" content=\"Gesch\u00e4tzte Lesezeit\" \/>\n\t<meta name=\"twitter:data2\" content=\"6\u00a0Minuten\" \/>\n<script type=\"application\/ld+json\" class=\"yoast-schema-graph\">{\"@context\":\"https:\/\/schema.org\",\"@graph\":[{\"@type\":\"WebPage\",\"@id\":\"https:\/\/feminissima.de\/index.php\/2005\/01\/10\/die-edelweisspiraten\/\",\"url\":\"https:\/\/feminissima.de\/index.php\/2005\/01\/10\/die-edelweisspiraten\/\",\"name\":\"Die Edelwei\u00dfpiraten - Feminissima\",\"isPartOf\":{\"@id\":\"https:\/\/feminissima.de\/#website\"},\"datePublished\":\"2005-01-10T23:36:58+00:00\",\"dateModified\":\"2005-01-10T23:36:58+00:00\",\"author\":{\"@id\":\"https:\/\/feminissima.de\/#\/schema\/person\/0b901e053624f88e7ecbea289d9d5128\"},\"breadcrumb\":{\"@id\":\"https:\/\/feminissima.de\/index.php\/2005\/01\/10\/die-edelweisspiraten\/#breadcrumb\"},\"inLanguage\":\"de\",\"potentialAction\":[{\"@type\":\"ReadAction\",\"target\":[\"https:\/\/feminissima.de\/index.php\/2005\/01\/10\/die-edelweisspiraten\/\"]}]},{\"@type\":\"BreadcrumbList\",\"@id\":\"https:\/\/feminissima.de\/index.php\/2005\/01\/10\/die-edelweisspiraten\/#breadcrumb\",\"itemListElement\":[{\"@type\":\"ListItem\",\"position\":1,\"name\":\"Startseite\",\"item\":\"https:\/\/feminissima.de\/\"},{\"@type\":\"ListItem\",\"position\":2,\"name\":\"Die Edelwei\u00dfpiraten\"}]},{\"@type\":\"WebSite\",\"@id\":\"https:\/\/feminissima.de\/#website\",\"url\":\"https:\/\/feminissima.de\/\",\"name\":\"Feminissima\",\"description\":\"\",\"potentialAction\":[{\"@type\":\"SearchAction\",\"target\":{\"@type\":\"EntryPoint\",\"urlTemplate\":\"https:\/\/feminissima.de\/?s={search_term_string}\"},\"query-input\":\"required name=search_term_string\"}],\"inLanguage\":\"de\"},{\"@type\":\"Person\",\"@id\":\"https:\/\/feminissima.de\/#\/schema\/person\/0b901e053624f88e7ecbea289d9d5128\",\"name\":\"admin\",\"image\":{\"@type\":\"ImageObject\",\"inLanguage\":\"de\",\"@id\":\"https:\/\/feminissima.de\/#\/schema\/person\/image\/\",\"url\":\"https:\/\/secure.gravatar.com\/avatar\/8da1f51327453c0bf63338e8e2a791948b7d2ac19b68839492d1e69aac6924a8?s=96&d=mm&r=g\",\"contentUrl\":\"https:\/\/secure.gravatar.com\/avatar\/8da1f51327453c0bf63338e8e2a791948b7d2ac19b68839492d1e69aac6924a8?s=96&d=mm&r=g\",\"caption\":\"admin\"},\"url\":\"https:\/\/feminissima.de\/index.php\/author\/admin\/\"}]}<\/script>\n<!-- \/ Yoast SEO plugin. -->","yoast_head_json":{"title":"Die Edelwei\u00dfpiraten - Feminissima","robots":{"index":"index","follow":"follow","max-snippet":"max-snippet:-1","max-image-preview":"max-image-preview:large","max-video-preview":"max-video-preview:-1"},"canonical":"https:\/\/feminissima.de\/index.php\/2005\/01\/10\/die-edelweisspiraten\/","og_locale":"de_DE","og_type":"article","og_title":"Die Edelwei\u00dfpiraten - Feminissima","og_description":"Ja, noch ein bissi was zu lesen. Auf die Nacht. Wer waren die Edelwei\u00dfpiraten? Guido Knopp hat sie noch nicht entdeckt. Aber FEMINISSIMA.  Es waren \"unangepa\u00dfte Jugendliche aus K\u00f6ln in der Nazi-Zeit\", die von der Gestapo terrorisiert wurden, weil die ne eigene Meinung hatten..bitte sehr - das freut einen ja...soooo!","og_url":"https:\/\/feminissima.de\/index.php\/2005\/01\/10\/die-edelweisspiraten\/","og_site_name":"Feminissima","article_published_time":"2005-01-10T23:36:58+00:00","author":"admin","twitter_card":"summary_large_image","twitter_misc":{"Verfasst von":"admin","Gesch\u00e4tzte Lesezeit":"6\u00a0Minuten"},"schema":{"@context":"https:\/\/schema.org","@graph":[{"@type":"WebPage","@id":"https:\/\/feminissima.de\/index.php\/2005\/01\/10\/die-edelweisspiraten\/","url":"https:\/\/feminissima.de\/index.php\/2005\/01\/10\/die-edelweisspiraten\/","name":"Die Edelwei\u00dfpiraten - Feminissima","isPartOf":{"@id":"https:\/\/feminissima.de\/#website"},"datePublished":"2005-01-10T23:36:58+00:00","dateModified":"2005-01-10T23:36:58+00:00","author":{"@id":"https:\/\/feminissima.de\/#\/schema\/person\/0b901e053624f88e7ecbea289d9d5128"},"breadcrumb":{"@id":"https:\/\/feminissima.de\/index.php\/2005\/01\/10\/die-edelweisspiraten\/#breadcrumb"},"inLanguage":"de","potentialAction":[{"@type":"ReadAction","target":["https:\/\/feminissima.de\/index.php\/2005\/01\/10\/die-edelweisspiraten\/"]}]},{"@type":"BreadcrumbList","@id":"https:\/\/feminissima.de\/index.php\/2005\/01\/10\/die-edelweisspiraten\/#breadcrumb","itemListElement":[{"@type":"ListItem","position":1,"name":"Startseite","item":"https:\/\/feminissima.de\/"},{"@type":"ListItem","position":2,"name":"Die Edelwei\u00dfpiraten"}]},{"@type":"WebSite","@id":"https:\/\/feminissima.de\/#website","url":"https:\/\/feminissima.de\/","name":"Feminissima","description":"","potentialAction":[{"@type":"SearchAction","target":{"@type":"EntryPoint","urlTemplate":"https:\/\/feminissima.de\/?s={search_term_string}"},"query-input":"required name=search_term_string"}],"inLanguage":"de"},{"@type":"Person","@id":"https:\/\/feminissima.de\/#\/schema\/person\/0b901e053624f88e7ecbea289d9d5128","name":"admin","image":{"@type":"ImageObject","inLanguage":"de","@id":"https:\/\/feminissima.de\/#\/schema\/person\/image\/","url":"https:\/\/secure.gravatar.com\/avatar\/8da1f51327453c0bf63338e8e2a791948b7d2ac19b68839492d1e69aac6924a8?s=96&d=mm&r=g","contentUrl":"https:\/\/secure.gravatar.com\/avatar\/8da1f51327453c0bf63338e8e2a791948b7d2ac19b68839492d1e69aac6924a8?s=96&d=mm&r=g","caption":"admin"},"url":"https:\/\/feminissima.de\/index.php\/author\/admin\/"}]}},"jetpack_featured_media_url":"","_links":{"self":[{"href":"https:\/\/feminissima.de\/index.php\/wp-json\/wp\/v2\/posts\/83543","targetHints":{"allow":["GET"]}}],"collection":[{"href":"https:\/\/feminissima.de\/index.php\/wp-json\/wp\/v2\/posts"}],"about":[{"href":"https:\/\/feminissima.de\/index.php\/wp-json\/wp\/v2\/types\/post"}],"author":[{"embeddable":true,"href":"https:\/\/feminissima.de\/index.php\/wp-json\/wp\/v2\/users\/2"}],"replies":[{"embeddable":true,"href":"https:\/\/feminissima.de\/index.php\/wp-json\/wp\/v2\/comments?post=83543"}],"version-history":[{"count":0,"href":"https:\/\/feminissima.de\/index.php\/wp-json\/wp\/v2\/posts\/83543\/revisions"}],"wp:attachment":[{"href":"https:\/\/feminissima.de\/index.php\/wp-json\/wp\/v2\/media?parent=83543"}],"wp:term":[{"taxonomy":"category","embeddable":true,"href":"https:\/\/feminissima.de\/index.php\/wp-json\/wp\/v2\/categories?post=83543"},{"taxonomy":"post_tag","embeddable":true,"href":"https:\/\/feminissima.de\/index.php\/wp-json\/wp\/v2\/tags?post=83543"}],"curies":[{"name":"wp","href":"https:\/\/api.w.org\/{rel}","templated":true}]}}