{"id":83540,"date":"2005-01-05T03:41:30","date_gmt":"2005-01-05T03:41:30","guid":{"rendered":"http:\/\/www.feminissima.de\/?p=83540"},"modified":"2005-01-05T03:41:30","modified_gmt":"2005-01-05T03:41:30","slug":"ard-reportage-justizirrtuemer","status":"publish","type":"post","link":"https:\/\/feminissima.de\/index.php\/2005\/01\/05\/ard-reportage-justizirrtuemer\/","title":{"rendered":"ARD-Reportage: &#8222;Justizirrt\u00fcmer&#8220;"},"content":{"rendered":"<p>ja &#8211; spannend! <br \/>Feminissima-live-Text vom:<br \/>\n<br \/>\n4.1. 05 &#8222;Ach, nun bringt doch schon die ARD die &#8222;Justizirrt\u00fcmer  !&#8220;<\/p>\n<p>&#8230;willkommen! Dabei hatten wir doch im Dezember, do you remember! (das war schon im vergangenen Jahr, ja, so schnell \u00e4ndern sich die Zeiten, you know!)<br \/>\n<br \/>\neine daily soap, hier live und ohne doppelten Boden, wie fast immer, &#8222;angek\u00fcndigt.&#8220; <\/p>\n<p>Vor allem mit : &#8222;Hold on!&#8220; <\/p>\n<p>****Na, macht nichts. Auch wenn die ARD nun montags-abends um 21 Uhr 45 in der Reportage die &#8222;deutschen Justizirrt\u00fcmer&#8220; noch einmal nachzeichnet &#8211;<br \/>\n<br \/>\nso existieren ja noch gen\u00fcgend akut-aktuelle F\u00e4lle, die zwar nicht unbedingt die Justizirrt\u00fcmer aufzeigen, wohl aber die Justiz-WILLK\u00dcR, und das eine greift ins andere. <\/p>\n<p>Meist kommen Frauen schlechter weg als M\u00e4nner, das hatten unsere Redaktionstiere schon vor vielen Jahren empirisch..ja, was &#8211; untersucht und nachgewiesen &#8211; bei Urteilsspr\u00fcchen. <\/p>\n<p>Dabei wollen wir uns nicht unbedingt NUR aufhalten, sondern vor allem an der Art, wie RECHTSPRECHUNG verhindert wird&#8230;.und &#8211; welch &#8222;Obrigkeitsverhalten und -denken&#8220;  noch immer vorherrscht, in weiten Teilen, siehe \u00fcbrigens auch weiter unten &#8211; oder in der Rubrik &#8222;Gewalt&#8220;, passt fast klassisch &#8211; :<\/p>\n<p>wie auch da wieder ein deutscher Richter schnell einen doch reichlich dubios anmutenden &#8222;Ex-Bankier&#8220; reinwaschen wollte, und die ANKLAGENDE, eine Frau, was sonst&#8230;.schnell abb\u00fcgeln wollte&#8230;<\/p>\n<p>Hin und wieder aber macht die STAATSANWALTSCHAFT ihren Job nicht schlecht. <\/p>\n<p>Im gerade zitierten Fall ist sie din die Revision gegangen. <\/p>\n<p>Doch wir greifen &#8222;hier&#8220; auch selbst F\u00e4lle auf, die auf unserem eigenen Recherche- und Erfahrungs-..Boden gebl\u00fcht-gewachsen sind. <\/p>\n<p>Wobei wir nat\u00fcrlich interessante F\u00e4lle wie &#8222;siehe unten&#8220;&#8230;gerne dokumentieren. **** Als non-profit-Group, hier jedenfalls, d\u00fcrfen wir das unbestochen-unbestechlich dokumentieren, m\u00fcssen wir sogar: <\/p>\n<p>&#8230;um die Demokratisierung des freien Denkens weiter voranzutreiben&#8230;.so &#8211; hold on!<\/p>\n<p>*****We proudly begr\u00fc\u00dften in der Nacht unsere overseas G\u00e4ste&#8230;oder unsere Nightrider, die wieder aufgetaucht sind, hi! &#8211; und z\u00e4hlen damit heute bereits 86 G\u00e4ste! <\/p>\n<p>Willkommen!<br \/>\n<br \/>\nMittagspause.<br \/>\n<br \/>\n&#8230;Ein S\u00fcppchen?<br \/>\n<br \/>\nMarenga kocht die ja so gerne!<br \/>\n<br \/>\n****Malizi\u00f6s-gew\u00fcrzt, immer beliebt. &#8230;<br \/>\n<br \/>\nEs ist 12:49 Uhr. <\/p>\n<p>***Sp\u00e4ter lassen sich unsere Redaktions-Animals und die dauer-unbezahlten Praktikanten noch ein wenig \u00fcber das Polit-Magazin-Bashing der FRANKFURTER ALLGEMEINEN SONNTAGSZEITUNG&#8230;vom letzten Sonntag&#8230;oh, das war schon this year! &#8230;aus.<br \/>\n<br \/>\nK\u00f6stlich. <\/p>\n","protected":false},"excerpt":{"rendered":"<p>ja &#8211; spannend! <\/p>\n","protected":false},"author":2,"featured_media":0,"comment_status":"closed","ping_status":"closed","sticky":false,"template":"","format":"standard","meta":{"footnotes":""},"categories":[15],"tags":[],"class_list":["post-83540","post","type-post","status-publish","format-standard","hentry","category-femrecht","entry"],"yoast_head":"<!-- This site is optimized with the Yoast SEO plugin v21.0 - https:\/\/yoast.com\/wordpress\/plugins\/seo\/ -->\n<title>ARD-Reportage: &quot;Justizirrt\u00fcmer&quot; - Feminissima<\/title>\n<meta name=\"robots\" content=\"index, follow, max-snippet:-1, max-image-preview:large, max-video-preview:-1\" \/>\n<link rel=\"canonical\" href=\"https:\/\/feminissima.de\/index.php\/2005\/01\/05\/ard-reportage-justizirrtuemer\/\" \/>\n<meta property=\"og:locale\" content=\"de_DE\" \/>\n<meta property=\"og:type\" content=\"article\" \/>\n<meta property=\"og:title\" content=\"ARD-Reportage: &quot;Justizirrt\u00fcmer&quot; - Feminissima\" \/>\n<meta property=\"og:description\" content=\"ja - spannend!\" \/>\n<meta property=\"og:url\" content=\"https:\/\/feminissima.de\/index.php\/2005\/01\/05\/ard-reportage-justizirrtuemer\/\" \/>\n<meta property=\"og:site_name\" content=\"Feminissima\" \/>\n<meta property=\"article:published_time\" content=\"2005-01-05T03:41:30+00:00\" \/>\n<meta name=\"author\" content=\"admin\" \/>\n<meta name=\"twitter:card\" content=\"summary_large_image\" \/>\n<meta name=\"twitter:label1\" content=\"Verfasst von\" \/>\n\t<meta name=\"twitter:data1\" content=\"admin\" \/>\n\t<meta name=\"twitter:label2\" content=\"Gesch\u00e4tzte Lesezeit\" \/>\n\t<meta name=\"twitter:data2\" content=\"2\u00a0Minuten\" \/>\n<script type=\"application\/ld+json\" class=\"yoast-schema-graph\">{\"@context\":\"https:\/\/schema.org\",\"@graph\":[{\"@type\":\"WebPage\",\"@id\":\"https:\/\/feminissima.de\/index.php\/2005\/01\/05\/ard-reportage-justizirrtuemer\/\",\"url\":\"https:\/\/feminissima.de\/index.php\/2005\/01\/05\/ard-reportage-justizirrtuemer\/\",\"name\":\"ARD-Reportage: \\\"Justizirrt\u00fcmer\\\" - Feminissima\",\"isPartOf\":{\"@id\":\"https:\/\/feminissima.de\/#website\"},\"datePublished\":\"2005-01-05T03:41:30+00:00\",\"dateModified\":\"2005-01-05T03:41:30+00:00\",\"author\":{\"@id\":\"https:\/\/feminissima.de\/#\/schema\/person\/0b901e053624f88e7ecbea289d9d5128\"},\"breadcrumb\":{\"@id\":\"https:\/\/feminissima.de\/index.php\/2005\/01\/05\/ard-reportage-justizirrtuemer\/#breadcrumb\"},\"inLanguage\":\"de\",\"potentialAction\":[{\"@type\":\"ReadAction\",\"target\":[\"https:\/\/feminissima.de\/index.php\/2005\/01\/05\/ard-reportage-justizirrtuemer\/\"]}]},{\"@type\":\"BreadcrumbList\",\"@id\":\"https:\/\/feminissima.de\/index.php\/2005\/01\/05\/ard-reportage-justizirrtuemer\/#breadcrumb\",\"itemListElement\":[{\"@type\":\"ListItem\",\"position\":1,\"name\":\"Startseite\",\"item\":\"https:\/\/feminissima.de\/\"},{\"@type\":\"ListItem\",\"position\":2,\"name\":\"ARD-Reportage: &#8222;Justizirrt\u00fcmer&#8220;\"}]},{\"@type\":\"WebSite\",\"@id\":\"https:\/\/feminissima.de\/#website\",\"url\":\"https:\/\/feminissima.de\/\",\"name\":\"Feminissima\",\"description\":\"\",\"potentialAction\":[{\"@type\":\"SearchAction\",\"target\":{\"@type\":\"EntryPoint\",\"urlTemplate\":\"https:\/\/feminissima.de\/?s={search_term_string}\"},\"query-input\":\"required name=search_term_string\"}],\"inLanguage\":\"de\"},{\"@type\":\"Person\",\"@id\":\"https:\/\/feminissima.de\/#\/schema\/person\/0b901e053624f88e7ecbea289d9d5128\",\"name\":\"admin\",\"image\":{\"@type\":\"ImageObject\",\"inLanguage\":\"de\",\"@id\":\"https:\/\/feminissima.de\/#\/schema\/person\/image\/\",\"url\":\"https:\/\/secure.gravatar.com\/avatar\/8da1f51327453c0bf63338e8e2a791948b7d2ac19b68839492d1e69aac6924a8?s=96&d=mm&r=g\",\"contentUrl\":\"https:\/\/secure.gravatar.com\/avatar\/8da1f51327453c0bf63338e8e2a791948b7d2ac19b68839492d1e69aac6924a8?s=96&d=mm&r=g\",\"caption\":\"admin\"},\"url\":\"https:\/\/feminissima.de\/index.php\/author\/admin\/\"}]}<\/script>\n<!-- \/ Yoast SEO plugin. -->","yoast_head_json":{"title":"ARD-Reportage: \"Justizirrt\u00fcmer\" - Feminissima","robots":{"index":"index","follow":"follow","max-snippet":"max-snippet:-1","max-image-preview":"max-image-preview:large","max-video-preview":"max-video-preview:-1"},"canonical":"https:\/\/feminissima.de\/index.php\/2005\/01\/05\/ard-reportage-justizirrtuemer\/","og_locale":"de_DE","og_type":"article","og_title":"ARD-Reportage: \"Justizirrt\u00fcmer\" - Feminissima","og_description":"ja - spannend!","og_url":"https:\/\/feminissima.de\/index.php\/2005\/01\/05\/ard-reportage-justizirrtuemer\/","og_site_name":"Feminissima","article_published_time":"2005-01-05T03:41:30+00:00","author":"admin","twitter_card":"summary_large_image","twitter_misc":{"Verfasst von":"admin","Gesch\u00e4tzte Lesezeit":"2\u00a0Minuten"},"schema":{"@context":"https:\/\/schema.org","@graph":[{"@type":"WebPage","@id":"https:\/\/feminissima.de\/index.php\/2005\/01\/05\/ard-reportage-justizirrtuemer\/","url":"https:\/\/feminissima.de\/index.php\/2005\/01\/05\/ard-reportage-justizirrtuemer\/","name":"ARD-Reportage: \"Justizirrt\u00fcmer\" - Feminissima","isPartOf":{"@id":"https:\/\/feminissima.de\/#website"},"datePublished":"2005-01-05T03:41:30+00:00","dateModified":"2005-01-05T03:41:30+00:00","author":{"@id":"https:\/\/feminissima.de\/#\/schema\/person\/0b901e053624f88e7ecbea289d9d5128"},"breadcrumb":{"@id":"https:\/\/feminissima.de\/index.php\/2005\/01\/05\/ard-reportage-justizirrtuemer\/#breadcrumb"},"inLanguage":"de","potentialAction":[{"@type":"ReadAction","target":["https:\/\/feminissima.de\/index.php\/2005\/01\/05\/ard-reportage-justizirrtuemer\/"]}]},{"@type":"BreadcrumbList","@id":"https:\/\/feminissima.de\/index.php\/2005\/01\/05\/ard-reportage-justizirrtuemer\/#breadcrumb","itemListElement":[{"@type":"ListItem","position":1,"name":"Startseite","item":"https:\/\/feminissima.de\/"},{"@type":"ListItem","position":2,"name":"ARD-Reportage: &#8222;Justizirrt\u00fcmer&#8220;"}]},{"@type":"WebSite","@id":"https:\/\/feminissima.de\/#website","url":"https:\/\/feminissima.de\/","name":"Feminissima","description":"","potentialAction":[{"@type":"SearchAction","target":{"@type":"EntryPoint","urlTemplate":"https:\/\/feminissima.de\/?s={search_term_string}"},"query-input":"required name=search_term_string"}],"inLanguage":"de"},{"@type":"Person","@id":"https:\/\/feminissima.de\/#\/schema\/person\/0b901e053624f88e7ecbea289d9d5128","name":"admin","image":{"@type":"ImageObject","inLanguage":"de","@id":"https:\/\/feminissima.de\/#\/schema\/person\/image\/","url":"https:\/\/secure.gravatar.com\/avatar\/8da1f51327453c0bf63338e8e2a791948b7d2ac19b68839492d1e69aac6924a8?s=96&d=mm&r=g","contentUrl":"https:\/\/secure.gravatar.com\/avatar\/8da1f51327453c0bf63338e8e2a791948b7d2ac19b68839492d1e69aac6924a8?s=96&d=mm&r=g","caption":"admin"},"url":"https:\/\/feminissima.de\/index.php\/author\/admin\/"}]}},"jetpack_featured_media_url":"","_links":{"self":[{"href":"https:\/\/feminissima.de\/index.php\/wp-json\/wp\/v2\/posts\/83540","targetHints":{"allow":["GET"]}}],"collection":[{"href":"https:\/\/feminissima.de\/index.php\/wp-json\/wp\/v2\/posts"}],"about":[{"href":"https:\/\/feminissima.de\/index.php\/wp-json\/wp\/v2\/types\/post"}],"author":[{"embeddable":true,"href":"https:\/\/feminissima.de\/index.php\/wp-json\/wp\/v2\/users\/2"}],"replies":[{"embeddable":true,"href":"https:\/\/feminissima.de\/index.php\/wp-json\/wp\/v2\/comments?post=83540"}],"version-history":[{"count":0,"href":"https:\/\/feminissima.de\/index.php\/wp-json\/wp\/v2\/posts\/83540\/revisions"}],"wp:attachment":[{"href":"https:\/\/feminissima.de\/index.php\/wp-json\/wp\/v2\/media?parent=83540"}],"wp:term":[{"taxonomy":"category","embeddable":true,"href":"https:\/\/feminissima.de\/index.php\/wp-json\/wp\/v2\/categories?post=83540"},{"taxonomy":"post_tag","embeddable":true,"href":"https:\/\/feminissima.de\/index.php\/wp-json\/wp\/v2\/tags?post=83540"}],"curies":[{"name":"wp","href":"https:\/\/api.w.org\/{rel}","templated":true}]}}