{"id":83537,"date":"2005-01-05T03:12:39","date_gmt":"2005-01-05T03:12:39","guid":{"rendered":"http:\/\/www.feminissima.de\/?p=83537"},"modified":"2005-01-05T03:12:39","modified_gmt":"2005-01-05T03:12:39","slug":"gerechter-interessenausgleich","status":"publish","type":"post","link":"https:\/\/feminissima.de\/index.php\/2005\/01\/05\/gerechter-interessenausgleich\/","title":{"rendered":"&#8222;Gerechter Interessenausgleich&#8220;"},"content":{"rendered":"<p>Klage von NS-Zwangsarbeitern vor dem Verfassungsgericht abgewiesen, gestern.<\/p>\n<p>Wir sollten die Rubrik &#8222;Unrecht&#8220; schaffen.<br \/>\n<br \/>\nAber das passt ja meist zur Rubrik &#8222;Recht&#8220;.<br \/>\n<br \/>\nWenn deutsche Richter, und dazu noch Verfassungsrichter von einem &#8222;gerechten Ausgleich&#8220; sprechen, dann erscheint es wieder verst\u00e4ndlich, dass in diesem Land Zwangsarbeiter und KZ entstanden sind. Es ist wie ein Schlag ins Gesicht und Gem\u00fct &#8230;aber &#8222;deutsche Richter&#8220; sind meist schrecklich. Das bewiesen sie vor allem todes-mutig&#8230;(um andere in den Tod zu schicken)..in der Nazi-Diktatur. Hier der Artikel zu dem SCHMACH- und SCHAND-Urteil von gestern:<br \/>Dienstag 4. Januar 2005,<br \/>\n<br \/>\n\u00abGerechter Interessenausgleich\u00bb &#8211; Karlsruhe billigt Zwangsarbeiter-Entsch\u00e4digung &#8211; Grundsatzbeschluss wegen Beschwerde zu IG Farben<\/p>\n<p>\nKarlsruhe (ddp). Das Bundesverfassungsgericht hat die gesetzliche Regelung zur Entsch\u00e4digung von fr\u00fcheren NS-Zwangsarbeitern als \u00abgerechten Interessenausgleich\u00bb gebilligt. Dies gelte \u00abungeachtet der vielen Unzul\u00e4nglichkeiten, mit denen eine so sp\u00e4te und so schwierige Bew\u00e4ltigung der Unrechtsfolgen verbunden sein musste\u00bb, hei\u00dft es in der am Dienstag in Karlsruhe ver\u00f6ffentlichten Grundsatzentscheidung. <\/p>\n<p>Eine Verfassungsbeschwerde von vier ehemaligen NS-Zwangsarbeitern, die in einem Betrieb der IG Farben in Auschwitz eingesetzt waren, wurde verworfen. Die Beschwerdef\u00fchrer &#8211; von denen einer inzwischen verstorben ist und durch seine Erbin vertreten wird &#8211; wollten \u00fcber den gesetzlichen Entsch\u00e4digungsfonds hinausgehende Anspr\u00fcche geltend machen. Die zwischen 1915 und 1925 geborenen M\u00e4nner verlangten Schadenersatz und Schmerzensgeld zwischen rund 20 860 Euro und rund 36 000 Euro von der IG Farben, die sich in Abwicklung befindet. Die Klagen waren zuvor in zivilgerichtlichen Verfahren bis hin zum Bundesgerichtshof abgewiesen worden. <\/p>\n<p>Das Verfassungsgericht betonte jetzt, der Gesetzgeber habe mit dem Entsch\u00e4digungsfonds der Stiftung \u00abErinnerung, Verantwortung und Zukunft\u00bb eine \u00abauf einen gerechten Interessenausgleich zielende Gesamtregelung vorgenommen\u00bb. Der Gesetzgeber habe eine \u00abpauschale Regelung\u00bb treffen d\u00fcrfen, wonach die Leistungsberechtigten Anspr\u00fcche bis zu 15 000 Mark (rund 7670 Euro) gegen die Stiftung erhalten und weitergehende Anspr\u00fcche gegen die Bundesrepublik oder deutsche Unternehmen ausgeschlossen sind. Die Gelder aus dem f\u00fcnf Milliarden Euro umfassenden Fonds kommen je zur H\u00e4lfte von der deutschen Wirtschaft und dem Bund. <\/p>\n<p>Im Juni 2001 hatte die Stiftung mit den Auszahlungen an die bis zu 1,7 Millionen Leistungsberechtigten begonnen. Die Auszahlungen sollen bis Mai 2005 abgeschlossen werden. \u00abDie Errichtung der Stiftung stellte eine sp\u00e4te entsch\u00e4digungsrechtliche Anerkennung des den Zwangsarbeitern zugef\u00fcgten Unrechts dar\u00bb, betonte das Verfassungsgericht. Die Zahlungen sollten \u00abFinanzwert und Symbolwert\u00bb haben. Ohne die Errichtung der Stiftung h\u00e4tte \u00abwenn \u00fcberhaupt, nur ein \u00e4u\u00dferst geringer Bruchteil der fr\u00fcheren Zwangsarbeiter die an sich bestehenden Anspr\u00fcche tats\u00e4chlich durchsetzen k\u00f6nnen\u00bb, hei\u00dft es in dem Beschluss. Den einzelnen Betroffenen treffe daher eine \u00abbegrenzte Pflicht\u00bb, die gefundene Regelung hinzunehmen. Eine Gerichtssprecherin sagte, das Verfassungsgericht habe mit der jetzigen Entscheidung erstmals grunds\u00e4tzlich zu dem Stiftungsgesetz Stellung genommen. <\/p>\n<p>Der Erste Senat unterstrich, dass die durch die Stiftung bewirkte Belastung der deutschen Wirtschaft \u00abgering\u00bb sei &#8211; gemessen an dem Unrecht, das den Zwangsarbeitern zugef\u00fcgt wurde und den Vorteilen, die den Unternehmen zuflossen. Es sei jedoch um \u00abLeistungen an die gesch\u00e4digten Zwangsarbeiter, nicht aber um eine Sanktion gegen Unternehmen\u00bb gegangen. (AZ: 1 BvR 1804\/03 &#8211; Beschluss vom 7. Dezember 2004) <\/p>\n<p>Die IG Farben befindet sich seit \u00fcber 50 Jahren in Abwicklung. In dem einstmals gr\u00f6\u00dften Chemiekonzern der Welt waren bis 1945 unter anderem die Konzerne Hoechst, Bayer und BASF zusammengeschlossen. Nach 1945 entschied der Alliierte Kontrollrat, die IG Farben zu enteignen.<br \/>\n<br \/>\nDie vier Beschwerdef\u00fchrer mussten als H\u00e4ftlinge des KZ Auschwitz-Monowitz Zwangsarbeit in dem dortigen Betrieb der IG Farbenindustrie AG leisten. Mit dem Gas Zyklon B, das eine mit der IG Farben verbundene Gesellschaft vertrieb, wurden in den NS-Vernichtungslagern Hunderttausende Menschen umgebracht. (Quelle: Gerichtssprecherin auf ddp-Anfrage) <\/p>\n<p><\/p>\n","protected":false},"excerpt":{"rendered":"<p>Klage von NS-Zwangsarbeitern vor dem Verfassungsgericht abgewiesen, gestern.<\/p>\n<p>Wir sollten die Rubrik &#8222;Unrecht&#8220; schaffen.<br \/>\n<br \/>\nAber das passt ja meist zur Rubrik &#8222;Recht&#8220;.<br \/>\n<br \/>\nWenn deutsche Richter, und dazu noch Verfassungsrichter von einem &#8222;gerechten Ausgleich&#8220; sprechen, dann erscheint es wieder verst\u00e4ndlich, dass in diesem Land Zwangsarbeiter und KZ entstanden sind. Es ist wie ein Schlag ins Gesicht und Gem\u00fct &#8230;aber &#8222;deutsche Richter&#8220; sind meist schrecklich. Das bewiesen sie vor allem todes-mutig&#8230;(um andere in den Tod zu schicken)..in der Nazi-Diktatur. Hier der Artikel zu dem SCHMACH- und SCHAND-Urteil von gestern:<\/p>\n","protected":false},"author":2,"featured_media":0,"comment_status":"closed","ping_status":"closed","sticky":false,"template":"","format":"standard","meta":{"footnotes":""},"categories":[15],"tags":[],"class_list":["post-83537","post","type-post","status-publish","format-standard","hentry","category-femrecht","entry"],"yoast_head":"<!-- This site is optimized with the Yoast SEO plugin v21.0 - https:\/\/yoast.com\/wordpress\/plugins\/seo\/ -->\n<title>&quot;Gerechter Interessenausgleich&quot; - Feminissima<\/title>\n<meta name=\"robots\" content=\"index, follow, max-snippet:-1, max-image-preview:large, max-video-preview:-1\" \/>\n<link rel=\"canonical\" href=\"https:\/\/feminissima.de\/index.php\/2005\/01\/05\/gerechter-interessenausgleich\/\" \/>\n<meta property=\"og:locale\" content=\"de_DE\" \/>\n<meta property=\"og:type\" content=\"article\" \/>\n<meta property=\"og:title\" content=\"&quot;Gerechter Interessenausgleich&quot; - Feminissima\" \/>\n<meta property=\"og:description\" content=\"Klage von NS-Zwangsarbeitern vor dem Verfassungsgericht abgewiesen, gestern.  Wir sollten die Rubrik &quot;Unrecht&quot; schaffen.  Aber das passt ja meist zur Rubrik &quot;Recht&quot;.  Wenn deutsche Richter, und dazu noch Verfassungsrichter von einem &quot;gerechten Ausgleich&quot; sprechen, dann erscheint es wieder verst\u00e4ndlich, dass in diesem Land Zwangsarbeiter und KZ entstanden sind. Es ist wie ein Schlag ins Gesicht und Gem\u00fct ...aber &quot;deutsche Richter&quot; sind meist schrecklich. Das bewiesen sie vor allem todes-mutig...(um andere in den Tod zu schicken)..in der Nazi-Diktatur. Hier der Artikel zu dem SCHMACH- und SCHAND-Urteil von gestern:\" \/>\n<meta property=\"og:url\" content=\"https:\/\/feminissima.de\/index.php\/2005\/01\/05\/gerechter-interessenausgleich\/\" \/>\n<meta property=\"og:site_name\" content=\"Feminissima\" \/>\n<meta property=\"article:published_time\" content=\"2005-01-05T03:12:39+00:00\" \/>\n<meta name=\"author\" content=\"admin\" \/>\n<meta name=\"twitter:card\" content=\"summary_large_image\" \/>\n<meta name=\"twitter:label1\" content=\"Verfasst von\" \/>\n\t<meta name=\"twitter:data1\" content=\"admin\" \/>\n\t<meta name=\"twitter:label2\" content=\"Gesch\u00e4tzte Lesezeit\" \/>\n\t<meta name=\"twitter:data2\" content=\"3\u00a0Minuten\" \/>\n<script type=\"application\/ld+json\" class=\"yoast-schema-graph\">{\"@context\":\"https:\/\/schema.org\",\"@graph\":[{\"@type\":\"WebPage\",\"@id\":\"https:\/\/feminissima.de\/index.php\/2005\/01\/05\/gerechter-interessenausgleich\/\",\"url\":\"https:\/\/feminissima.de\/index.php\/2005\/01\/05\/gerechter-interessenausgleich\/\",\"name\":\"\\\"Gerechter Interessenausgleich\\\" - Feminissima\",\"isPartOf\":{\"@id\":\"https:\/\/feminissima.de\/#website\"},\"datePublished\":\"2005-01-05T03:12:39+00:00\",\"dateModified\":\"2005-01-05T03:12:39+00:00\",\"author\":{\"@id\":\"https:\/\/feminissima.de\/#\/schema\/person\/0b901e053624f88e7ecbea289d9d5128\"},\"breadcrumb\":{\"@id\":\"https:\/\/feminissima.de\/index.php\/2005\/01\/05\/gerechter-interessenausgleich\/#breadcrumb\"},\"inLanguage\":\"de\",\"potentialAction\":[{\"@type\":\"ReadAction\",\"target\":[\"https:\/\/feminissima.de\/index.php\/2005\/01\/05\/gerechter-interessenausgleich\/\"]}]},{\"@type\":\"BreadcrumbList\",\"@id\":\"https:\/\/feminissima.de\/index.php\/2005\/01\/05\/gerechter-interessenausgleich\/#breadcrumb\",\"itemListElement\":[{\"@type\":\"ListItem\",\"position\":1,\"name\":\"Startseite\",\"item\":\"https:\/\/feminissima.de\/\"},{\"@type\":\"ListItem\",\"position\":2,\"name\":\"&#8222;Gerechter Interessenausgleich&#8220;\"}]},{\"@type\":\"WebSite\",\"@id\":\"https:\/\/feminissima.de\/#website\",\"url\":\"https:\/\/feminissima.de\/\",\"name\":\"Feminissima\",\"description\":\"\",\"potentialAction\":[{\"@type\":\"SearchAction\",\"target\":{\"@type\":\"EntryPoint\",\"urlTemplate\":\"https:\/\/feminissima.de\/?s={search_term_string}\"},\"query-input\":\"required name=search_term_string\"}],\"inLanguage\":\"de\"},{\"@type\":\"Person\",\"@id\":\"https:\/\/feminissima.de\/#\/schema\/person\/0b901e053624f88e7ecbea289d9d5128\",\"name\":\"admin\",\"image\":{\"@type\":\"ImageObject\",\"inLanguage\":\"de\",\"@id\":\"https:\/\/feminissima.de\/#\/schema\/person\/image\/\",\"url\":\"https:\/\/secure.gravatar.com\/avatar\/8da1f51327453c0bf63338e8e2a791948b7d2ac19b68839492d1e69aac6924a8?s=96&d=mm&r=g\",\"contentUrl\":\"https:\/\/secure.gravatar.com\/avatar\/8da1f51327453c0bf63338e8e2a791948b7d2ac19b68839492d1e69aac6924a8?s=96&d=mm&r=g\",\"caption\":\"admin\"},\"url\":\"https:\/\/feminissima.de\/index.php\/author\/admin\/\"}]}<\/script>\n<!-- \/ Yoast SEO plugin. -->","yoast_head_json":{"title":"\"Gerechter Interessenausgleich\" - Feminissima","robots":{"index":"index","follow":"follow","max-snippet":"max-snippet:-1","max-image-preview":"max-image-preview:large","max-video-preview":"max-video-preview:-1"},"canonical":"https:\/\/feminissima.de\/index.php\/2005\/01\/05\/gerechter-interessenausgleich\/","og_locale":"de_DE","og_type":"article","og_title":"\"Gerechter Interessenausgleich\" - Feminissima","og_description":"Klage von NS-Zwangsarbeitern vor dem Verfassungsgericht abgewiesen, gestern.  Wir sollten die Rubrik \"Unrecht\" schaffen.  Aber das passt ja meist zur Rubrik \"Recht\".  Wenn deutsche Richter, und dazu noch Verfassungsrichter von einem \"gerechten Ausgleich\" sprechen, dann erscheint es wieder verst\u00e4ndlich, dass in diesem Land Zwangsarbeiter und KZ entstanden sind. Es ist wie ein Schlag ins Gesicht und Gem\u00fct ...aber \"deutsche Richter\" sind meist schrecklich. Das bewiesen sie vor allem todes-mutig...(um andere in den Tod zu schicken)..in der Nazi-Diktatur. Hier der Artikel zu dem SCHMACH- und SCHAND-Urteil von gestern:","og_url":"https:\/\/feminissima.de\/index.php\/2005\/01\/05\/gerechter-interessenausgleich\/","og_site_name":"Feminissima","article_published_time":"2005-01-05T03:12:39+00:00","author":"admin","twitter_card":"summary_large_image","twitter_misc":{"Verfasst von":"admin","Gesch\u00e4tzte Lesezeit":"3\u00a0Minuten"},"schema":{"@context":"https:\/\/schema.org","@graph":[{"@type":"WebPage","@id":"https:\/\/feminissima.de\/index.php\/2005\/01\/05\/gerechter-interessenausgleich\/","url":"https:\/\/feminissima.de\/index.php\/2005\/01\/05\/gerechter-interessenausgleich\/","name":"\"Gerechter Interessenausgleich\" - Feminissima","isPartOf":{"@id":"https:\/\/feminissima.de\/#website"},"datePublished":"2005-01-05T03:12:39+00:00","dateModified":"2005-01-05T03:12:39+00:00","author":{"@id":"https:\/\/feminissima.de\/#\/schema\/person\/0b901e053624f88e7ecbea289d9d5128"},"breadcrumb":{"@id":"https:\/\/feminissima.de\/index.php\/2005\/01\/05\/gerechter-interessenausgleich\/#breadcrumb"},"inLanguage":"de","potentialAction":[{"@type":"ReadAction","target":["https:\/\/feminissima.de\/index.php\/2005\/01\/05\/gerechter-interessenausgleich\/"]}]},{"@type":"BreadcrumbList","@id":"https:\/\/feminissima.de\/index.php\/2005\/01\/05\/gerechter-interessenausgleich\/#breadcrumb","itemListElement":[{"@type":"ListItem","position":1,"name":"Startseite","item":"https:\/\/feminissima.de\/"},{"@type":"ListItem","position":2,"name":"&#8222;Gerechter Interessenausgleich&#8220;"}]},{"@type":"WebSite","@id":"https:\/\/feminissima.de\/#website","url":"https:\/\/feminissima.de\/","name":"Feminissima","description":"","potentialAction":[{"@type":"SearchAction","target":{"@type":"EntryPoint","urlTemplate":"https:\/\/feminissima.de\/?s={search_term_string}"},"query-input":"required name=search_term_string"}],"inLanguage":"de"},{"@type":"Person","@id":"https:\/\/feminissima.de\/#\/schema\/person\/0b901e053624f88e7ecbea289d9d5128","name":"admin","image":{"@type":"ImageObject","inLanguage":"de","@id":"https:\/\/feminissima.de\/#\/schema\/person\/image\/","url":"https:\/\/secure.gravatar.com\/avatar\/8da1f51327453c0bf63338e8e2a791948b7d2ac19b68839492d1e69aac6924a8?s=96&d=mm&r=g","contentUrl":"https:\/\/secure.gravatar.com\/avatar\/8da1f51327453c0bf63338e8e2a791948b7d2ac19b68839492d1e69aac6924a8?s=96&d=mm&r=g","caption":"admin"},"url":"https:\/\/feminissima.de\/index.php\/author\/admin\/"}]}},"jetpack_featured_media_url":"","_links":{"self":[{"href":"https:\/\/feminissima.de\/index.php\/wp-json\/wp\/v2\/posts\/83537","targetHints":{"allow":["GET"]}}],"collection":[{"href":"https:\/\/feminissima.de\/index.php\/wp-json\/wp\/v2\/posts"}],"about":[{"href":"https:\/\/feminissima.de\/index.php\/wp-json\/wp\/v2\/types\/post"}],"author":[{"embeddable":true,"href":"https:\/\/feminissima.de\/index.php\/wp-json\/wp\/v2\/users\/2"}],"replies":[{"embeddable":true,"href":"https:\/\/feminissima.de\/index.php\/wp-json\/wp\/v2\/comments?post=83537"}],"version-history":[{"count":0,"href":"https:\/\/feminissima.de\/index.php\/wp-json\/wp\/v2\/posts\/83537\/revisions"}],"wp:attachment":[{"href":"https:\/\/feminissima.de\/index.php\/wp-json\/wp\/v2\/media?parent=83537"}],"wp:term":[{"taxonomy":"category","embeddable":true,"href":"https:\/\/feminissima.de\/index.php\/wp-json\/wp\/v2\/categories?post=83537"},{"taxonomy":"post_tag","embeddable":true,"href":"https:\/\/feminissima.de\/index.php\/wp-json\/wp\/v2\/tags?post=83537"}],"curies":[{"name":"wp","href":"https:\/\/api.w.org\/{rel}","templated":true}]}}