{"id":83536,"date":"2005-01-04T13:53:27","date_gmt":"2005-01-04T13:53:27","guid":{"rendered":"http:\/\/www.feminissima.de\/?p=83536"},"modified":"2005-01-04T13:53:27","modified_gmt":"2005-01-04T13:53:27","slug":"start-geglueckt-ausgang-offen","status":"publish","type":"post","link":"https:\/\/feminissima.de\/index.php\/2005\/01\/04\/start-geglueckt-ausgang-offen\/","title":{"rendered":"Start gegl\u00fcckt, Ausgang offen"},"content":{"rendered":"<p>PRESSE-STIMMEN zum START VON HARTZ IV.<br \/>\n<br \/>\nWir haben den heutigen Kommentar in der BERLINER ZEITUNG dazu ausgew\u00e4hlt. Sehr gut &#8211; bitte lesen, denn mehr Wissen tut dem Kopf nicht weh! <br \/>Start gegl\u00fcckt, Ausgang offen<br \/>\n<br \/>\nThorsten Knuf<\/p>\n<p>Wolfgang Clement, der sozialdemokratische Bundesminister f\u00fcr Wirtschaft und Arbeit, liebt die bildhafte Sprache. Als sich am Wochenende abzeichnete, dass wegen einer Computerpanne der Start der Arbeitsmarktreform Hartz IV ein wenig rumpelig verlaufen w\u00fcrde, vermerkte der Minister lapidar: &#8222;Bei uns geht es gerade zu wie auf einer Gro\u00dfbaustelle oder bei einem Umzug.&#8220;<\/p>\n<p>In der Tat haben es Umz\u00fcge so an sich, dass trotz aller Vorbereitungen nicht immer alles glatt l\u00e4uft. Irgend eine Tasse geht immer zu Bruch, irgend eine Schrankt\u00fcr bekommt immer einen Kratzer. \u00c4hnlich stellte es sich am Montag mit Hartz IV dar: Die Schlangen in den Arbeitsagenturen waren teilweise l\u00e4nger als sonst, bei rund f\u00fcnf Prozent der Betroffenen konnte das neue Arbeitslosengeld II nicht gleich zum Jahresbeginn \u00fcberwiesen werden. Das war \u00e4rgerlich. Aber das ganz gro\u00dfe Chaos blieb aus &#8211; was angesichts des Zeitdrucks, der technischen Probleme und des politischen Gezerres der vergangenen Monate schon ein kleines Wunder ist.<\/p>\n<p>Doch auch wenn der Start der Reform einigerma\u00dfen passabel \u00fcber die B\u00fchne gegangen ist, steht die eigentliche Bew\u00e4hrungsprobe f\u00fcr Minister Clement, die rot-gr\u00fcne Regierung und die Bundesagentur f\u00fcr Arbeit erst noch aus. Denn zwei Dinge sind bisher weitgehend unerledigt geblieben: Zum einen muss erst noch der Erweis erbracht werden, dass Hartz IV tats\u00e4chlich dazu geeignet ist, die Arbeitslosigkeit in Deutschland sp\u00fcrbar und dauerhaft zu senken. Zum anderen ist es den Reformern bisher noch nicht gelungen, der breiten Mehrheit der Menschen im Land zu vermitteln, warum diese schmerzhaften \u00c4nderungen im Sozialsystem sinnvoll sind.<\/p>\n<p>Wer in den vergangenen Monaten die Debatte \u00fcber Hartz IV verfolgt hat, konnte mitunter den Eindruck gewinnen, als gehe es nur darum, die Zuwendungen f\u00fcr Langzeitarbeitslose zu k\u00fcrzen &#8211; und das rechtzeitig zum 1. Januar 2005. Tats\u00e4chlich sollte aber mit der Einf\u00fchrung des neuen Arbeitslosengeldes II auch eine deutlich verbesserte Vermittlung der Jobsuchenden durch die Arbeitsagenturen einsetzen. Neben dem Druck auf die Erwerbslosen, sich eine neue Stelle zu suchen, sollten auch deren Chancen auf Wiedereingliederung in den Arbeitsmarkt steigen.<\/p>\n<p>Das klingt erst einmal \u00fcberzeugend, doch liegt genau hier die Schwachstelle der Reform. Die Bundesregierung predigt das Motto &#8222;Fordern und F\u00f6rdern&#8220;. Nur kommen die Arbeitsagenturen mit dem F\u00f6rdern nicht so richtig hinterher.<\/p>\n<p>In den vergangenen Monaten waren ihre Kr\u00e4fte weitgehend mit der Bearbeitung der Arbeitslosengeld II-Antr\u00e4ge gebunden. Darunter litt der Aufbau eines effizienteren Vermittlungssystems. Gerade einmal 18 von 162 Arbeitsagenturen der Republik sind bislang zu modernen Kundenzentren umgebaut worden. Wo das nicht geschehen ist, h\u00e4ngt vielfach noch der alte Beh\u00f6rdenmief in den Amtsstuben. Das Ansehen der Agenturen bei Kunden und Arbeitgebern ist nach wie vor m\u00e4\u00dfig, und f\u00fcr die gr\u00f6\u00dfte Problemgruppe auf dem Arbeitsmarkt, die Langzeitarbeitslosen, soll erst im Laufe des Jahres ein Betreuungsschl\u00fcssel von einem Vermittler pro 150 Erwerbslosen erreicht werden. Bisher k\u00fcmmert sich ein Vermittler um bis zu 350 Personen. Die finanziellen Einbu\u00dfen, die Hartz IV f\u00fcr viele mit sich bringt, m\u00fcssen die Betroffenen bis auf weiteres dennoch hinnehmen. <\/p>\n<p>F\u00fcr die Bundesregierung k\u00f6nnte dieser Umstand politisch noch gef\u00e4hrlich werden. Denn ohne eine bessere Vermittlung wird sich die Arbeitslosigkeit bei anhaltender Wachstumsschw\u00e4che kaum verringern lassen. Die Sommerproteste gegen Hartz IV hat die Regierung relativ souver\u00e4n ausgesessen. Aber was passiert, wenn sich in den kommenden Monaten keine sichtbaren Erfolge auf dem Arbeitsmarkt einstellen? Es ist wahrscheinlich, dass Rot-Gr\u00fcn dann wieder unter den Druck der Stra\u00dfe, der Gewerkschaften und der ostdeutschen L\u00e4nder ger\u00e4t. Im Mai w\u00e4hlt Nordrhein-Westfalen, und bereits da geht es f\u00fcr die Bundesregierung bekanntlich um alles oder nichts.<\/p>\n<p>Noch mal zur\u00fcck zu Wolfgang Clement. Der hat am Wochenende nicht nur von Baustellen und Umz\u00fcgen gesprochen. Sondern auch davon, dass die Arbeitslosenzahl vom Sommer an &#8222;in einem Gleitflug&#8220; nach unten gehen werde &#8211; langsam aber sicher.<\/p>\n<p>Sollte sich herausstellen, dass die Systeme versagen, wird aus Clements Gleitflug wohl eher ein Sturzflug. Nicht f\u00fcr den Arbeitsmarkt. Aber f\u00fcr Rot-Gr\u00fcn.<\/p>\n<p>Lesen Sie auch:<br \/>\n<br \/>\n\u2022 Reformstart unter Polizeischutz<br \/>\n<br \/>\n\u2022 Die<br \/>\n<br \/>\n\u2022 Szenen relativer Ruhe<br \/>\n<br \/>\n\u2022 &#8222;Es wird bei weitem nicht zu den Einsparungen kommen&#8220;<\/p>\n<p>&#8211;<br \/><\/p>\n","protected":false},"excerpt":{"rendered":"<p>PRESSE-STIMMEN zum START VON HARTZ IV.<br \/>\n<br \/>\nWir haben den heutigen Kommentar in der BERLINER ZEITUNG dazu ausgew\u00e4hlt. Sehr gut &#8211; bitte lesen, denn mehr Wissen tut dem Kopf nicht weh! <\/p>\n","protected":false},"author":2,"featured_media":0,"comment_status":"closed","ping_status":"closed","sticky":false,"template":"","format":"standard","meta":{"footnotes":""},"categories":[13],"tags":[],"class_list":["post-83536","post","type-post","status-publish","format-standard","hentry","category-femmedien","entry"],"yoast_head":"<!-- This site is optimized with the Yoast SEO plugin v21.0 - https:\/\/yoast.com\/wordpress\/plugins\/seo\/ -->\n<title>Start gegl\u00fcckt, Ausgang offen - Feminissima<\/title>\n<meta name=\"robots\" content=\"index, follow, max-snippet:-1, max-image-preview:large, max-video-preview:-1\" \/>\n<link rel=\"canonical\" href=\"https:\/\/feminissima.de\/index.php\/2005\/01\/04\/start-geglueckt-ausgang-offen\/\" \/>\n<meta property=\"og:locale\" content=\"de_DE\" \/>\n<meta property=\"og:type\" content=\"article\" \/>\n<meta property=\"og:title\" content=\"Start gegl\u00fcckt, Ausgang offen - Feminissima\" \/>\n<meta property=\"og:description\" content=\"PRESSE-STIMMEN zum START VON HARTZ IV.  Wir haben den heutigen Kommentar in der BERLINER ZEITUNG dazu ausgew\u00e4hlt. Sehr gut - bitte lesen, denn mehr Wissen tut dem Kopf nicht weh!\" \/>\n<meta property=\"og:url\" content=\"https:\/\/feminissima.de\/index.php\/2005\/01\/04\/start-geglueckt-ausgang-offen\/\" \/>\n<meta property=\"og:site_name\" content=\"Feminissima\" \/>\n<meta property=\"article:published_time\" content=\"2005-01-04T13:53:27+00:00\" \/>\n<meta name=\"author\" content=\"admin\" \/>\n<meta name=\"twitter:card\" content=\"summary_large_image\" \/>\n<meta name=\"twitter:label1\" content=\"Verfasst von\" \/>\n\t<meta name=\"twitter:data1\" content=\"admin\" \/>\n\t<meta name=\"twitter:label2\" content=\"Gesch\u00e4tzte Lesezeit\" \/>\n\t<meta name=\"twitter:data2\" content=\"4\u00a0Minuten\" \/>\n<script type=\"application\/ld+json\" class=\"yoast-schema-graph\">{\"@context\":\"https:\/\/schema.org\",\"@graph\":[{\"@type\":\"WebPage\",\"@id\":\"https:\/\/feminissima.de\/index.php\/2005\/01\/04\/start-geglueckt-ausgang-offen\/\",\"url\":\"https:\/\/feminissima.de\/index.php\/2005\/01\/04\/start-geglueckt-ausgang-offen\/\",\"name\":\"Start gegl\u00fcckt, Ausgang offen - Feminissima\",\"isPartOf\":{\"@id\":\"https:\/\/feminissima.de\/#website\"},\"datePublished\":\"2005-01-04T13:53:27+00:00\",\"dateModified\":\"2005-01-04T13:53:27+00:00\",\"author\":{\"@id\":\"https:\/\/feminissima.de\/#\/schema\/person\/0b901e053624f88e7ecbea289d9d5128\"},\"breadcrumb\":{\"@id\":\"https:\/\/feminissima.de\/index.php\/2005\/01\/04\/start-geglueckt-ausgang-offen\/#breadcrumb\"},\"inLanguage\":\"de\",\"potentialAction\":[{\"@type\":\"ReadAction\",\"target\":[\"https:\/\/feminissima.de\/index.php\/2005\/01\/04\/start-geglueckt-ausgang-offen\/\"]}]},{\"@type\":\"BreadcrumbList\",\"@id\":\"https:\/\/feminissima.de\/index.php\/2005\/01\/04\/start-geglueckt-ausgang-offen\/#breadcrumb\",\"itemListElement\":[{\"@type\":\"ListItem\",\"position\":1,\"name\":\"Startseite\",\"item\":\"https:\/\/feminissima.de\/\"},{\"@type\":\"ListItem\",\"position\":2,\"name\":\"Start gegl\u00fcckt, Ausgang offen\"}]},{\"@type\":\"WebSite\",\"@id\":\"https:\/\/feminissima.de\/#website\",\"url\":\"https:\/\/feminissima.de\/\",\"name\":\"Feminissima\",\"description\":\"\",\"potentialAction\":[{\"@type\":\"SearchAction\",\"target\":{\"@type\":\"EntryPoint\",\"urlTemplate\":\"https:\/\/feminissima.de\/?s={search_term_string}\"},\"query-input\":\"required name=search_term_string\"}],\"inLanguage\":\"de\"},{\"@type\":\"Person\",\"@id\":\"https:\/\/feminissima.de\/#\/schema\/person\/0b901e053624f88e7ecbea289d9d5128\",\"name\":\"admin\",\"image\":{\"@type\":\"ImageObject\",\"inLanguage\":\"de\",\"@id\":\"https:\/\/feminissima.de\/#\/schema\/person\/image\/\",\"url\":\"https:\/\/secure.gravatar.com\/avatar\/8da1f51327453c0bf63338e8e2a791948b7d2ac19b68839492d1e69aac6924a8?s=96&d=mm&r=g\",\"contentUrl\":\"https:\/\/secure.gravatar.com\/avatar\/8da1f51327453c0bf63338e8e2a791948b7d2ac19b68839492d1e69aac6924a8?s=96&d=mm&r=g\",\"caption\":\"admin\"},\"url\":\"https:\/\/feminissima.de\/index.php\/author\/admin\/\"}]}<\/script>\n<!-- \/ Yoast SEO plugin. -->","yoast_head_json":{"title":"Start gegl\u00fcckt, Ausgang offen - Feminissima","robots":{"index":"index","follow":"follow","max-snippet":"max-snippet:-1","max-image-preview":"max-image-preview:large","max-video-preview":"max-video-preview:-1"},"canonical":"https:\/\/feminissima.de\/index.php\/2005\/01\/04\/start-geglueckt-ausgang-offen\/","og_locale":"de_DE","og_type":"article","og_title":"Start gegl\u00fcckt, Ausgang offen - Feminissima","og_description":"PRESSE-STIMMEN zum START VON HARTZ IV.  Wir haben den heutigen Kommentar in der BERLINER ZEITUNG dazu ausgew\u00e4hlt. Sehr gut - bitte lesen, denn mehr Wissen tut dem Kopf nicht weh!","og_url":"https:\/\/feminissima.de\/index.php\/2005\/01\/04\/start-geglueckt-ausgang-offen\/","og_site_name":"Feminissima","article_published_time":"2005-01-04T13:53:27+00:00","author":"admin","twitter_card":"summary_large_image","twitter_misc":{"Verfasst von":"admin","Gesch\u00e4tzte Lesezeit":"4\u00a0Minuten"},"schema":{"@context":"https:\/\/schema.org","@graph":[{"@type":"WebPage","@id":"https:\/\/feminissima.de\/index.php\/2005\/01\/04\/start-geglueckt-ausgang-offen\/","url":"https:\/\/feminissima.de\/index.php\/2005\/01\/04\/start-geglueckt-ausgang-offen\/","name":"Start gegl\u00fcckt, Ausgang offen - Feminissima","isPartOf":{"@id":"https:\/\/feminissima.de\/#website"},"datePublished":"2005-01-04T13:53:27+00:00","dateModified":"2005-01-04T13:53:27+00:00","author":{"@id":"https:\/\/feminissima.de\/#\/schema\/person\/0b901e053624f88e7ecbea289d9d5128"},"breadcrumb":{"@id":"https:\/\/feminissima.de\/index.php\/2005\/01\/04\/start-geglueckt-ausgang-offen\/#breadcrumb"},"inLanguage":"de","potentialAction":[{"@type":"ReadAction","target":["https:\/\/feminissima.de\/index.php\/2005\/01\/04\/start-geglueckt-ausgang-offen\/"]}]},{"@type":"BreadcrumbList","@id":"https:\/\/feminissima.de\/index.php\/2005\/01\/04\/start-geglueckt-ausgang-offen\/#breadcrumb","itemListElement":[{"@type":"ListItem","position":1,"name":"Startseite","item":"https:\/\/feminissima.de\/"},{"@type":"ListItem","position":2,"name":"Start gegl\u00fcckt, Ausgang offen"}]},{"@type":"WebSite","@id":"https:\/\/feminissima.de\/#website","url":"https:\/\/feminissima.de\/","name":"Feminissima","description":"","potentialAction":[{"@type":"SearchAction","target":{"@type":"EntryPoint","urlTemplate":"https:\/\/feminissima.de\/?s={search_term_string}"},"query-input":"required name=search_term_string"}],"inLanguage":"de"},{"@type":"Person","@id":"https:\/\/feminissima.de\/#\/schema\/person\/0b901e053624f88e7ecbea289d9d5128","name":"admin","image":{"@type":"ImageObject","inLanguage":"de","@id":"https:\/\/feminissima.de\/#\/schema\/person\/image\/","url":"https:\/\/secure.gravatar.com\/avatar\/8da1f51327453c0bf63338e8e2a791948b7d2ac19b68839492d1e69aac6924a8?s=96&d=mm&r=g","contentUrl":"https:\/\/secure.gravatar.com\/avatar\/8da1f51327453c0bf63338e8e2a791948b7d2ac19b68839492d1e69aac6924a8?s=96&d=mm&r=g","caption":"admin"},"url":"https:\/\/feminissima.de\/index.php\/author\/admin\/"}]}},"jetpack_featured_media_url":"","_links":{"self":[{"href":"https:\/\/feminissima.de\/index.php\/wp-json\/wp\/v2\/posts\/83536","targetHints":{"allow":["GET"]}}],"collection":[{"href":"https:\/\/feminissima.de\/index.php\/wp-json\/wp\/v2\/posts"}],"about":[{"href":"https:\/\/feminissima.de\/index.php\/wp-json\/wp\/v2\/types\/post"}],"author":[{"embeddable":true,"href":"https:\/\/feminissima.de\/index.php\/wp-json\/wp\/v2\/users\/2"}],"replies":[{"embeddable":true,"href":"https:\/\/feminissima.de\/index.php\/wp-json\/wp\/v2\/comments?post=83536"}],"version-history":[{"count":0,"href":"https:\/\/feminissima.de\/index.php\/wp-json\/wp\/v2\/posts\/83536\/revisions"}],"wp:attachment":[{"href":"https:\/\/feminissima.de\/index.php\/wp-json\/wp\/v2\/media?parent=83536"}],"wp:term":[{"taxonomy":"category","embeddable":true,"href":"https:\/\/feminissima.de\/index.php\/wp-json\/wp\/v2\/categories?post=83536"},{"taxonomy":"post_tag","embeddable":true,"href":"https:\/\/feminissima.de\/index.php\/wp-json\/wp\/v2\/tags?post=83536"}],"curies":[{"name":"wp","href":"https:\/\/api.w.org\/{rel}","templated":true}]}}