{"id":83535,"date":"2005-01-04T12:32:44","date_gmt":"2005-01-04T12:32:44","guid":{"rendered":"http:\/\/www.feminissima.de\/?p=83535"},"modified":"2005-01-04T12:32:44","modified_gmt":"2005-01-04T12:32:44","slug":"berliner-kulturhighlights-2005","status":"publish","type":"post","link":"https:\/\/feminissima.de\/index.php\/2005\/01\/04\/berliner-kulturhighlights-2005\/","title":{"rendered":"Berliner Kulturhighlights 2005"},"content":{"rendered":"<p>&#8230;ja, was sich so abzeichnet&#8230;hier aktuell, verk\u00fcrzt &#8211; <br \/>Berliner Kultur-Highlights  <\/p>\n<p>\nDie B\u00fcste der Nofretete ist ab M\u00e4rz auf der Museumsinsel zu sehen. <\/p>\n<p>2004 war f\u00fcr Berlin ein Jahr kultureller H\u00f6hepunkte. Das New Yorker MoMa begeisterte \u00fcber 1,1 Millionen Menschen, es \u00f6ffneten die umstrittene Flick-Collection und ein neues Museum mit Werken des verstorbenen Starfotografen Helmut Newton. Nicht ganz so spektakul\u00e4r, aber abwechslungsreich scheint das Jahr 2005 f\u00fcr die Hauptstadt zu werden.<br \/>\n<br \/>\nSogar die Fu\u00dfball-Weltmeisterschaft 2006 in Deutschland wirft ihre kulturellen Schatten voraus. Die 55. Berlinale, die vom 10. bis zum 20. Februar stattfindet, lockt nicht nur Stars und Sternchen an, sondern widmet sich im Hinblick auf die WM auch dem Fu\u00dfball. So l\u00e4uft der weltweite Nachwuchs-Kurzfilmwettbewerb mit dem Titel &#8222;Shoot Goals! Shoot Movies&#8220;. Die besten Filme sollen vor und w\u00e4hrend der WM gezeigt werden.<\/p>\n<p>Das gr\u00f6\u00dfte Weltmusikfestival Europas &#8222;Heimatkl\u00e4nge&#8220; (ab 13. Juli) steht ebenfalls im Zeichen der WM und pr\u00e4sentiert Musik, die irgendwie im Zusammenhang mit Fu\u00dfball steht. Und genau ein Jahr vor dem Endspiel, in der Nacht vom 8. auf den 9. Juli, steigt auf dem Maifeld beim Olympiastadion eine Lange Nacht des Fu\u00dfballs: Berlin will sich mit einem Kulturprogramm vorstellen.<\/p>\n<p>BILDER<br \/>\n<br \/>\n Berliner Kultur-Highlights 2005  Mitten in Berlin: das Holocaust-Mahnmal Es gibt aber nat\u00fcrlich auch Kultur neben dem Ball: Ein weltweit ber\u00fchmter Publikumsliebling wird auf Reise gehen und Mittelpunkt einer Sonderausstellung sein. Vom 2. M\u00e4rz bis 1. August wird die B\u00fcste Nofretetes im Kulturforum in der Ausstellung &#8222;Hieroglyphen um Nofretete&#8220; gezeigt. Die Reise aus dem \u00c4gyptischen Museum im \u00f6stlichen St\u00fclerbau wird n\u00f6tig, weil selbiges ebenfalls umzieht und zwar auf die Museumsinsel.<\/p>\n<p>Luftfahrt und Einstein<\/p>\n<p>Zum 60. Mal j\u00e4hrt sich am 8. Mai das Ende des Zweiten Weltkrieges. Zwei Tage nach diesem Jahrestag wird das Denkmal f\u00fcr die ermordeten Juden Europas er\u00f6ffnet, ein Feld mit 2.751 Stelen in der N\u00e4he des Brandenburger Tores. Das Denkmal wird durch einen unterirdischen Ort der Information erg\u00e4nzt, der das Schicksal der Juden dokumentiert. Bereits ab 28. April wird im Deutschen Historischen Museum die Schau &#8222;8. Mai 1945: Der Krieg und seine Folgen&#8220; gezeigt.<\/p>\n<p>Die gr\u00f6\u00dfte Luftfahrtausstellung Europas kann k\u00fcnftig im Deutschen Technikmuseum bewundert werden. Hier wird am 16. April die neue Luft- und Raumfahrtausstellung er\u00f6ffnet. Auf 6.000 Quadratmetern Fl\u00e4che wird 200 Jahre Luftfahrtgeschichte erz\u00e4hlt. Eines der gr\u00f6\u00dften Genies aller Zeiten wird mit einer Sonderausstellung geehrt: Zum 100-j\u00e4hrigen Jubil\u00e4um von Albert Einsteins Relativit\u00e4tstheorie wird am 16. Mai die Schau &#8222;Albert Einstein Ingenieur des Universums&#8220; im Kronprinzenpalais er\u00f6ffnet.<\/p>\n<p>Ein weitere H\u00f6hepunkt soll die Er\u00f6ffnung des neuen Geb\u00e4udes der Akademie der K\u00fcnste am Brandenburger Tor werden. Nach mehrmaligen Verschieben ist der Einzug nun f\u00fcr den 27. Mai in das vom Architekten G\u00fcnter Behnisch entworfene Haus geplant.<\/p>\n<p>Auch im Theaterbereich ist einiges zu erwarten: Ein Highlight verspricht eine Inszenierung von Frank Castorf zu werden. In dem, was vom Palast der Republik noch \u00fcbrig ist, will er im Juni Alfred D\u00f6blins &#8222;Berlin Alexanderplatz&#8220; zeigen. Und dann gibt es nat\u00fcrlich im Mai wieder das Theatertreffen mit den zehn bemerkenswertesten Produktionen der vergangenen Saison aus dem deutschsprachigen Raum. Musical-Fans k\u00f6nnen ab April im Theater des Westens &#8222;Die drei Musketiere&#8220; nach dem gleichnamigen Roman von Alexandre Dumas sehen.<\/p>\n<p>Berliner Promi-H\u00f6hepunkte sind wie jedes Jahr die Vergabe der Goldenen Kamera die am 9. Februar zum 40 Mal verliehen wird &#8211; und des Echos am 2. April. Weitere feste Institutionen sind der Karneval der Kulturen (13. 16. Mai), die Fete de la Musique (21. Juni), der Christopher Street Day, (25. Juni), die Love Parade (9. Juli), das Classic Open Air (ab 30. Juni), das Festival &#8222;young.euro.classic&#8220; (ab 5. August) und der &#8222;Tanz im August&#8220; (ab 11. August). Die junge Kunstszene pr\u00e4sentiert sich dann auf der Kunstmesse &#8222;art forum&#8220; (ab 28. September). Zum zweiten Mal findet die Musikmesse Popkomm (ab 14. September) in Berlin statt.<\/p>\n","protected":false},"excerpt":{"rendered":"<p>&#8230;ja, was sich so abzeichnet&#8230;hier aktuell, verk\u00fcrzt &#8211; <\/p>\n","protected":false},"author":2,"featured_media":0,"comment_status":"closed","ping_status":"closed","sticky":false,"template":"","format":"standard","meta":{"footnotes":""},"categories":[26],"tags":[],"class_list":["post-83535","post","type-post","status-publish","format-standard","hentry","category-pinnwand","entry"],"yoast_head":"<!-- This site is optimized with the Yoast SEO plugin v21.0 - https:\/\/yoast.com\/wordpress\/plugins\/seo\/ -->\n<title>Berliner Kulturhighlights 2005 - Feminissima<\/title>\n<meta name=\"robots\" content=\"index, follow, max-snippet:-1, max-image-preview:large, max-video-preview:-1\" \/>\n<link rel=\"canonical\" href=\"https:\/\/feminissima.de\/index.php\/2005\/01\/04\/berliner-kulturhighlights-2005\/\" \/>\n<meta property=\"og:locale\" content=\"de_DE\" \/>\n<meta property=\"og:type\" content=\"article\" \/>\n<meta property=\"og:title\" content=\"Berliner Kulturhighlights 2005 - Feminissima\" \/>\n<meta property=\"og:description\" content=\"...ja, was sich so abzeichnet...hier aktuell, verk\u00fcrzt -\" \/>\n<meta property=\"og:url\" content=\"https:\/\/feminissima.de\/index.php\/2005\/01\/04\/berliner-kulturhighlights-2005\/\" \/>\n<meta property=\"og:site_name\" content=\"Feminissima\" \/>\n<meta property=\"article:published_time\" content=\"2005-01-04T12:32:44+00:00\" \/>\n<meta name=\"author\" content=\"admin\" \/>\n<meta name=\"twitter:card\" content=\"summary_large_image\" \/>\n<meta name=\"twitter:label1\" content=\"Verfasst von\" \/>\n\t<meta name=\"twitter:data1\" content=\"admin\" \/>\n\t<meta name=\"twitter:label2\" content=\"Gesch\u00e4tzte Lesezeit\" \/>\n\t<meta name=\"twitter:data2\" content=\"3\u00a0Minuten\" \/>\n<script type=\"application\/ld+json\" class=\"yoast-schema-graph\">{\"@context\":\"https:\/\/schema.org\",\"@graph\":[{\"@type\":\"WebPage\",\"@id\":\"https:\/\/feminissima.de\/index.php\/2005\/01\/04\/berliner-kulturhighlights-2005\/\",\"url\":\"https:\/\/feminissima.de\/index.php\/2005\/01\/04\/berliner-kulturhighlights-2005\/\",\"name\":\"Berliner Kulturhighlights 2005 - Feminissima\",\"isPartOf\":{\"@id\":\"https:\/\/feminissima.de\/#website\"},\"datePublished\":\"2005-01-04T12:32:44+00:00\",\"dateModified\":\"2005-01-04T12:32:44+00:00\",\"author\":{\"@id\":\"https:\/\/feminissima.de\/#\/schema\/person\/0b901e053624f88e7ecbea289d9d5128\"},\"breadcrumb\":{\"@id\":\"https:\/\/feminissima.de\/index.php\/2005\/01\/04\/berliner-kulturhighlights-2005\/#breadcrumb\"},\"inLanguage\":\"de\",\"potentialAction\":[{\"@type\":\"ReadAction\",\"target\":[\"https:\/\/feminissima.de\/index.php\/2005\/01\/04\/berliner-kulturhighlights-2005\/\"]}]},{\"@type\":\"BreadcrumbList\",\"@id\":\"https:\/\/feminissima.de\/index.php\/2005\/01\/04\/berliner-kulturhighlights-2005\/#breadcrumb\",\"itemListElement\":[{\"@type\":\"ListItem\",\"position\":1,\"name\":\"Startseite\",\"item\":\"https:\/\/feminissima.de\/\"},{\"@type\":\"ListItem\",\"position\":2,\"name\":\"Berliner Kulturhighlights 2005\"}]},{\"@type\":\"WebSite\",\"@id\":\"https:\/\/feminissima.de\/#website\",\"url\":\"https:\/\/feminissima.de\/\",\"name\":\"Feminissima\",\"description\":\"\",\"potentialAction\":[{\"@type\":\"SearchAction\",\"target\":{\"@type\":\"EntryPoint\",\"urlTemplate\":\"https:\/\/feminissima.de\/?s={search_term_string}\"},\"query-input\":\"required name=search_term_string\"}],\"inLanguage\":\"de\"},{\"@type\":\"Person\",\"@id\":\"https:\/\/feminissima.de\/#\/schema\/person\/0b901e053624f88e7ecbea289d9d5128\",\"name\":\"admin\",\"image\":{\"@type\":\"ImageObject\",\"inLanguage\":\"de\",\"@id\":\"https:\/\/feminissima.de\/#\/schema\/person\/image\/\",\"url\":\"https:\/\/secure.gravatar.com\/avatar\/8da1f51327453c0bf63338e8e2a791948b7d2ac19b68839492d1e69aac6924a8?s=96&d=mm&r=g\",\"contentUrl\":\"https:\/\/secure.gravatar.com\/avatar\/8da1f51327453c0bf63338e8e2a791948b7d2ac19b68839492d1e69aac6924a8?s=96&d=mm&r=g\",\"caption\":\"admin\"},\"url\":\"https:\/\/feminissima.de\/index.php\/author\/admin\/\"}]}<\/script>\n<!-- \/ Yoast SEO plugin. -->","yoast_head_json":{"title":"Berliner Kulturhighlights 2005 - Feminissima","robots":{"index":"index","follow":"follow","max-snippet":"max-snippet:-1","max-image-preview":"max-image-preview:large","max-video-preview":"max-video-preview:-1"},"canonical":"https:\/\/feminissima.de\/index.php\/2005\/01\/04\/berliner-kulturhighlights-2005\/","og_locale":"de_DE","og_type":"article","og_title":"Berliner Kulturhighlights 2005 - Feminissima","og_description":"...ja, was sich so abzeichnet...hier aktuell, verk\u00fcrzt -","og_url":"https:\/\/feminissima.de\/index.php\/2005\/01\/04\/berliner-kulturhighlights-2005\/","og_site_name":"Feminissima","article_published_time":"2005-01-04T12:32:44+00:00","author":"admin","twitter_card":"summary_large_image","twitter_misc":{"Verfasst von":"admin","Gesch\u00e4tzte Lesezeit":"3\u00a0Minuten"},"schema":{"@context":"https:\/\/schema.org","@graph":[{"@type":"WebPage","@id":"https:\/\/feminissima.de\/index.php\/2005\/01\/04\/berliner-kulturhighlights-2005\/","url":"https:\/\/feminissima.de\/index.php\/2005\/01\/04\/berliner-kulturhighlights-2005\/","name":"Berliner Kulturhighlights 2005 - Feminissima","isPartOf":{"@id":"https:\/\/feminissima.de\/#website"},"datePublished":"2005-01-04T12:32:44+00:00","dateModified":"2005-01-04T12:32:44+00:00","author":{"@id":"https:\/\/feminissima.de\/#\/schema\/person\/0b901e053624f88e7ecbea289d9d5128"},"breadcrumb":{"@id":"https:\/\/feminissima.de\/index.php\/2005\/01\/04\/berliner-kulturhighlights-2005\/#breadcrumb"},"inLanguage":"de","potentialAction":[{"@type":"ReadAction","target":["https:\/\/feminissima.de\/index.php\/2005\/01\/04\/berliner-kulturhighlights-2005\/"]}]},{"@type":"BreadcrumbList","@id":"https:\/\/feminissima.de\/index.php\/2005\/01\/04\/berliner-kulturhighlights-2005\/#breadcrumb","itemListElement":[{"@type":"ListItem","position":1,"name":"Startseite","item":"https:\/\/feminissima.de\/"},{"@type":"ListItem","position":2,"name":"Berliner Kulturhighlights 2005"}]},{"@type":"WebSite","@id":"https:\/\/feminissima.de\/#website","url":"https:\/\/feminissima.de\/","name":"Feminissima","description":"","potentialAction":[{"@type":"SearchAction","target":{"@type":"EntryPoint","urlTemplate":"https:\/\/feminissima.de\/?s={search_term_string}"},"query-input":"required name=search_term_string"}],"inLanguage":"de"},{"@type":"Person","@id":"https:\/\/feminissima.de\/#\/schema\/person\/0b901e053624f88e7ecbea289d9d5128","name":"admin","image":{"@type":"ImageObject","inLanguage":"de","@id":"https:\/\/feminissima.de\/#\/schema\/person\/image\/","url":"https:\/\/secure.gravatar.com\/avatar\/8da1f51327453c0bf63338e8e2a791948b7d2ac19b68839492d1e69aac6924a8?s=96&d=mm&r=g","contentUrl":"https:\/\/secure.gravatar.com\/avatar\/8da1f51327453c0bf63338e8e2a791948b7d2ac19b68839492d1e69aac6924a8?s=96&d=mm&r=g","caption":"admin"},"url":"https:\/\/feminissima.de\/index.php\/author\/admin\/"}]}},"jetpack_featured_media_url":"","_links":{"self":[{"href":"https:\/\/feminissima.de\/index.php\/wp-json\/wp\/v2\/posts\/83535","targetHints":{"allow":["GET"]}}],"collection":[{"href":"https:\/\/feminissima.de\/index.php\/wp-json\/wp\/v2\/posts"}],"about":[{"href":"https:\/\/feminissima.de\/index.php\/wp-json\/wp\/v2\/types\/post"}],"author":[{"embeddable":true,"href":"https:\/\/feminissima.de\/index.php\/wp-json\/wp\/v2\/users\/2"}],"replies":[{"embeddable":true,"href":"https:\/\/feminissima.de\/index.php\/wp-json\/wp\/v2\/comments?post=83535"}],"version-history":[{"count":0,"href":"https:\/\/feminissima.de\/index.php\/wp-json\/wp\/v2\/posts\/83535\/revisions"}],"wp:attachment":[{"href":"https:\/\/feminissima.de\/index.php\/wp-json\/wp\/v2\/media?parent=83535"}],"wp:term":[{"taxonomy":"category","embeddable":true,"href":"https:\/\/feminissima.de\/index.php\/wp-json\/wp\/v2\/categories?post=83535"},{"taxonomy":"post_tag","embeddable":true,"href":"https:\/\/feminissima.de\/index.php\/wp-json\/wp\/v2\/tags?post=83535"}],"curies":[{"name":"wp","href":"https:\/\/api.w.org\/{rel}","templated":true}]}}