{"id":83478,"date":"2004-07-16T16:30:48","date_gmt":"2004-07-16T16:30:48","guid":{"rendered":"http:\/\/www.feminissima.de\/?p=83478"},"modified":"2004-07-16T16:30:48","modified_gmt":"2004-07-16T16:30:48","slug":"ausgetanzt-7-04","status":"publish","type":"post","link":"https:\/\/feminissima.de\/index.php\/2004\/07\/16\/ausgetanzt-7-04\/","title":{"rendered":"AUSGETANZT&#8230;(7\/04)"},"content":{"rendered":"<p>&#8230;ja, mal wieder die Live-Lounges gel\u00fcftet..<br \/>\n<br \/>\nIhr findet die smart-texts&#8230;unter der Rubrik:<br \/>\n<br \/>\nna&#8230;mmmhh&#8230;.greift ja ineinander&#8230;jaaa..nehmen wir doch mal ..auch marktschreierisch, aber auch elegant, vielleicht..wenn BALLETT ABGEWICKELT wird..stummes Gehen&#8230;und k\u00fchle K\u00fchler bei Daimlers&#8230;<br \/>15. Juli&#8230;&#8220;es k\u00fchlt so k\u00fchl, wenn Daimlers Blumen bl\u00fchn..<\/p>\n<p>\nvive la solidarit\u00e9 avec les ouvriers de &#8222;Mercedes-Benz &#038; Chrysler!&#8220;<\/p>\n<p>\nDites NON au neo-capitalisme internationale!<\/p>\n<p>15. Juli&#8230;&#8220;es k\u00fchlt so k\u00fchl, wenn Daimlers Blumen bl\u00fchn..<\/p>\n<p>\n15. Juli&#8230;ja, wer will denn noch lesen?<\/p>\n<p>\n&#8230;daher heute nur &#8211; kurz !<\/p>\n<p>\n&#8222;Willkommen!&#8220;<\/p>\n<p>15. Juli&#8230;&#8220;es k\u00fchlt so k\u00fchl, wenn Daimlers Blumen bl\u00fchn..<\/p>\n<p>\n15. Juli&#8230;ja, wer will denn noch lesen?<\/p>\n<p>\n14. Juli &#8230;Ach, lieber Franz, noch einen Tanz&#8230;&#8230;..!<\/p>\n<p>\n&#8230;tja, willkommen bei FEMINISSIMA !<br \/>\n<br \/>\nAn diesem grauget\u00f6nten Juli-Mittag.<\/p>\n<p>Der letzte Tanz ist abgewickelt worden.<\/p>\n<p>Komisch, die Oper!<\/p>\n<p>Ab heute besitzt die KOMISCHE OPER in Berlin<br \/>\n<br \/>\nkein Tanz-Ballett-Ensemble mehr.<\/p>\n<p>Der Moderne Tanz&#8230;in Berlin offenbar nur vom Publikum geliebt&#8230;und nicht von den Abwicklern<br \/>\n<br \/>\nin den Abwicklungsr\u00e4umen&#8230;<\/p>\n<p>Im \u00fcbrigen sollen alle T\u00e4nzerinnen und T\u00e4nzer sofort &#8230;im In- und Ausland vor allem sofort Anschlu\u00dfvertr\u00e4ge erhalten haben&#8230;<\/p>\n<p>Wer versteht in Berlin schon was von Kultur, nicht wahr?<\/p>\n<p>Die haben doch nur die HARTZ-Schere im Hirn.<\/p>\n<p>Talentiert auch &#8211; immer das abzuwickeln, was SCHWARZE ZAHLEN schreibt&#8230;<\/p>\n<p>Er folg ist- was man in Deutschland &#8211; br><br \/>\n<br \/>\nweg-ekelt.<\/p>\n<p>Oder &#8211; abschreibt.<\/p>\n<p>Have a nice day..<\/p>\n<p>Oh CASA mia&#8230;..!<\/p>\n<p>15. Juli&#8230;&#8220;es k\u00fchlt so k\u00fchl, wenn Daimlers Blumen bl\u00fchn..<\/p>\n<p>\n15. Juli&#8230;ja, wer will denn noch lesen?<\/p>\n<p>\n14. Juli &#8230;Ach, lieber Franz, noch einen Tanz&#8230;&#8230;..!<\/p>\n<p>\n14. Juli &#8211; Elke, analphabetisch.<\/p>\n<p>\nJa, FreundInnen der Kultur und des Nachdenks,<\/p>\n<p>aber vor allem des F\u00fchlens&#8230;unseren LeserInnen nat\u00fcrlich niemals abhanden gekommen, die k\u00f6nnen f\u00fchlen und sogar lesen &#038; f\u00fchlen, woh!<\/p>\n<p>Jedenfalls. \/Eigenlob strahlt ja mal wieder-wider!<\/p>\n<p>hatte Eure FEM ja immer mal wieder hochgequ\u00e4lt aufgest\u00f6hnt, angesichts des<\/p>\n<p>nichtssagenden &#8222;Papperlapapp&#8220;-Stils,<br \/>\n<br \/>\nmit dem Elke Heidenreich jede Ehrfurcht vor einem Buch und einem Autor kaputt-quasselt-banal-leider-vor-allem.<\/p>\n<p>Jezt hat sich der Freud&#8217;sche Fehler..<\/p>\n<p>tja, Elkes zum ZDF und Kerner passendes Begrenzheits-Schema&#8230;.<\/p>\n<p>&#8222;Wer wie ein Analphabet zu doof ist, selbst zu lesen&#8230;der kann ja H\u00f6rb\u00fccher..&#8220;<\/p>\n<p>Ja. Nun hoffen wir, die wir nicht lesen, aber f\u00fchlen k\u00f6nnen, die Sendung nicht, aber ELKE wird abgesetzt.<br \/>\n<br \/>\nUnd Kerner gleich mit dazu.<\/p>\n<p>Die Verbillig-machung des Geistes und auch &#8230;der Lekt\u00fcre&#8230;nein, bitte nicht!<\/p>\n<p>Das Entwertende &#8230;nun hatten wir es erlebt &#8230;<\/p>\n<p>sitzt ja auch in den Gedanken.<\/p>\n<p>FEM&#8230;bei aller Solidarit\u00e4t&#8230;empfand &#8222;Elke&#8220; jenseits der fr\u00fcheren Talkshow &#8222;Leute&#8220; &#8211;<\/p>\n<p>atemberaubend \u00fcbersch\u00e4tzt.<\/p>\n<p>Sie sollten EVA DEMSKI dorthin setzen.<\/p>\n<p>See you&#8230;die K\u00fcche ruft&#8230;.was-oder-wer-sonst?<\/p>\n<p>15. Juli&#8230;&#8220;es k\u00fchlt so k\u00fchl, wenn Daimlers Blumen bl\u00fchn..<\/p>\n<p>\n15. Juli&#8230;ja, wer will denn noch lesen?<\/p>\n<p>\n14. Juli &#8230;Ach, lieber Franz, noch einen Tanz&#8230;&#8230;..!<\/p>\n<p>\n14. Juli &#8211; Elke, analphabetisch.<\/p>\n<p>\n14. Juli 2004<\/p>\n<p>\n&#8230;Sie sa\u00df unterm Regenbaum.<\/p>\n<p>\nEin vereinzeltes Blatt fiel auf ihr verregnetes Haupt.<br \/>\n<br \/>\nUnbestimmbare Laute drangen in ihr Inneres.<\/p>\n<p>Nein. Sie wachte auf.<\/p>\n<p>Guten Tag &#8211; !<\/p>\n<p>Manchmal fragt man sich &#8211; was ist schlimmer?<br \/>\n<br \/>\nDie Alptr\u00e4ume oder die Tag-Alpenkletterei-angeketteter Gedanken &#038; Feelings.<\/p>\n<p>Erstmals, das M\u00e4nnerblatt BILD &#038; CO hat es nat\u00fcrlich sofort!<br \/>\n<br \/>\nscharfsinnig aufgesp\u00fcrt-gemerkt:<\/p>\n<p>Die selbst ziemlich \u00fcbel von ihrem Ex-Mann &#8230;der in die Arme und den Scho\u00df ihrer Freundin oder, was man im Show-Biz darunter zu verstehen meint,<\/p>\n<p>ja, erstmals, oder?<br \/>\n<br \/>\nzeigte CHRISTIANSEN a kind of &#8222;Bi\u00df&#8220; bei dem M\u00e4nnerfreund Clinton.<\/p>\n<p>Gut so.<\/p>\n<p>Es k\u00f6nnte der Anfang eines neuen Sendestils sein.<\/p>\n<p>Und vielleicht sollte die ARD daf\u00fcr den Beckmann in den outging Korb legen.<\/p>\n<p>&#8222;Heidi &#8211; &#8230;.sagen Sie uns doch einmal&#8230;wie ist das denn&#8230;wenn es &#8230;mmhh&#8230;ja, &#8230;kribbelt&#8230;und..<br \/>\n<br \/>\nwie gro\u00df&#8230;Ihr S\u00e4nger ist&#8230;mmh-ohh&#8230;\u00fcber<br \/>\n<br \/>\neins-neunzing&#8230;<\/p>\n<p>Heidi Klum l\u00e4chelt unverdrossen, all the time,<br \/>\n<br \/>\nund sagt:<\/p>\n<p>!JA!&#8220;<\/p>\n<p>Here we go &#8211; in la douce France und auch in Berlin&#8230;an einigen Pl\u00e4tzen &#8211;<\/p>\n<p>wird heute ..La Marseilleise &#8230;gesungen und getanzt und gegessen..14. Juli 1989 &#8211; Das B\u00fcrgertum hat obsiegt, im blutreichen Kampf&#8230;<\/p>\n<p>um die Abschaffung der Monarchie und Einf\u00fchrung der<\/p>\n<p>Demokratie.<\/p>\n<p>Na, denn &#8211; PRO-Sit!<br \/>\n<br \/>\nOr whatever you want!<br \/>\n<br \/>\nEure FEM<\/p>\n<p>15. Juli&#8230;&#8220;es k\u00fchlt so k\u00fchl, wenn Daimlers Blumen bl\u00fchn..<\/p>\n<p>\n15. Juli&#8230;ja, wer will denn noch lesen?<\/p>\n<p>\n14. Juli &#8230;Ach, lieber Franz, noch einen Tanz&#8230;&#8230;..!<\/p>\n<p>\n14. Juli &#8211; Elke, analphabetisch.<\/p>\n<p>\n14. Juli 2004<\/p>\n<p>\n13. Juli \/04:45 &#8211; Gerade hat spiegel-online die Texte ausgetauscht:<\/p>\n<p>\n&#8230;.Beachtet bitte die Sprachbilder der \u00dcberschriften:<\/p>\n<p>bis eben noch:<\/p>\n<p>&#8222;SCHR\u00d6DER GEGEN EXTRAWURST OST&#8220;<\/p>\n<p>jetzt:<\/p>\n<p>&#8222;SCHR\u00d6DER VERTEILT BONBONS AN DEN OSTEN&#8220;.<\/p>\n<p>\nUnversch\u00e4mt, diese Verharmlosung der Verh\u00e4ltnisse durch Begriffe wie Extrawurst und Bonbons..<\/p>\n<p>Zum anderen zeigt sich hier erneut in aller Sch\u00e4rfe<\/p>\n<p>dass diese RotGr\u00fcns doch v\u00f6llig konzeptionslos sind.<\/p>\n<p>Also &#8211; auf dass die WAHLALTERNATIVE frisch-gesattelt&#8230;in den Herbst ..hineingaloppiert&#8230;und die verwelkten Bl\u00e4tter auffliegen l\u00e4sst!<\/p>\n<p>Schade, dass sogar spiegel-online sich hinrei\u00dfen l\u00e4sst, zu solch verharmlosenden \u00dcberschriften:<\/p>\n<p>DAS HAT DER OSTEN NICHT VERDIENT!<\/p>\n<p>\nGanz neu versteht Eure FEM den Ausbruch einer Frau neulich in der U-BAhn:<\/p>\n<p>&#8222;W\u00e4r die Mauer doch nie runtergerissen worden!<\/p>\n<p>Aber was sie genau damit meinte &#8211;<\/p>\n<p>war nicht &#8211;<br \/>\n<br \/>\nzu ersehen.<\/p>\n<p>Nicht einmal &#8211;<\/p>\n<p>f\u00fcr Eure<\/p>\n<p>neunmalsiebenkluge &#8230;<\/p>\n<p>Morgen-FEE<\/p>\n<p>15. Juli&#8230;&#8220;es k\u00fchlt so k\u00fchl, wenn Daimlers Blumen bl\u00fchn..<\/p>\n<p>\n15. Juli&#8230;ja, wer will denn noch lesen?<\/p>\n<p>\n14. Juli &#8230;Ach, lieber Franz, noch einen Tanz&#8230;&#8230;..!<\/p>\n<p>\n14. Juli &#8211; Elke, analphabetisch.<\/p>\n<p>\n14. Juli 2004<\/p>\n<p>\n13. Juli \/04:45 &#8211; Gerade hat spiegel-online die Texte ausgetauscht:<\/p>\n<p>\n13. Juli &#8211; Sommer, regenblattfarben&#8230;<\/p>\n<p>\n&#8230;Ja, das Wetter ist &#8211; wie die Menschen.<\/p>\n<p>Auch wenn in Italien die Sonne scheint.<\/p>\n<p>Wo<\/p>\n<p>ich frage Euch &#8211; WO &#8211;<\/p>\n<p>bleibt die EUROP\u00c4ISCHE HUMANITAS?<\/p>\n<p>\nDa glaubten die Fl\u00fcchtlinge, sie seien gerettet worden,<\/p>\n<p>in Wirklichkeit werden sie zur Abschiebehaft gef\u00fchrt.<\/p>\n<p>Dass, Ihr Lieben &#8211; hat meines Erachtens &#8211;<\/p>\n<p>mich jedenfalls hat es spontan, es m\u00f6gen mir Meinungsw\u00e4chter verzeihen, dass ich eigene Gedanken mich getraue zu denken und zu formulieren,<br \/>\n<br \/>\ndas &#8211; hat mich doch spontan und intensiv an die Abf\u00fchrung von Juden durch die Faschisten erinnert.<\/p>\n<p>Es ist einfach UNMENSCHLICH!<\/p>\n<p>\nUnd es ist doch BLAU-\u00c4UGIG, wenn Herr Fischer meint, durch eine nette Reise in den Sudan, die Stirn mediengerecht besorgt in alle erdenklichen FAlten gelegt &#8211;<\/p>\n<p>davon w\u00fcrde der Sudan beeindruckt flugs ein menschlicher Staat.<\/p>\n<p>\nUnd die Fl\u00fcchtlinge hier werden sofort in Abschiebehaft gesteckt.<\/p>\n<p>Erb\u00e4rmlich ist es.<\/p>\n<p>Regenblattfarben, alles.<\/p>\n<p>\nFEMINISSIMA &#8211;<\/p>\n<p>Ist Euch aufgefallen, dass der SPIEGEL nun auch gegen &#8222;Alte&#8220; hetzt?<\/p>\n<p>Der Artikel im vorletzten &#8230;oder so &#8230;<br \/>\n<br \/>\nSPIEGEL \u00fcber &#8222;Alte an der Uni&#8220; &#8211; war schon auch &#8211;<\/p>\n<p>altbacken-faschistoid.<br \/>\n<br \/>\nFand Eure &#8211;<\/p>\n<p>FEMINISSIMA<\/p>\n<p>\nJa, dann steckt uns doch alle in ein Ghetto &#8211;<br \/>\n<br \/>\nuns, die wir dank einer verfehlten Politik<br \/>\n<br \/>\naus den Jobs gedr\u00e4ngt,<br \/>\n<br \/>\nohne Arbeit<br \/>\n<br \/>\n&#8211; und<br \/>\n<br \/>\nauch noch &#8211;<br \/>\n<br \/>\nwie unversch\u00e4mt!<br \/>\n<br \/>\njenseits der 50 und sogar 60 und sogar 70 &#8211;<\/p>\n<p>eigentlich &#8211;<br \/>\n<br \/>\nleben wollen.<\/p>\n<p>Nun hat sich offenbar eine Tochter oder ein Sohn, oder die Freundin einer Tocher oder eines Sohns&#8230;eines SPIEGEL-Redakteurs \u00fcber &#8222;Senioren-Studenten&#8220; ge\u00e4rgert.<\/p>\n<p>&#8222;Weil die viel Zeit haben, sind die immer zuerst da und nehmen die besten Pl\u00e4tze weg!&#8220;<\/p>\n<p>Ein forscher Prof hat nun, so berichtete stolz der SPIEGEL, den Spie\u00df umgedreht,<br \/>\n<br \/>\nund die ersten Reihen im H\u00f6rsaal f\u00fcr &#8222;Junge&#8220; reserviert.<\/p>\n<p>Toll.<br \/>\n<br \/>\nEinfach toll.<\/p>\n<p>Und sofort witterte der immer \u00e4lter werdende SPIEGEL..<\/p>\n<p>ein neues &#8222;PROBLEM!&#8220;<\/p>\n<p>So wie er das tolle Wort &#8222;Senioren-Studenten&#8220;..<\/p>\n<p>Ja, das Problem mit den Senioren-Studenten, oh-gottchen-oh-gottchen ! wenn sie bis dahin nicht gestorben sind:<\/p>\n<p>Ja, wie werden die denn die abgespeckten unintellektuellen Schnell-Studieng\u00e4nge mit Bachelor und Master und so Abschlu\u00df&#8230;.da gibts ja dann gar keine Philosophie mehr oder so&#8230;.alles Quatsch!<\/p>\n<p>FEMINISSIMA sagt jedenfalls schon einmal<br \/>\n<br \/>\nvorsorglich NEIN<\/p>\n<p>zum neuen RASSISMUS nun auch beim SPIEGEL &#8211; gegen die paar Menschen, die sich erlauben, nicht im Altenheim zu vergreisen, und &#8211;<br \/>\n<br \/>\nstattdessen<br \/>\n<br \/>\nzur Uni<br \/>\n<br \/>\ngehen.<br \/>\n<br \/>\n<vbr>Denn in dieser wieder eiskalt gewordenen deutschen Gesellschaft &#8211;<\/p>\n<p>will ja niemand die &#8222;ALTEN&#8220; haben:<\/p>\n<p>am wenigsten die, die die heute Alten mal gro\u00dfgezogen haben:<\/p>\n<p>die eigenen Kinder.<\/p>\n<p>Eine irgendwie typisch deutsche Merkw\u00fcrden-Psychologie, die sich alles klein-klein bequem macht &#8211;<\/p>\n<p>hat n\u00e4mlich &#8211;<br \/>\n<br \/>\nund vor allem die M\u00dcTTER &#8211;<\/p>\n<p>zum Feind der Kinder erkl\u00e4rt.<\/p>\n<p>W\u00e4chst in s\u00fcdlichen L\u00e4ndern das Ansehen von LA MAAAMA&#8230;<\/p>\n<p>und El PAPA&#8230;<\/p>\n<p>so kriegen die in Deutschland einen Tritt.<\/p>\n<p>Wisch &#038; Weg.<\/p>\n<p>Und nat\u00fcrlich wollen die auch keine eigenen Kinder&#8230;<\/p>\n<p>weil sie ja wissen, wie schlecht sie ihre eigenen Eltern behandeln &#8230;oder warum sind alle Altenheime und vor allem PFLEGEHEIME &#8230;.\u00fcberf\u00fcllt??????????<\/p>\n<p>Dann doch lieber an die UNI&#8230;.oder ab in ein Land, das es bald, dank eines vereinigten re\u00e4ktion\u00e4ren Europas&#8230;<\/p>\n<p>so wir nicht h\u00f6llisch aufpassen, wir , das Volk!<\/p>\n<p>ja &#8211; wohin &#8211; wohin &#8211; wooohinn???<\/p>\n<p>15. Juli&#8230;&#8220;es k\u00fchlt so k\u00fchl, wenn Daimlers Blumen bl\u00fchn..<\/p>\n<p>\n15. Juli&#8230;ja, wer will denn noch lesen?<\/p>\n<p>\n14. Juli &#8230;Ach, lieber Franz, noch einen Tanz&#8230;&#8230;..!<\/p>\n<p>\n14. Juli &#8211; Elke, analphabetisch.<\/p>\n<p>\n14. Juli 2004<\/p>\n<p>\n13. Juli \/04:45 &#8211; Gerade hat spiegel-online die Texte ausgetauscht:<\/p>\n<p>\n13. Juli &#8211; Sommer, regenblattfarben&#8230;<\/p>\n<p>\n12.7. Schamlosigkeit &#8211;<\/p>\n<p>\n&#8230;nein, ausnahmsweise sind nicht Schr\u00f6der, Clement und andere gemeint, sondern jene Schamlosigkeit,<\/p>\n<p>die durch \u00f6ffentlich-rechtliche Anstalten gef\u00f6rdert wird.<\/p>\n<p>Wir finden die beiden blonden Smarties so eklig, dass wir schon gar nicht mehr dr\u00fcber schreiben (Der dritte Smartie ist ein Bubie, den k\u00f6nnen wir eh vergessen, er ist nichts-sagend&#8230;genau dass, was das \u00f6ffentlich-rechtliche Fernsehen als gutbezahlte&#8230;&#8220;Moderatoren&#8220; zur Verabreichung der Volksdummheit braucht).<\/p>\n<p>Der Meister des Talks, ohne jemandem die Haut abzuziehen &#8211; Alfred Biolek &#8211;<\/p>\n<p>hat die Namen nun so \u00f6ffentlich genannt, Kerner und ach, wie hei\u00dft sein Zwillling auf der ARD ? Beckmann, genau (beckmesserisch&#8230;lach!)<\/p>\n<p>Ja, Biolek sieht sie als die Personifizierung &#8230;<\/p>\n<p>die Schamlosigkeit..die Schamlosigkeitsapostel..<\/p>\n<p>so Biolek &#8211;<\/p>\n<p>na, nein, so hat er es auch wieder nicht ausgedr\u00fcckt.<\/p>\n<p>Oh, Marenga schreit aus der K\u00fcche:<\/p>\n<p>&#8222;Kannst Du endlich mal einen einzigen klaren Satz zustande bringen?&#8220;<\/p>\n<p>Wenn Marenga recht hat, hat sie es.<\/p>\n<p>Hold on!<\/p>\n<p>15. Juli&#8230;&#8220;es k\u00fchlt so k\u00fchl, wenn Daimlers Blumen bl\u00fchn..<\/p>\n<p>\n15. Juli&#8230;ja, wer will denn noch lesen?<\/p>\n<p>\n14. Juli &#8230;Ach, lieber Franz, noch einen Tanz&#8230;&#8230;..!<\/p>\n<p>\n14. Juli &#8211; Elke, analphabetisch.<\/p>\n<p>\n14. Juli 2004<\/p>\n<p>\n13. Juli \/04:45 &#8211; Gerade hat spiegel-online die Texte ausgetauscht:<\/p>\n<p>\n13. Juli &#8211; Sommer, regenblattfarben&#8230;<\/p>\n<p>\n12.7. Schamlosigkeit &#8211;<\/p>\n<p>\n12. Juli &#8211; DIE RASUR!<\/p>\n<p>\n&#8230;sonderbar &#8230;aber wahr, was spiegel-online und andere jetzt schreiben &#8211;<\/p>\n<p>haben sie schon sehr lange gewu\u00dft.<\/p>\n<p>Dass sie es erst jetzt schreiben &#8211; und zwar in der Klarheit,<br \/>\n<br \/>\ndie der Br\u00fcger h\u00e4tte erwarten k\u00f6nnen,<br \/>\n<br \/>\nzeigt,<br \/>\n<br \/>\ndass es letztlich der b\u00fcrgerlichen Presse um die passenden Themen zum ..passenden Zeitpunkt geht,<br \/>\n<br \/>\nund nicht mehr unbedingt wie fr\u00fcher &#8211;<\/p>\n<p>&#8222;Um die Verbesserung der Verh\u00e4ltnisse!&#8220;<\/p>\n<p>Damit hat sich auch die durchschnittliche Presse dem neoliberalen Mainstream so sehr angen\u00e4hert,<br \/>\n<br \/>\ndass man schon von einer freiwilligen Gleichschaltung sprechen kann.<\/p>\n<p>Verlautbarungsjournalismus.<\/p>\n<p>Nun schreiben sie, was eigentlich jeder schon lange wei\u00df:<\/p>\n<p>Die schier unvorstellbare, aber realistische ARMUTS-WELLE, Armutsflut,<\/p>\n<p>die ab Januar 2005 &#8211; sich \u00fcber dieses Land ergie\u00dft.<\/p>\n<p>Bleibt zu hoffen, dass die PDS realisiert, was sie in diesen Tagen verlautbaren lie\u00df &#8211; einen Proze\u00df gegen HARTZ IV vor dem Bundesverfassungsgericht.<\/p>\n<p>Wenn denn die Argumente fehlen sollten &#8211;<\/p>\n<p>vielleicht kann die Verfassung der Verfasssung&#8230;herangezogen werden?<\/p>\n<p>&#8222;Die W\u00fcrde des Menschen ist unantastbar.&#8220;<\/p>\n<p>Mit HARTZ IV wird die W\u00fcrde des Menschen angetastet.<\/p>\n<p>\nSchon die sogenannten Gesundheitsreform tastet die W\u00fcrde des Patienten an&#8230;.<\/p>\n<p>eigentlich.<\/p>\n<p>15. Juli&#8230;&#8220;es k\u00fchlt so k\u00fchl, wenn Daimlers Blumen bl\u00fchn..<\/p>\n<p>\n15. Juli&#8230;ja, wer will denn noch lesen?<\/p>\n<p>\n14. Juli &#8230;Ach, lieber Franz, noch einen Tanz&#8230;&#8230;..!<\/p>\n<p>\n14. Juli &#8211; Elke, analphabetisch.<\/p>\n<p>\n14. Juli 2004<\/p>\n<p>\n13. Juli \/04:45 &#8211; Gerade hat spiegel-online die Texte ausgetauscht:<\/p>\n<p>\n13. Juli &#8211; Sommer, regenblattfarben&#8230;<\/p>\n<p>\n12.7. Schamlosigkeit &#8211;<\/p>\n<p>\n12. Juli &#8211; DIE RASUR!<\/p>\n<p>\nMontag &#8211; 12. Juli 2004 &#8211; heute wird FEMINISSIMA 2 Jahre alt<\/p>\n<p>\n&#8230;willkommen &#8230;<\/p>\n<p>die Torten biegen sich&#8230;<\/p>\n<p>ach, wirklich?<br \/>\n<br \/>\nNein, nichts is<br \/>\n<br \/>\nt, wie es scheint&#8230;<br \/>\n<br \/>\n2 Jahre FEM und die Anf\u00e4nge schnell wieder gel\u00f6scht&#8230;vielleicht das Beste, das wir hatten&#8230;<\/p>\n<p>2 Jahre FEM, das hei\u00dft auch, 2 Jahre LEBEN&#8230;<\/p>\n<p>&#8230;die Begleitung eines Abstiegs der Moral.<\/p>\n<p>Dank unmoralischer Politiker.<\/p>\n<p>Wir m\u00fcssen es besser machen!<\/p>\n<p><\/p>\n","protected":false},"excerpt":{"rendered":"<p>&#8230;ja, mal wieder die Live-Lounges gel\u00fcftet..<br \/>\n<br \/>\nIhr findet die smart-texts&#8230;unter der Rubrik:<br \/>\n<br \/>\nna&#8230;mmmhh&#8230;.greift ja ineinander&#8230;jaaa..nehmen wir doch mal ..auch marktschreierisch, aber auch elegant, vielleicht..wenn BALLETT ABGEWICKELT wird..stummes Gehen&#8230;und k\u00fchle K\u00fchler bei Daimlers&#8230;<\/p>\n","protected":false},"author":2,"featured_media":0,"comment_status":"closed","ping_status":"closed","sticky":false,"template":"","format":"standard","meta":{"footnotes":""},"categories":[11],"tags":[],"class_list":["post-83478","post","type-post","status-publish","format-standard","hentry","category-femkultur","entry"],"yoast_head":"<!-- This site is optimized with the Yoast SEO plugin v21.0 - https:\/\/yoast.com\/wordpress\/plugins\/seo\/ -->\n<title>AUSGETANZT...(7\/04) - Feminissima<\/title>\n<meta name=\"robots\" content=\"index, follow, max-snippet:-1, max-image-preview:large, max-video-preview:-1\" \/>\n<link rel=\"canonical\" href=\"https:\/\/feminissima.de\/index.php\/2004\/07\/16\/ausgetanzt-7-04\/\" \/>\n<meta property=\"og:locale\" content=\"de_DE\" \/>\n<meta property=\"og:type\" content=\"article\" \/>\n<meta property=\"og:title\" content=\"AUSGETANZT...(7\/04) - Feminissima\" \/>\n<meta property=\"og:description\" content=\"...ja, mal wieder die Live-Lounges gel\u00fcftet.. Ihr findet die smart-texts...unter der Rubrik: na...mmmhh....greift ja ineinander...jaaa..nehmen wir doch mal ..auch marktschreierisch, aber auch elegant, vielleicht..wenn BALLETT ABGEWICKELT wird..stummes Gehen...und k\u00fchle K\u00fchler bei Daimlers...\" \/>\n<meta property=\"og:url\" content=\"https:\/\/feminissima.de\/index.php\/2004\/07\/16\/ausgetanzt-7-04\/\" \/>\n<meta property=\"og:site_name\" content=\"Feminissima\" \/>\n<meta property=\"article:published_time\" content=\"2004-07-16T16:30:48+00:00\" \/>\n<meta name=\"author\" content=\"admin\" \/>\n<meta name=\"twitter:card\" content=\"summary_large_image\" \/>\n<meta name=\"twitter:label1\" content=\"Verfasst von\" \/>\n\t<meta name=\"twitter:data1\" content=\"admin\" \/>\n\t<meta name=\"twitter:label2\" content=\"Gesch\u00e4tzte Lesezeit\" \/>\n\t<meta name=\"twitter:data2\" content=\"10\u00a0Minuten\" \/>\n<script type=\"application\/ld+json\" class=\"yoast-schema-graph\">{\"@context\":\"https:\/\/schema.org\",\"@graph\":[{\"@type\":\"WebPage\",\"@id\":\"https:\/\/feminissima.de\/index.php\/2004\/07\/16\/ausgetanzt-7-04\/\",\"url\":\"https:\/\/feminissima.de\/index.php\/2004\/07\/16\/ausgetanzt-7-04\/\",\"name\":\"AUSGETANZT...(7\/04) - Feminissima\",\"isPartOf\":{\"@id\":\"https:\/\/feminissima.de\/#website\"},\"datePublished\":\"2004-07-16T16:30:48+00:00\",\"dateModified\":\"2004-07-16T16:30:48+00:00\",\"author\":{\"@id\":\"https:\/\/feminissima.de\/#\/schema\/person\/0b901e053624f88e7ecbea289d9d5128\"},\"breadcrumb\":{\"@id\":\"https:\/\/feminissima.de\/index.php\/2004\/07\/16\/ausgetanzt-7-04\/#breadcrumb\"},\"inLanguage\":\"de\",\"potentialAction\":[{\"@type\":\"ReadAction\",\"target\":[\"https:\/\/feminissima.de\/index.php\/2004\/07\/16\/ausgetanzt-7-04\/\"]}]},{\"@type\":\"BreadcrumbList\",\"@id\":\"https:\/\/feminissima.de\/index.php\/2004\/07\/16\/ausgetanzt-7-04\/#breadcrumb\",\"itemListElement\":[{\"@type\":\"ListItem\",\"position\":1,\"name\":\"Startseite\",\"item\":\"https:\/\/feminissima.de\/\"},{\"@type\":\"ListItem\",\"position\":2,\"name\":\"AUSGETANZT&#8230;(7\/04)\"}]},{\"@type\":\"WebSite\",\"@id\":\"https:\/\/feminissima.de\/#website\",\"url\":\"https:\/\/feminissima.de\/\",\"name\":\"Feminissima\",\"description\":\"\",\"potentialAction\":[{\"@type\":\"SearchAction\",\"target\":{\"@type\":\"EntryPoint\",\"urlTemplate\":\"https:\/\/feminissima.de\/?s={search_term_string}\"},\"query-input\":\"required name=search_term_string\"}],\"inLanguage\":\"de\"},{\"@type\":\"Person\",\"@id\":\"https:\/\/feminissima.de\/#\/schema\/person\/0b901e053624f88e7ecbea289d9d5128\",\"name\":\"admin\",\"image\":{\"@type\":\"ImageObject\",\"inLanguage\":\"de\",\"@id\":\"https:\/\/feminissima.de\/#\/schema\/person\/image\/\",\"url\":\"https:\/\/secure.gravatar.com\/avatar\/8da1f51327453c0bf63338e8e2a791948b7d2ac19b68839492d1e69aac6924a8?s=96&d=mm&r=g\",\"contentUrl\":\"https:\/\/secure.gravatar.com\/avatar\/8da1f51327453c0bf63338e8e2a791948b7d2ac19b68839492d1e69aac6924a8?s=96&d=mm&r=g\",\"caption\":\"admin\"},\"url\":\"https:\/\/feminissima.de\/index.php\/author\/admin\/\"}]}<\/script>\n<!-- \/ Yoast SEO plugin. -->","yoast_head_json":{"title":"AUSGETANZT...(7\/04) - Feminissima","robots":{"index":"index","follow":"follow","max-snippet":"max-snippet:-1","max-image-preview":"max-image-preview:large","max-video-preview":"max-video-preview:-1"},"canonical":"https:\/\/feminissima.de\/index.php\/2004\/07\/16\/ausgetanzt-7-04\/","og_locale":"de_DE","og_type":"article","og_title":"AUSGETANZT...(7\/04) - Feminissima","og_description":"...ja, mal wieder die Live-Lounges gel\u00fcftet.. Ihr findet die smart-texts...unter der Rubrik: na...mmmhh....greift ja ineinander...jaaa..nehmen wir doch mal ..auch marktschreierisch, aber auch elegant, vielleicht..wenn BALLETT ABGEWICKELT wird..stummes Gehen...und k\u00fchle K\u00fchler bei Daimlers...","og_url":"https:\/\/feminissima.de\/index.php\/2004\/07\/16\/ausgetanzt-7-04\/","og_site_name":"Feminissima","article_published_time":"2004-07-16T16:30:48+00:00","author":"admin","twitter_card":"summary_large_image","twitter_misc":{"Verfasst von":"admin","Gesch\u00e4tzte Lesezeit":"10\u00a0Minuten"},"schema":{"@context":"https:\/\/schema.org","@graph":[{"@type":"WebPage","@id":"https:\/\/feminissima.de\/index.php\/2004\/07\/16\/ausgetanzt-7-04\/","url":"https:\/\/feminissima.de\/index.php\/2004\/07\/16\/ausgetanzt-7-04\/","name":"AUSGETANZT...(7\/04) - Feminissima","isPartOf":{"@id":"https:\/\/feminissima.de\/#website"},"datePublished":"2004-07-16T16:30:48+00:00","dateModified":"2004-07-16T16:30:48+00:00","author":{"@id":"https:\/\/feminissima.de\/#\/schema\/person\/0b901e053624f88e7ecbea289d9d5128"},"breadcrumb":{"@id":"https:\/\/feminissima.de\/index.php\/2004\/07\/16\/ausgetanzt-7-04\/#breadcrumb"},"inLanguage":"de","potentialAction":[{"@type":"ReadAction","target":["https:\/\/feminissima.de\/index.php\/2004\/07\/16\/ausgetanzt-7-04\/"]}]},{"@type":"BreadcrumbList","@id":"https:\/\/feminissima.de\/index.php\/2004\/07\/16\/ausgetanzt-7-04\/#breadcrumb","itemListElement":[{"@type":"ListItem","position":1,"name":"Startseite","item":"https:\/\/feminissima.de\/"},{"@type":"ListItem","position":2,"name":"AUSGETANZT&#8230;(7\/04)"}]},{"@type":"WebSite","@id":"https:\/\/feminissima.de\/#website","url":"https:\/\/feminissima.de\/","name":"Feminissima","description":"","potentialAction":[{"@type":"SearchAction","target":{"@type":"EntryPoint","urlTemplate":"https:\/\/feminissima.de\/?s={search_term_string}"},"query-input":"required name=search_term_string"}],"inLanguage":"de"},{"@type":"Person","@id":"https:\/\/feminissima.de\/#\/schema\/person\/0b901e053624f88e7ecbea289d9d5128","name":"admin","image":{"@type":"ImageObject","inLanguage":"de","@id":"https:\/\/feminissima.de\/#\/schema\/person\/image\/","url":"https:\/\/secure.gravatar.com\/avatar\/8da1f51327453c0bf63338e8e2a791948b7d2ac19b68839492d1e69aac6924a8?s=96&d=mm&r=g","contentUrl":"https:\/\/secure.gravatar.com\/avatar\/8da1f51327453c0bf63338e8e2a791948b7d2ac19b68839492d1e69aac6924a8?s=96&d=mm&r=g","caption":"admin"},"url":"https:\/\/feminissima.de\/index.php\/author\/admin\/"}]}},"jetpack_featured_media_url":"","_links":{"self":[{"href":"https:\/\/feminissima.de\/index.php\/wp-json\/wp\/v2\/posts\/83478","targetHints":{"allow":["GET"]}}],"collection":[{"href":"https:\/\/feminissima.de\/index.php\/wp-json\/wp\/v2\/posts"}],"about":[{"href":"https:\/\/feminissima.de\/index.php\/wp-json\/wp\/v2\/types\/post"}],"author":[{"embeddable":true,"href":"https:\/\/feminissima.de\/index.php\/wp-json\/wp\/v2\/users\/2"}],"replies":[{"embeddable":true,"href":"https:\/\/feminissima.de\/index.php\/wp-json\/wp\/v2\/comments?post=83478"}],"version-history":[{"count":0,"href":"https:\/\/feminissima.de\/index.php\/wp-json\/wp\/v2\/posts\/83478\/revisions"}],"wp:attachment":[{"href":"https:\/\/feminissima.de\/index.php\/wp-json\/wp\/v2\/media?parent=83478"}],"wp:term":[{"taxonomy":"category","embeddable":true,"href":"https:\/\/feminissima.de\/index.php\/wp-json\/wp\/v2\/categories?post=83478"},{"taxonomy":"post_tag","embeddable":true,"href":"https:\/\/feminissima.de\/index.php\/wp-json\/wp\/v2\/tags?post=83478"}],"curies":[{"name":"wp","href":"https:\/\/api.w.org\/{rel}","templated":true}]}}