{"id":83476,"date":"2004-07-06T15:58:44","date_gmt":"2004-07-06T15:58:44","guid":{"rendered":"http:\/\/www.feminissima.de\/?p=83476"},"modified":"2004-07-06T15:58:44","modified_gmt":"2004-07-06T15:58:44","slug":"presse-spiegel-alle-gegen-agenda","status":"publish","type":"post","link":"https:\/\/feminissima.de\/index.php\/2004\/07\/06\/presse-spiegel-alle-gegen-agenda\/","title":{"rendered":"PRESSE-SPIEGEL: alle gegen AGENDA"},"content":{"rendered":"<p>PRESSE-SPIEGEL: Der Volkszorn kocht: Diskussionsstand von heute bei spiegel-online zum Thema &#8211; &#8222;braucht das Land eine neue Linke?&#8220;<\/p>\n<p>Wie wohltuend  &#8211; echte Worte neben all dem PR-Gew\u00e4sch der Betonkopfm\u00e4nner Schr\u00f6der, M\u00fcntefering und Clement. Sie sind ja im Begriff, auch unsere Sprach voll zu vergewaltigen &#8211; neuestes Unwort aus der pr-gepr\u00e4gten Politik, der selbst-nichts-K\u00f6nner, offenbar: &#8222;zielf\u00fchrend&#8220;.<\/p>\n<p>Und &#8211; \u00fcbrigens, als h\u00e4tte der IG Metall Mann von der neuen W\u00c4HLERINITIATIVE Arbeit und soziale Gerechtigkeit &#8211; bei CHRISTIANSEN am Sonntag HELLSICHTIGKEIT&#8230;<\/p>\n<p>hatte er doch gefragt &#8211; &#8222;Wo soll das denn enden..? Bei der 50- bei der 100-Stundenwoche?<\/p>\n<p>Und Du reibst Dir die Augen : heute liest Du tats\u00e4chlich, dass nun Arbeitgeber die 50-Stunden-Woche fordern, um wieder den Aufschwung&#8230;(welchen Aufschwung&#8230;?<\/p>\n<p>Hier ein paar wunderbare O-T\u00f6ne aus dem Volk, das ist das, was die SPD-und GR\u00dcNos nicht mehr kennen: AKTUELL tobt (zu Recht!) die Emp\u00f6rung..\u00fcber die Kontrolleros&#8230;(warum nicht wider ULBRICHT&#8230;schreibt einer&#8230;die besten Schreiber sind nicht die Journalisten, merkst du dabei&#8230;sondern das &#8222;Volk&#8220;, also wir &#8211; selbst..!<br \/>SPIEGEL ONLINE Forum Politik <\/p>\n<p>Neue Linkspartei &#8211; Gefahr f\u00fcr die SPD?<\/p>\n<p>Am vergangenen Wochenende haben etwa 40 SPD-Rebellen und Gewerkschafter den Verein \u201eWahlalternative Arbeit &#038; Soziale Gerechtigkeit\u201c gegr\u00fcndet. Im Herbst soll daraus m\u00f6glicherweise eine Partei entstehen. Was halten Sie von diesem Projekt? Braucht die Bundesrepublik eine neue Linkspartei? Oder w\u00e4re das nur Ausdruck politischer R\u00fcckw\u00e4rtsgewandtheit? Steckt mehr hinter diesem Vorhaben als die Sehnsucht nach besseren Zeiten, die nicht mehr wiederkommen werden?<\/p>\n<p>Beitr\u00e4ge<\/p>\n<p> (58 vorhergehende Beitr\u00e4ge)<\/p>\n<p>Andreas Hoberg &#8211; 01:18pm Jul 6, 2004 CEST (#59 of 67)<\/p>\n<p>eine solche Partei wird doch nur von den SPD leuten fuer eine Gefahr gehalten, die genau wissen, dass eine inhaltliche Alternative ihre Karriereaussichten schmaelern wuerde. Es ist auch bezeichnend fuer diese Schroederjuenger, dass sie nur durch fehlende Fachkenntnisse und nicht vorhandenes Faktenwissen glaenzen.<\/p>\n<p>Angela V. &#8211; 01:38pm Jul 6, 2004 CEST (#60 of 67)<\/p>\n<p>An Joerg Wichmann: <\/p>\n<p>&#8222;Viele Entt\u00e4uschungen vertr\u00e4gt dieses Volk nicht mehr, und es wird irgendwann den ganzen Kl\u00fcngel hinwegfegen &#8211; weltweit.&#8220; <\/p>\n<p>Das gab es in Deutschland doch schon &#8218;mal, als es hier ernste wirtschaftliche Probleme gab. So um 1933 &#8218;rum. Zwar gab es damals in unseren Nachbarl\u00e4ndern auch eine Wirtschaftskrise, aber nur die Deutschen konnten sich nicht auf die L\u00d6SUNG ihrer Probleme konzentrieren und haben sich, emotional hochgeschaukelt, daran gemacht, die ausgemachten \u00dcbelt\u00e4ter &#8222;weltweit hinwegzufegen&#8220;, in einer sog. Endl\u00f6sung. Muss das jetzt wieder sein, wenn man dieser aggressiven Sprache glauben darf &#8211; nichts aus der Geschichte gelernt? Ob links oder rechts, kann es in diesem Land nicht &#8218;mal sachlich und mit Verstand zugehen, ohne dass wir bei jedem Wehwehchen nach Vergeltung schreien? &#8218;Mal die \u00c4rmel hochkrempeln und machen, das fehlt in diesem Land! Das haben aber auch nur wieder unsere Nachbarn begriffen&#8230;<\/p>\n<p>Andreas Hoberg &#8211; 01:45pm Jul 6, 2004 CEST (#61 of 67)<\/p>\n<p>Betriebsraete bezweifeln den Konfrontationskurs der Gewerkschaften: <\/p>\n<p>gemach, gemach. also dass der Vorsitzende des BR von Porsche und VW die Kritik an ihrem Schroeder nicht gut finden, nun ja ueberraschen kann das nicht. <\/p>\n<p>Diese Herren, die aufgrund ihre Position schwerlich noch ein Empfinden fuer die Situation von Arbeitslosen aufbringen koennen, bebgreifen die sozialen Sprengstoff, den die Agenda 2010 anrichtet, gar nicht. Diese Herren werden doch von ihren Unternehmen gefuegig gemacht mit allerei Schnickschnack wie Dienstwagen etc. (unfassbar, dass ein Betriebsrat so etwas annimmt.) allgemeine Bestechung mag da auch eine Rolle spielen. <\/p>\n<p>Ich selbst bin einmal BR gewesen, und bin mir immer beuwsst gewesen, wie leicht man in die Gefahr der Bestechlichkeit kommt. (und damals war ich in einem relativ kleinen Unternehmen taetig)Ich halte auch garnichts davon aus diesem Grund, BR mit mehr Macht (eg. Lohnverhandlungen) zu versehen. Das muessen externe Verbaende tun. <\/p>\n<p>Wenn die Gewerkschaften nicht mit der SPD brechen, dann reicht die Gruendung einer neuen ( ich vermeide den Begriff &#8222;links&#8220; nicht)Partei nicht aus, es geht hier vielmehr um eine soiziale Bewegung.<\/p>\n<p>Rainer Fasnacht &#8211; 02:28pm Jul 6, 2004 CEST (#62 of 67)<\/p>\n<p>Braucht die Bundesrepublik eine neue Linkspartei? <\/p>\n<p>Ist das eigentlich typisch deutsch, da\u00df man zun\u00e4chst mal nach dem formalen Rahmen fragt und nicht nach den Inhalten? Ist doch klar: Vielleicht braucht Deutschland eine neue Linkspartei, vielleicht aber auch nicht! Was Deutschland auf jeden Fall aber braucht, ist eine andere Politik. <\/p>\n<p>Oder w\u00e4re das nur Ausdruck politischer R\u00fcckw\u00e4rtsgewandtheit? <\/p>\n<p>Sp\u00e4testens seit Otto Rehagel und seinen griechischen Fu\u00dfballern sollte auch dem letzten Deppen klar geworden sein: Auch wenn die eigenen Rezepte brandneu sind, m\u00fcssen sie nicht unbedingt besser sein, als die von gestern. <\/p>\n<p>Aber ganz so ist es ja auch nicht, es soll ja nicht alles so gemacht werden, wie in den 70ern. Wer zum Beispiel heute die Umverteilung der vorhandenen Arbeit auf mehr K\u00f6pfe fordert, wer also Arbeitszeitverk\u00fcrzung als Mittel sieht, mehr Leute in Lohn und Brot zu bringen, kann nicht einfach die Erfahrungen mit Arbeitszeitverk\u00fcrzungen beiseite schieben. Arbeitszeitverk\u00fcrzung ohne Ma\u00dfnahmen dagegen, da\u00df Unternehmen die k\u00fcrzere Arbeitszeit einfach durch Arbeitsverdichtung auffangen sind erfahrungsgem\u00e4\u00df Humbug. Man wird also Arbeitszeitverk\u00fcrzung bei Ausweitung der Mitbestimmung in den Betrieben fordern. Eine Mitbestimmung die sich auf die Anzahl der Personen erstreckt, die f\u00fcr einen Arbeitsproze\u00df erforderlich sind. Das aber ist dann nicht mehr der sozialpartnerschaftliche Sozialstaat, wie er in den 70ern mehr oder weniger existierte. Der ging n\u00e4mlich von der Vorstellung aus, keine Mitbestimmung bei \u00f6konomischen Faktoren, sondern lediglich Mitbestimmung bei den sozialen Folgen. Und da pa\u00dft ja nun die Mitbestimmung bei dem Kostenfaktor &#8222;Personal&#8220; \u00fcberhaupt nicht hinein.<\/p>\n<p>franzsteinhilber &#8211; 02:48pm Jul 6, 2004 CEST (#63 of 67)<\/p>\n<p>Wenn es, von vielen Nichtw\u00e4hlern hei\u00df ersehnt und ertr\u00e4umt, endlich neue Parteien gibt, so ist doch niemand anders daran schuld, als die Stammparteien selbst. Die unglaubliche Arroganz aller Stammparteien, dem B\u00fcrger nicht mehr zuzuh\u00f6ren, f\u00fchrte die Politiker in eine lebensfremde Politik. <\/p>\n<p>Im Detail: Was ist denn das f\u00fcr ein Unfug, dass ein Arbeitnehmer 30-40 Jahre lang zwangsweise Beitr\u00e4ge in eine Versicherung einzahlen muss, um dann hinnehmen zu m\u00fcssen, dass zuk\u00fcnftig die Kontrolleure in seiner Wohnung ein- und ausgehen, bevor er seine Versicherungsleistung bekommt? Da k\u00f6nnen wir doch gleich &#8222;Walter Ulbricht&#8220; zum Bundeskanzler machen. Armut durch Gesetz. Schon empfinden die B\u00fcrger, dass die Unverletztlichkeit der Wohnung nur noch &#8222;f\u00fcr Reiche&#8220; gilt. <\/p>\n<p>Hier werden doch &#8211; auch noch von der SPD &#8211; die Freiheitsrechte mit F\u00fc\u00dfen getreten. Und was soll das denn bringen, wenn jemand seine Coach f\u00fcr 50 Euro verkaufen muss, weil er jetzt nur noch einen Anspruch auf Obstkisten haben soll? Oder dass man ihn am besten zum Tragen eines leuchtfarbenen Erkennungssymbols auf der Brust verpflichtet, damit er sich nicht heimlich ohne Wissen des Sozialamtes ein Eis kaufen kann? <\/p>\n<p>Wer solche Reformen will, wer den \u00dcberwachungsstaat will, geh\u00f6rt vielleicht in die ehemalige Sowjetunion, aber nicht mehr nach Deutschland. Deutschland ist ein freiheitliches Land und das muss es auch bleiben.<\/p>\n<p>Christian Rast &#8211; 03:14pm Jul 6, 2004 CEST (#64 of 67)<\/p>\n<p>Wenn man sich die einzelnen Beitr\u00e4ge durchliest, dann h\u00f6rt man viele Klagen, aber wenig Alternativen. Der Protest ist mir verst\u00e4ndlich, aber L\u00f6sungen zeigen die Beitr\u00e4ge nicht auf. <\/p>\n<p>Auch mit der Gr\u00fcndung einer neuen Partei &#8222;links von der SPD&#8220; werden sich die derzeitigen Rahmenbedingungen nicht \u00e4ndern. Oder erwarten Sie ernsthaft, dass eine &#8222;neue Linke&#8220; zu wundersamer Geldvermehrung mit Verteilung sozialen Wohltaten f\u00fchrt. Wer soll die denn bezahlen? <\/p>\n<p>Die Beitr\u00e4ge zeigen, dass viele Menschen in Deutschland immer noch nicht begriffen haben, dass wir seit langen Jahren \u00fcber unseren Verh\u00e4ltnisse leben. <\/p>\n<p>Ich w\u00fcrde mich \u00fcber die Nennung konkreter Alternativen in diesem Forum freuen. Was bieten Sie au\u00dfer Protest als Gegenentwurf zur &#8222;angeblich menschenverachtenden&#8220; Agenda 2010 an?<\/p>\n<p>franzsteinhilber &#8211; 03:15pm Jul 6, 2004 CEST (#65 of 67)<\/p>\n<p>Angela V. &#8211; 01:38pm Jul 6, 2004 CEST (#60 of 61) <\/p>\n<p>bei jedem Wehwehchen <\/p>\n<p>F\u00fcr B\u00fcrger jenseits der 10 000 Euro, gibt es noch nicht einmal ein Wehwehchen. <\/p>\n<p>Leute mit wenig Einkommen k\u00e4mpfen schlicht um ihr direktes, ganz konkretes \u00dcberleben. <\/p>\n<p>Prof., Politiker, Unternehmer und Beamte vergessen das nur allzu geflissentlich. Sie sind ja unk\u00fcndbar.<\/p>\n<p>DAW &#8211; 03:43pm Jul 6, 2004 CEST (#66 of 67)<br \/>\n<br \/>\nSteigende Steuern &#8211; Garant f\u00fcr Arbeitslosigkeit<\/p>\n<p>Dass wir eine neue Linkspartei brauchen, merken wir vor allem daran, dass Welteke, unser verw\u00f6hnter und ex-verbeamteter PArtyl\u00f6we bei der Bundesbank, sich dar\u00fcber beklagt, dass er mit den 8.000 Euro Versorgung im Monat nicht auskomme. Gleichzeitig will er uns noch glauben machen, dass er von Ersparnissen lebe und Miete zu zahlen h\u00e4tte (bei dem Einkommen seiner Posten zuvor ist ein luxuri\u00f6ses Haus in max. 10 Jahren schuldenfrei ohne sich gro\u00df einschr\u00e4nken zu m\u00fcssen!). <\/p>\n<p>Hallo, geht&#8217;s noch? Ab 01.01.2005 sollen Millionen mit 245,00 Euro \/ Monat auskommen. Diese widerliche Type sollte sich mal geh\u00f6rig sch\u00e4men! Und wenn es so wenig ist, die 8.000 Euro nicht verlangen, sondern in der Staatskasse lassen, sind ja wohl doch nur &#8222;Peanuts&#8220; f\u00fcr ihn&#8230; <\/p>\n<p>MfG <\/p>\n<p>Daniel<\/p>\n<p>David Deeg &#8211; 03:43pm Jul 6, 2004 CEST (#67 of 67)<\/p>\n<p>Zitat aus #58: <\/p>\n<p>&#8222;&#8230;Deshalb freue ich mich auf die neue Linkspartei. Meine Stimme hat sie, und ich bin gespannt auf ihr Programm, das sich sicher in den n\u00e4chsten Wochen und Monaten erst entwickeln wird. &#8230;&#8220; <\/p>\n<p><\/p>\n","protected":false},"excerpt":{"rendered":"<p>PRESSE-SPIEGEL: Der Volkszorn kocht: Diskussionsstand von heute bei spiegel-online zum Thema &#8211; &#8222;braucht das Land eine neue Linke?&#8220;<\/p>\n<p>Wie wohltuend  &#8211; echte Worte neben all dem PR-Gew\u00e4sch der Betonkopfm\u00e4nner Schr\u00f6der, M\u00fcntefering und Clement. Sie sind ja im Begriff, auch unsere Sprach voll zu vergewaltigen &#8211; neuestes Unwort aus der pr-gepr\u00e4gten Politik, der selbst-nichts-K\u00f6nner, offenbar: &#8222;zielf\u00fchrend&#8220;.<\/p>\n<p>Und &#8211; \u00fcbrigens, als h\u00e4tte der IG Metall Mann von der neuen W\u00c4HLERINITIATIVE Arbeit und soziale Gerechtigkeit &#8211; bei CHRISTIANSEN am Sonntag HELLSICHTIGKEIT&#8230;<\/p>\n<p>hatte er doch gefragt &#8211; &#8222;Wo soll das denn enden..? Bei der 50- bei der 100-Stundenwoche?<\/p>\n<p>Und Du reibst Dir die Augen : heute liest Du tats\u00e4chlich, dass nun Arbeitgeber die 50-Stunden-Woche fordern, um wieder den Aufschwung&#8230;(welchen Aufschwung&#8230;?<\/p>\n<p>Hier ein paar wunderbare O-T\u00f6ne aus dem Volk, das ist das, was die SPD-und GR\u00dcNos nicht mehr kennen: AKTUELL tobt (zu Recht!) die Emp\u00f6rung..\u00fcber die Kontrolleros&#8230;(warum nicht wider ULBRICHT&#8230;schreibt einer&#8230;die besten Schreiber sind nicht die Journalisten, merkst du dabei&#8230;sondern das &#8222;Volk&#8220;, also wir &#8211; selbst..!<\/p>\n","protected":false},"author":2,"featured_media":0,"comment_status":"closed","ping_status":"closed","sticky":false,"template":"","format":"standard","meta":{"footnotes":""},"categories":[14],"tags":[],"class_list":["post-83476","post","type-post","status-publish","format-standard","hentry","category-fempolitik","entry"],"yoast_head":"<!-- This site is optimized with the Yoast SEO plugin v21.0 - https:\/\/yoast.com\/wordpress\/plugins\/seo\/ -->\n<title>PRESSE-SPIEGEL: alle gegen AGENDA - Feminissima<\/title>\n<meta name=\"robots\" content=\"index, follow, max-snippet:-1, max-image-preview:large, max-video-preview:-1\" \/>\n<link rel=\"canonical\" href=\"https:\/\/feminissima.de\/index.php\/2004\/07\/06\/presse-spiegel-alle-gegen-agenda\/\" \/>\n<meta property=\"og:locale\" content=\"de_DE\" \/>\n<meta property=\"og:type\" content=\"article\" \/>\n<meta property=\"og:title\" content=\"PRESSE-SPIEGEL: alle gegen AGENDA - Feminissima\" \/>\n<meta property=\"og:description\" content=\"PRESSE-SPIEGEL: Der Volkszorn kocht: Diskussionsstand von heute bei spiegel-online zum Thema - &quot;braucht das Land eine neue Linke?&quot;Wie wohltuend - echte Worte neben all dem PR-Gew\u00e4sch der Betonkopfm\u00e4nner Schr\u00f6der, M\u00fcntefering und Clement. Sie sind ja im Begriff, auch unsere Sprach voll zu vergewaltigen - neuestes Unwort aus der pr-gepr\u00e4gten Politik, der selbst-nichts-K\u00f6nner, offenbar: &quot;zielf\u00fchrend&quot;.Und - \u00fcbrigens, als h\u00e4tte der IG Metall Mann von der neuen W\u00c4HLERINITIATIVE Arbeit und soziale Gerechtigkeit - bei CHRISTIANSEN am Sonntag HELLSICHTIGKEIT...hatte er doch gefragt - &quot;Wo soll das denn enden..? Bei der 50- bei der 100-Stundenwoche?Und Du reibst Dir die Augen : heute liest Du tats\u00e4chlich, dass nun Arbeitgeber die 50-Stunden-Woche fordern, um wieder den Aufschwung...(welchen Aufschwung...?Hier ein paar wunderbare O-T\u00f6ne aus dem Volk, das ist das, was die SPD-und GR\u00dcNos nicht mehr kennen: AKTUELL tobt (zu Recht!) die Emp\u00f6rung..\u00fcber die Kontrolleros...(warum nicht wider ULBRICHT...schreibt einer...die besten Schreiber sind nicht die Journalisten, merkst du dabei...sondern das &quot;Volk&quot;, also wir - selbst..!\" \/>\n<meta property=\"og:url\" content=\"https:\/\/feminissima.de\/index.php\/2004\/07\/06\/presse-spiegel-alle-gegen-agenda\/\" \/>\n<meta property=\"og:site_name\" content=\"Feminissima\" \/>\n<meta property=\"article:published_time\" content=\"2004-07-06T15:58:44+00:00\" \/>\n<meta name=\"author\" content=\"admin\" \/>\n<meta name=\"twitter:card\" content=\"summary_large_image\" \/>\n<meta name=\"twitter:label1\" content=\"Verfasst von\" \/>\n\t<meta name=\"twitter:data1\" content=\"admin\" \/>\n\t<meta name=\"twitter:label2\" content=\"Gesch\u00e4tzte Lesezeit\" \/>\n\t<meta name=\"twitter:data2\" content=\"8\u00a0Minuten\" \/>\n<script type=\"application\/ld+json\" class=\"yoast-schema-graph\">{\"@context\":\"https:\/\/schema.org\",\"@graph\":[{\"@type\":\"WebPage\",\"@id\":\"https:\/\/feminissima.de\/index.php\/2004\/07\/06\/presse-spiegel-alle-gegen-agenda\/\",\"url\":\"https:\/\/feminissima.de\/index.php\/2004\/07\/06\/presse-spiegel-alle-gegen-agenda\/\",\"name\":\"PRESSE-SPIEGEL: alle gegen AGENDA - Feminissima\",\"isPartOf\":{\"@id\":\"https:\/\/feminissima.de\/#website\"},\"datePublished\":\"2004-07-06T15:58:44+00:00\",\"dateModified\":\"2004-07-06T15:58:44+00:00\",\"author\":{\"@id\":\"https:\/\/feminissima.de\/#\/schema\/person\/0b901e053624f88e7ecbea289d9d5128\"},\"breadcrumb\":{\"@id\":\"https:\/\/feminissima.de\/index.php\/2004\/07\/06\/presse-spiegel-alle-gegen-agenda\/#breadcrumb\"},\"inLanguage\":\"de\",\"potentialAction\":[{\"@type\":\"ReadAction\",\"target\":[\"https:\/\/feminissima.de\/index.php\/2004\/07\/06\/presse-spiegel-alle-gegen-agenda\/\"]}]},{\"@type\":\"BreadcrumbList\",\"@id\":\"https:\/\/feminissima.de\/index.php\/2004\/07\/06\/presse-spiegel-alle-gegen-agenda\/#breadcrumb\",\"itemListElement\":[{\"@type\":\"ListItem\",\"position\":1,\"name\":\"Startseite\",\"item\":\"https:\/\/feminissima.de\/\"},{\"@type\":\"ListItem\",\"position\":2,\"name\":\"PRESSE-SPIEGEL: alle gegen AGENDA\"}]},{\"@type\":\"WebSite\",\"@id\":\"https:\/\/feminissima.de\/#website\",\"url\":\"https:\/\/feminissima.de\/\",\"name\":\"Feminissima\",\"description\":\"\",\"potentialAction\":[{\"@type\":\"SearchAction\",\"target\":{\"@type\":\"EntryPoint\",\"urlTemplate\":\"https:\/\/feminissima.de\/?s={search_term_string}\"},\"query-input\":\"required name=search_term_string\"}],\"inLanguage\":\"de\"},{\"@type\":\"Person\",\"@id\":\"https:\/\/feminissima.de\/#\/schema\/person\/0b901e053624f88e7ecbea289d9d5128\",\"name\":\"admin\",\"image\":{\"@type\":\"ImageObject\",\"inLanguage\":\"de\",\"@id\":\"https:\/\/feminissima.de\/#\/schema\/person\/image\/\",\"url\":\"https:\/\/secure.gravatar.com\/avatar\/8da1f51327453c0bf63338e8e2a791948b7d2ac19b68839492d1e69aac6924a8?s=96&d=mm&r=g\",\"contentUrl\":\"https:\/\/secure.gravatar.com\/avatar\/8da1f51327453c0bf63338e8e2a791948b7d2ac19b68839492d1e69aac6924a8?s=96&d=mm&r=g\",\"caption\":\"admin\"},\"url\":\"https:\/\/feminissima.de\/index.php\/author\/admin\/\"}]}<\/script>\n<!-- \/ Yoast SEO plugin. -->","yoast_head_json":{"title":"PRESSE-SPIEGEL: alle gegen AGENDA - Feminissima","robots":{"index":"index","follow":"follow","max-snippet":"max-snippet:-1","max-image-preview":"max-image-preview:large","max-video-preview":"max-video-preview:-1"},"canonical":"https:\/\/feminissima.de\/index.php\/2004\/07\/06\/presse-spiegel-alle-gegen-agenda\/","og_locale":"de_DE","og_type":"article","og_title":"PRESSE-SPIEGEL: alle gegen AGENDA - Feminissima","og_description":"PRESSE-SPIEGEL: Der Volkszorn kocht: Diskussionsstand von heute bei spiegel-online zum Thema - \"braucht das Land eine neue Linke?\"Wie wohltuend - echte Worte neben all dem PR-Gew\u00e4sch der Betonkopfm\u00e4nner Schr\u00f6der, M\u00fcntefering und Clement. Sie sind ja im Begriff, auch unsere Sprach voll zu vergewaltigen - neuestes Unwort aus der pr-gepr\u00e4gten Politik, der selbst-nichts-K\u00f6nner, offenbar: \"zielf\u00fchrend\".Und - \u00fcbrigens, als h\u00e4tte der IG Metall Mann von der neuen W\u00c4HLERINITIATIVE Arbeit und soziale Gerechtigkeit - bei CHRISTIANSEN am Sonntag HELLSICHTIGKEIT...hatte er doch gefragt - \"Wo soll das denn enden..? Bei der 50- bei der 100-Stundenwoche?Und Du reibst Dir die Augen : heute liest Du tats\u00e4chlich, dass nun Arbeitgeber die 50-Stunden-Woche fordern, um wieder den Aufschwung...(welchen Aufschwung...?Hier ein paar wunderbare O-T\u00f6ne aus dem Volk, das ist das, was die SPD-und GR\u00dcNos nicht mehr kennen: AKTUELL tobt (zu Recht!) die Emp\u00f6rung..\u00fcber die Kontrolleros...(warum nicht wider ULBRICHT...schreibt einer...die besten Schreiber sind nicht die Journalisten, merkst du dabei...sondern das \"Volk\", also wir - selbst..!","og_url":"https:\/\/feminissima.de\/index.php\/2004\/07\/06\/presse-spiegel-alle-gegen-agenda\/","og_site_name":"Feminissima","article_published_time":"2004-07-06T15:58:44+00:00","author":"admin","twitter_card":"summary_large_image","twitter_misc":{"Verfasst von":"admin","Gesch\u00e4tzte Lesezeit":"8\u00a0Minuten"},"schema":{"@context":"https:\/\/schema.org","@graph":[{"@type":"WebPage","@id":"https:\/\/feminissima.de\/index.php\/2004\/07\/06\/presse-spiegel-alle-gegen-agenda\/","url":"https:\/\/feminissima.de\/index.php\/2004\/07\/06\/presse-spiegel-alle-gegen-agenda\/","name":"PRESSE-SPIEGEL: alle gegen AGENDA - Feminissima","isPartOf":{"@id":"https:\/\/feminissima.de\/#website"},"datePublished":"2004-07-06T15:58:44+00:00","dateModified":"2004-07-06T15:58:44+00:00","author":{"@id":"https:\/\/feminissima.de\/#\/schema\/person\/0b901e053624f88e7ecbea289d9d5128"},"breadcrumb":{"@id":"https:\/\/feminissima.de\/index.php\/2004\/07\/06\/presse-spiegel-alle-gegen-agenda\/#breadcrumb"},"inLanguage":"de","potentialAction":[{"@type":"ReadAction","target":["https:\/\/feminissima.de\/index.php\/2004\/07\/06\/presse-spiegel-alle-gegen-agenda\/"]}]},{"@type":"BreadcrumbList","@id":"https:\/\/feminissima.de\/index.php\/2004\/07\/06\/presse-spiegel-alle-gegen-agenda\/#breadcrumb","itemListElement":[{"@type":"ListItem","position":1,"name":"Startseite","item":"https:\/\/feminissima.de\/"},{"@type":"ListItem","position":2,"name":"PRESSE-SPIEGEL: alle gegen AGENDA"}]},{"@type":"WebSite","@id":"https:\/\/feminissima.de\/#website","url":"https:\/\/feminissima.de\/","name":"Feminissima","description":"","potentialAction":[{"@type":"SearchAction","target":{"@type":"EntryPoint","urlTemplate":"https:\/\/feminissima.de\/?s={search_term_string}"},"query-input":"required name=search_term_string"}],"inLanguage":"de"},{"@type":"Person","@id":"https:\/\/feminissima.de\/#\/schema\/person\/0b901e053624f88e7ecbea289d9d5128","name":"admin","image":{"@type":"ImageObject","inLanguage":"de","@id":"https:\/\/feminissima.de\/#\/schema\/person\/image\/","url":"https:\/\/secure.gravatar.com\/avatar\/8da1f51327453c0bf63338e8e2a791948b7d2ac19b68839492d1e69aac6924a8?s=96&d=mm&r=g","contentUrl":"https:\/\/secure.gravatar.com\/avatar\/8da1f51327453c0bf63338e8e2a791948b7d2ac19b68839492d1e69aac6924a8?s=96&d=mm&r=g","caption":"admin"},"url":"https:\/\/feminissima.de\/index.php\/author\/admin\/"}]}},"jetpack_featured_media_url":"","_links":{"self":[{"href":"https:\/\/feminissima.de\/index.php\/wp-json\/wp\/v2\/posts\/83476","targetHints":{"allow":["GET"]}}],"collection":[{"href":"https:\/\/feminissima.de\/index.php\/wp-json\/wp\/v2\/posts"}],"about":[{"href":"https:\/\/feminissima.de\/index.php\/wp-json\/wp\/v2\/types\/post"}],"author":[{"embeddable":true,"href":"https:\/\/feminissima.de\/index.php\/wp-json\/wp\/v2\/users\/2"}],"replies":[{"embeddable":true,"href":"https:\/\/feminissima.de\/index.php\/wp-json\/wp\/v2\/comments?post=83476"}],"version-history":[{"count":0,"href":"https:\/\/feminissima.de\/index.php\/wp-json\/wp\/v2\/posts\/83476\/revisions"}],"wp:attachment":[{"href":"https:\/\/feminissima.de\/index.php\/wp-json\/wp\/v2\/media?parent=83476"}],"wp:term":[{"taxonomy":"category","embeddable":true,"href":"https:\/\/feminissima.de\/index.php\/wp-json\/wp\/v2\/categories?post=83476"},{"taxonomy":"post_tag","embeddable":true,"href":"https:\/\/feminissima.de\/index.php\/wp-json\/wp\/v2\/tags?post=83476"}],"curies":[{"name":"wp","href":"https:\/\/api.w.org\/{rel}","templated":true}]}}