{"id":83474,"date":"2004-07-04T11:03:34","date_gmt":"2004-07-04T11:03:34","guid":{"rendered":"http:\/\/www.feminissima.de\/?p=83474"},"modified":"2004-07-04T11:03:34","modified_gmt":"2004-07-04T11:03:34","slug":"erster-schritt-zur-linkspartei","status":"publish","type":"post","link":"https:\/\/feminissima.de\/index.php\/2004\/07\/04\/erster-schritt-zur-linkspartei\/","title":{"rendered":"ERSTER Schritt zur Linkspartei"},"content":{"rendered":"<p>PRESSE-SPIEGEL vom 4. Juli 2004 &#8211;<br \/>\n<br \/>\nQuelle &#8211; welt.online\/ddp\/AP<br \/>4. Juli 2004<br \/>\n<br \/>\nErster Schritt zu neuer Linkspartei<\/p>\n<p>Die &#8222;Wahlalternative ASG&#8220; will die Sozial- und Umweltverb\u00e4nde,<\/p>\n<p>Gewerkschaften, Friedensbewegung und Globalisierungskritiker vertreten &#8211; und k\u00f6nnte die F\u00fcnf-Prozent-H\u00fcrde schaffen<\/p>\n<p>\nM\u00fcntefering warnt seine Genossen vor einer Unterst\u00fctzung des B\u00fcndnisses<br \/>\n<br \/>\nFoto: ddp <\/p>\n<p>Berlin\/K\u00f6ln &#8211; Der erste Schritt in Richtung Gr\u00fcndung einer neuen Linkspartei ist getan. Am Samstag schlossen sich in Berlin die \u201eWahlalternative\u201c und die \u201eInitiative ASG\u201c zum Verein \u201eWahlalternative Arbeit und soziale Gerechtigkeit e.V.\u201c zusammen. Im Herbst soll auf einer Bundesdelegiertenkonferenz \u00fcber eine Parteigr\u00fcndung entschieden werden. Dabei ist eine Urabstimmung unter den Mitgliedern vorgesehen. <\/p>\n<p>An dem Treffen in Berlin nahmen rund 40 Vertreter beider<br \/>\n<br \/>\nOrganisationen sowie die Koordinatoren in den Bundesl\u00e4ndern teil. Wie die Koordinatorin der Wahlalternative, die parteilose Duisburger Kommunalpolitikerin Irina Neszeri, mittelte, wurde zun\u00e4chst die Satzung des Vereins beschlossen. Am Abend wollte der Verein sein Programm verabschieden und den Vorstand w\u00e4hlen. <\/p>\n<p>Die \u201eWahlalternative\u201c soll k\u00fcnftig von vier gleichberechtigten<br \/>\n<br \/>\nSprechern gef\u00fchrt werden. Laut einem Bericht des \u201eK\u00f6lner Stadt- Anzeigers\u201c will sie erstmals bei der Landtagswahl in Nordrhein- Westfalen Ende Mai 2005 antreten. \u201eDer Name (der Partei) steht noch nicht fest\u201c, sagte Neszeri dem Blatt. <\/p>\n<p>Scharfe Krititk von SPD und Union<\/p>\n<p>Der SPD-Vorsitzende Franz M\u00fcntefering zeigte sich besorgt \u00fcber die<\/p>\n<p>m\u00f6gliche Gr\u00fcndung einer neuen Linkspartei. Die Arbeiterbewegung k\u00f6nne nur erfolgreich sein durch den Schulterschluss von SPD und Gewerkschaften, betonte der SPD-Chef. Zugleich warnte er davor, solche Gruppierungen zu unterst\u00fctzen: \u201eWer sich jetzt Leuten anschlie\u00dft, die etwas versprechen, was sie nicht werden halten k\u00f6nnen, der setzt viel aufs Spiel.\u201c <\/p>\n<p>Sachsens DGB-Chef Hanjo Lucassen riet indes der<br \/>\n<br \/>\nGewerkschaftsf\u00fchrung, mit den neuen Bewegungen \u201enicht so rigoros\u201c umzugehen wie fr\u00fcher mit den Gr\u00fcnen. \u201eDiese Gesellschaft hat sich ver\u00e4ndert. Insbesondere junge Leute sind entt\u00e4uscht von den etablierten Parteien\u201c, sagte Lucassen. Er unterstrich: \u201eDie Gewerkschaften m\u00fcssen das ernst nehmen.\u201c <\/p>\n<p>Seit ihrem ersten Auftreten vor einigen Monaten haben sich<br \/>\n<br \/>\nbundesweit \u00fcber 40 Regionalorganisationen beider Initiativen gebildet. Nach eigenen Angaben haben zudem rund 10.000 Menschen die Aufrufe f\u00fcr mehr soziale Gerechtigkeit unterzeichnet. Die Wahlalternative versteht sich als \u201epolitischer Arm\u201c f\u00fcr die Anliegen von Sozial- und Umweltverb\u00e4nden, Gewerkschaften, Friedensbewegung und Globalisierungskritikern. <\/p>\n<p>Die neue Linkspartei k\u00f6nnte m\u00f6glicherweise aus dem Stand<br \/>\n<br \/>\nheraus die F\u00fcnf-Prozent-H\u00fcrde \u00fcberspringen. Wie eine Infratest- Umfrage im Auftrag des NDR-Magazins \u201ePanorama\u201c Ende Juni ergeben hatte, w\u00fcrden sechs Prozent der Bundesb\u00fcrger ihre Stimme einer von Gewerkschaften angeregten neuen Partei geben. Weitere 32 Prozent der 1002 Befragten hatten mit \u201eja, vielleicht\u201c geantwortet. <\/p>\n<p>S\u00f6der kritisiert Pl\u00e4ne f\u00fcr Linkspartei<\/p>\n<p>CSU-Generalsekret\u00e4r Markus S\u00f6der hat die geplante Gr\u00fcndung<\/p>\n<p>einer neuen Linkspartei scharf kritisiert. \u201eDas Unwichtigste, was Deutschland jetzt braucht, ist noch eine Linkspartei, die keinen \u00f6konomischen Sachverstand hat\u201c, sagte S\u00f6der am Sonntag im Deutschlandfunk. Das verschlechtere die Lage nur, f\u00fcgte er hinzu. \u201eEin paar entt\u00e4uschte Halbkommunisten oder Gewerkschaftler\u201c, w\u00fcrden die Potenziale nicht mehren. \u201eMehr Lafontaines tun dem Land nicht gut\u201c, sagte S\u00f6der. <\/p>\n<p>Der CSU-Generalsekret\u00e4r betonte, dass die von der rot-gr\u00fcnen<br \/>\n<br \/>\nBundesregierung eingeleiteten Reformen l\u00e4ngst nicht ausreichten. \u201eDas sind nur ganz, ganz kleine Schritte\u201c, sagte er. Deutschland brauche keine Einzelreformen sondern ein B\u00fcndel von Ma\u00dfnahmen.  WELT.de\/ddp\/AP<\/p>\n<p>Artikel erschienen am 4. Juli 2004<\/p>\n<p>\nWeblinks:  <\/p>\n<p>\nHomepage: Verein &#8222;Wahlalternative Arbeit &#038; soziale Gerechtigkeit&#8220; <\/p>\n","protected":false},"excerpt":{"rendered":"<p>PRESSE-SPIEGEL vom 4. Juli 2004 &#8211;<br \/>\n<br \/>\nQuelle &#8211; welt.online\/ddp\/AP<\/p>\n","protected":false},"author":2,"featured_media":0,"comment_status":"closed","ping_status":"closed","sticky":false,"template":"","format":"standard","meta":{"footnotes":""},"categories":[14],"tags":[],"class_list":["post-83474","post","type-post","status-publish","format-standard","hentry","category-fempolitik","entry"],"yoast_head":"<!-- This site is optimized with the Yoast SEO plugin v21.0 - https:\/\/yoast.com\/wordpress\/plugins\/seo\/ -->\n<title>ERSTER Schritt zur Linkspartei - Feminissima<\/title>\n<meta name=\"robots\" content=\"index, follow, max-snippet:-1, max-image-preview:large, max-video-preview:-1\" \/>\n<link rel=\"canonical\" href=\"https:\/\/feminissima.de\/index.php\/2004\/07\/04\/erster-schritt-zur-linkspartei\/\" \/>\n<meta property=\"og:locale\" content=\"de_DE\" \/>\n<meta property=\"og:type\" content=\"article\" \/>\n<meta property=\"og:title\" content=\"ERSTER Schritt zur Linkspartei - Feminissima\" \/>\n<meta property=\"og:description\" content=\"PRESSE-SPIEGEL vom 4. Juli 2004 - Quelle - welt.online\/ddp\/AP\" \/>\n<meta property=\"og:url\" content=\"https:\/\/feminissima.de\/index.php\/2004\/07\/04\/erster-schritt-zur-linkspartei\/\" \/>\n<meta property=\"og:site_name\" content=\"Feminissima\" \/>\n<meta property=\"article:published_time\" content=\"2004-07-04T11:03:34+00:00\" \/>\n<meta name=\"author\" content=\"admin\" \/>\n<meta name=\"twitter:card\" content=\"summary_large_image\" \/>\n<meta name=\"twitter:label1\" content=\"Verfasst von\" \/>\n\t<meta name=\"twitter:data1\" content=\"admin\" \/>\n\t<meta name=\"twitter:label2\" content=\"Gesch\u00e4tzte Lesezeit\" \/>\n\t<meta name=\"twitter:data2\" content=\"3\u00a0Minuten\" \/>\n<script type=\"application\/ld+json\" class=\"yoast-schema-graph\">{\"@context\":\"https:\/\/schema.org\",\"@graph\":[{\"@type\":\"WebPage\",\"@id\":\"https:\/\/feminissima.de\/index.php\/2004\/07\/04\/erster-schritt-zur-linkspartei\/\",\"url\":\"https:\/\/feminissima.de\/index.php\/2004\/07\/04\/erster-schritt-zur-linkspartei\/\",\"name\":\"ERSTER Schritt zur Linkspartei - Feminissima\",\"isPartOf\":{\"@id\":\"https:\/\/feminissima.de\/#website\"},\"datePublished\":\"2004-07-04T11:03:34+00:00\",\"dateModified\":\"2004-07-04T11:03:34+00:00\",\"author\":{\"@id\":\"https:\/\/feminissima.de\/#\/schema\/person\/0b901e053624f88e7ecbea289d9d5128\"},\"breadcrumb\":{\"@id\":\"https:\/\/feminissima.de\/index.php\/2004\/07\/04\/erster-schritt-zur-linkspartei\/#breadcrumb\"},\"inLanguage\":\"de\",\"potentialAction\":[{\"@type\":\"ReadAction\",\"target\":[\"https:\/\/feminissima.de\/index.php\/2004\/07\/04\/erster-schritt-zur-linkspartei\/\"]}]},{\"@type\":\"BreadcrumbList\",\"@id\":\"https:\/\/feminissima.de\/index.php\/2004\/07\/04\/erster-schritt-zur-linkspartei\/#breadcrumb\",\"itemListElement\":[{\"@type\":\"ListItem\",\"position\":1,\"name\":\"Startseite\",\"item\":\"https:\/\/feminissima.de\/\"},{\"@type\":\"ListItem\",\"position\":2,\"name\":\"ERSTER Schritt zur Linkspartei\"}]},{\"@type\":\"WebSite\",\"@id\":\"https:\/\/feminissima.de\/#website\",\"url\":\"https:\/\/feminissima.de\/\",\"name\":\"Feminissima\",\"description\":\"\",\"potentialAction\":[{\"@type\":\"SearchAction\",\"target\":{\"@type\":\"EntryPoint\",\"urlTemplate\":\"https:\/\/feminissima.de\/?s={search_term_string}\"},\"query-input\":\"required name=search_term_string\"}],\"inLanguage\":\"de\"},{\"@type\":\"Person\",\"@id\":\"https:\/\/feminissima.de\/#\/schema\/person\/0b901e053624f88e7ecbea289d9d5128\",\"name\":\"admin\",\"image\":{\"@type\":\"ImageObject\",\"inLanguage\":\"de\",\"@id\":\"https:\/\/feminissima.de\/#\/schema\/person\/image\/\",\"url\":\"https:\/\/secure.gravatar.com\/avatar\/8da1f51327453c0bf63338e8e2a791948b7d2ac19b68839492d1e69aac6924a8?s=96&d=mm&r=g\",\"contentUrl\":\"https:\/\/secure.gravatar.com\/avatar\/8da1f51327453c0bf63338e8e2a791948b7d2ac19b68839492d1e69aac6924a8?s=96&d=mm&r=g\",\"caption\":\"admin\"},\"url\":\"https:\/\/feminissima.de\/index.php\/author\/admin\/\"}]}<\/script>\n<!-- \/ Yoast SEO plugin. -->","yoast_head_json":{"title":"ERSTER Schritt zur Linkspartei - Feminissima","robots":{"index":"index","follow":"follow","max-snippet":"max-snippet:-1","max-image-preview":"max-image-preview:large","max-video-preview":"max-video-preview:-1"},"canonical":"https:\/\/feminissima.de\/index.php\/2004\/07\/04\/erster-schritt-zur-linkspartei\/","og_locale":"de_DE","og_type":"article","og_title":"ERSTER Schritt zur Linkspartei - Feminissima","og_description":"PRESSE-SPIEGEL vom 4. Juli 2004 - Quelle - welt.online\/ddp\/AP","og_url":"https:\/\/feminissima.de\/index.php\/2004\/07\/04\/erster-schritt-zur-linkspartei\/","og_site_name":"Feminissima","article_published_time":"2004-07-04T11:03:34+00:00","author":"admin","twitter_card":"summary_large_image","twitter_misc":{"Verfasst von":"admin","Gesch\u00e4tzte Lesezeit":"3\u00a0Minuten"},"schema":{"@context":"https:\/\/schema.org","@graph":[{"@type":"WebPage","@id":"https:\/\/feminissima.de\/index.php\/2004\/07\/04\/erster-schritt-zur-linkspartei\/","url":"https:\/\/feminissima.de\/index.php\/2004\/07\/04\/erster-schritt-zur-linkspartei\/","name":"ERSTER Schritt zur Linkspartei - Feminissima","isPartOf":{"@id":"https:\/\/feminissima.de\/#website"},"datePublished":"2004-07-04T11:03:34+00:00","dateModified":"2004-07-04T11:03:34+00:00","author":{"@id":"https:\/\/feminissima.de\/#\/schema\/person\/0b901e053624f88e7ecbea289d9d5128"},"breadcrumb":{"@id":"https:\/\/feminissima.de\/index.php\/2004\/07\/04\/erster-schritt-zur-linkspartei\/#breadcrumb"},"inLanguage":"de","potentialAction":[{"@type":"ReadAction","target":["https:\/\/feminissima.de\/index.php\/2004\/07\/04\/erster-schritt-zur-linkspartei\/"]}]},{"@type":"BreadcrumbList","@id":"https:\/\/feminissima.de\/index.php\/2004\/07\/04\/erster-schritt-zur-linkspartei\/#breadcrumb","itemListElement":[{"@type":"ListItem","position":1,"name":"Startseite","item":"https:\/\/feminissima.de\/"},{"@type":"ListItem","position":2,"name":"ERSTER Schritt zur Linkspartei"}]},{"@type":"WebSite","@id":"https:\/\/feminissima.de\/#website","url":"https:\/\/feminissima.de\/","name":"Feminissima","description":"","potentialAction":[{"@type":"SearchAction","target":{"@type":"EntryPoint","urlTemplate":"https:\/\/feminissima.de\/?s={search_term_string}"},"query-input":"required name=search_term_string"}],"inLanguage":"de"},{"@type":"Person","@id":"https:\/\/feminissima.de\/#\/schema\/person\/0b901e053624f88e7ecbea289d9d5128","name":"admin","image":{"@type":"ImageObject","inLanguage":"de","@id":"https:\/\/feminissima.de\/#\/schema\/person\/image\/","url":"https:\/\/secure.gravatar.com\/avatar\/8da1f51327453c0bf63338e8e2a791948b7d2ac19b68839492d1e69aac6924a8?s=96&d=mm&r=g","contentUrl":"https:\/\/secure.gravatar.com\/avatar\/8da1f51327453c0bf63338e8e2a791948b7d2ac19b68839492d1e69aac6924a8?s=96&d=mm&r=g","caption":"admin"},"url":"https:\/\/feminissima.de\/index.php\/author\/admin\/"}]}},"jetpack_featured_media_url":"","_links":{"self":[{"href":"https:\/\/feminissima.de\/index.php\/wp-json\/wp\/v2\/posts\/83474","targetHints":{"allow":["GET"]}}],"collection":[{"href":"https:\/\/feminissima.de\/index.php\/wp-json\/wp\/v2\/posts"}],"about":[{"href":"https:\/\/feminissima.de\/index.php\/wp-json\/wp\/v2\/types\/post"}],"author":[{"embeddable":true,"href":"https:\/\/feminissima.de\/index.php\/wp-json\/wp\/v2\/users\/2"}],"replies":[{"embeddable":true,"href":"https:\/\/feminissima.de\/index.php\/wp-json\/wp\/v2\/comments?post=83474"}],"version-history":[{"count":0,"href":"https:\/\/feminissima.de\/index.php\/wp-json\/wp\/v2\/posts\/83474\/revisions"}],"wp:attachment":[{"href":"https:\/\/feminissima.de\/index.php\/wp-json\/wp\/v2\/media?parent=83474"}],"wp:term":[{"taxonomy":"category","embeddable":true,"href":"https:\/\/feminissima.de\/index.php\/wp-json\/wp\/v2\/categories?post=83474"},{"taxonomy":"post_tag","embeddable":true,"href":"https:\/\/feminissima.de\/index.php\/wp-json\/wp\/v2\/tags?post=83474"}],"curies":[{"name":"wp","href":"https:\/\/api.w.org\/{rel}","templated":true}]}}