{"id":83473,"date":"2004-07-03T13:17:28","date_gmt":"2004-07-03T13:17:28","guid":{"rendered":"http:\/\/www.feminissima.de\/?p=83473"},"modified":"2004-07-03T13:17:28","modified_gmt":"2004-07-03T13:17:28","slug":"aus-staedten-ruinen","status":"publish","type":"post","link":"https:\/\/feminissima.de\/index.php\/2004\/07\/03\/aus-staedten-ruinen\/","title":{"rendered":"&#8222;Aus St\u00e4dten Ruinen..&#8220;"},"content":{"rendered":"<p>Fem&#8217;s aktueller PRESSE-SPIEGEL:<br \/>\n<br \/>\nHeute &#8211; wenn die St\u00e4dte ver\u00f6den, weil alle nur noch in EinkaufsCentern am Rande der St\u00e4dte einkaufen..<\/p>\n<p>Quelle: welt-online vom 3. Juli 2004<br \/>&#8230; dann werden aus St\u00e4dten Ruinen<\/p>\n<p>Wie die Kommunalpolitik auf die Entwicklung im Einzelhandel<\/p>\n<p>reagiert &#8211; Perspektive: Leerstand und banalisiertes Angebot<\/p>\n<p>von Dankwart Guratzsch<\/p>\n<p>Berlin &#8211; Noch sind die Folgen des Umbaus im Einzelhandel auf Existenz und Entwicklungsperspektiven der Kommunen nicht ausgelotet. Doch schon jetzt l\u00e4sst sich absehen: Gleich mehrere Faktoren wirken zusammen, um eine dramatische Verschiebung einzuleiten. Als jetzt der Planungsverband Ballungsraum Frankfurt Kommunalvertreter der gesamten Region Rhein\/Main zu einer Diskussion \u00fcber &#8222;Zentren- und Einzelhandelsentwicklung&#8220; zusammenrief, stand pl\u00f6tzlich wie ein &#8222;Gespenst&#8220; (so ein Kommunalpolitiker) die Drohung im Raum: &#8222;Am Ende haben wir nichts mehr als Ruinen, die im Stadtzentrum herumstehen.&#8220; <\/p>\n<p>Und das sind die Fakten: Der Anteil des Einzelhandels an den<br \/>\n<br \/>\nprivaten Konsumausgaben hat sich in zehn Jahren von 39,2 auf 29,9 Prozent zur\u00fcckentwickelt, im gleichen Zeitraum sind die Einzelhandelsums\u00e4tze der kleinen und mittleren Fachgesch\u00e4fte um 41 Prozent, die der Warenh\u00e4user um 32,7 Prozent geschrumpft, w\u00e4hrend Direktvertrieb (+75 Prozent), Discounter (+73,3), SB- Verbraucherm\u00e4rkte (+51,2) und filialisierte Fachgesch\u00e4fte (+50) gewaltig zugelegt haben. Res\u00fcmee von Dieter Schoenfeld (Einzelhandelsverband Frankfurt-Hochtaunus-Maintaunus): &#8222;Immer weniger l\u00e4uft \u00fcber die Ladentheke.&#8220; <\/p>\n<p>Verlierer in diesem &#8222;kannibalistischen&#8220; Prozess sind laut<br \/>\n<br \/>\nSchoenfeld speziell Branchen wie Damenbekleidung, Schuhe, Sport und &#8222;nahezu alles, was die Innenst\u00e4dte ausmacht&#8220;, w\u00e4hrend B\u00fcrom\u00f6bel (+27 Prozent), Fotoartikel (+18,6) und Augenoptik (+16,4) noch Zuw\u00e4chse verzeichnen. Was aber vor allem auf der Strecke bleibt, ist das Raumordnungskonzept der &#8222;Zentralen Orte&#8220;. Denn die wie Pilze aus dem Boden schie\u00dfenden Fachmarkt- und Einkaufszentren siedeln sich bevorzugt im Weichbild der St\u00e4dte an &#8211; mit bedrohlichen Folgen: &#8222;Wenn die Frequenz rausgeht, kollabiert die City.&#8220; Gerade hier aber wird sich, so warnte in Frankfurt Albrecht G\u00f6schel (Deutsches Institut f\u00fcr Urbanistik, Berlin), die Zukunft der Gesellschaft entscheiden. Bei einem desastr\u00f6sen Bev\u00f6lkerungsschwund von 82 Mio. auf 25 Mio. am Jahrhundertende und angesichts von Globalisierung und wirtschaftlichem Wandel von der fordistischen zur Dienstleistungsgesellschaft k\u00f6nne nicht mehr ausgeschlossen werden, dass unsere St\u00e4dte in &#8222;Flickenteppiche&#8220; auseinander fallen &#8212; in &#8222;Teilr\u00e4ume, die kein Zentrum mehr ergeben&#8220;. G\u00f6schel: &#8222;Was bleibt, sind Kulissen, von denen niemand mehr wei\u00df, was sie repr\u00e4sentieren.&#8220; <\/p>\n<p>Korreferenten wie Folkwin Wolf (Hessisches Ministerium f\u00fcr<br \/>\n<br \/>\nWirtschaft, Verkehr und Landesplanung) malten die sich schon heute mancherorts herausbildende Situation der Innenst\u00e4dte in drastischen Beschreibungen aus: &#8222;Wachsende Gesch\u00e4ftsleerst\u00e4nde, K\u00fcmmernutzung, banalisiertes Angebot und ein um sich greifendes Raubrittertum. Im Zentrum von Schl\u00fcchtern gibt es keinen Lebensmittelmarkt mehr, in Salm\u00fcnster hat gerade der letzte geschlossen.&#8220; Und der Ministeriumsvertreter forderte zur Gegenwehr auf: &#8222;Diese Entwicklung kann man nicht mehr so weiterlaufen lassen, weil ja hier nicht morsche Strukturen zusammenbrechen, sondern weil in eine intakte Versorgungsstruktur von au\u00dfen eingegriffen wird.&#8220; Ulrich M\u00fcller, Baudezernent in Hanau, r\u00fcgte die Kommunen: &#8222;Wir haben genug Instrumente, aber nicht den Mut sie einzusetzen &#8211; oder wir sind ratlos, wie wir mit dem Ansinnen der Investoren umgehen sollen.&#8220; <\/p>\n","protected":false},"excerpt":{"rendered":"<p>Fem&#8217;s aktueller PRESSE-SPIEGEL:<br \/>\n<br \/>\nHeute &#8211; wenn die St\u00e4dte ver\u00f6den, weil alle nur noch in EinkaufsCentern am Rande der St\u00e4dte einkaufen..<\/p>\n<p>Quelle: welt-online vom 3. Juli 2004<\/p>\n","protected":false},"author":2,"featured_media":0,"comment_status":"closed","ping_status":"closed","sticky":false,"template":"","format":"standard","meta":{"footnotes":""},"categories":[11],"tags":[],"class_list":["post-83473","post","type-post","status-publish","format-standard","hentry","category-femkultur","entry"],"yoast_head":"<!-- This site is optimized with the Yoast SEO plugin v21.0 - https:\/\/yoast.com\/wordpress\/plugins\/seo\/ -->\n<title>&quot;Aus St\u00e4dten Ruinen..&quot; - Feminissima<\/title>\n<meta name=\"robots\" content=\"index, follow, max-snippet:-1, max-image-preview:large, max-video-preview:-1\" \/>\n<link rel=\"canonical\" href=\"https:\/\/feminissima.de\/index.php\/2004\/07\/03\/aus-staedten-ruinen\/\" \/>\n<meta property=\"og:locale\" content=\"de_DE\" \/>\n<meta property=\"og:type\" content=\"article\" \/>\n<meta property=\"og:title\" content=\"&quot;Aus St\u00e4dten Ruinen..&quot; - Feminissima\" \/>\n<meta property=\"og:description\" content=\"Fem&#039;s aktueller PRESSE-SPIEGEL: Heute - wenn die St\u00e4dte ver\u00f6den, weil alle nur noch in EinkaufsCentern am Rande der St\u00e4dte einkaufen.. Quelle: welt-online vom 3. Juli 2004\" \/>\n<meta property=\"og:url\" content=\"https:\/\/feminissima.de\/index.php\/2004\/07\/03\/aus-staedten-ruinen\/\" \/>\n<meta property=\"og:site_name\" content=\"Feminissima\" \/>\n<meta property=\"article:published_time\" content=\"2004-07-03T13:17:28+00:00\" \/>\n<meta name=\"author\" content=\"admin\" \/>\n<meta name=\"twitter:card\" content=\"summary_large_image\" \/>\n<meta name=\"twitter:label1\" content=\"Verfasst von\" \/>\n\t<meta name=\"twitter:data1\" content=\"admin\" \/>\n\t<meta name=\"twitter:label2\" content=\"Gesch\u00e4tzte Lesezeit\" \/>\n\t<meta name=\"twitter:data2\" content=\"2\u00a0Minuten\" \/>\n<script type=\"application\/ld+json\" class=\"yoast-schema-graph\">{\"@context\":\"https:\/\/schema.org\",\"@graph\":[{\"@type\":\"WebPage\",\"@id\":\"https:\/\/feminissima.de\/index.php\/2004\/07\/03\/aus-staedten-ruinen\/\",\"url\":\"https:\/\/feminissima.de\/index.php\/2004\/07\/03\/aus-staedten-ruinen\/\",\"name\":\"\\\"Aus St\u00e4dten Ruinen..\\\" - Feminissima\",\"isPartOf\":{\"@id\":\"https:\/\/feminissima.de\/#website\"},\"datePublished\":\"2004-07-03T13:17:28+00:00\",\"dateModified\":\"2004-07-03T13:17:28+00:00\",\"author\":{\"@id\":\"https:\/\/feminissima.de\/#\/schema\/person\/0b901e053624f88e7ecbea289d9d5128\"},\"breadcrumb\":{\"@id\":\"https:\/\/feminissima.de\/index.php\/2004\/07\/03\/aus-staedten-ruinen\/#breadcrumb\"},\"inLanguage\":\"de\",\"potentialAction\":[{\"@type\":\"ReadAction\",\"target\":[\"https:\/\/feminissima.de\/index.php\/2004\/07\/03\/aus-staedten-ruinen\/\"]}]},{\"@type\":\"BreadcrumbList\",\"@id\":\"https:\/\/feminissima.de\/index.php\/2004\/07\/03\/aus-staedten-ruinen\/#breadcrumb\",\"itemListElement\":[{\"@type\":\"ListItem\",\"position\":1,\"name\":\"Startseite\",\"item\":\"https:\/\/feminissima.de\/\"},{\"@type\":\"ListItem\",\"position\":2,\"name\":\"&#8222;Aus St\u00e4dten Ruinen..&#8220;\"}]},{\"@type\":\"WebSite\",\"@id\":\"https:\/\/feminissima.de\/#website\",\"url\":\"https:\/\/feminissima.de\/\",\"name\":\"Feminissima\",\"description\":\"\",\"potentialAction\":[{\"@type\":\"SearchAction\",\"target\":{\"@type\":\"EntryPoint\",\"urlTemplate\":\"https:\/\/feminissima.de\/?s={search_term_string}\"},\"query-input\":\"required name=search_term_string\"}],\"inLanguage\":\"de\"},{\"@type\":\"Person\",\"@id\":\"https:\/\/feminissima.de\/#\/schema\/person\/0b901e053624f88e7ecbea289d9d5128\",\"name\":\"admin\",\"image\":{\"@type\":\"ImageObject\",\"inLanguage\":\"de\",\"@id\":\"https:\/\/feminissima.de\/#\/schema\/person\/image\/\",\"url\":\"https:\/\/secure.gravatar.com\/avatar\/8da1f51327453c0bf63338e8e2a791948b7d2ac19b68839492d1e69aac6924a8?s=96&d=mm&r=g\",\"contentUrl\":\"https:\/\/secure.gravatar.com\/avatar\/8da1f51327453c0bf63338e8e2a791948b7d2ac19b68839492d1e69aac6924a8?s=96&d=mm&r=g\",\"caption\":\"admin\"},\"url\":\"https:\/\/feminissima.de\/index.php\/author\/admin\/\"}]}<\/script>\n<!-- \/ Yoast SEO plugin. -->","yoast_head_json":{"title":"\"Aus St\u00e4dten Ruinen..\" - Feminissima","robots":{"index":"index","follow":"follow","max-snippet":"max-snippet:-1","max-image-preview":"max-image-preview:large","max-video-preview":"max-video-preview:-1"},"canonical":"https:\/\/feminissima.de\/index.php\/2004\/07\/03\/aus-staedten-ruinen\/","og_locale":"de_DE","og_type":"article","og_title":"\"Aus St\u00e4dten Ruinen..\" - Feminissima","og_description":"Fem's aktueller PRESSE-SPIEGEL: Heute - wenn die St\u00e4dte ver\u00f6den, weil alle nur noch in EinkaufsCentern am Rande der St\u00e4dte einkaufen.. Quelle: welt-online vom 3. Juli 2004","og_url":"https:\/\/feminissima.de\/index.php\/2004\/07\/03\/aus-staedten-ruinen\/","og_site_name":"Feminissima","article_published_time":"2004-07-03T13:17:28+00:00","author":"admin","twitter_card":"summary_large_image","twitter_misc":{"Verfasst von":"admin","Gesch\u00e4tzte Lesezeit":"2\u00a0Minuten"},"schema":{"@context":"https:\/\/schema.org","@graph":[{"@type":"WebPage","@id":"https:\/\/feminissima.de\/index.php\/2004\/07\/03\/aus-staedten-ruinen\/","url":"https:\/\/feminissima.de\/index.php\/2004\/07\/03\/aus-staedten-ruinen\/","name":"\"Aus St\u00e4dten Ruinen..\" - Feminissima","isPartOf":{"@id":"https:\/\/feminissima.de\/#website"},"datePublished":"2004-07-03T13:17:28+00:00","dateModified":"2004-07-03T13:17:28+00:00","author":{"@id":"https:\/\/feminissima.de\/#\/schema\/person\/0b901e053624f88e7ecbea289d9d5128"},"breadcrumb":{"@id":"https:\/\/feminissima.de\/index.php\/2004\/07\/03\/aus-staedten-ruinen\/#breadcrumb"},"inLanguage":"de","potentialAction":[{"@type":"ReadAction","target":["https:\/\/feminissima.de\/index.php\/2004\/07\/03\/aus-staedten-ruinen\/"]}]},{"@type":"BreadcrumbList","@id":"https:\/\/feminissima.de\/index.php\/2004\/07\/03\/aus-staedten-ruinen\/#breadcrumb","itemListElement":[{"@type":"ListItem","position":1,"name":"Startseite","item":"https:\/\/feminissima.de\/"},{"@type":"ListItem","position":2,"name":"&#8222;Aus St\u00e4dten Ruinen..&#8220;"}]},{"@type":"WebSite","@id":"https:\/\/feminissima.de\/#website","url":"https:\/\/feminissima.de\/","name":"Feminissima","description":"","potentialAction":[{"@type":"SearchAction","target":{"@type":"EntryPoint","urlTemplate":"https:\/\/feminissima.de\/?s={search_term_string}"},"query-input":"required name=search_term_string"}],"inLanguage":"de"},{"@type":"Person","@id":"https:\/\/feminissima.de\/#\/schema\/person\/0b901e053624f88e7ecbea289d9d5128","name":"admin","image":{"@type":"ImageObject","inLanguage":"de","@id":"https:\/\/feminissima.de\/#\/schema\/person\/image\/","url":"https:\/\/secure.gravatar.com\/avatar\/8da1f51327453c0bf63338e8e2a791948b7d2ac19b68839492d1e69aac6924a8?s=96&d=mm&r=g","contentUrl":"https:\/\/secure.gravatar.com\/avatar\/8da1f51327453c0bf63338e8e2a791948b7d2ac19b68839492d1e69aac6924a8?s=96&d=mm&r=g","caption":"admin"},"url":"https:\/\/feminissima.de\/index.php\/author\/admin\/"}]}},"jetpack_featured_media_url":"","_links":{"self":[{"href":"https:\/\/feminissima.de\/index.php\/wp-json\/wp\/v2\/posts\/83473","targetHints":{"allow":["GET"]}}],"collection":[{"href":"https:\/\/feminissima.de\/index.php\/wp-json\/wp\/v2\/posts"}],"about":[{"href":"https:\/\/feminissima.de\/index.php\/wp-json\/wp\/v2\/types\/post"}],"author":[{"embeddable":true,"href":"https:\/\/feminissima.de\/index.php\/wp-json\/wp\/v2\/users\/2"}],"replies":[{"embeddable":true,"href":"https:\/\/feminissima.de\/index.php\/wp-json\/wp\/v2\/comments?post=83473"}],"version-history":[{"count":0,"href":"https:\/\/feminissima.de\/index.php\/wp-json\/wp\/v2\/posts\/83473\/revisions"}],"wp:attachment":[{"href":"https:\/\/feminissima.de\/index.php\/wp-json\/wp\/v2\/media?parent=83473"}],"wp:term":[{"taxonomy":"category","embeddable":true,"href":"https:\/\/feminissima.de\/index.php\/wp-json\/wp\/v2\/categories?post=83473"},{"taxonomy":"post_tag","embeddable":true,"href":"https:\/\/feminissima.de\/index.php\/wp-json\/wp\/v2\/tags?post=83473"}],"curies":[{"name":"wp","href":"https:\/\/api.w.org\/{rel}","templated":true}]}}