{"id":83471,"date":"2004-07-02T15:40:27","date_gmt":"2004-07-02T15:40:27","guid":{"rendered":"http:\/\/www.feminissima.de\/?p=83471"},"modified":"2004-07-02T15:40:27","modified_gmt":"2004-07-02T15:40:27","slug":"endlich-mehr-armut","status":"publish","type":"post","link":"https:\/\/feminissima.de\/index.php\/2004\/07\/02\/endlich-mehr-armut\/","title":{"rendered":"&#8222;Endlich mehr Armut&#8220;"},"content":{"rendered":"<p>Fem&#8217;s aktueller Presse-Spiegel:<br \/>\n<br \/>\nheute die Titelstory der linken Berliner Tageszeitung JUNGE WELT &#8211; zum Thema &#8222;Hartz IV&#8220; &#8211; unserem Dauerbrenner&#8230;.bitte sehr! Ihr k\u00f6nnt die Zeitung auch au\u00dferhalb Berlins abbonnieren&#8230;www. jungewelt.de<br \/>Endlich mehr Armut<\/p>\n<p>Koalition und Union einig \u00fcber Umsetzung von \u00bbHartz IV\u00ab. Neuer Arbeitslosenrekord<\/p>\n<p>Am sp\u00e4ten Mittwoch abend einigten sich Bundesregierung und unionsgef\u00fchrte Bundesl\u00e4nder auf organisatorische und finanzielle Details der Zusammenlegung von Arbeitslosen- und Sozialhilfe im Rahmen des sogenannten Hartz-IV-Gesetzes. Am Donnerstag begann \u2013 begleitet von Warnungen aus Gewerkschaften, Sozialverb\u00e4nden und PDS \u2013 die Umsetzung. Vertreter von Regierung und Union \u00e4u\u00dferten sich optimistisch \u00fcber die Zukunft. Am selben Tag wurde bekannt, da\u00df bereits die bisherigen \u00bbReformen\u00ab des Arbeitsmarktes ein voller Erfolg sind: 50 000 Arbeitslose mu\u00dften laut einem Handelsblatt- Bericht im vergangenen Jahr auf Druck der Bundesagentur f\u00fcr Arbeit ihre Lebensversicherungen k\u00fcndigen. Bild und Welt meldeten, da\u00df im Juni offiziell 4,25 Millionen Arbeitslose in der Bundesrepublik registriert waren \u2013 fast ebenso viele wie 2003. Z\u00e4hlt man die rund 80 000 Teilnehmer an Trainingsma\u00dfnahmen dazu, die in der Statistik nicht mehr auftauchen, erreicht die Juni-Arbeitslosigkeit damit den h\u00f6chsten Stand seit dem DDR- Anschlu\u00df 1990.<\/p>\n<p>Die Fast-Allparteien-Koalition von SPD, B\u00fcndnis 90\/Die Gr\u00fcnen, CDU\/CSU und FDP funktionierte am Mittwoch erneut zuverl\u00e4ssig. Die Bundesregierung stockte die Finanzzusage an die Kommunen f\u00fcr die Betreuung von Langzeitarbeitslosen noch einmal deutlich auf 3,2 Milliarden Euro auf. Die Zahl der Kommunen, die Langzeitarbeitslose in Eigenregie betreuen d\u00fcrfen, wurde auf 69 festgelegt.<\/p>\n<p>Bundeswirtschaftsminister Wolfgang Clement (SPD) sprach von \u00bbeinem neuen Abschnitt der Arbeitsmarktpolitik in Deutschland\u00ab. Er gehe davon aus, da\u00df die Arbeitslosigkeit mit der \u00bbReform\u00ab \u00bbdeutlich\u00ab gesenkt werden k\u00f6nne. In einem jW- Interview erkl\u00e4rte der wirtschafts- und sozialpolitische Sprecher der SPD-Bundestagsfraktion, Klaus Brandner: \u00bbWir k\u00f6nnen uns jetzt darauf konzentrieren, die Chancen am Arbeitsmarkt zu verbessern, indem wir Arbeitslose zielgenauer in Stellen vermitteln und durch wirtschaftspolitische Weichenstellungen f\u00fcr mehr Wachstum und Besch\u00e4ftigung sorgen.\u00ab Der hessische Ministerpr\u00e4sident Roland Koch (CDU) behauptete: \u00bbDieses Gesetz ist eine Chance, und diese Chance mu\u00df genutzt werden.\u00ab Er blieb allerdings bei seinen Zweifeln an einer p\u00fcnktlichen Realisierung des Gesetzes zum 1. Januar.<\/p>\n<p>Die Bundesagentur f\u00fcr Arbeit (BA) wies diese Bedenken zur\u00fcck. Die Beh\u00f6rde will nach den Worten von BA- Vorstandsmitglied Heinrich Alt ab dem 19. Juli entsprechende Antr\u00e4ge an die derzeitigen Empf\u00e4nger von Arbeitslosenhilfe schicken. In dem Antrag werden Angaben zur pers\u00f6nlichen und finanziellen Situation der Antragsteller und ihrer Angeh\u00f6rigen abgefragt. Die BA geht allerdings schon jetzt davon aus, \u00bbda\u00df nicht alle Antragsteller die umfangreichen Detailfragen ohne Schwierigkeiten beantworten k\u00f6nnen\u00ab. Parallel dazu sollen die Mitarbeiter der BA und der Kommunen im Umgang mit der neuen Software f\u00fcr die Bearbeitung der Antr\u00e4ge geschult werden, von der jedoch bislang nur eine Schulungsversion vorliegt. Die eigentliche Software befindet sich noch in der Entwicklung.<\/p>\n<p>Scharfe Kritik an dem Beschlu\u00df von Regierung und Union kam von Gewerkschaften, Sozialverb\u00e4nden und PDS. DGB-Chef Michael Sommer erkl\u00e4rte: \u00bbIch werde meinen Frieden mit diesem Gesetz nicht machen, weil ich es wirklich f\u00fcr den falschen Weg halte.\u00ab Einen Untergang bei der n\u00e4chsten Bundestagswahl prophezeite der Vorsitzende der bayerischen IG Metall, Werner Neugebauer, der SPD in der Passauer Neuen Presse. Allein \u00bbHartz IV\u00ab werde auf einen Schlag eine Million Sozialhilfeempf\u00e4nger schaffen. Der Gesch\u00e4ftsf\u00fchrer des Parit\u00e4tischen Wohlfahrtsverbandes Werner Hesse erkl\u00e4rte: \u00bbDie neuen Gesetze produzieren neue Armut.\u00ab Er forderte eine Anhebung des Leistungsniveaus um zehn Prozent. Mecklenburg-Vorpommerns Arbeitsminister Helmut Holter (PDS) betonte: \u00bbGro\u00dfe Unternehmen von Steuern zu befreien und Arbeitslose zum Verkauf ihrer Lebensversicherungen zu zwingen, bedeutet eine soziale Schieflage, die nur als abgrundtiefe Ungerechtigkeit bezeichnet werden kann.\u00ab Die hohe Arbeitslosigkeit im Osten sei v\u00f6llig unber\u00fccksichtigt geblieben.<\/p>\n<p>Auch ohne \u00bbHartz IV\u00ab l\u00e4uft bereits die staatlich verordnete Auspl\u00fcnderung der \u00c4rmsten. Wegen vorhandenen Verm\u00f6gens seien im vergangenen Jahr 74 640 Antr\u00e4ge auf Arbeitslosenhilfe abgelehnt worden, so das Handelsblatt vom Donnerstag. Da rund 70 Prozent der Erwerbst\u00e4tigen eine Lebensversicherung besitzen, sch\u00e4tze der Gesamtverband der Deutschen Versicherungswirtschaft die Zahl der Betroffenen auf mindestens 50 000 Personen. Der Verband errechnete eine Summe von \u00fcber einer Milliarde Euro, die damit weder zur Versorgung der Hinterbliebenen im Todesfall noch im Alter zur Verf\u00fcgung stehe.<\/p>\n<p><\/p>\n","protected":false},"excerpt":{"rendered":"<p>Fem&#8217;s aktueller Presse-Spiegel:<br \/>\n<br \/>\nheute die Titelstory der linken Berliner Tageszeitung JUNGE WELT &#8211; zum Thema &#8222;Hartz IV&#8220; &#8211; unserem Dauerbrenner&#8230;.bitte sehr! Ihr k\u00f6nnt die Zeitung auch au\u00dferhalb Berlins abbonnieren&#8230;www. jungewelt.de<\/p>\n","protected":false},"author":2,"featured_media":0,"comment_status":"closed","ping_status":"closed","sticky":false,"template":"","format":"standard","meta":{"footnotes":""},"categories":[14],"tags":[],"class_list":["post-83471","post","type-post","status-publish","format-standard","hentry","category-fempolitik","entry"],"yoast_head":"<!-- This site is optimized with the Yoast SEO plugin v21.0 - https:\/\/yoast.com\/wordpress\/plugins\/seo\/ -->\n<title>&quot;Endlich mehr Armut&quot; - Feminissima<\/title>\n<meta name=\"robots\" content=\"index, follow, max-snippet:-1, max-image-preview:large, max-video-preview:-1\" \/>\n<link rel=\"canonical\" href=\"https:\/\/feminissima.de\/index.php\/2004\/07\/02\/endlich-mehr-armut\/\" \/>\n<meta property=\"og:locale\" content=\"de_DE\" \/>\n<meta property=\"og:type\" content=\"article\" \/>\n<meta property=\"og:title\" content=\"&quot;Endlich mehr Armut&quot; - Feminissima\" \/>\n<meta property=\"og:description\" content=\"Fem&#039;s aktueller Presse-Spiegel: heute die Titelstory der linken Berliner Tageszeitung JUNGE WELT - zum Thema &quot;Hartz IV&quot; - unserem Dauerbrenner....bitte sehr! Ihr k\u00f6nnt die Zeitung auch au\u00dferhalb Berlins abbonnieren...www. jungewelt.de\" \/>\n<meta property=\"og:url\" content=\"https:\/\/feminissima.de\/index.php\/2004\/07\/02\/endlich-mehr-armut\/\" \/>\n<meta property=\"og:site_name\" content=\"Feminissima\" \/>\n<meta property=\"article:published_time\" content=\"2004-07-02T15:40:27+00:00\" \/>\n<meta name=\"author\" content=\"admin\" \/>\n<meta name=\"twitter:card\" content=\"summary_large_image\" \/>\n<meta name=\"twitter:label1\" content=\"Verfasst von\" \/>\n\t<meta name=\"twitter:data1\" content=\"admin\" \/>\n\t<meta name=\"twitter:label2\" content=\"Gesch\u00e4tzte Lesezeit\" \/>\n\t<meta name=\"twitter:data2\" content=\"3\u00a0Minuten\" \/>\n<script type=\"application\/ld+json\" class=\"yoast-schema-graph\">{\"@context\":\"https:\/\/schema.org\",\"@graph\":[{\"@type\":\"WebPage\",\"@id\":\"https:\/\/feminissima.de\/index.php\/2004\/07\/02\/endlich-mehr-armut\/\",\"url\":\"https:\/\/feminissima.de\/index.php\/2004\/07\/02\/endlich-mehr-armut\/\",\"name\":\"\\\"Endlich mehr Armut\\\" - Feminissima\",\"isPartOf\":{\"@id\":\"https:\/\/feminissima.de\/#website\"},\"datePublished\":\"2004-07-02T15:40:27+00:00\",\"dateModified\":\"2004-07-02T15:40:27+00:00\",\"author\":{\"@id\":\"https:\/\/feminissima.de\/#\/schema\/person\/0b901e053624f88e7ecbea289d9d5128\"},\"breadcrumb\":{\"@id\":\"https:\/\/feminissima.de\/index.php\/2004\/07\/02\/endlich-mehr-armut\/#breadcrumb\"},\"inLanguage\":\"de\",\"potentialAction\":[{\"@type\":\"ReadAction\",\"target\":[\"https:\/\/feminissima.de\/index.php\/2004\/07\/02\/endlich-mehr-armut\/\"]}]},{\"@type\":\"BreadcrumbList\",\"@id\":\"https:\/\/feminissima.de\/index.php\/2004\/07\/02\/endlich-mehr-armut\/#breadcrumb\",\"itemListElement\":[{\"@type\":\"ListItem\",\"position\":1,\"name\":\"Startseite\",\"item\":\"https:\/\/feminissima.de\/\"},{\"@type\":\"ListItem\",\"position\":2,\"name\":\"&#8222;Endlich mehr Armut&#8220;\"}]},{\"@type\":\"WebSite\",\"@id\":\"https:\/\/feminissima.de\/#website\",\"url\":\"https:\/\/feminissima.de\/\",\"name\":\"Feminissima\",\"description\":\"\",\"potentialAction\":[{\"@type\":\"SearchAction\",\"target\":{\"@type\":\"EntryPoint\",\"urlTemplate\":\"https:\/\/feminissima.de\/?s={search_term_string}\"},\"query-input\":\"required name=search_term_string\"}],\"inLanguage\":\"de\"},{\"@type\":\"Person\",\"@id\":\"https:\/\/feminissima.de\/#\/schema\/person\/0b901e053624f88e7ecbea289d9d5128\",\"name\":\"admin\",\"image\":{\"@type\":\"ImageObject\",\"inLanguage\":\"de\",\"@id\":\"https:\/\/feminissima.de\/#\/schema\/person\/image\/\",\"url\":\"https:\/\/secure.gravatar.com\/avatar\/8da1f51327453c0bf63338e8e2a791948b7d2ac19b68839492d1e69aac6924a8?s=96&d=mm&r=g\",\"contentUrl\":\"https:\/\/secure.gravatar.com\/avatar\/8da1f51327453c0bf63338e8e2a791948b7d2ac19b68839492d1e69aac6924a8?s=96&d=mm&r=g\",\"caption\":\"admin\"},\"url\":\"https:\/\/feminissima.de\/index.php\/author\/admin\/\"}]}<\/script>\n<!-- \/ Yoast SEO plugin. -->","yoast_head_json":{"title":"\"Endlich mehr Armut\" - Feminissima","robots":{"index":"index","follow":"follow","max-snippet":"max-snippet:-1","max-image-preview":"max-image-preview:large","max-video-preview":"max-video-preview:-1"},"canonical":"https:\/\/feminissima.de\/index.php\/2004\/07\/02\/endlich-mehr-armut\/","og_locale":"de_DE","og_type":"article","og_title":"\"Endlich mehr Armut\" - Feminissima","og_description":"Fem's aktueller Presse-Spiegel: heute die Titelstory der linken Berliner Tageszeitung JUNGE WELT - zum Thema \"Hartz IV\" - unserem Dauerbrenner....bitte sehr! Ihr k\u00f6nnt die Zeitung auch au\u00dferhalb Berlins abbonnieren...www. jungewelt.de","og_url":"https:\/\/feminissima.de\/index.php\/2004\/07\/02\/endlich-mehr-armut\/","og_site_name":"Feminissima","article_published_time":"2004-07-02T15:40:27+00:00","author":"admin","twitter_card":"summary_large_image","twitter_misc":{"Verfasst von":"admin","Gesch\u00e4tzte Lesezeit":"3\u00a0Minuten"},"schema":{"@context":"https:\/\/schema.org","@graph":[{"@type":"WebPage","@id":"https:\/\/feminissima.de\/index.php\/2004\/07\/02\/endlich-mehr-armut\/","url":"https:\/\/feminissima.de\/index.php\/2004\/07\/02\/endlich-mehr-armut\/","name":"\"Endlich mehr Armut\" - Feminissima","isPartOf":{"@id":"https:\/\/feminissima.de\/#website"},"datePublished":"2004-07-02T15:40:27+00:00","dateModified":"2004-07-02T15:40:27+00:00","author":{"@id":"https:\/\/feminissima.de\/#\/schema\/person\/0b901e053624f88e7ecbea289d9d5128"},"breadcrumb":{"@id":"https:\/\/feminissima.de\/index.php\/2004\/07\/02\/endlich-mehr-armut\/#breadcrumb"},"inLanguage":"de","potentialAction":[{"@type":"ReadAction","target":["https:\/\/feminissima.de\/index.php\/2004\/07\/02\/endlich-mehr-armut\/"]}]},{"@type":"BreadcrumbList","@id":"https:\/\/feminissima.de\/index.php\/2004\/07\/02\/endlich-mehr-armut\/#breadcrumb","itemListElement":[{"@type":"ListItem","position":1,"name":"Startseite","item":"https:\/\/feminissima.de\/"},{"@type":"ListItem","position":2,"name":"&#8222;Endlich mehr Armut&#8220;"}]},{"@type":"WebSite","@id":"https:\/\/feminissima.de\/#website","url":"https:\/\/feminissima.de\/","name":"Feminissima","description":"","potentialAction":[{"@type":"SearchAction","target":{"@type":"EntryPoint","urlTemplate":"https:\/\/feminissima.de\/?s={search_term_string}"},"query-input":"required name=search_term_string"}],"inLanguage":"de"},{"@type":"Person","@id":"https:\/\/feminissima.de\/#\/schema\/person\/0b901e053624f88e7ecbea289d9d5128","name":"admin","image":{"@type":"ImageObject","inLanguage":"de","@id":"https:\/\/feminissima.de\/#\/schema\/person\/image\/","url":"https:\/\/secure.gravatar.com\/avatar\/8da1f51327453c0bf63338e8e2a791948b7d2ac19b68839492d1e69aac6924a8?s=96&d=mm&r=g","contentUrl":"https:\/\/secure.gravatar.com\/avatar\/8da1f51327453c0bf63338e8e2a791948b7d2ac19b68839492d1e69aac6924a8?s=96&d=mm&r=g","caption":"admin"},"url":"https:\/\/feminissima.de\/index.php\/author\/admin\/"}]}},"jetpack_featured_media_url":"","_links":{"self":[{"href":"https:\/\/feminissima.de\/index.php\/wp-json\/wp\/v2\/posts\/83471","targetHints":{"allow":["GET"]}}],"collection":[{"href":"https:\/\/feminissima.de\/index.php\/wp-json\/wp\/v2\/posts"}],"about":[{"href":"https:\/\/feminissima.de\/index.php\/wp-json\/wp\/v2\/types\/post"}],"author":[{"embeddable":true,"href":"https:\/\/feminissima.de\/index.php\/wp-json\/wp\/v2\/users\/2"}],"replies":[{"embeddable":true,"href":"https:\/\/feminissima.de\/index.php\/wp-json\/wp\/v2\/comments?post=83471"}],"version-history":[{"count":0,"href":"https:\/\/feminissima.de\/index.php\/wp-json\/wp\/v2\/posts\/83471\/revisions"}],"wp:attachment":[{"href":"https:\/\/feminissima.de\/index.php\/wp-json\/wp\/v2\/media?parent=83471"}],"wp:term":[{"taxonomy":"category","embeddable":true,"href":"https:\/\/feminissima.de\/index.php\/wp-json\/wp\/v2\/categories?post=83471"},{"taxonomy":"post_tag","embeddable":true,"href":"https:\/\/feminissima.de\/index.php\/wp-json\/wp\/v2\/tags?post=83471"}],"curies":[{"name":"wp","href":"https:\/\/api.w.org\/{rel}","templated":true}]}}