{"id":83469,"date":"2004-06-29T02:24:38","date_gmt":"2004-06-29T02:24:38","guid":{"rendered":"http:\/\/www.feminissima.de\/?p=83469"},"modified":"2004-06-29T02:24:38","modified_gmt":"2004-06-29T02:24:38","slug":"presse-spiegel-die-welt-hartz-iv","status":"publish","type":"post","link":"https:\/\/feminissima.de\/index.php\/2004\/06\/29\/presse-spiegel-die-welt-hartz-iv\/","title":{"rendered":"Presse-Spiegel: DIE WELT -&#038; HARTZ IV"},"content":{"rendered":"<p>Zur live-Debatte bei FEMINISSIMA  &#8211; hier wieder einmal ein Blick in die aktuelle PRESSE.<br \/>\n<br \/>\nWir haben erneut die WELT ausgew\u00e4hlt.<br \/>\n<br \/>\nVerr\u00fcckte Welt&#8230;die WELT wird zunehmend unser Sympathiblatt, w\u00e4hrend die taz zunehmend unser Buh-Blatt &#8230;wird.<br \/>\n<br \/>\nNat\u00fcrlich bevorzugen wir FREITAG &#8211; die Wochenzeitung aus dem Osten&#8230;aber die WELT-Leute schreiben unversch\u00e4mt-gut und das Blatt widmet sich nicht nur himmlischer Kulturkritik&#8230;sondern auch t\u00e4glich der HARTZ IV &#8211; Kritik. Bitte sehr:<br \/>&#8222;Das Regieren ab 2006 wird f\u00fcr die<\/p>\n<p>Union kein Zuckerschlecken&#8220; <\/p>\n<p>DIE WELT: Schauen wir nach Berlin. Ihre Prognose: \u00dcbersteht Gerhard Schr\u00f6der die Legislatur als Bundeskanzler? <\/p>\n<p>Milbradt: Ich vermute, dass das nicht der Fall sein wird. \u00dcberzeugt<br \/>\n<br \/>\nbin ich allerdings auch davon, dass die Koalition nicht auseinander brechen wird. Das hei\u00dft, es kommt nicht zu einem vorzeitigen Regierungswechsel. Deshalb ist die Union gut beraten, sich auf den Wahltermin 2006 vorzubereiten. <\/p>\n<p>DIE WELT: Als m\u00f6glicher Schr\u00f6der-Nachfolger wird bereits der<br \/>\n<br \/>\nBremer Landeschef Henning Scherf gehandelt. <\/p>\n<p>Milbradt: Ich beteilige mich nicht an diesen Spekulationen, bin<br \/>\n<br \/>\njedoch davon \u00fcberzeugt, dass in der gegenw\u00e4rtigen Situation auch ein Auswechseln des Bundeskanzlers die SPD nicht retten wird. Als Organisation hat diese Partei nicht die erforderliche Ver\u00e4nderungsbereitschaft und verf\u00fcgt nicht \u00fcber die notwendige Offenheit, um sich auf neue Umst\u00e4nde einzustellen. Die neue Parteif\u00fchrung verf\u00e4hrt nach dem Motto &#8222;Augen zu und durch&#8220;. Doch das hilft wenig, wenn die eigenen Mitglieder nicht davon \u00fcberzeugt sind, dass der Sozialstaat umgebaut werden muss, um ihn erhalten zu k\u00f6nnen. Besonders ausgepr\u00e4gt und geradezu be\u00e4ngstigend ist das Beharrungsverm\u00f6gen der Gewerkschaften, die der traditionelle Verb\u00fcndete der SPD sind. <\/p>\n<p>DIE WELT: Fast alle politischen Beobachter sind sich einig, dass<br \/>\n<br \/>\nauch die CDU und ihre Vorsitzende Angela Merkel vom W\u00e4hler abgestraft w\u00fcrde, wenn sie Regierungsverantwortung h\u00e4tte und unpopul\u00e4re Reformen umsetzen m\u00fcsste. <\/p>\n<p>Milbradt: Wir sehen \u00fcberall in Europa, dass Reformen nur schwer<br \/>\n<br \/>\ndurchsetzbar sind. Da Reformen nur langfristig wirken, k\u00f6nnen ihre Fr\u00fcchte meistens nicht w\u00e4hrend einer Wahlperiode geerntet werden. Deshalb besteht die Gefahr, dass der W\u00e4hler die Ver\u00e4nderungen nicht akzeptiert und dem politischen Gegner zur Macht verhilft. Trotzdem muss man irgendwann anfangen. Ohnehin bin ich davon \u00fcberzeugt, dass der Reformprozess in Deutschland mindestens zehn bis 15 Jahre in Anspruch nehmen wird. <\/p>\n<p>DIE WELT: Dann m\u00fcssten Sie sich aber auch st\u00e4rker vom<br \/>\n<br \/>\nPopulismus in Ihrer Partei distanzieren. <\/p>\n<p>Milbradt: Ja, nat\u00fcrlich! Wenn wir 2006 die Regierung \u00fcbernehmen,<br \/>\n<br \/>\nwird das kein Zuckerschlecken sein. <\/p>\n<p>DIE WELT: Ein pr\u00e4gnantes Beispiel f\u00fcr solchen Populismus in der<br \/>\n<br \/>\nUnion ist Hartz IV. Erst war die CDU f\u00fcr die Zusammenlegung von Arbeitslosen- und Sozialhilfe. Nachdem es nun ernst wird, erfolgt die Kehrtwende. <\/p>\n<p>Milbradt: Wir hatten zun\u00e4chst ein eigenes Konzept, das nicht<br \/>\n<br \/>\nakzeptiert wurde. Dann hat sich die Union auf einen Kompromiss eingelassen, den ich von Anfang an skeptisch gesehen habe. Ich h\u00e4tte schon damals ein Scheitern der Verhandlungen in Kauf genommen. <\/p>\n<p>DIE WELT: Was beinhaltete der Kompromiss? <\/p>\n<p>Milbradt: Erstens eine Option: Die Erledigung der Aufgabe kann<\/p>\n<p>sowohl von den Kommunen wie von der Bundesanstalt f\u00fcr Arbeit \u00fcbernommen werden. Letztere sollte also kein Monopol erhalten. Zweitens: Die Kommunen werden um rund 2,5 Milliarden entlastet. Und drittens: Die Politik schafft Rahmenbedingungen, die eine bessere Vermittlung von Arbeitlosen garantiert. Jetzt stellen wir fest, dass keine dieser Bedingungen erf\u00fcllt wurde. Die Bundesanstalt ist nicht einmal in der Lage, die Dinge ab dem 1. Januar 2005 auch nur technisch in den Griff zu bekommen. <\/p>\n","protected":false},"excerpt":{"rendered":"<p>Zur live-Debatte bei FEMINISSIMA  &#8211; hier wieder einmal ein Blick in die aktuelle PRESSE.<br \/>\n<br \/>\nWir haben erneut die WELT ausgew\u00e4hlt.<br \/>\n<br \/>\nVerr\u00fcckte Welt&#8230;die WELT wird zunehmend unser Sympathiblatt, w\u00e4hrend die taz zunehmend unser Buh-Blatt &#8230;wird.<br \/>\n<br \/>\nNat\u00fcrlich bevorzugen wir FREITAG &#8211; die Wochenzeitung aus dem Osten&#8230;aber die WELT-Leute schreiben unversch\u00e4mt-gut und das Blatt widmet sich nicht nur himmlischer Kulturkritik&#8230;sondern auch t\u00e4glich der HARTZ IV &#8211; Kritik. Bitte sehr:<\/p>\n","protected":false},"author":2,"featured_media":0,"comment_status":"closed","ping_status":"closed","sticky":false,"template":"","format":"standard","meta":{"footnotes":""},"categories":[14],"tags":[],"class_list":["post-83469","post","type-post","status-publish","format-standard","hentry","category-fempolitik","entry"],"yoast_head":"<!-- This site is optimized with the Yoast SEO plugin v21.0 - https:\/\/yoast.com\/wordpress\/plugins\/seo\/ -->\n<title>Presse-Spiegel: DIE WELT -&amp; HARTZ IV - Feminissima<\/title>\n<meta name=\"robots\" content=\"index, follow, max-snippet:-1, max-image-preview:large, max-video-preview:-1\" \/>\n<link rel=\"canonical\" href=\"https:\/\/feminissima.de\/index.php\/2004\/06\/29\/presse-spiegel-die-welt-hartz-iv\/\" \/>\n<meta property=\"og:locale\" content=\"de_DE\" \/>\n<meta property=\"og:type\" content=\"article\" \/>\n<meta property=\"og:title\" content=\"Presse-Spiegel: DIE WELT -&amp; HARTZ IV - Feminissima\" \/>\n<meta property=\"og:description\" content=\"Zur live-Debatte bei FEMINISSIMA - hier wieder einmal ein Blick in die aktuelle PRESSE. Wir haben erneut die WELT ausgew\u00e4hlt. Verr\u00fcckte Welt...die WELT wird zunehmend unser Sympathiblatt, w\u00e4hrend die taz zunehmend unser Buh-Blatt ...wird.  Nat\u00fcrlich bevorzugen wir FREITAG - die Wochenzeitung aus dem Osten...aber die WELT-Leute schreiben unversch\u00e4mt-gut und das Blatt widmet sich nicht nur himmlischer Kulturkritik...sondern auch t\u00e4glich der HARTZ IV - Kritik. Bitte sehr:\" \/>\n<meta property=\"og:url\" content=\"https:\/\/feminissima.de\/index.php\/2004\/06\/29\/presse-spiegel-die-welt-hartz-iv\/\" \/>\n<meta property=\"og:site_name\" content=\"Feminissima\" \/>\n<meta property=\"article:published_time\" content=\"2004-06-29T02:24:38+00:00\" \/>\n<meta name=\"author\" content=\"admin\" \/>\n<meta name=\"twitter:card\" content=\"summary_large_image\" \/>\n<meta name=\"twitter:label1\" content=\"Verfasst von\" \/>\n\t<meta name=\"twitter:data1\" content=\"admin\" \/>\n\t<meta name=\"twitter:label2\" content=\"Gesch\u00e4tzte Lesezeit\" \/>\n\t<meta name=\"twitter:data2\" content=\"3\u00a0Minuten\" \/>\n<script type=\"application\/ld+json\" class=\"yoast-schema-graph\">{\"@context\":\"https:\/\/schema.org\",\"@graph\":[{\"@type\":\"WebPage\",\"@id\":\"https:\/\/feminissima.de\/index.php\/2004\/06\/29\/presse-spiegel-die-welt-hartz-iv\/\",\"url\":\"https:\/\/feminissima.de\/index.php\/2004\/06\/29\/presse-spiegel-die-welt-hartz-iv\/\",\"name\":\"Presse-Spiegel: DIE WELT -& HARTZ IV - Feminissima\",\"isPartOf\":{\"@id\":\"https:\/\/feminissima.de\/#website\"},\"datePublished\":\"2004-06-29T02:24:38+00:00\",\"dateModified\":\"2004-06-29T02:24:38+00:00\",\"author\":{\"@id\":\"https:\/\/feminissima.de\/#\/schema\/person\/0b901e053624f88e7ecbea289d9d5128\"},\"breadcrumb\":{\"@id\":\"https:\/\/feminissima.de\/index.php\/2004\/06\/29\/presse-spiegel-die-welt-hartz-iv\/#breadcrumb\"},\"inLanguage\":\"de\",\"potentialAction\":[{\"@type\":\"ReadAction\",\"target\":[\"https:\/\/feminissima.de\/index.php\/2004\/06\/29\/presse-spiegel-die-welt-hartz-iv\/\"]}]},{\"@type\":\"BreadcrumbList\",\"@id\":\"https:\/\/feminissima.de\/index.php\/2004\/06\/29\/presse-spiegel-die-welt-hartz-iv\/#breadcrumb\",\"itemListElement\":[{\"@type\":\"ListItem\",\"position\":1,\"name\":\"Startseite\",\"item\":\"https:\/\/feminissima.de\/\"},{\"@type\":\"ListItem\",\"position\":2,\"name\":\"Presse-Spiegel: DIE WELT -&#038; HARTZ IV\"}]},{\"@type\":\"WebSite\",\"@id\":\"https:\/\/feminissima.de\/#website\",\"url\":\"https:\/\/feminissima.de\/\",\"name\":\"Feminissima\",\"description\":\"\",\"potentialAction\":[{\"@type\":\"SearchAction\",\"target\":{\"@type\":\"EntryPoint\",\"urlTemplate\":\"https:\/\/feminissima.de\/?s={search_term_string}\"},\"query-input\":\"required name=search_term_string\"}],\"inLanguage\":\"de\"},{\"@type\":\"Person\",\"@id\":\"https:\/\/feminissima.de\/#\/schema\/person\/0b901e053624f88e7ecbea289d9d5128\",\"name\":\"admin\",\"image\":{\"@type\":\"ImageObject\",\"inLanguage\":\"de\",\"@id\":\"https:\/\/feminissima.de\/#\/schema\/person\/image\/\",\"url\":\"https:\/\/secure.gravatar.com\/avatar\/8da1f51327453c0bf63338e8e2a791948b7d2ac19b68839492d1e69aac6924a8?s=96&d=mm&r=g\",\"contentUrl\":\"https:\/\/secure.gravatar.com\/avatar\/8da1f51327453c0bf63338e8e2a791948b7d2ac19b68839492d1e69aac6924a8?s=96&d=mm&r=g\",\"caption\":\"admin\"},\"url\":\"https:\/\/feminissima.de\/index.php\/author\/admin\/\"}]}<\/script>\n<!-- \/ Yoast SEO plugin. -->","yoast_head_json":{"title":"Presse-Spiegel: DIE WELT -& HARTZ IV - Feminissima","robots":{"index":"index","follow":"follow","max-snippet":"max-snippet:-1","max-image-preview":"max-image-preview:large","max-video-preview":"max-video-preview:-1"},"canonical":"https:\/\/feminissima.de\/index.php\/2004\/06\/29\/presse-spiegel-die-welt-hartz-iv\/","og_locale":"de_DE","og_type":"article","og_title":"Presse-Spiegel: DIE WELT -& HARTZ IV - Feminissima","og_description":"Zur live-Debatte bei FEMINISSIMA - hier wieder einmal ein Blick in die aktuelle PRESSE. Wir haben erneut die WELT ausgew\u00e4hlt. Verr\u00fcckte Welt...die WELT wird zunehmend unser Sympathiblatt, w\u00e4hrend die taz zunehmend unser Buh-Blatt ...wird.  Nat\u00fcrlich bevorzugen wir FREITAG - die Wochenzeitung aus dem Osten...aber die WELT-Leute schreiben unversch\u00e4mt-gut und das Blatt widmet sich nicht nur himmlischer Kulturkritik...sondern auch t\u00e4glich der HARTZ IV - Kritik. Bitte sehr:","og_url":"https:\/\/feminissima.de\/index.php\/2004\/06\/29\/presse-spiegel-die-welt-hartz-iv\/","og_site_name":"Feminissima","article_published_time":"2004-06-29T02:24:38+00:00","author":"admin","twitter_card":"summary_large_image","twitter_misc":{"Verfasst von":"admin","Gesch\u00e4tzte Lesezeit":"3\u00a0Minuten"},"schema":{"@context":"https:\/\/schema.org","@graph":[{"@type":"WebPage","@id":"https:\/\/feminissima.de\/index.php\/2004\/06\/29\/presse-spiegel-die-welt-hartz-iv\/","url":"https:\/\/feminissima.de\/index.php\/2004\/06\/29\/presse-spiegel-die-welt-hartz-iv\/","name":"Presse-Spiegel: DIE WELT -& HARTZ IV - Feminissima","isPartOf":{"@id":"https:\/\/feminissima.de\/#website"},"datePublished":"2004-06-29T02:24:38+00:00","dateModified":"2004-06-29T02:24:38+00:00","author":{"@id":"https:\/\/feminissima.de\/#\/schema\/person\/0b901e053624f88e7ecbea289d9d5128"},"breadcrumb":{"@id":"https:\/\/feminissima.de\/index.php\/2004\/06\/29\/presse-spiegel-die-welt-hartz-iv\/#breadcrumb"},"inLanguage":"de","potentialAction":[{"@type":"ReadAction","target":["https:\/\/feminissima.de\/index.php\/2004\/06\/29\/presse-spiegel-die-welt-hartz-iv\/"]}]},{"@type":"BreadcrumbList","@id":"https:\/\/feminissima.de\/index.php\/2004\/06\/29\/presse-spiegel-die-welt-hartz-iv\/#breadcrumb","itemListElement":[{"@type":"ListItem","position":1,"name":"Startseite","item":"https:\/\/feminissima.de\/"},{"@type":"ListItem","position":2,"name":"Presse-Spiegel: DIE WELT -&#038; HARTZ IV"}]},{"@type":"WebSite","@id":"https:\/\/feminissima.de\/#website","url":"https:\/\/feminissima.de\/","name":"Feminissima","description":"","potentialAction":[{"@type":"SearchAction","target":{"@type":"EntryPoint","urlTemplate":"https:\/\/feminissima.de\/?s={search_term_string}"},"query-input":"required name=search_term_string"}],"inLanguage":"de"},{"@type":"Person","@id":"https:\/\/feminissima.de\/#\/schema\/person\/0b901e053624f88e7ecbea289d9d5128","name":"admin","image":{"@type":"ImageObject","inLanguage":"de","@id":"https:\/\/feminissima.de\/#\/schema\/person\/image\/","url":"https:\/\/secure.gravatar.com\/avatar\/8da1f51327453c0bf63338e8e2a791948b7d2ac19b68839492d1e69aac6924a8?s=96&d=mm&r=g","contentUrl":"https:\/\/secure.gravatar.com\/avatar\/8da1f51327453c0bf63338e8e2a791948b7d2ac19b68839492d1e69aac6924a8?s=96&d=mm&r=g","caption":"admin"},"url":"https:\/\/feminissima.de\/index.php\/author\/admin\/"}]}},"jetpack_featured_media_url":"","_links":{"self":[{"href":"https:\/\/feminissima.de\/index.php\/wp-json\/wp\/v2\/posts\/83469","targetHints":{"allow":["GET"]}}],"collection":[{"href":"https:\/\/feminissima.de\/index.php\/wp-json\/wp\/v2\/posts"}],"about":[{"href":"https:\/\/feminissima.de\/index.php\/wp-json\/wp\/v2\/types\/post"}],"author":[{"embeddable":true,"href":"https:\/\/feminissima.de\/index.php\/wp-json\/wp\/v2\/users\/2"}],"replies":[{"embeddable":true,"href":"https:\/\/feminissima.de\/index.php\/wp-json\/wp\/v2\/comments?post=83469"}],"version-history":[{"count":0,"href":"https:\/\/feminissima.de\/index.php\/wp-json\/wp\/v2\/posts\/83469\/revisions"}],"wp:attachment":[{"href":"https:\/\/feminissima.de\/index.php\/wp-json\/wp\/v2\/media?parent=83469"}],"wp:term":[{"taxonomy":"category","embeddable":true,"href":"https:\/\/feminissima.de\/index.php\/wp-json\/wp\/v2\/categories?post=83469"},{"taxonomy":"post_tag","embeddable":true,"href":"https:\/\/feminissima.de\/index.php\/wp-json\/wp\/v2\/tags?post=83469"}],"curies":[{"name":"wp","href":"https:\/\/api.w.org\/{rel}","templated":true}]}}