{"id":83452,"date":"2005-03-09T00:59:54","date_gmt":"2005-03-09T00:59:54","guid":{"rendered":"http:\/\/www.feminissima.de\/?p=83452"},"modified":"2005-03-09T00:59:54","modified_gmt":"2005-03-09T00:59:54","slug":"else-lasker-schueler-gesellschaft","status":"publish","type":"post","link":"https:\/\/feminissima.de\/index.php\/2005\/03\/09\/else-lasker-schueler-gesellschaft\/","title":{"rendered":"Else Lasker-Sch\u00fcler-Gesellschaft"},"content":{"rendered":"<p>Hier auch Termine zum Jahrestag der B\u00fccherverbrendnung. Bzw. Die Else-Lasker-Sch\u00fcler-Gesellschaft fragt nach allen Terminen&#8230;hier mehr &#8211; in die Rubrik SUPISSIMA, der Lorbeerkranz-Rubrik von FEMINISSIMA &#8211; damit die ungemein wichtige SITE nicht verlorengeht &#8211; in der Unendlichkeit des Netzes ..::<\/p>\n<p>\nVorsitzender:<br \/>\n<br \/>\n Hajo Jahn<\/p>\n<p>Stellvertreter: Heiner Bontrup<\/p>\n<p>Schatzmeisterin: Monika Knopp<\/p>\n<p>Schriftf\u00fchrerin: Anne Grev\u00e9<\/p>\n<p>Beisitzer: Prof. Manfred Brusten<br \/>\n<br \/>\nMonika Fey<br \/>\n<br \/>\nDorothee Kleinherbers-Boden<br \/>\n<br \/>\nWolfgang Drost<br \/>\n<br \/>\nsowie die Autoren Ulla Hahn und<br \/>\n<br \/>\nJir\u00ed Gru\u0161a, Tschechien<\/p>\n<p> Else-Gesellschaft mu\u00df sein: <\/p>\n<p>Was ist Ihnen diese Homepage wert?<br \/>\n<br \/>\nUns hilft jede Spende! <\/p>\n<p>Konto: 968 768, STPK Wuppertal, BLZ 330 500 00 <\/p>\n<p>Patinnen des virtuellen Zentrums der verfolgten<br \/>\n<br \/>\nK\u00fcnste:<\/p>\n<p>\nNina Hoger<\/p>\n<p>\nHannelore Hoger<\/p>\n<p>\nAngela Winkler<\/p>\n<p>\nVeronica Ferres<\/p>\n<p>Klicken Sie<br \/>\n<br \/>\nhier um zum virtuellen Zetrum der verfolgten K\u00fcnste zu gelangen<\/p>\n<p>   Das B\u00fcro<br \/>\n<br \/>\n  Wir \u00fcber uns und noch einiges [mehr &#8230;]<br \/>\n<br \/>\n  So werden Sie Mitglied (PDF zum Herunterladen)<\/p>\n<p>\n  ELS-Stiftung &#8211; Personalien<br \/>\n<br \/>\n  Mitglieder werben Mitglieder<\/p>\n<p>  Das aktuelle Info (Ausgabe 60)<br \/>\n<br \/>\n  Pressespiegel:<br \/>\n<br \/>\n&#8222;Wenn ich nur Geld h\u00e4tte!&#8220;<br \/>\n<br \/>\nEin Artikel \u00fcber die Else-Lasker-Sch\u00fcler-Gesellschaft in der Frankfurter Rundschau (PDF Dokument zum herunterladen)<\/p>\n<p>\n&#8212;&#8212;&#8212;&#8212;&#8212;&#8212;&#8212;&#8212;&#8212;&#8212;&#8212;&#8212;&#8212;&#8212;&#8212;&#8212;&#8212;&#8212;&#8212;&#8212;&#8212;&#8212;&#8212;&#8212;&#8212;&#8212;&#8211;<\/p>\n<p>  Pro und Contra:<br \/>\n<br \/>\nHochhuth &#8211; Ausladen oder mit ihm reden?<\/p>\n<p>  Gedicht zum Hitler-Film &#8211; zur Diskussion gestellt<br \/>\n<br \/>\nTuvia R\u00fcbner, Merchavia, Israel<br \/>\n<br \/>\n  Lyrische Antwort auf die NPD-Provokation von Dresden<br \/>\n<br \/>\n  Die Todestransporte der Deutschen (Reichs-)Bahn<br \/>\n<br \/>\nDie Else-Lasker-Sch\u00fcler-Gesellschaft, Wuppertal, schlie\u00dft sich der Initiative an und unterst\u00fctzt deren Anliegen nachdr\u00fccklich. In der Geburtsstadt von Else Lasker-Sch\u00fcler wurden die j\u00fcdischen B\u00fcrger vom Steinbecker Bahnhof in die Konzentrationslager transportiert.<br \/>\n<br \/>\n  60 Jahre nach der Befreiung von der NS-Diktatur un des 2. Weltkriegs:<br \/>\n<br \/>\nBundesweite (Lese-)Aktion im April\/Mai 2005<br \/>\n<br \/>\naus Anlass der B\u00fccherverbrennungen am 10. Mai 1933<\/p>\n<p>Wo finden im Bundesgebiet Veranstaltungen statt, mit denen an die B\u00fccherverbrennungen 1933 erinnert wird?<br \/>\n<br \/>\nDie Else-Lasker-Sch\u00fcler-Gesellschaft und \u2013Stiftung Verbrannte und verbannte Dichter\/K\u00fcnstler hilft bei der Vermittlung von K\u00fcnstlern\/Texten und m\u00f6chte alle Daten sammeln, wenn m\u00f6glich Veranstaltungen koordinieren.  <\/p>\n<p>  Orte der B\u00fccherverbrennungen<br \/>\n<br \/>\n  UNO-Generalsekret\u00e4r Kofi A. Annan<br \/>\n<br \/>\nschreibt der &#8222;Else-Gesellschaft&#8220; <\/p>\n<p>&#8212;&#8212;&#8212;&#8212;&#8212;&#8212;&#8212;&#8212;&#8212;&#8212;&#8212;&#8212;&#8212;&#8212;&#8212;&#8212;&#8212;&#8212;&#8212;&#8212;&#8212;&#8212;&#8212;&#8212;&#8212;&#8212;&#8211;<\/p>\n<p>  Termine<\/p>\n<p>Japan-EU &#8211; Jahr der Begegnung 2005<\/p>\n<p>\n&#8212;&#8212;&#8212;&#8212;&#8212;&#8212;&#8212;&#8212;&#8212;&#8212;&#8212;&#8212;&#8212;&#8212;&#8212;&#8212;&#8212;&#8212;&#8212;&#8212;&#8212;&#8212;&#8212;&#8212;&#8212;&#8212;&#8211;<\/p>\n<p> Allen Unkenrufen zum Trotz:<br \/>\n<br \/>\nDas Zentrum der verfolgten K\u00fcnste &#8211; in Solingen realisiert<\/p>\n<p>Zentrum f\u00fcr verfemte K\u00fcnste &#8211;<br \/>\n<br \/>\nEin interdisziplin\u00e4res Ausstellungsund Forschungsprojekt in Planung<\/p>\n<p>Das Museum Baden &#8211; das zuk\u00fcnftige Zentrum<\/p>\n<p> Zentrum f\u00fcr verbrannte Literatur und verfemte Kunst<br \/>\n<br \/>\n Vision und Verantwortung. Annemarie Renger Bundestagspr\u00e4sidentin a.D. &#8211;<br \/>\n<br \/>\nRede zur Er\u00f6ffnung der B\u00fcrgerstiftung verfemte K\u00fcnste<\/p>\n<p> Appeal for the Establishment of a German Foundation:<br \/>\n<br \/>\n&#8222;The Burnt Writers&#8220; <\/p>\n<p>  Else-Lasker-Sch\u00fcler-Foren &#8211;<br \/>\n<br \/>\nWege zu einem &#8222;Zentrum der verfolgten K\u00fcnste und Intellektuellen&#8220;<\/p>\n<p>  Der Weg zum Exil-Archiv und zum Exil-Club<br \/>\n<br \/>\n  Manifest Vaclav Havel<br \/>\n<br \/>\n  Echo auf das XII. ELS-Forum in Prag <\/p>\n<p>&#8212;&#8212;&#8212;&#8212;&#8212;&#8212;&#8212;&#8212;&#8212;&#8212;&#8212;&#8212;&#8212;&#8212;&#8212;&#8212;&#8212;&#8212;&#8212;&#8212;&#8212;&#8212;&#8212;&#8212;&#8212;&#8212;&#8211;<\/p>\n<p>  Die Autorin Else Lasker-Sch\u00fcler<br \/>\n<br \/>\n  Dissertationen zum Thema Else Lasker-Sch\u00fcler<br \/>\n<br \/>\n  Literatur zu Else Lasker-Sch\u00fcler<br \/>\n<br \/>\n  \u201eDer Sachsenhof\u201c<br \/>\n<br \/>\nEine Erinnerung an Else Lasker-Sch\u00fcler<br \/>\n<br \/>\nSendung am 11. Februar 2005, 20.10 Uhr im DEUTSCHLANDFUNK<br \/>\n<br \/>\n  &#8222;Zeitzeichen&#8220; zum 60. Todestag von ELS am 19. Januar 2005 im WDR<br \/>\n<br \/>\n  Else-ONLINE-SHOP: B\u00fccher und Kunstwerke, die \u00fcber uns zu beziehen sind &#8211; intelligent schenken!<br \/>\n<br \/>\nLiteratur-Nobelpreistr\u00e4gerin Elfriede Jelinek: &#8222;Liebeserkl\u00e4rung an Else Lasker-Sch\u00fcler&#8220; im neuen Else-Almanach<\/p>\n<p>Ein Artikel der Rheinischen Post \u00fcber den 6. ELS-Almanach<\/p>\n<p>  CD-Empfehlung &#8222;Sound of Fufu <\/p>\n<p>&#8212;&#8212;&#8212;&#8212;&#8212;&#8212;&#8212;&#8212;&#8212;&#8212;&#8212;&#8212;&#8212;&#8212;&#8212;&#8212;&#8212;&#8212;&#8212;&#8212;&#8212;&#8212;&#8212;&#8212;&#8212;&#8212;&#8211;<\/p>\n<p>    www.wir-brauchen-Ihre-Hilfe.de&#8230;<br \/>\n<br \/>\n     Wer hat Lust, Interesse und Freude, regelm\u00e4\u00dfig ein Kreuzwortr\u00e4tsel anzufertigen, bei dem es um verfolgte Intellektuelle, um widerst\u00e4ndige Schriftsteller wie Kurt Tucholsky, Schauspieler wie Elisabeth Bergner oder Peter Lorre, Musiker wie Friedrich Hollaender, Regisseure wie Erwin Piscator, Naturwissenschaftler wie Albert Einstein oder Geisteswissenschaftler wie Golo Mann geht, um Exilorte oder B\u00fcchtertitel? Die Anregungen und Informationen dazu liefert die Website &#8222;Exil-Archiv.de&#8220;, auf der wir dieses Kreuzwortr\u00e4tsel k\u00fcnftig regelm\u00e4\u00dfig ver\u00f6ffentlichen m\u00f6chten. Mit Namen des Verfassers, selbstverst\u00e4ndlich.<br \/>\n<br \/>\nUnter den jenigen, die das Kreuzwortr\u00e4tsel l\u00f6sen, losen wir einen Gewinner aus, der einen Preis aus dem &#8222;Else-Shop&#8220; erh\u00e4lt.<\/p>\n<p>\n    Die lyrische Seite (Gedicht des Monats)<br \/>\n<br \/>\n    Werkstatt f\u00fcr Lyrik und Prosa<\/p>\n<p>    Peter Hille, der Mentor von Else Lasker-Sch\u00fcler&#8230;<\/p>\n<p>    Buchempfehlungen:<br \/>\n<br \/>\nEin besonderes Kapitel: Verfolgung von sexuellen Minderheiten<br \/>\n<br \/>\nNeuauflage von \u201eMann f\u00fcr Mann\u201c geplant<\/p>\n<p>Rezension der Else-Lasker-Sch\u00fcler-Biographie von Sigrid Bauschinger<\/p>\n<p>    &#8222;Die Grenzen des Frauseins aufheben &#8211; Milly Steger im poetischen Spiegel von ELS&#8220; \u00a9 (PDF-Dokument)<br \/>\n<br \/>\n    Breslau und Niederschlesien im Nationalsozialismus &#8211;<br \/>\n<br \/>\nein internationales Projekt zur Erforschung von lokaler Machtaus\u00fcbung und Widerstand in der Stadt<br \/>\n<br \/>\n    Spurensuche &#8211; ein Stadtrundgang <\/p>\n<p>    Wo ist das authentische Else-Lasker-Sch\u00fcler-Haus?<\/p>\n<p>    Ausgew\u00e4hlte Internetangebote<br \/>\n<br \/>\n    Archiv <\/p>\n<p>\n&#8212;&#8212;&#8212;&#8212;&#8212;&#8212;&#8212;&#8212;&#8212;&#8212;&#8212;&#8212;&#8212;&#8212;&#8212;&#8212;&#8212;&#8212;&#8212;&#8212;&#8212;&#8212;&#8212;&#8212;&#8212;&#8212;&#8211;<\/p>\n<p> Wir danken dem J\u00fcdischen Verlag im Suhrkamp Verlag, bei dem die Weltrechte an den Werken von Else Lasker-Sch\u00fcler liegen.<br \/>\n<br \/>\nwww.suhrkamp.de<\/p>\n<p>\n&#8212;&#8212;&#8212;&#8212;&#8212;&#8212;&#8212;&#8212;&#8212;&#8212;&#8212;&#8212;&#8212;&#8212;&#8212;&#8212;&#8212;&#8212;&#8212;&#8212;&#8212;&#8212;&#8212;&#8212;&#8212;&#8212;&#8211;<\/p>\n<p>aktualisiert am:<br \/>\n<br \/>\n07.03.2005<br \/>\n<br \/>\n\u00a9 Uwe Platzek<br \/>\n<br \/>\nPeter Chlistowski<\/p>\n<p> Else-Lasker-Sch\u00fcler-Gesellschaft e.V.<br \/>\n<br \/>\nHerzogstra\u00dfe 42, D-42103 Wuppertal<br \/>\n<br \/>\nTelefon: +49-202-30 51 98,<br \/>\n<br \/>\nFax: +49-202-74 75 433<br \/>\n<br \/>\nEingetragen in das Vereinsregister beim Amtsgericht Wuppertal Nr. 2959<br \/>\n<br \/>\nE-Mail: Vorstand@Else-Lasker-Schueler-Gesellschaft.de<br \/>\n<br \/>\nSpendenkonto: 968 768, Stadtsparkasse Wuppertal, BLZ 330 500 00<br \/>\n<br \/>\nStiftung Verbrannte und Verbannte Dichter-\/K\u00fcnstlerInnen &#8211;<br \/>\n<br \/>\nf\u00fcr ein Zentrum der verfolgten K\u00fcnste<br \/>\n<br \/>\nVorstand:<br \/>\n<br \/>\nHajo Jahn (Vorsitzender), Herbert Beil, Dr. jur. Rolf K\u00f6ster, Dr. Rolf Jessewitsch<br \/>\n<br \/>\nKuratorium:<br \/>\n<br \/>\nHans-Dietrich Genscher, Dr. h.c. Annemarie Renger, Prof. Dr. Klaus Goebel, Prof. Dr. Christoph St\u00f6lzl, Ingrid Bach\u00e8r, Ursula Schulz Dornburg, J\u00fcrgen Serke<br \/>\n<br \/>\nKonto: 902 999 000, Stadtsparkasse Wuppertal, BLZ 330 500 00<br \/>\n<br \/>\nInternet: www.Exil-Archiv.de<\/p>\n<p>&#8212;&#8212;&#8212;&#8212;&#8212;&#8212;&#8212;&#8212;&#8212;&#8212;&#8212;&#8212;&#8212;&#8212;&#8212;&#8212;&#8212;&#8212;&#8212;&#8212;&#8212;&#8212;&#8212;&#8212;&#8212;&#8212;&#8211;<\/p>\n<p>Nokia 7250 <\/p>\n<p>Seit dem 28. September 2001 sind Sie Besucher No.:<\/p>\n<p>Hier finden Sie eine Webstatistik, Stand 28. September 2001<\/p>\n<p>[Seitenanfang]<\/p>\n<p><\/p>\n","protected":false},"excerpt":{"rendered":"<p>Hier auch Termine zum Jahrestag der B\u00fccherverbrendnung. Bzw. Die Else-Lasker-Sch\u00fcler-Gesellschaft fragt nach allen Terminen&#8230;hier mehr &#8211; in die Rubrik SUPISSIMA, der Lorbeerkranz-Rubrik von FEMINISSIMA &#8211; damit die ungemein wichtige SITE nicht verlorengeht &#8211; in der Unendlichkeit des Netzes ..::<\/p>\n","protected":false},"author":2,"featured_media":0,"comment_status":"closed","ping_status":"closed","sticky":false,"template":"","format":"standard","meta":{"footnotes":""},"categories":[32],"tags":[],"class_list":["post-83452","post","type-post","status-publish","format-standard","hentry","category-supissima","entry"],"yoast_head":"<!-- This site is optimized with the Yoast SEO plugin v21.0 - https:\/\/yoast.com\/wordpress\/plugins\/seo\/ -->\n<title>Else Lasker-Sch\u00fcler-Gesellschaft - Feminissima<\/title>\n<meta name=\"robots\" content=\"index, follow, max-snippet:-1, max-image-preview:large, max-video-preview:-1\" \/>\n<link rel=\"canonical\" href=\"https:\/\/feminissima.de\/index.php\/2005\/03\/09\/else-lasker-schueler-gesellschaft\/\" \/>\n<meta property=\"og:locale\" content=\"de_DE\" \/>\n<meta property=\"og:type\" content=\"article\" \/>\n<meta property=\"og:title\" content=\"Else Lasker-Sch\u00fcler-Gesellschaft - Feminissima\" \/>\n<meta property=\"og:description\" content=\"Hier auch Termine zum Jahrestag der B\u00fccherverbrendnung. Bzw. Die Else-Lasker-Sch\u00fcler-Gesellschaft fragt nach allen Terminen...hier mehr - in die Rubrik SUPISSIMA, der Lorbeerkranz-Rubrik von FEMINISSIMA - damit die ungemein wichtige SITE nicht verlorengeht - in der Unendlichkeit des Netzes ..::\" \/>\n<meta property=\"og:url\" content=\"https:\/\/feminissima.de\/index.php\/2005\/03\/09\/else-lasker-schueler-gesellschaft\/\" \/>\n<meta property=\"og:site_name\" content=\"Feminissima\" \/>\n<meta property=\"article:published_time\" content=\"2005-03-09T00:59:54+00:00\" \/>\n<meta name=\"author\" content=\"admin\" \/>\n<meta name=\"twitter:card\" content=\"summary_large_image\" \/>\n<meta name=\"twitter:label1\" content=\"Verfasst von\" \/>\n\t<meta name=\"twitter:data1\" content=\"admin\" \/>\n\t<meta name=\"twitter:label2\" content=\"Gesch\u00e4tzte Lesezeit\" \/>\n\t<meta name=\"twitter:data2\" content=\"4\u00a0Minuten\" \/>\n<script type=\"application\/ld+json\" class=\"yoast-schema-graph\">{\"@context\":\"https:\/\/schema.org\",\"@graph\":[{\"@type\":\"WebPage\",\"@id\":\"https:\/\/feminissima.de\/index.php\/2005\/03\/09\/else-lasker-schueler-gesellschaft\/\",\"url\":\"https:\/\/feminissima.de\/index.php\/2005\/03\/09\/else-lasker-schueler-gesellschaft\/\",\"name\":\"Else Lasker-Sch\u00fcler-Gesellschaft - Feminissima\",\"isPartOf\":{\"@id\":\"https:\/\/feminissima.de\/#website\"},\"datePublished\":\"2005-03-09T00:59:54+00:00\",\"dateModified\":\"2005-03-09T00:59:54+00:00\",\"author\":{\"@id\":\"https:\/\/feminissima.de\/#\/schema\/person\/0b901e053624f88e7ecbea289d9d5128\"},\"breadcrumb\":{\"@id\":\"https:\/\/feminissima.de\/index.php\/2005\/03\/09\/else-lasker-schueler-gesellschaft\/#breadcrumb\"},\"inLanguage\":\"de\",\"potentialAction\":[{\"@type\":\"ReadAction\",\"target\":[\"https:\/\/feminissima.de\/index.php\/2005\/03\/09\/else-lasker-schueler-gesellschaft\/\"]}]},{\"@type\":\"BreadcrumbList\",\"@id\":\"https:\/\/feminissima.de\/index.php\/2005\/03\/09\/else-lasker-schueler-gesellschaft\/#breadcrumb\",\"itemListElement\":[{\"@type\":\"ListItem\",\"position\":1,\"name\":\"Startseite\",\"item\":\"https:\/\/feminissima.de\/\"},{\"@type\":\"ListItem\",\"position\":2,\"name\":\"Else Lasker-Sch\u00fcler-Gesellschaft\"}]},{\"@type\":\"WebSite\",\"@id\":\"https:\/\/feminissima.de\/#website\",\"url\":\"https:\/\/feminissima.de\/\",\"name\":\"Feminissima\",\"description\":\"\",\"potentialAction\":[{\"@type\":\"SearchAction\",\"target\":{\"@type\":\"EntryPoint\",\"urlTemplate\":\"https:\/\/feminissima.de\/?s={search_term_string}\"},\"query-input\":\"required name=search_term_string\"}],\"inLanguage\":\"de\"},{\"@type\":\"Person\",\"@id\":\"https:\/\/feminissima.de\/#\/schema\/person\/0b901e053624f88e7ecbea289d9d5128\",\"name\":\"admin\",\"image\":{\"@type\":\"ImageObject\",\"inLanguage\":\"de\",\"@id\":\"https:\/\/feminissima.de\/#\/schema\/person\/image\/\",\"url\":\"https:\/\/secure.gravatar.com\/avatar\/8da1f51327453c0bf63338e8e2a791948b7d2ac19b68839492d1e69aac6924a8?s=96&d=mm&r=g\",\"contentUrl\":\"https:\/\/secure.gravatar.com\/avatar\/8da1f51327453c0bf63338e8e2a791948b7d2ac19b68839492d1e69aac6924a8?s=96&d=mm&r=g\",\"caption\":\"admin\"},\"url\":\"https:\/\/feminissima.de\/index.php\/author\/admin\/\"}]}<\/script>\n<!-- \/ Yoast SEO plugin. -->","yoast_head_json":{"title":"Else Lasker-Sch\u00fcler-Gesellschaft - Feminissima","robots":{"index":"index","follow":"follow","max-snippet":"max-snippet:-1","max-image-preview":"max-image-preview:large","max-video-preview":"max-video-preview:-1"},"canonical":"https:\/\/feminissima.de\/index.php\/2005\/03\/09\/else-lasker-schueler-gesellschaft\/","og_locale":"de_DE","og_type":"article","og_title":"Else Lasker-Sch\u00fcler-Gesellschaft - Feminissima","og_description":"Hier auch Termine zum Jahrestag der B\u00fccherverbrendnung. Bzw. Die Else-Lasker-Sch\u00fcler-Gesellschaft fragt nach allen Terminen...hier mehr - in die Rubrik SUPISSIMA, der Lorbeerkranz-Rubrik von FEMINISSIMA - damit die ungemein wichtige SITE nicht verlorengeht - in der Unendlichkeit des Netzes ..::","og_url":"https:\/\/feminissima.de\/index.php\/2005\/03\/09\/else-lasker-schueler-gesellschaft\/","og_site_name":"Feminissima","article_published_time":"2005-03-09T00:59:54+00:00","author":"admin","twitter_card":"summary_large_image","twitter_misc":{"Verfasst von":"admin","Gesch\u00e4tzte Lesezeit":"4\u00a0Minuten"},"schema":{"@context":"https:\/\/schema.org","@graph":[{"@type":"WebPage","@id":"https:\/\/feminissima.de\/index.php\/2005\/03\/09\/else-lasker-schueler-gesellschaft\/","url":"https:\/\/feminissima.de\/index.php\/2005\/03\/09\/else-lasker-schueler-gesellschaft\/","name":"Else Lasker-Sch\u00fcler-Gesellschaft - Feminissima","isPartOf":{"@id":"https:\/\/feminissima.de\/#website"},"datePublished":"2005-03-09T00:59:54+00:00","dateModified":"2005-03-09T00:59:54+00:00","author":{"@id":"https:\/\/feminissima.de\/#\/schema\/person\/0b901e053624f88e7ecbea289d9d5128"},"breadcrumb":{"@id":"https:\/\/feminissima.de\/index.php\/2005\/03\/09\/else-lasker-schueler-gesellschaft\/#breadcrumb"},"inLanguage":"de","potentialAction":[{"@type":"ReadAction","target":["https:\/\/feminissima.de\/index.php\/2005\/03\/09\/else-lasker-schueler-gesellschaft\/"]}]},{"@type":"BreadcrumbList","@id":"https:\/\/feminissima.de\/index.php\/2005\/03\/09\/else-lasker-schueler-gesellschaft\/#breadcrumb","itemListElement":[{"@type":"ListItem","position":1,"name":"Startseite","item":"https:\/\/feminissima.de\/"},{"@type":"ListItem","position":2,"name":"Else Lasker-Sch\u00fcler-Gesellschaft"}]},{"@type":"WebSite","@id":"https:\/\/feminissima.de\/#website","url":"https:\/\/feminissima.de\/","name":"Feminissima","description":"","potentialAction":[{"@type":"SearchAction","target":{"@type":"EntryPoint","urlTemplate":"https:\/\/feminissima.de\/?s={search_term_string}"},"query-input":"required name=search_term_string"}],"inLanguage":"de"},{"@type":"Person","@id":"https:\/\/feminissima.de\/#\/schema\/person\/0b901e053624f88e7ecbea289d9d5128","name":"admin","image":{"@type":"ImageObject","inLanguage":"de","@id":"https:\/\/feminissima.de\/#\/schema\/person\/image\/","url":"https:\/\/secure.gravatar.com\/avatar\/8da1f51327453c0bf63338e8e2a791948b7d2ac19b68839492d1e69aac6924a8?s=96&d=mm&r=g","contentUrl":"https:\/\/secure.gravatar.com\/avatar\/8da1f51327453c0bf63338e8e2a791948b7d2ac19b68839492d1e69aac6924a8?s=96&d=mm&r=g","caption":"admin"},"url":"https:\/\/feminissima.de\/index.php\/author\/admin\/"}]}},"jetpack_featured_media_url":"","_links":{"self":[{"href":"https:\/\/feminissima.de\/index.php\/wp-json\/wp\/v2\/posts\/83452","targetHints":{"allow":["GET"]}}],"collection":[{"href":"https:\/\/feminissima.de\/index.php\/wp-json\/wp\/v2\/posts"}],"about":[{"href":"https:\/\/feminissima.de\/index.php\/wp-json\/wp\/v2\/types\/post"}],"author":[{"embeddable":true,"href":"https:\/\/feminissima.de\/index.php\/wp-json\/wp\/v2\/users\/2"}],"replies":[{"embeddable":true,"href":"https:\/\/feminissima.de\/index.php\/wp-json\/wp\/v2\/comments?post=83452"}],"version-history":[{"count":0,"href":"https:\/\/feminissima.de\/index.php\/wp-json\/wp\/v2\/posts\/83452\/revisions"}],"wp:attachment":[{"href":"https:\/\/feminissima.de\/index.php\/wp-json\/wp\/v2\/media?parent=83452"}],"wp:term":[{"taxonomy":"category","embeddable":true,"href":"https:\/\/feminissima.de\/index.php\/wp-json\/wp\/v2\/categories?post=83452"},{"taxonomy":"post_tag","embeddable":true,"href":"https:\/\/feminissima.de\/index.php\/wp-json\/wp\/v2\/tags?post=83452"}],"curies":[{"name":"wp","href":"https:\/\/api.w.org\/{rel}","templated":true}]}}