{"id":83451,"date":"2004-04-19T12:28:00","date_gmt":"2004-04-19T12:28:00","guid":{"rendered":"http:\/\/www.feminissima.de\/?p=83451"},"modified":"2004-04-19T12:28:00","modified_gmt":"2004-04-19T12:28:00","slug":"les-penelopes-internationale-frauen-presse-agentur","status":"publish","type":"post","link":"https:\/\/feminissima.de\/index.php\/2004\/04\/19\/les-penelopes-internationale-frauen-presse-agentur\/","title":{"rendered":"Les P\u00e9n\u00e9lop\u00e9s &#8211; Internationale Frauen-Presse-Agentur"},"content":{"rendered":"<p>Das kann es nur in Frankreich geben &#8211; eine internationel Frauen-Presse-Agentur.<br \/>Die sich prim\u00e4r- aber nicht nur &#8211; der Situation der Frauen in Afrika widmet.<br \/>In der aktuellen Presse-Mitteilungen &#8211; in Franz\u00f6sisch und Spanisch geht es unter anderem um ein alternatives Musikfestival mit auch Musikerinnen aus Afrika.<br \/>Etwas sp\u00e4ter \u00fcbersetzt FEM die wichtigsten Passagen.<br \/>Aber eigentlich solltet Ihr flie\u00dfend Franz\u00f6sisch und Spanisch lesen, sprechen und schreiben k\u00f6nnen!<br \/>N&#8217;est-ce-pas? Claro, que s\u00ed !<br \/>Les P\u00e9n\u00e9lopes<br \/>\n<br \/>\nAgence internationale femmes informations<br \/>\n<br \/>\n16 avril 2004<br \/>\n<br \/>\nhttp:\/\/www.penelopes.org\/<\/p>\n<p>\nIn French only<br \/>\n<br \/>\nEn frances unicamente<\/p>\n<p>Women of Africa<\/p>\n<p>Putumayo World Music, Alter Mundi et les P\u00e9n\u00e9lopes donnent la parole aux femmes<br \/>\n<br \/>\nd&#8217;Afrique et d&#8217;ailleurs<\/p>\n<p>\n\u00c0 l&#8217;occasion de la sortie de sa nouvelle compilation Women of Africa ces<br \/>\n<br \/>\njours-ci, Putumayo World Music prend r\u00e9sidence et vous invite chez Alter Mundi,<br \/>\n<br \/>\nle mercredi 12 mai 2004 \u00e0 partir de 19h30 pour une soir\u00e9e d\u00e9di\u00e9e aux femmes<br \/>\n<br \/>\ncr\u00e9atrices. De la musique bien s\u00fbr, sous forme de show cases acoustiques de<br \/>\n<br \/>\nDobet Gnahore et Nawal &#8211; qui figurent toutes deux sur l&#8217;album \u2013 mais aussi un<br \/>\n<br \/>\nd\u00e9bat sur la cr\u00e9ation des femmes par l&#8217;\u00e9conomique. Des membres du R\u00e9seau<br \/>\n<br \/>\ninternational femmes et \u00e9conomie solidaire \u2013 et en particulier Declic<br \/>\n<br \/>\n(declic93.org) et Femmes actives (femmes-actives.org) &#8211;\u00a0 interviendront afin<br \/>\n<br \/>\nd&#8217;apporter leur \u00e9clairage sur l&#8217;apport des femmes dans la cr\u00e9ation, au niveau<br \/>\n<br \/>\nculturel mais aussi \u00e9conomique et social, en offrant par exemple des stages<br \/>\n<br \/>\nd&#8217;\u00e9veil par le chant dans les cit\u00e9s de banlieue ou dans les endroits les plus<br \/>\n<br \/>\nrecul\u00e9s d&#8217;Afrique, ou en per\u00e7ant chez chacune d&#8217;entre elles l&#8217;outil d&#8217;expression<br \/>\n<br \/>\nqui leur permet de cr\u00e9er leur propre emploi.<\/p>\n<p>DJ set en derni\u00e8re partie de soir\u00e9e.<br \/>\n<br \/>\nBuffet et boissons<br \/>\n<br \/>\nBienvenue<\/p>\n<p>Alter Mundi<br \/>\n<br \/>\nNouvelle boutique de mobilier, d\u00e9co, arts, \u00e9v\u00e9nements, Alter Mundi a pour<br \/>\n<br \/>\nobjectif de favoriser le commerce \u00e9quitable et \u00e9thique. Cet espace unique<br \/>\n<br \/>\npropose une gamme de produits tr\u00e8s design, r\u00e9alis\u00e9s par des artisans et des<br \/>\n<br \/>\npetites entreprises du \u00ab Sud \u00bb se distinguant par des pratiques sociales et<br \/>\n<br \/>\nenvironnementales responsables. www.altermundi.com<\/p>\n<p>Les P\u00e9n\u00e9lopes<br \/>\n<br \/>\nEn janvier 2002, Les P\u00e9n\u00e9lopes, agence f\u00e9ministe d&#8217;information, lan\u00e7aient le \u00ab<br \/>\n<br \/>\nR\u00e9seau international Femmes et \u00e9conomie solidaire \u00bb, comptant sur l&#8217;engagement<br \/>\n<br \/>\nde partenaires de France, S\u00e9n\u00e9gal, Qu\u00e9bec, Serbie-Montenegro et Br\u00e9sil. Objectif<br \/>\n<br \/>\n: donner de la visibilit\u00e9 aux alternatives \u00e9conomiques port\u00e9es par les femmes,<br \/>\n<br \/>\net cr\u00e9er un espace propice \u00e0 l&#8217;\u00e9change de pratiques, la mise en commun de<br \/>\n<br \/>\nsynergies, au d\u00e9bat sur la diversit\u00e9 des r\u00e9ussites rencontr\u00e9es par les femmes<br \/>\n<br \/>\ncr\u00e9atrices de leur propre emploi partout dans le monde. Un an plus tard, le<br \/>\n<br \/>\nr\u00e9seau avait obtenu l&#8217;approbation enthousiaste et la participation active de<br \/>\n<br \/>\nfemmes du Congo, Cameroun, Ha\u00efti, Mali, Burkina Faso, Paraguay, Argentine,<br \/>\n<br \/>\nEquateur, Chili, Mexique, Palestine, Croatie, Bosnie, Bulgarie, Inde, N\u00e9pal\u2026<br \/>\n<br \/>\nwww.penelopes.org<\/p>\n<p>Dobet Gnahor\u00e9, fille de Boni Gnahor\u00e9 &#8211; un musicien ivoirien tr\u00e8s connu dans son<br \/>\n<br \/>\npays \u2013 est d\u00e9sormais install\u00e9e en France o\u00f9 elle \u00e0 sorti cette ann\u00e9e un album &#8218;<br \/>\n<br \/>\nAno Neko&#8216; sur le label Contrejour.\u00a0 Sa musique refl\u00e8te une vari\u00e9t\u00e9 d&#8217;influences,<br \/>\n<br \/>\nde la musique mandingue \u00e0 la rumba congolaise, du Ziglibiti ivoirien au bikutsi<br \/>\n<br \/>\ncamerounais. Le public a pu la d\u00e9couvrir r\u00e9cemment en premi\u00e8re partie de la<br \/>\n<br \/>\ntourn\u00e9e fran\u00e7aise d&#8217;Habib Koit\u00e9. www.contrejour.com<\/p>\n<p>Nawal nous viens des \u00eeles Comores, djaza\u00cfr Al Kamar en arabe, archipel de quatre<br \/>\n<br \/>\n\u00eeles situ\u00e9 entre Madagascar et l&#8217;Afrique, dans l&#8217;oc\u00e9an indien. A onze ans , elle<br \/>\n<br \/>\nrejoint sa m\u00e8re \u00e0 Valence, dans la dr\u00f4me ou elle grandit. Dans les ann\u00e9e 1980,<br \/>\n<br \/>\nelle est guitariste pour &#8222;Karthala&#8220;, un groupe Afro-jazz dirig\u00e9 par son oncle.<br \/>\n<br \/>\nEn 1985, retour aux Comores, Nawal y red\u00e9couvre son h\u00e9ritage culturel et d\u00e9cide<br \/>\n<br \/>\nde le mettre en lumi\u00e8re. Elle devient alors la premi\u00e8re femme comorienne<br \/>\n<br \/>\nmusicienne, auteur compositeur interpr\u00e8te \u00e0 se produire en public. Son album<br \/>\n<br \/>\nKweli, est disponible chez M\u00e9lodie. www.nawali.com<\/p>\n<p>Putumayo<br \/>\n<br \/>\nLabel fond\u00e9 \u00e0 New York en 1993, sp\u00e9cialiste de compilations festives de World<br \/>\n<br \/>\nMusic largement diffus\u00e9es \u00e0 travers le monde, Putumayo sait distraire mais aussi<br \/>\n<br \/>\ninitier et \u00e9duquer son public. \u00c0 travers une fondation (PCCI), initiatrice<br \/>\n<br \/>\nd&#8217;ateliers \u00e9ducatifs et de diverses collaborations avec des ONG \u00e0 travers le<br \/>\n<br \/>\nmonde. www.putumayo.com<\/p>\n<p>\nContact Presse : Eliane Petit- 12 all\u00e9e Pernette du Guillet 75019 PARIS<br \/>\n<br \/>\nTel : 01 42 06 51 80 \/ 06 64 15 51 80 &#8211; mail : eliane.petit@noos.fr<\/p>\n<p>Putumayo France : 50 rue du Faubourg du Temple, 75011 Paris<br \/>\n<br \/>\nTel\/ fax : 01 43 55 47 78\/gsm : 06 70 17 79 34 &#8211; mail : michelc@putumayo.nl<br \/>\n<br \/>\nwww.putumayo.com<\/p>\n<p>&#8212;&#8212;&#8212;&#8212;&#8212;&#8212;&#8212;&#8212;&#8212;&#8212;&#8212;&#8212;&#8212;&#8212;&#8212;&#8212;&#8212;&#8212;&#8212;&#8212;-<\/p>\n<p>* Acc\u00e9der directement aux pages traitant du sujet qui vous int\u00e9resse<br \/>\n<br \/>\nhttp:\/\/www.penelopes.org\/rch.html<\/p>\n<p>* Inscrivez-vous sur notre mailing-list pour \u00eatre tenu-e inform\u00e9-e<br \/>\n<br \/>\nhttp:\/\/www.penelopes.org\/xabonnement.php3<\/p>\n<p>* Pour communiquer avec nous, vous disposez de nombreuses adresses appropri\u00e9es \u00e0<br \/>\n<br \/>\nvos besoins<br \/>\n<br \/>\nR\u00e9dactionredaction@penelopes.org<br \/>\n<br \/>\nPartenariat\/rencontresrenc@penelopes.org<br \/>\n<br \/>\nAssociationassoc@penelopes.org<br \/>\n<br \/>\nDemandes infoinfo@penelopes.org<br \/>\n<br \/>\nContactpenelopes@penelopes.org<\/p>\n<p>* Pour nous rejoindre ou nous soutenir, vous pouvez adh\u00e9rer : 20 euros pour les<br \/>\n<br \/>\nindividuel-les, 50 euros pour les associations. Vous pouvez aussi vous abonner<br \/>\n<br \/>\n(30, 60, 100 ou 150\u20ac par an). Envoyez un ch\u00e8que, en sp\u00e9cifiant vos nom, pr\u00e9nom,<br \/>\n<br \/>\norganisation\/association, adresse, pays, e-mail, URL site, si vous en avez un \u00e0<br \/>\n<br \/>\n:<br \/>\n<br \/>\nLes P\u00e9n\u00e9lopes, 21, rue Voltaire, 75011 Paris<\/p>\n<p>&#8212;&#8212;&#8212;&#8212;&#8212;&#8212;&#8212;&#8212;&#8212;&#8212;&#8212;&#8212;&#8212;&#8212;&#8212;&#8212;&#8212;&#8212;&#8212;&#8212;&#8212;&#8212;&#8212;&#8212;&#8212;&#8212;&#8212;&#8212;<\/p>\n<p>\nToutes les informations publi\u00e9es sur ce site \u00e9manent de diff\u00e9rentes sources de<br \/>\n<br \/>\ntous les continents. La grande majorit\u00e9 provient de r\u00e9seaux de femmes. A ce<br \/>\n<br \/>\ntitre, elles sont rarement publi\u00e9es dans les m\u00e9dias traditionnels (t\u00e9l\u00e9vision,<br \/>\n<br \/>\nradio, presse \u00e9crite). Certains papiers sont totalement in\u00e9dits.<\/p>\n<p>&#8212;&#8212;&#8212;&#8212;&#8212;&#8212;&#8212;&#8212;&#8212;&#8212;&#8212;&#8212;&#8212;&#8212;&#8212;&#8212;&#8212;&#8212;&#8212;&#8212;-<br \/>\n<br \/>\n&#8212;&#8212;&#8212;&#8212;&#8212;&#8212;&#8212;&#8212;&#8212;&#8212;&#8212;&#8212;&#8212;&#8212;&#8212;&#8212;&#8212;&#8212;&#8212;&#8212;-<\/p>\n<p>Les P\u00e9n\u00e9lopes<br \/>\n<br \/>\nAgencia international mujeres informaciones<br \/>\n<br \/>\n16 abril 2004<br \/>\n<br \/>\nhttp:\/\/www.penelopes.org\/Espagnol<\/p>\n<p>\n&#8212;&#8212;&#8212;&#8212;&#8212;&#8212;&#8212;&#8212;&#8212;&#8212;&#8212;&#8212;&#8212;&#8212;&#8212;&#8212;&#8212;&#8212;&#8212;&#8212;-<\/p>\n<p>* Para acceder directamente\u00a0 a las p\u00e1ginas sobre los tem\u00e1s que le interesan<br \/>\n<br \/>\n http:\/\/www.penelopes.org\/rch.html<\/p>\n<p>* Para inscribirse en nuestra lista de difusi\u00f3n para que lo-la mantengamos<br \/>\n<br \/>\ninformado-a<br \/>\n<br \/>\nhttp:\/\/www.penelopes.org\/xabonnement.php3<\/p>\n<p>* Para comunicarse con nosotro-as, existen varias direcciones disponibles seg\u00fan<br \/>\n<br \/>\nsu necesidad<br \/>\n<br \/>\n Redacci\u00f3n\u00a0\u00a0\u00a0 redaction@penelopes.org<br \/>\n<br \/>\n Partenariado\/encuentros\u00a0\u00a0\u00a0 renc@penelopes.org<br \/>\n<br \/>\n Asociaci\u00f3n\u00a0\u00a0\u00a0 assoc@penelopes.org<br \/>\n<br \/>\n Pedidos de informaci\u00f3n\u00a0\u00a0\u00a0 info@penelopes.org<br \/>\n<br \/>\n Contactarnos\u00a0\u00a0\u00a0 penelopes@penelopes.org<\/p>\n<p> * Para unirse a nosotro-as o apoyarnos, Ud. puede adherir a P\u00e9n\u00e9lopes ; 20<br \/>\n<br \/>\neuros para individuos, 50 euros para las asociaci\u00f3nes.<br \/>\n<br \/>\nTambi\u00e9n puede abonarse, lo cual le permite publicar en el sitio (100 euros por<br \/>\n<br \/>\na\u00f1o por una p\u00e1gina mensual).<br \/>\n<br \/>\nEnv\u00edenos un cheque, precisando nombre y apellido, organizaci\u00f3n\/asociaci\u00f3n,<br \/>\n<br \/>\ndirecci\u00f3n completa, pa\u00eds, e-mail, sitio URL, si tiene uno :<\/p>\n<p>Les P\u00e9n\u00e9lopes, 21, rue Voltaire, 75011 Paris &#8211; Francia<\/p>\n<p> _________________________________________________________________<\/p>\n<p>Todas las informaci\u00f3nes publicadas en nuestro sitio emanan de diferentes fuentes<br \/>\n<br \/>\nde todos los continentes. La gran mayor\u00eda proviene de redes de mujeres. Por<br \/>\n<br \/>\nesto, no son en general publicadas en los medios tradici\u00f3nales (televisi\u00f3n,<br \/>\n<br \/>\nradio, prensa impresa). Algunos art\u00edculos son totalmente in\u00e9ditos.<\/p>\n<p><\/p>\n","protected":false},"excerpt":{"rendered":"<p>Das kann es nur in Frankreich geben &#8211; eine internationel Frauen-Presse-Agentur.<br \/>Die sich prim\u00e4r- aber nicht nur &#8211; der Situation der Frauen in Afrika widmet.<br \/>In der aktuellen Presse-Mitteilungen &#8211; in Franz\u00f6sisch und Spanisch geht es unter anderem um ein alternatives Musikfestival mit auch Musikerinnen aus Afrika.<br \/>Etwas sp\u00e4ter \u00fcbersetzt FEM die wichtigsten Passagen.<br \/>Aber eigentlich solltet Ihr flie\u00dfend Franz\u00f6sisch und Spanisch lesen, sprechen und schreiben k\u00f6nnen!<br \/>N&#8217;est-ce-pas? Claro, que s\u00ed !<\/p>\n","protected":false},"author":2,"featured_media":0,"comment_status":"closed","ping_status":"closed","sticky":false,"template":"","format":"standard","meta":{"footnotes":""},"categories":[32],"tags":[],"class_list":["post-83451","post","type-post","status-publish","format-standard","hentry","category-supissima","entry"],"yoast_head":"<!-- This site is optimized with the Yoast SEO plugin v21.0 - https:\/\/yoast.com\/wordpress\/plugins\/seo\/ -->\n<title>Les P\u00e9n\u00e9lop\u00e9s - Internationale Frauen-Presse-Agentur - Feminissima<\/title>\n<meta name=\"robots\" content=\"index, follow, max-snippet:-1, max-image-preview:large, max-video-preview:-1\" \/>\n<link rel=\"canonical\" href=\"https:\/\/feminissima.de\/index.php\/2004\/04\/19\/les-penelopes-internationale-frauen-presse-agentur\/\" \/>\n<meta property=\"og:locale\" content=\"de_DE\" \/>\n<meta property=\"og:type\" content=\"article\" \/>\n<meta property=\"og:title\" content=\"Les P\u00e9n\u00e9lop\u00e9s - Internationale Frauen-Presse-Agentur - Feminissima\" \/>\n<meta property=\"og:description\" content=\"Das kann es nur in Frankreich geben - eine internationel Frauen-Presse-Agentur.Die sich prim\u00e4r- aber nicht nur - der Situation der Frauen in Afrika widmet.In der aktuellen Presse-Mitteilungen - in Franz\u00f6sisch und Spanisch geht es unter anderem um ein alternatives Musikfestival mit auch Musikerinnen aus Afrika.Etwas sp\u00e4ter \u00fcbersetzt FEM die wichtigsten Passagen.Aber eigentlich solltet Ihr flie\u00dfend Franz\u00f6sisch und Spanisch lesen, sprechen und schreiben k\u00f6nnen!N&#039;est-ce-pas? Claro, que s\u00ed !\" \/>\n<meta property=\"og:url\" content=\"https:\/\/feminissima.de\/index.php\/2004\/04\/19\/les-penelopes-internationale-frauen-presse-agentur\/\" \/>\n<meta property=\"og:site_name\" content=\"Feminissima\" \/>\n<meta property=\"article:published_time\" content=\"2004-04-19T12:28:00+00:00\" \/>\n<meta name=\"author\" content=\"admin\" \/>\n<meta name=\"twitter:card\" content=\"summary_large_image\" \/>\n<meta name=\"twitter:label1\" content=\"Verfasst von\" \/>\n\t<meta name=\"twitter:data1\" content=\"admin\" \/>\n\t<meta name=\"twitter:label2\" content=\"Gesch\u00e4tzte Lesezeit\" \/>\n\t<meta name=\"twitter:data2\" content=\"6\u00a0Minuten\" \/>\n<script type=\"application\/ld+json\" class=\"yoast-schema-graph\">{\"@context\":\"https:\/\/schema.org\",\"@graph\":[{\"@type\":\"WebPage\",\"@id\":\"https:\/\/feminissima.de\/index.php\/2004\/04\/19\/les-penelopes-internationale-frauen-presse-agentur\/\",\"url\":\"https:\/\/feminissima.de\/index.php\/2004\/04\/19\/les-penelopes-internationale-frauen-presse-agentur\/\",\"name\":\"Les P\u00e9n\u00e9lop\u00e9s - Internationale Frauen-Presse-Agentur - Feminissima\",\"isPartOf\":{\"@id\":\"https:\/\/feminissima.de\/#website\"},\"datePublished\":\"2004-04-19T12:28:00+00:00\",\"dateModified\":\"2004-04-19T12:28:00+00:00\",\"author\":{\"@id\":\"https:\/\/feminissima.de\/#\/schema\/person\/0b901e053624f88e7ecbea289d9d5128\"},\"breadcrumb\":{\"@id\":\"https:\/\/feminissima.de\/index.php\/2004\/04\/19\/les-penelopes-internationale-frauen-presse-agentur\/#breadcrumb\"},\"inLanguage\":\"de\",\"potentialAction\":[{\"@type\":\"ReadAction\",\"target\":[\"https:\/\/feminissima.de\/index.php\/2004\/04\/19\/les-penelopes-internationale-frauen-presse-agentur\/\"]}]},{\"@type\":\"BreadcrumbList\",\"@id\":\"https:\/\/feminissima.de\/index.php\/2004\/04\/19\/les-penelopes-internationale-frauen-presse-agentur\/#breadcrumb\",\"itemListElement\":[{\"@type\":\"ListItem\",\"position\":1,\"name\":\"Startseite\",\"item\":\"https:\/\/feminissima.de\/\"},{\"@type\":\"ListItem\",\"position\":2,\"name\":\"Les P\u00e9n\u00e9lop\u00e9s &#8211; Internationale Frauen-Presse-Agentur\"}]},{\"@type\":\"WebSite\",\"@id\":\"https:\/\/feminissima.de\/#website\",\"url\":\"https:\/\/feminissima.de\/\",\"name\":\"Feminissima\",\"description\":\"\",\"potentialAction\":[{\"@type\":\"SearchAction\",\"target\":{\"@type\":\"EntryPoint\",\"urlTemplate\":\"https:\/\/feminissima.de\/?s={search_term_string}\"},\"query-input\":\"required name=search_term_string\"}],\"inLanguage\":\"de\"},{\"@type\":\"Person\",\"@id\":\"https:\/\/feminissima.de\/#\/schema\/person\/0b901e053624f88e7ecbea289d9d5128\",\"name\":\"admin\",\"image\":{\"@type\":\"ImageObject\",\"inLanguage\":\"de\",\"@id\":\"https:\/\/feminissima.de\/#\/schema\/person\/image\/\",\"url\":\"https:\/\/secure.gravatar.com\/avatar\/8da1f51327453c0bf63338e8e2a791948b7d2ac19b68839492d1e69aac6924a8?s=96&d=mm&r=g\",\"contentUrl\":\"https:\/\/secure.gravatar.com\/avatar\/8da1f51327453c0bf63338e8e2a791948b7d2ac19b68839492d1e69aac6924a8?s=96&d=mm&r=g\",\"caption\":\"admin\"},\"url\":\"https:\/\/feminissima.de\/index.php\/author\/admin\/\"}]}<\/script>\n<!-- \/ Yoast SEO plugin. -->","yoast_head_json":{"title":"Les P\u00e9n\u00e9lop\u00e9s - Internationale Frauen-Presse-Agentur - Feminissima","robots":{"index":"index","follow":"follow","max-snippet":"max-snippet:-1","max-image-preview":"max-image-preview:large","max-video-preview":"max-video-preview:-1"},"canonical":"https:\/\/feminissima.de\/index.php\/2004\/04\/19\/les-penelopes-internationale-frauen-presse-agentur\/","og_locale":"de_DE","og_type":"article","og_title":"Les P\u00e9n\u00e9lop\u00e9s - Internationale Frauen-Presse-Agentur - Feminissima","og_description":"Das kann es nur in Frankreich geben - eine internationel Frauen-Presse-Agentur.Die sich prim\u00e4r- aber nicht nur - der Situation der Frauen in Afrika widmet.In der aktuellen Presse-Mitteilungen - in Franz\u00f6sisch und Spanisch geht es unter anderem um ein alternatives Musikfestival mit auch Musikerinnen aus Afrika.Etwas sp\u00e4ter \u00fcbersetzt FEM die wichtigsten Passagen.Aber eigentlich solltet Ihr flie\u00dfend Franz\u00f6sisch und Spanisch lesen, sprechen und schreiben k\u00f6nnen!N'est-ce-pas? Claro, que s\u00ed !","og_url":"https:\/\/feminissima.de\/index.php\/2004\/04\/19\/les-penelopes-internationale-frauen-presse-agentur\/","og_site_name":"Feminissima","article_published_time":"2004-04-19T12:28:00+00:00","author":"admin","twitter_card":"summary_large_image","twitter_misc":{"Verfasst von":"admin","Gesch\u00e4tzte Lesezeit":"6\u00a0Minuten"},"schema":{"@context":"https:\/\/schema.org","@graph":[{"@type":"WebPage","@id":"https:\/\/feminissima.de\/index.php\/2004\/04\/19\/les-penelopes-internationale-frauen-presse-agentur\/","url":"https:\/\/feminissima.de\/index.php\/2004\/04\/19\/les-penelopes-internationale-frauen-presse-agentur\/","name":"Les P\u00e9n\u00e9lop\u00e9s - Internationale Frauen-Presse-Agentur - Feminissima","isPartOf":{"@id":"https:\/\/feminissima.de\/#website"},"datePublished":"2004-04-19T12:28:00+00:00","dateModified":"2004-04-19T12:28:00+00:00","author":{"@id":"https:\/\/feminissima.de\/#\/schema\/person\/0b901e053624f88e7ecbea289d9d5128"},"breadcrumb":{"@id":"https:\/\/feminissima.de\/index.php\/2004\/04\/19\/les-penelopes-internationale-frauen-presse-agentur\/#breadcrumb"},"inLanguage":"de","potentialAction":[{"@type":"ReadAction","target":["https:\/\/feminissima.de\/index.php\/2004\/04\/19\/les-penelopes-internationale-frauen-presse-agentur\/"]}]},{"@type":"BreadcrumbList","@id":"https:\/\/feminissima.de\/index.php\/2004\/04\/19\/les-penelopes-internationale-frauen-presse-agentur\/#breadcrumb","itemListElement":[{"@type":"ListItem","position":1,"name":"Startseite","item":"https:\/\/feminissima.de\/"},{"@type":"ListItem","position":2,"name":"Les P\u00e9n\u00e9lop\u00e9s &#8211; Internationale Frauen-Presse-Agentur"}]},{"@type":"WebSite","@id":"https:\/\/feminissima.de\/#website","url":"https:\/\/feminissima.de\/","name":"Feminissima","description":"","potentialAction":[{"@type":"SearchAction","target":{"@type":"EntryPoint","urlTemplate":"https:\/\/feminissima.de\/?s={search_term_string}"},"query-input":"required name=search_term_string"}],"inLanguage":"de"},{"@type":"Person","@id":"https:\/\/feminissima.de\/#\/schema\/person\/0b901e053624f88e7ecbea289d9d5128","name":"admin","image":{"@type":"ImageObject","inLanguage":"de","@id":"https:\/\/feminissima.de\/#\/schema\/person\/image\/","url":"https:\/\/secure.gravatar.com\/avatar\/8da1f51327453c0bf63338e8e2a791948b7d2ac19b68839492d1e69aac6924a8?s=96&d=mm&r=g","contentUrl":"https:\/\/secure.gravatar.com\/avatar\/8da1f51327453c0bf63338e8e2a791948b7d2ac19b68839492d1e69aac6924a8?s=96&d=mm&r=g","caption":"admin"},"url":"https:\/\/feminissima.de\/index.php\/author\/admin\/"}]}},"jetpack_featured_media_url":"","_links":{"self":[{"href":"https:\/\/feminissima.de\/index.php\/wp-json\/wp\/v2\/posts\/83451","targetHints":{"allow":["GET"]}}],"collection":[{"href":"https:\/\/feminissima.de\/index.php\/wp-json\/wp\/v2\/posts"}],"about":[{"href":"https:\/\/feminissima.de\/index.php\/wp-json\/wp\/v2\/types\/post"}],"author":[{"embeddable":true,"href":"https:\/\/feminissima.de\/index.php\/wp-json\/wp\/v2\/users\/2"}],"replies":[{"embeddable":true,"href":"https:\/\/feminissima.de\/index.php\/wp-json\/wp\/v2\/comments?post=83451"}],"version-history":[{"count":0,"href":"https:\/\/feminissima.de\/index.php\/wp-json\/wp\/v2\/posts\/83451\/revisions"}],"wp:attachment":[{"href":"https:\/\/feminissima.de\/index.php\/wp-json\/wp\/v2\/media?parent=83451"}],"wp:term":[{"taxonomy":"category","embeddable":true,"href":"https:\/\/feminissima.de\/index.php\/wp-json\/wp\/v2\/categories?post=83451"},{"taxonomy":"post_tag","embeddable":true,"href":"https:\/\/feminissima.de\/index.php\/wp-json\/wp\/v2\/tags?post=83451"}],"curies":[{"name":"wp","href":"https:\/\/api.w.org\/{rel}","templated":true}]}}