{"id":83349,"date":"2003-12-26T16:12:01","date_gmt":"2003-12-26T16:12:01","guid":{"rendered":"http:\/\/www.feminissima.de\/?p=83349"},"modified":"2003-12-26T16:12:01","modified_gmt":"2003-12-26T16:12:01","slug":"heilig-abend-03","status":"publish","type":"post","link":"https:\/\/feminissima.de\/index.php\/2003\/12\/26\/heilig-abend-03\/","title":{"rendered":"Heilig-Abend 03"},"content":{"rendered":"<p>Auf vielfachen WUNSCH unserer LeserInnen haben wir &#8211; ausnahmsweise- unseren EIGENEN Text in unsere &#8222;best-of&#8220; &#8211; Rubrik gesetzt, in &#8222;SUPISSIMA&#8220;&#8230;dieser Text vom Heiligen Abend 2003, als ein St\u00fcck Zeitgeschichte&#8230;.? Impression?\/Feminissima\/am 4. M\u00e4rz 2005<br \/>&#8230;.hier noch ein Zweiglein, dort noch ein Kerzlein,<br \/>das feine Tischtuch?<br \/>Oder doch erst einmal die dekorative Samtpapier-Decke mit den Weihnachtsmotiven im warmherzigen Kuschelrot?<br \/>Golddurchwirkt, selbstverst\u00e4ndlich.<br \/>Oh, der Teppich mu\u00df noch gesaugt werden!<br \/>Ist die Glasablage im Bad auch sauber?<br \/>In 30 Minuten trifft der Besuch ein. Am Bahnhof Zoo.<br \/>Macht noch einmal circa 30 Minuten bis in FEMINISSIMAS Keminate.<br \/>Eine kleine Zigarette zwischendurch.<br \/>Ach, die S\u00fc\u00dfigkeiten vergessen!<br \/>Ja, der Supermarkt hatte schon zu.<br \/>Die Armbanduhr beim Surfen vergessen, durch die kleinen L\u00e4dchen, die noch&#8230;ja, f\u00fcnf Kirschen aus Chile&#8230;wunderbar&#8230;100 Gramm 2 Euro 50&#8230;<br \/>Wie?<br \/>Wer isst Kirschen aus Chile an Weihnachten?<br \/>Und wieviele Kirschen sind 100 Gramm von diesen bildsch\u00f6nen, wie-gemalt-weihnachtlich-dunkelroten-Kullerkirschen?<br \/>9 Kirschen sind 100 Gramm, das ergibt 8 Kirschen.<br \/>Aha.<br \/>Wir verzichten dankend.<br \/>Wenngleich wir eine der Kirschen probieren&#8230;doch,ja, sehr schmackhaft.<\/p>\n<p>Die Zigarette ist ausgequetscht. <br \/>Noch staubsaugen!<br \/>Der Baum, der kleine, feine, den wir mit einer Nachbarin teilen, ja klar, er stand allerliebst vor ihrem Gesch\u00e4ft &#8211; w\u00e4re doch zu schade gewesen, gerade am Heiligen Abend ausgemustert zu werden&#8230;nicht wahr.<br \/>Jetzt steht er bei uns&#8230;rotgeschm\u00fcckt..und strahlt und duftet&#8230;wir teilten den Preis&#8230;so wurde der Baum erschwinglich und originell fanden das alle&#8230;.<br \/>Oh, die Haare m\u00fcssen auch noch..und die H\u00e4nde&#8230;verklebt&#8230;vom Baumharz&#8230;.<br \/>noch 25 Minuten, dann Ankunft des Kindes, das irgenwann erwachsen geworden ist, einfach so!<\/p>\n<p>Da klingelt das Telefon.<br \/>Das Kind ist am Handy. <br \/>Das Kind, das l\u00e4ngst erwachsen geworden ist.<br \/>&#8222;Ich wollte nur sagen, es wird etwas sp\u00e4ter&#8230;&#8220; <br \/>sagt das Kind mit belegter Stimme.<br \/>&#8222;Was ist denn los?&#8220;<\/p>\n<p>Nach einer kaum merkbaren, aber doch sp\u00fcrbaren Pause, sagt das Kind:<\/p>\n<p>&#8222;Es gab einen&#8230;Personenschaden.<br \/>So sagten sie es in der Durchsage&#8230;!&#8220;<\/p>\n<p>Ch\u00e9rie, unsere \u00fcberaus sensible Redaktionskatze war gerade am Apparat.<br \/>Ohne Vorwarnung brach sie in Tr\u00e4nen aus.<br \/>Sie hat zu viel Gef\u00fchl!<br \/>Und vor allem viel-zu-viel-Vorstellungsverm\u00f6gen!<br \/>Sofort sah sie den Menschen vor sich, sie dachte, es war wohl ein Mann, der sich vor den Zug geworfen hat.<br \/>Am Heiligen Abend , nachmittags gegen 16 Uhr&#8230;irgendwo in der N\u00e4he von Minden.<\/p>\n<p>War der Mensch so einsam?<br \/>So verzweifelt?<br \/>Wie verzweifelt!<br \/>Oder auch schreiend w\u00fctend?<br \/>So w\u00fctend, dass er seine Wut nur noch an sich selbst auslassen konnte&#8230;?<\/p>\n<p>Vielleicht ein Langzeitarbeitsloser&#8230;mit der Perspektive Null und auf Zwangsarbeit&#8230;<br \/>Mehr Menschlichkeit forderte gebetm\u00fchlenartig, und es passt ja mal zum Datum, der Bundespr\u00e4sident, dessen Redetext zu Weihnachten vorab durch die Ticker ging&#8230;.<\/p>\n<p> Ch\u00e9rie weint und weint.<br \/>Die anderen Tiere blicken auch &#8230;.<\/p>\n<p>Ja, sagt Senta, die Gelbe Dogge, in der U-Bahn zeigen sie in den Monitoren immer wieder die Telefonnummer des BERLINER KRISENDIENSTES&#8230;er ist rund um die Uhr f\u00fcr die in einer Krise sich Befindlichen da..erst recht zu Weihnachten&#8230;.<br \/>Sehr merkw\u00fcrdig, sinniert FEM, die Feminissima &#8211; <\/p>\n<p>und dreht sich um, dass niemand ihr feines 150 Jahre altes Gesicht sieht, <br \/>..&#8220;der Personenschaden&#8220;&#8230;.l\u00e4sst uns noch etwas Spielraum der Zeit&#8230;denn nat\u00fcrlich sind wir noch nicht fertig, es m\u00fcssen noch Geschenke eingepackt werden&#8230;.wie immer auf die letzte Minute..wie sich das so geh\u00f6rt&#8230;&#8220;<br \/>Immer mimt Femmi auf sardonisch, wenn sie, sie meint es nicht so&#8230;sie sitzt in der Ecke und streicht \u00fcber einen kleinen echten Zweig aus Nord-Tanne, das St\u00fcck 2 Euro 50.<\/p>\n<p>Fr\u00f6hliche Weihnachten allerseits!<\/p>\n<p>Eure FEMINISSIMA&#8230;.<\/p>\n","protected":false},"excerpt":{"rendered":"<p>Auf vielfachen WUNSCH unserer LeserInnen haben wir &#8211; ausnahmsweise- unseren EIGENEN Text in unsere &#8222;best-of&#8220; &#8211; Rubrik gesetzt, in &#8222;SUPISSIMA&#8220;&#8230;dieser Text vom Heiligen Abend 2003, als ein St\u00fcck Zeitgeschichte&#8230;.? Impression?\/Feminissima\/am 4. M\u00e4rz 2005<\/p>\n","protected":false},"author":2,"featured_media":0,"comment_status":"closed","ping_status":"closed","sticky":false,"template":"","format":"standard","meta":{"footnotes":""},"categories":[32],"tags":[],"class_list":["post-83349","post","type-post","status-publish","format-standard","hentry","category-supissima","entry"],"yoast_head":"<!-- This site is optimized with the Yoast SEO plugin v21.0 - https:\/\/yoast.com\/wordpress\/plugins\/seo\/ -->\n<title>Heilig-Abend 03 - Feminissima<\/title>\n<meta name=\"robots\" content=\"index, follow, max-snippet:-1, max-image-preview:large, max-video-preview:-1\" \/>\n<link rel=\"canonical\" href=\"https:\/\/feminissima.de\/index.php\/2003\/12\/26\/heilig-abend-03\/\" \/>\n<meta property=\"og:locale\" content=\"de_DE\" \/>\n<meta property=\"og:type\" content=\"article\" \/>\n<meta property=\"og:title\" content=\"Heilig-Abend 03 - Feminissima\" \/>\n<meta property=\"og:description\" content=\"Auf vielfachen WUNSCH unserer LeserInnen haben wir - ausnahmsweise- unseren EIGENEN Text in unsere &quot;best-of&quot; - Rubrik gesetzt, in &quot;SUPISSIMA&quot;...dieser Text vom Heiligen Abend 2003, als ein St\u00fcck Zeitgeschichte....? Impression?\/Feminissima\/am 4. M\u00e4rz 2005\" \/>\n<meta property=\"og:url\" content=\"https:\/\/feminissima.de\/index.php\/2003\/12\/26\/heilig-abend-03\/\" \/>\n<meta property=\"og:site_name\" content=\"Feminissima\" \/>\n<meta property=\"article:published_time\" content=\"2003-12-26T16:12:01+00:00\" \/>\n<meta name=\"author\" content=\"admin\" \/>\n<meta name=\"twitter:card\" content=\"summary_large_image\" \/>\n<meta name=\"twitter:label1\" content=\"Verfasst von\" \/>\n\t<meta name=\"twitter:data1\" content=\"admin\" \/>\n\t<meta name=\"twitter:label2\" content=\"Gesch\u00e4tzte Lesezeit\" \/>\n\t<meta name=\"twitter:data2\" content=\"3\u00a0Minuten\" \/>\n<script type=\"application\/ld+json\" class=\"yoast-schema-graph\">{\"@context\":\"https:\/\/schema.org\",\"@graph\":[{\"@type\":\"WebPage\",\"@id\":\"https:\/\/feminissima.de\/index.php\/2003\/12\/26\/heilig-abend-03\/\",\"url\":\"https:\/\/feminissima.de\/index.php\/2003\/12\/26\/heilig-abend-03\/\",\"name\":\"Heilig-Abend 03 - Feminissima\",\"isPartOf\":{\"@id\":\"https:\/\/feminissima.de\/#website\"},\"datePublished\":\"2003-12-26T16:12:01+00:00\",\"dateModified\":\"2003-12-26T16:12:01+00:00\",\"author\":{\"@id\":\"https:\/\/feminissima.de\/#\/schema\/person\/0b901e053624f88e7ecbea289d9d5128\"},\"breadcrumb\":{\"@id\":\"https:\/\/feminissima.de\/index.php\/2003\/12\/26\/heilig-abend-03\/#breadcrumb\"},\"inLanguage\":\"de\",\"potentialAction\":[{\"@type\":\"ReadAction\",\"target\":[\"https:\/\/feminissima.de\/index.php\/2003\/12\/26\/heilig-abend-03\/\"]}]},{\"@type\":\"BreadcrumbList\",\"@id\":\"https:\/\/feminissima.de\/index.php\/2003\/12\/26\/heilig-abend-03\/#breadcrumb\",\"itemListElement\":[{\"@type\":\"ListItem\",\"position\":1,\"name\":\"Startseite\",\"item\":\"https:\/\/feminissima.de\/\"},{\"@type\":\"ListItem\",\"position\":2,\"name\":\"Heilig-Abend 03\"}]},{\"@type\":\"WebSite\",\"@id\":\"https:\/\/feminissima.de\/#website\",\"url\":\"https:\/\/feminissima.de\/\",\"name\":\"Feminissima\",\"description\":\"\",\"potentialAction\":[{\"@type\":\"SearchAction\",\"target\":{\"@type\":\"EntryPoint\",\"urlTemplate\":\"https:\/\/feminissima.de\/?s={search_term_string}\"},\"query-input\":\"required name=search_term_string\"}],\"inLanguage\":\"de\"},{\"@type\":\"Person\",\"@id\":\"https:\/\/feminissima.de\/#\/schema\/person\/0b901e053624f88e7ecbea289d9d5128\",\"name\":\"admin\",\"image\":{\"@type\":\"ImageObject\",\"inLanguage\":\"de\",\"@id\":\"https:\/\/feminissima.de\/#\/schema\/person\/image\/\",\"url\":\"https:\/\/secure.gravatar.com\/avatar\/8da1f51327453c0bf63338e8e2a791948b7d2ac19b68839492d1e69aac6924a8?s=96&d=mm&r=g\",\"contentUrl\":\"https:\/\/secure.gravatar.com\/avatar\/8da1f51327453c0bf63338e8e2a791948b7d2ac19b68839492d1e69aac6924a8?s=96&d=mm&r=g\",\"caption\":\"admin\"},\"url\":\"https:\/\/feminissima.de\/index.php\/author\/admin\/\"}]}<\/script>\n<!-- \/ Yoast SEO plugin. -->","yoast_head_json":{"title":"Heilig-Abend 03 - Feminissima","robots":{"index":"index","follow":"follow","max-snippet":"max-snippet:-1","max-image-preview":"max-image-preview:large","max-video-preview":"max-video-preview:-1"},"canonical":"https:\/\/feminissima.de\/index.php\/2003\/12\/26\/heilig-abend-03\/","og_locale":"de_DE","og_type":"article","og_title":"Heilig-Abend 03 - Feminissima","og_description":"Auf vielfachen WUNSCH unserer LeserInnen haben wir - ausnahmsweise- unseren EIGENEN Text in unsere \"best-of\" - Rubrik gesetzt, in \"SUPISSIMA\"...dieser Text vom Heiligen Abend 2003, als ein St\u00fcck Zeitgeschichte....? Impression?\/Feminissima\/am 4. M\u00e4rz 2005","og_url":"https:\/\/feminissima.de\/index.php\/2003\/12\/26\/heilig-abend-03\/","og_site_name":"Feminissima","article_published_time":"2003-12-26T16:12:01+00:00","author":"admin","twitter_card":"summary_large_image","twitter_misc":{"Verfasst von":"admin","Gesch\u00e4tzte Lesezeit":"3\u00a0Minuten"},"schema":{"@context":"https:\/\/schema.org","@graph":[{"@type":"WebPage","@id":"https:\/\/feminissima.de\/index.php\/2003\/12\/26\/heilig-abend-03\/","url":"https:\/\/feminissima.de\/index.php\/2003\/12\/26\/heilig-abend-03\/","name":"Heilig-Abend 03 - Feminissima","isPartOf":{"@id":"https:\/\/feminissima.de\/#website"},"datePublished":"2003-12-26T16:12:01+00:00","dateModified":"2003-12-26T16:12:01+00:00","author":{"@id":"https:\/\/feminissima.de\/#\/schema\/person\/0b901e053624f88e7ecbea289d9d5128"},"breadcrumb":{"@id":"https:\/\/feminissima.de\/index.php\/2003\/12\/26\/heilig-abend-03\/#breadcrumb"},"inLanguage":"de","potentialAction":[{"@type":"ReadAction","target":["https:\/\/feminissima.de\/index.php\/2003\/12\/26\/heilig-abend-03\/"]}]},{"@type":"BreadcrumbList","@id":"https:\/\/feminissima.de\/index.php\/2003\/12\/26\/heilig-abend-03\/#breadcrumb","itemListElement":[{"@type":"ListItem","position":1,"name":"Startseite","item":"https:\/\/feminissima.de\/"},{"@type":"ListItem","position":2,"name":"Heilig-Abend 03"}]},{"@type":"WebSite","@id":"https:\/\/feminissima.de\/#website","url":"https:\/\/feminissima.de\/","name":"Feminissima","description":"","potentialAction":[{"@type":"SearchAction","target":{"@type":"EntryPoint","urlTemplate":"https:\/\/feminissima.de\/?s={search_term_string}"},"query-input":"required name=search_term_string"}],"inLanguage":"de"},{"@type":"Person","@id":"https:\/\/feminissima.de\/#\/schema\/person\/0b901e053624f88e7ecbea289d9d5128","name":"admin","image":{"@type":"ImageObject","inLanguage":"de","@id":"https:\/\/feminissima.de\/#\/schema\/person\/image\/","url":"https:\/\/secure.gravatar.com\/avatar\/8da1f51327453c0bf63338e8e2a791948b7d2ac19b68839492d1e69aac6924a8?s=96&d=mm&r=g","contentUrl":"https:\/\/secure.gravatar.com\/avatar\/8da1f51327453c0bf63338e8e2a791948b7d2ac19b68839492d1e69aac6924a8?s=96&d=mm&r=g","caption":"admin"},"url":"https:\/\/feminissima.de\/index.php\/author\/admin\/"}]}},"jetpack_featured_media_url":"","_links":{"self":[{"href":"https:\/\/feminissima.de\/index.php\/wp-json\/wp\/v2\/posts\/83349","targetHints":{"allow":["GET"]}}],"collection":[{"href":"https:\/\/feminissima.de\/index.php\/wp-json\/wp\/v2\/posts"}],"about":[{"href":"https:\/\/feminissima.de\/index.php\/wp-json\/wp\/v2\/types\/post"}],"author":[{"embeddable":true,"href":"https:\/\/feminissima.de\/index.php\/wp-json\/wp\/v2\/users\/2"}],"replies":[{"embeddable":true,"href":"https:\/\/feminissima.de\/index.php\/wp-json\/wp\/v2\/comments?post=83349"}],"version-history":[{"count":0,"href":"https:\/\/feminissima.de\/index.php\/wp-json\/wp\/v2\/posts\/83349\/revisions"}],"wp:attachment":[{"href":"https:\/\/feminissima.de\/index.php\/wp-json\/wp\/v2\/media?parent=83349"}],"wp:term":[{"taxonomy":"category","embeddable":true,"href":"https:\/\/feminissima.de\/index.php\/wp-json\/wp\/v2\/categories?post=83349"},{"taxonomy":"post_tag","embeddable":true,"href":"https:\/\/feminissima.de\/index.php\/wp-json\/wp\/v2\/tags?post=83349"}],"curies":[{"name":"wp","href":"https:\/\/api.w.org\/{rel}","templated":true}]}}