{"id":83348,"date":"2003-12-09T10:41:22","date_gmt":"2003-12-09T10:41:22","guid":{"rendered":"http:\/\/www.feminissima.de\/?p=83348"},"modified":"2003-12-09T10:41:22","modified_gmt":"2003-12-09T10:41:22","slug":"1-9-12-03-gerster-so","status":"publish","type":"post","link":"https:\/\/feminissima.de\/index.php\/2003\/12\/09\/1-9-12-03-gerster-so\/","title":{"rendered":"1-9.12. 03 \/Gerster &#038; so"},"content":{"rendered":"<p>Die einzelnen Themen-\u00dcberschriften als Inhalts\u00fcbersicht &#8222;ein bissi sp\u00e4ter, okay?&#8220;<br \/>Hier in voller Breitseite die Texte vom letzten November-Tag bis heute&#8230;viel Spa\u00df &#8211; vor allem viel Gerster dabei..<br \/>7.12. Original: &#8222;Neuer Skandal um Gerster: 900 BMW f\u00fcr seine Beh\u00f6rde &#8211; &#8211; in Welt am Sonntag :<\/p>\n<p>fem\/um 15 Uhr 30 MEZ, satirische Anmerkungen zum &#8222;Sachverhalt&#8220; in Texten am fr\u00fcheren Tag, also einfach vergn\u00fcgt nach unten scrollen.<\/p>\n<p>Hier der Artikel der WELT AM SONNTAG :<\/p>\n<p>nee, hat irgendwie nicht geklappt. Na, dann schaut doch bitte selbst nach &#8211; unter heute..in der www.welt-am-sonntag.de !&#8220; oki. <\/p>\n<p>DI-9.12.03 &#8211; Wer hatte erwartet, dass Putin ein Schaf im Wolfspelz w\u00e4re???<\/p>\n<p>7.12. Original: &#8222;Neuer Skandal um Gerster: 900 BMW f\u00fcr seine Beh\u00f6rde &#8211; &#8211; in Welt am Sonntag :<\/p>\n<p>7.12. &#8211; Zitat des Tages aus der NY-Times &#8211; = auch \u00dcbersetzungs\u00fcbung&#8230;<\/p>\n<p>&#8222;With a heavy dose of fear and violence,<br \/>\n<br \/>\nand a lot of money for projects,<br \/>\n<br \/>\nI think we can convince people, that we are here to help them!&#8220;<br \/>\n<br \/>\nLt.Col. Nathan Sassama, whose unit oversees the Iraqi village of Abu Hishma.<\/p>\n<p>&#8222;Mit dem n\u00f6tigen Quantum an Gewalt und Einsch\u00fcchterung, dazu ein Haufen Geld f\u00fcr Projekte und ich glaube, wir k\u00f6nnen die Leute davon \u00fcberzeugen, dass wir hier sind, um ihnen zu helfen!&#8220;<\/p>\n<p>So, das ist unsere bislang beste \u00dcbersetzung dazu .<br \/>\n<br \/>\nUnd hier die Reflections und \u00dcbersetzungs-\u00dcbungen &#8211; vorher&#8230;; (da seht Ihr mal&#8230;! Alles nicht so einfach, wie es lookt, aussieht, und so!)<\/p>\n<p>L\u00e4ssig( aber noch nicht wirklich treffend kommt vielleicht noch.. \u00fcbersetzt:<\/p>\n<p>&#8222;Hey, wenn wir sie geh\u00f6rig in Angst und Schrecken versetzen &#8211;<br \/>\n<br \/>\nplus einem Haufen Geld f\u00fcr Projekte..hey, so k\u00f6nnen wir die Leute hier locker davon \u00fcberzeugen, dass wir hier sind, um ihnen zu helfen..&#8220;<br \/>\n<br \/>\nSo laut &#8222;Zitat des Tages&#8220; der NYtimes von heute der vielleicht einfach nur furchtbar-ehrliche Lt.Col. \u00dcber die reizenden Methoden, den Menschen im Irak beizubringen, ei, &#8222;dass mir ja nur hier sinn, um dene zu helfe&#8230;&#8220;<\/p>\n<p>Die Formulierung:<br \/>\n<br \/>\n&#8222;With a heavy dose of fear and violence&#8220; &#8211; zeigt wieder mal, wie short und pr\u00e4zise die englische Sprache ist, wie zielgerichtet. Dazu brauchen wir ne Menge an Worten und W\u00f6rtern.<br \/>\n<br \/>\nOder es dauert, bis Du diesen menschenverachtenden Ton auch in der deutschen \u00dcbersetzung findest und dazu noch den lakonischen Satz-&#8222;bau&#8220;&#8230;mal sehen&#8230;ne echte Herausforderung f\u00fcr ne \u00dcbersetzer-Seele&#8230;die wir leider &#8222;so&#8220; auch nicht empfinden. Bei solchen &#8222;quotations&#8220; aber doch. Da bricht der Ehrgeiz durch&#8230;diesen miesen Spruch auch genauso mies r\u00fcberzubringen. nach dem Kaffee. <\/p>\n<p>DI-9.12.03 &#8211; Wer hatte erwartet, dass Putin ein Schaf im Wolfspelz w\u00e4re???<\/p>\n<p>7.12. Original: &#8222;Neuer Skandal um Gerster: 900 BMW f\u00fcr seine Beh\u00f6rde &#8211; &#8211; in Welt am Sonntag :<\/p>\n<p>7.12. &#8211; Zitat des Tages aus der NY-Times &#8211; = auch \u00dcbersetzungs\u00fcbung&#8230;<\/p>\n<p>7.12.03 &#8211; Passend zum Europ\u00e4ischen Jahr der Behinderten: ARD will keine Behinderten<\/p>\n<p>wie bei spiegel-online als Vorab-Exclusiv-Meldung des aktuellen SPIEGEL (in Berlin schon sonntags zu &#8222;kriegen&#8220; )- nachzulesen,<br \/>\n<br \/>\nemp\u00f6rte sich der derzeitige ARD-Vorsitzende Struve \u00fcber &#8211;<br \/>\n<br \/>\nna, bitte sehr &#8211; hier das O-Zitat aus spiegel-online: (Feminissima,Sunday, 14:02):<br \/>\n<br \/>\n(Wir begr\u00fcssen heute schon 17 Leser und gestern sogar 31..danke. Ja, zuweilen dr\u00e4ngeln sich \u00fcber 2000 an einem Tag&#038;Nacht&#8230;hier&#8230;nicht schlecht, f\u00fcr eine kleine online-non-profit-Independy, oder?)<\/p>\n<p>\nAlso, hier der spiegel-online-O-Ton:<\/p>\n<p>Eklat um Behindertengottesdienst im ARD-Programm <\/p>\n<p>\nF\u00fcr Emp\u00f6rung bei der evangelischen Kirche sorgt der Versuch von ARD-Programmdirektor G\u00fcnter Struve, eine Gottesdienst-\u00dcbertragung mit Behinderten aus dem Ersten zu kippen. <\/p>\n<p>Noch w\u00e4hrend der vom Rundfunk Berlin-Brandenburg(RBB) am Reformationstag live aus dem Berliner Johannisstift \u00fcbertragenen Sendung griff Struve zum Telefon und drohte mit Abschalten. <\/p>\n<p>Der Programmchef st\u00f6rte sich offenbar daran, dass Behinderte und Nichtbehinderte gemeinsam agierten: <\/p>\n<p>mit Liedern, Gebeten und einem Auftritt der Theatergruppe Ramba Zamba, deren Mitglieder etwa am Down-Syndrom leiden. Sp\u00e4ter warf Struve in einem Brief den verantwortlichen Redakteuren, aber auch der Rundfunkbeauftragten der Kirche vor, &#8222;Behinderte zur Schau gestellt&#8220; zu haben. <\/p>\n<p>Der stets um die Quote besorgte ARD-Mann s\u00e4he eine solche Veranstaltung lieber &#8222;in die diskrete Welt eines Stiftes&#8220; verbannt, statt &#8222;im Massenmedium Fernsehen&#8220;. <\/p>\n<p>Die Direktorin des Diakonischen Werks Berlin-Brandenburg, Susanne Kahl-Passot, die bei dem Gottesdienst predigte, ist emp\u00f6rt:<\/p>\n<p>&#8222;Ihre Kritik ist ein Politikum und eine Ohrfeige f\u00fcr alle Menschen mit Behinderungen, die diesen Gottesdienst mitgestaltet haben&#8220;, <\/p>\n<p>protestierte sie schriftlich. <\/p>\n<p>Auch RBB-Intendantin Dagmar Reim teilt Struves Kritik nicht:<br \/>\n<br \/>\n&#8222;Ich bin dagegen, Behinderte zu verstecken, so dass sie im Alltag nicht vorkommen. Das f\u00fchrt dazu, dass wir sie als monstr\u00f6s erleben.&#8220; <\/p>\n<p>ARD-Mann Struve selbst lehnt jeden Kommentar dazu ab.<br \/>\n<br \/>\nEs habe sich schlie\u00dflich um eine &#8222;interne Kritik&#8220; gehandelt. <\/p>\n<p>Anmerkung von FEMINISSIMA &#8211; &#8222;UMSO SCHLIMMER &#8211; dann ist es wahr!&#8220;<\/p>\n<p>Im KLEIST-HAUS in Berlin veranstaltet der Bundesbeauftragte f\u00fcr Behinderte seit Monaten kulturelle Veranstaltungen von, mit und f\u00fcr Behinderte und Nichtbehinderte.<\/p>\n<p>Die stets hervorragenden und von &#8222;Behinderten&#038;Nichtbehinderten&#8220; sehr gut besuchten Veranstaltungen sollten bitte nicht Ende des &#8222;Europ\u00e4ischen Jahres der Behinderten&#8220;<br \/>\n<br \/>\nenden!<\/p>\n<p>Fragte beispielsweise Eure FEM die Dame neben ihr im Rollstuhl &#8211; <\/p>\n<p>&#8222;Entschuldigen Sie, finden Sie es indiskret oder gar unversch\u00e4mt, wenn ich Sie frage, darf ich Sie fragen &#8211; wie lange Sie, seit wann Sie im Rollstuhl sitzen, und wie Sie damit zurechtkommen?&#8220;<\/p>\n<p>Der Dame traten spontan die Tr\u00e4nen in die Augen.<\/p>\n<p>&#8222;Ach, ich sitze schon soo lange im Rollstuhl, dass&#8230;.&#8220;<\/p>\n<p>und sie erg\u00e4nzt:<\/p>\n<p>&#8222;Das Schlimmste ist die Abh\u00e4ngigkeit von anderen.<\/p>\n<p>Du sp\u00fcrst an jeder Hand, an jedem Handgriff an Dir, wie jemand drauf ist&#8230;und Du kannst Dich nicht dagegen wehren!&#8220;<\/p>\n<p>Das wiederum trieb Eurer herzensguten mitleidsvollen FEM voll die Tr\u00e4nen in die Augen.<\/p>\n<p>Noch Adressen wollten sie austauschen.<br \/>\n<br \/>\nDoch dann war die Dame pl\u00f6tzlich wie verschwunden.<br \/>\n<br \/>\nSie war verschwunden.<br \/>\n<br \/>\nDenn ab einem Zeitpunkt des Konzerts war der &#8222;Fahrdienst&#8220; gekommen.<\/p>\n<p>Sie mu\u00dften ja alle wieder in ihr einsames Zuhause zur\u00fcckgebracht werden, die Rollstuhl-Benutzerinnen und -Benutzer.<\/p>\n<p>Doch FEM versucht, wenigstens diese \u00e4ltere Dame wiederzufinden, die, wie sie noch sagte &#8211; &#8222;alleine lebt&#8220;, abh\u00e4ngig von &#8222;den Diensten&#8220;.<\/p>\n<p>Es kann ja so schwer nicht sein.<\/p>\n<p>Schade auch, dass nichts im Fernsehen zu sehen war, von diesem FILMFEST zum Beispiel, oder dem Literaturfestival w\u00e4rend des Berliner Literaturfestivals&#8230;..na, wir bleiben dran&#8230;.<\/p>\n<p>By the way \u00fcbrigens, hat GOTTSCHALK gestern Vorab-Werbung f\u00fcr seine NEUE SENDUNG im n\u00e4chsten Jahr gemacht &#8211; <\/p>\n<p>Es geht um &#8222;Benimm&#8220;.<br \/>\n<br \/>\nEine muntere Spielsendung mit &#8211; na was? &#8222;Prommis&#8220;, na klar &#8211;<br \/>\n<br \/>\nwie und ob sie sich bei Tisch und wo noch, zu &#8222;benehmen&#8220; wissen. <\/p>\n<p>Ja, meint Eure FEM treuherzig:<\/p>\n<p>&#8222;Das sind die Sendungen, die wir brauchen!&#8220;<br \/>\n<br \/>\nOder etwa nicht?<\/p>\n<p>Sch\u00f6nes Kaffeetrinken! Allerseits.  <\/p>\n<p>DI-9.12.03 &#8211; Wer hatte erwartet, dass Putin ein Schaf im Wolfspelz w\u00e4re???<\/p>\n<p>7.12. Original: &#8222;Neuer Skandal um Gerster: 900 BMW f\u00fcr seine Beh\u00f6rde &#8211; &#8211; in Welt am Sonntag :<\/p>\n<p>7.12. &#8211; Zitat des Tages aus der NY-Times &#8211; = auch \u00dcbersetzungs\u00fcbung&#8230;<\/p>\n<p>7.12.03 &#8211; Passend zum Europ\u00e4ischen Jahr der Behinderten: ARD will keine Behinderten<\/p>\n<p>7.12.03 &#8211; 13:15 Uhr &#8211; Willkommen! Bei Feminissima &#8211; Infos &#038; Atmos, aber auch Satiricals<\/p>\n<p>FEM gr\u00fcsst die neue Besucherzahl, die in den wieder einmal frischget\u00fcnchten Lese-Lounges, heute dunkelrot-samten- als Gr\u00fcppchen am Gl\u00fchwein nippt &#8211; bitte &#8211; sehr! <\/p>\n<p>22.900. Besucher, beteuert unsere wie immer unbestechliche Z\u00e4hl-Statistik. MERCI! Und &#8230;&#8230;.claro, que si!<br \/>\n<br \/>\nBleibt dran! <\/p>\n<p>DI-9.12.03 &#8211; Wer hatte erwartet, dass Putin ein Schaf im Wolfspelz w\u00e4re???<\/p>\n<p>7.12. Original: &#8222;Neuer Skandal um Gerster: 900 BMW f\u00fcr seine Beh\u00f6rde &#8211; &#8211; in Welt am Sonntag :<\/p>\n<p>7.12. &#8211; Zitat des Tages aus der NY-Times &#8211; = auch \u00dcbersetzungs\u00fcbung&#8230;<\/p>\n<p>7.12.03 &#8211; Passend zum Europ\u00e4ischen Jahr der Behinderten: ARD will keine Behinderten<\/p>\n<p>7.12.03 &#8211; 13:15 Uhr &#8211; Willkommen! Bei Feminissima &#8211; Infos &#038; Atmos, aber auch Satiricals<\/p>\n<p>So &#8211; 2. Advent &#8211; &#8222;GERSTER FRISTLOS FEUERN&#8220; &#8211; verlangen heute endlich offiziell Politiker&#8230;ja, hei\u00dfa<\/p>\n<p>Auch wenn die Couleurs sowieso nicht mehr stimmen, so stimmt es doch nicht verwunderlich, dass es nun ein CSU-Politiker ist, der das ausspricht und zwar nicht gerade am Nebentisch, sondern in der BILD, was in seltener Einm\u00fctigkeit die breite Mehrheit des Volkes denkt und richtig-f\u00fchlt, wie Umfragen von STERN und vielen anderen Zeitungen und Sendern, wie z.B. n-tv ergeben haben.<br \/>\n<br \/>\nDass Gerster noch im Amt verblieben ist, liegt allein an der Zusammensetzung der Regierung.<br \/>\n<br \/>\nPolitik paradox &#8211; &#8222;so&#8220; ein Fall,<br \/>\n<br \/>\nw\u00e4re einst mal das &#8222;gefundene Fressen&#8220; f\u00fcr die fr\u00fchere Opposition von SPD und GR\u00dcNEN gewesen.<br \/>\n<br \/>\nGeschieht es in ihren eigenen Reihen stellt sich sogar ein &#8222;Doppelminister&#8220; vor den noch harmlos als &#8222;Fahrl\u00e4ssigen&#8220; bezeichnet.<\/p>\n<p>Niemand braucht sich als populistisch zu empfinden, beim Schrei nach Gersters fristloser Entlassung.<br \/>\n<br \/>\nWobei dann auch das \u00fcppige &#8222;\u00dcbergangsgeld&#8220; gestrichen werden MUSS.<\/p>\n<p>Kein anderer Mensch in diesen knallharten Zeiten &#8211; die nicht von allein knallhart geworden sind &#8211;<br \/>\n<br \/>\nhat sich so am Volk vergriffen und insgesamt&#8230;.daneben gegriffen.<\/p>\n<p>Senta und Bello knurren, fletschen die Z\u00e4hne und Ch\u00e9rie plustert sich auf.<br \/>\n<br \/>\nSelbst unsere wei\u00dfe Taube Paloma hat aufgeh\u00f6rt zu gurren.<br \/>\n<br \/>\nUnd unsere Redaktionstiere haben immer den siebten und auch den achten &#8230;und neunten Sinn!<br \/>\n<br \/>\nHold on!<br \/>\n<br \/>\nEs ist ein lovely Sunday-Mittag&#8230;um die 13 Uhr 13, ah, da hat es doch gerade 13 geschlagen!<br \/>\n<br \/>\nWie das blo\u00df wieder?<br \/>\n<br \/>\nTja-ja-ha!<br \/>\n<br \/>\nVielleicht wachen nun auch noch einmal die allerletzten menschlich-vern\u00fcnftigen POLITIKER auf, und zerrei\u00dfen das MACHWERK von &#8222;HARTZ&#8220; &#8211; zerfetzen das Schundpapier und bef\u00f6rdern es dorthin &#8211; wo es hingeh\u00f6rt &#8211; in den Papier-M\u00fcll-Korb.<br \/>\n<br \/>\nN\u00e4mlich &#8211; die unversch\u00e4mte &#8222;Zusammenlegung&#8220; von Alhi und Sozialhilfe.<\/p>\n<p>Es ist dreist, frech und in allerh\u00f6chstem Ma\u00dfe wider jedes Recht, Millionen von B\u00fcrgern zu Zwangs-Sozialhilfe-Empf\u00e4ngern zu machen.<br \/>\n<br \/>\nDER W\u00c4HLER VERGISST NIE.<br \/>\n<br \/>\nJedenfalls immer weniger.<br \/>\n<br \/>\nDie frisch herausgekommenen DIENSTWAGEN-AFF\u00c4RE von BU-Noch-Chef Florian Gerster setzt so-was-von-dem..Dings, den Deckel auf&#8230;.kein Geschw\u00fclzel mehr vom grauhaarigen-smarten &#8222;Doppel-gegen-das-Volk-Minister&#8220; Clement &#8211; sondern &#8211; FEUERN.<\/p>\n<p>ODER EINEN DAUERHAFTEN ANTI-KORRUPTIONS-REGIERUNGS-LOBBY-EXTERNEN-AUSSCHUSS von &#8230;B\u00fcrgern gegen die Regierungs-und-umzu-Polit-Schmarotzer- auf- unsere- Kosten<br \/>\n<br \/>\ndauerhaft<br \/>\n<br \/>\neinsetzen.<br \/>\n<br \/>\nAuf allgemeinen \u00f6ffentlichen Druck, &#8222;will&#8220; ja jetzt auch die Collect-Toll-Connection Bu\u00dfe tun&#8230;ach ja&#8230;und die MAUT-STRAFE zahlen&#8230;.wirklich?<br \/>\n<br \/>\nStolpe,der Dauer-Stolper-in-den-Sand-setz-Minister, SPD, klar, bleibt noch immer im Amt&#8230;<br \/>\n<br \/>\nhey have a nice &#8230;und so!<\/p>\n<p>Ziemlich glamor\u00f6s gestern Gottschalk, nicht? Am besten hat uns die Rede gefallen&#8230;.<br \/>\n<br \/>\nMEHR DAVON.<\/p>\n<p>ACH &#8211; und nach MITTERNACHT&#8230;im frischen Sonntag, dem 7. 12. &#8211; wieder einmal C A S A B L A N C A &#8230;.<br \/>\n<br \/>\nWann gibt es noch einmal SOLCHE Filme?????????? <\/p>\n<p>DI-9.12.03 &#8211; Wer hatte erwartet, dass Putin ein Schaf im Wolfspelz w\u00e4re???<\/p>\n<p>7.12. Original: &#8222;Neuer Skandal um Gerster: 900 BMW f\u00fcr seine Beh\u00f6rde &#8211; &#8211; in Welt am Sonntag :<\/p>\n<p>7.12. &#8211; Zitat des Tages aus der NY-Times &#8211; = auch \u00dcbersetzungs\u00fcbung&#8230;<\/p>\n<p>7.12.03 &#8211; Passend zum Europ\u00e4ischen Jahr der Behinderten: ARD will keine Behinderten<\/p>\n<p>7.12.03 &#8211; 13:15 Uhr &#8211; Willkommen! Bei Feminissima &#8211; Infos &#038; Atmos, aber auch Satiricals<\/p>\n<p>So &#8211; 2. Advent &#8211; &#8222;GERSTER FRISTLOS FEUERN&#8220; &#8211; verlangen heute endlich offiziell Politiker&#8230;ja, hei\u00dfa<\/p>\n<p>Gerster bestellte \u00fcber eine &#8222;Agentur&#8220; 900 &#8222;Dienst-BMW&#8220;&#8230; ja &#8211; 900&#8230;.in Worten..<\/p>\n<p>&#8222;Durchgeknallt&#8220; &#8211; &#8222;Wo hat der blo\u00df sein Examen gemacht?&#8220;<\/p>\n<p>Das sind die, wir zitierten dies bereits \u00f6fter..liebevollen Partei-Freund-Gefl\u00fcster an so mancher Berliner Bar.<br \/>\n<br \/>\nDie Rede ist dabei nun wieder angefacht, nicht vom China-Deal, nein, wieder Florian Gerster, den komischerweise aber auch NIEMAND sowieso mochte&#8230;<br \/>\n<br \/>\nAu\u00dfer dem Kanzler wohl, der wu\u00dfte, so einen kann man auf die Stelle hieven, die keine Freunde verlangt&#8230;also suchte und fanden sie rasch einen Mann, ohne Freund und ohne Frau&#8230;tja&#8230;alles Ersatzhandlungen&#8230;oder wie???<\/p>\n<p>Trixi, die Praktikantin h\u00e4lt sich die Hand vor den Mund, err\u00f6tet grinsend oder umgekehrt&#8230;. <\/p>\n<p>DI-9.12.03 &#8211; Wer hatte erwartet, dass Putin ein Schaf im Wolfspelz w\u00e4re???<\/p>\n<p>7.12. Original: &#8222;Neuer Skandal um Gerster: 900 BMW f\u00fcr seine Beh\u00f6rde &#8211; &#8211; in Welt am Sonntag :<\/p>\n<p>7.12. &#8211; Zitat des Tages aus der NY-Times &#8211; = auch \u00dcbersetzungs\u00fcbung&#8230;<\/p>\n<p>7.12.03 &#8211; Passend zum Europ\u00e4ischen Jahr der Behinderten: ARD will keine Behinderten<\/p>\n<p>7.12.03 &#8211; 13:15 Uhr &#8211; Willkommen! Bei Feminissima &#8211; Infos &#038; Atmos, aber auch Satiricals<\/p>\n<p>So &#8211; 2. Advent &#8211; &#8222;GERSTER FRISTLOS FEUERN&#8220; &#8211; verlangen heute endlich offiziell Politiker&#8230;ja, hei\u00dfa<\/p>\n<p>Gerster bestellte \u00fcber eine &#8222;Agentur&#8220; 900 &#8222;Dienst-BMW&#8220;&#8230; ja &#8211; 900&#8230;.in Worten..<\/p>\n<p>Die von den Arbeits\u00e4mtern Rausgehievten schenken Gersti einen weiteren BMW!!!<\/p>\n<p>FEMINISSIMA pl\u00e4diert f\u00fcr ein ANTI-KORRUPTIONS-MINISTERIUM ! <\/p>\n<p>DI-9.12.03 &#8211; Wer hatte erwartet, dass Putin ein Schaf im Wolfspelz w\u00e4re???<\/p>\n<p>7.12. Original: &#8222;Neuer Skandal um Gerster: 900 BMW f\u00fcr seine Beh\u00f6rde &#8211; &#8211; in Welt am Sonntag :<\/p>\n<p>7.12. &#8211; Zitat des Tages aus der NY-Times &#8211; = auch \u00dcbersetzungs\u00fcbung&#8230;<\/p>\n<p>7.12.03 &#8211; Passend zum Europ\u00e4ischen Jahr der Behinderten: ARD will keine Behinderten<\/p>\n<p>7.12.03 &#8211; 13:15 Uhr &#8211; Willkommen! Bei Feminissima &#8211; Infos &#038; Atmos, aber auch Satiricals<\/p>\n<p>So &#8211; 2. Advent &#8211; &#8222;GERSTER FRISTLOS FEUERN&#8220; &#8211; verlangen heute endlich offiziell Politiker&#8230;ja, hei\u00dfa<\/p>\n<p>Gerster bestellte \u00fcber eine &#8222;Agentur&#8220; 900 &#8222;Dienst-BMW&#8220;&#8230; ja &#8211; 900&#8230;.in Worten..<\/p>\n<p>Die von den Arbeits\u00e4mtern Rausgehievten schenken Gersti einen weiteren BMW!!!<\/p>\n<p>6, Dez. 03 &#8211; ein Klezmer-Konzert wartet &#8211; und nat\u00fcrlich<\/p>\n<p>&#8222;Schneewittchen&#8220; &#8211; im ALTEN SCHWIMMBAD.<\/p>\n<p>Hier kurzes Reinstreichen der Animals&#8230;alle ein bissi in Eile&#8230;danke F\u00fcr Euer Reinschauen&#8230;.!!<\/p>\n<p>Last Page view &#8211; <\/p>\n<p>22.884 &#8211; <\/p>\n<p>Ch\u00e9rie schnurrt.<br \/>\n<br \/>\nBello bellt.<br \/>\n<br \/>\nSenta sinniert.<br \/>\n<br \/>\nFEM fl\u00fcchtet in die Wahrheit des Theaters&#8230;.see you&#8230;&#8230;&#8230;..<br \/>\n<br \/>\nund hold-doch-on!<\/p>\n<p>Wenn die Inszenierung zur Inszenierung wird, wird die Inszenierung zur Inszenierung&#8230;truly &#038; cu-ly&#8230;.<br \/>\n<br \/>\ndie Rolle darbt dahin&#8230;&#8230;. <\/p>\n<p>DI-9.12.03 &#8211; Wer hatte erwartet, dass Putin ein Schaf im Wolfspelz w\u00e4re???<\/p>\n<p>7.12. Original: &#8222;Neuer Skandal um Gerster: 900 BMW f\u00fcr seine Beh\u00f6rde &#8211; &#8211; in Welt am Sonntag :<\/p>\n<p>7.12. &#8211; Zitat des Tages aus der NY-Times &#8211; = auch \u00dcbersetzungs\u00fcbung&#8230;<\/p>\n<p>7.12.03 &#8211; Passend zum Europ\u00e4ischen Jahr der Behinderten: ARD will keine Behinderten<\/p>\n<p>7.12.03 &#8211; 13:15 Uhr &#8211; Willkommen! Bei Feminissima &#8211; Infos &#038; Atmos, aber auch Satiricals<\/p>\n<p>So &#8211; 2. Advent &#8211; &#8222;GERSTER FRISTLOS FEUERN&#8220; &#8211; verlangen heute endlich offiziell Politiker&#8230;ja, hei\u00dfa<\/p>\n<p>Gerster bestellte \u00fcber eine &#8222;Agentur&#8220; 900 &#8222;Dienst-BMW&#8220;&#8230; ja &#8211; 900&#8230;.in Worten..<\/p>\n<p>Die von den Arbeits\u00e4mtern Rausgehievten schenken Gersti einen weiteren BMW!!!<\/p>\n<p>6, Dez. 03 &#8211; ein Klezmer-Konzert wartet &#8211; und nat\u00fcrlich<\/p>\n<p>Sind die Methoden der Arbeits\u00e4mter noch grundgesetz-konform???<\/p>\n<p>Dazu mehr demn\u00e4chst. Hier ein paar Einlesetipps &#8211; mehr bei www.zeit.online.de<br \/>\n<br \/>\nUnsere eigenen NEWS demn\u00e4chst&#8230;in unserer RUBRIK fem&#038;Wirtschaft auch R\u00fcckblicke auf den selbstverliebten Gerster, Noch-Chef der BU, der Bundesanstalt f\u00fcr Arbeit, N\u00fcrnberg.<\/p>\n<p>Arbeitsamt: Druck auf Arbeitslose steigt<\/p>\n<p>Die Arbeits\u00e4mter sperren zunehmend Arbeitslosengeld und -hilfe, wenn sich Jobsuchende weigern, eine angebotene Stelle anzunehmen. Das meldete das Institut der deutschen Wirtschaft (IW) in K\u00f6ln. In den ersten acht Monaten gab es in 91.800 F\u00e4llen kein Geld mehr. Vergangenes Jahr waren es im gleichen Zeitraum nur 57.300 Sperrzeiten gewesen. Ebenfalls zugenommen hat der Druck auf Jobsuchende, die sich weigern, an einer &#8222;Arbeitsamtsma\u00dfnahme&#8220;, zum Beispiel einem Weiterbildungsseminar, teilzunehmen. Mit den Hartz-Reformen ist es f\u00fcr Arbeitsuchende seit Fr\u00fchjahr diesen Jahres schwieriger geworden, vom Arbeitsamt vermittelte Stellen abzulehnen. Neuerdings m\u00fcssen die Jobsuchenden begr\u00fcnden, warum eine angebotene Stelle nicht zumutbar ist. Bisher musste das Arbeitsamt beweisen, dass sich ein Arbeitsloser nicht um einen neuen Job k\u00fcmmert. Sollte die Zahl der Sperren bis Ende des Jahres weiter so rapide ansteigen, werden laut IW 2003 drei mal so viel Sanktionen verh\u00e4ngt wie im vergangenen Jahr. <\/p>\n<p>* Der Unerreichte Gef\u00fchle und Ratschl\u00e4ge l\u00e4sst Florian Gerster nicht an sich heran &#8211; und verprellt sogar Freunde. Nun k\u00f6nnte der Chef der Bundesanstalt f\u00fcr Arbeit \u00fcber einen PR-Auftrag stolpern. Von Elisabth Niejahr http:\/\/www.zeit.de\/2003\/49\/Gerster  <\/p>\n<p>DI-9.12.03 &#8211; Wer hatte erwartet, dass Putin ein Schaf im Wolfspelz w\u00e4re???<\/p>\n<p>7.12. Original: &#8222;Neuer Skandal um Gerster: 900 BMW f\u00fcr seine Beh\u00f6rde &#8211; &#8211; in Welt am Sonntag :<\/p>\n<p>7.12. &#8211; Zitat des Tages aus der NY-Times &#8211; = auch \u00dcbersetzungs\u00fcbung&#8230;<\/p>\n<p>7.12.03 &#8211; Passend zum Europ\u00e4ischen Jahr der Behinderten: ARD will keine Behinderten<\/p>\n<p>7.12.03 &#8211; 13:15 Uhr &#8211; Willkommen! Bei Feminissima &#8211; Infos &#038; Atmos, aber auch Satiricals<\/p>\n<p>So &#8211; 2. Advent &#8211; &#8222;GERSTER FRISTLOS FEUERN&#8220; &#8211; verlangen heute endlich offiziell Politiker&#8230;ja, hei\u00dfa<\/p>\n<p>Gerster bestellte \u00fcber eine &#8222;Agentur&#8220; 900 &#8222;Dienst-BMW&#8220;&#8230; ja &#8211; 900&#8230;.in Worten..<\/p>\n<p>Die von den Arbeits\u00e4mtern Rausgehievten schenken Gersti einen weiteren BMW!!!<\/p>\n<p>6, Dez. 03 &#8211; ein Klezmer-Konzert wartet &#8211; und nat\u00fcrlich<\/p>\n<p>Sind die Methoden der Arbeits\u00e4mter noch grundgesetz-konform???<\/p>\n<p>heute ist freitag, 5.12. und der Dienstag, war schon mittwoch..hihi<\/p>\n<p>Ha-ja, gr\u00fcezi-miteinand!<br \/>\n<br \/>\nAn diesem wonderfoll-bra&#8211;vor-Knuppi, genannt Ruprecht oder mit mit auch 2 oder 3 P vor der Kn\u00fcppelrute&#8230;achja, stellt Euch vor, unvorstellbar but wie immer true&#8230;wieder wurde &#8211; wer wei\u00df wie sp\u00e4t &#8211;<br \/>\n<br \/>\njedenfalls, ei-ei-ei!!<br \/>\n<br \/>\njedenfalls fiel wohl em Nachbar endlich des Kinnergepl\u00e4rr uff die Nerve&#8230;(oder machte er sich am Ende vielleicht SORGEN?????????????????????)<\/p>\n<p>in Berlin-Nord war det, wo immer det isse, keene-Ahnung nich, wir sind nich von Berlin, vastehste??<\/p>\n<p>Die Polizei fand dann ein in seinem &#8222;Bettchen&#8220; gefesseltes und von Wunden und Narben \u00fcbers\u00e4tes kleines M\u00e4dchen von eineinhalb Jahren.<br \/>\n<br \/>\nDie 31 j\u00e4hrige Mutter wurde festgenommen, hie\u00df es.<br \/>\n<br \/>\nIm Radio.<br \/>\n<br \/>\nEi, da m\u00fcsse die Nachbarn ja lang des Kinnergepl\u00e4rr geh\u00f6rt hawwe, ehe se uff die Idee gekomme sinn&#8230;<br \/>\n<br \/>\nmit dem Kind k\u00f6nnt was net in Ordnung sinn&#8230;<\/p>\n<p>Jo-jo-jo.<br \/>\n<br \/>\nDes weihnachtet schwer.<\/p>\n<p>Zwei annere kleine M\u00e4dcher, ebenfalls eineinhalb Jahre zart, sinn gerad noch gerettet worrn vor em durchgeknallte &#8222;Vater&#8220; ..<br \/>\n<br \/>\nder hatte die Zwillinge der Mutter nicht mehr zur\u00fcckgebracht, nachdem ihm das Mit-Sorgerecht entzogen (worden)war.<\/p>\n<p>Durch &#8222;P\u00e4dophilie-Artikel&#8220; sensibliliserte (sensibilisierte) Mitb\u00fcrger alarmierten die Polizei, als der &#8222;Vater&#8220; im Begriff war, die &#8222;Kinder zu windeln&#8220; &#8211; wie das heut hei\u00dft, f\u00fcr Windeln wechsele..<br \/>\n<br \/>\nDene Mitb\u00fcrger war die halbnackte Kinner im kalte Auto uffem Parkplatz uffgefalle&#8230;<\/p>\n<p>Der &#8222;Vater&#8220; hatte (soll) auch damit gedroht, so gelese,<br \/>\n<br \/>\nei die M\u00e4dcher auch gegebenefalls umzubringe..<\/p>\n<p>O-du-fr\u00f6liche..fr\u00f6hliche&#8230;<\/p>\n<p>Die unauff\u00e4lligste aller deutschen Ministerinnen, Buhlman oder ohne h in de Mitt, hat sich, ei &#8211; wer-h\u00e4tt-das-gedacht!!<br \/>\n<br \/>\njetzt verz\u00fcckt ge\u00e4u\u00dfert &#8211;<br \/>\n<br \/>\n&#8222;Very creative findet sie den Protest Berliner Studenten gegen Sozialabbau und die 75 Mio Euro-K\u00fcrzunge im Unibereich in Berlin bis in die n\u00e4chste paar Jahr&#8230;<br \/>\n<br \/>\nBesonders angetan schien sie vom Rinnh\u00fcppe in des eiskalte Wasser von de SPREE, von dene unerschrockene Studente mit dem Schild uffm R\u00fccke:<\/p>\n<p>&#8222;DIE BILDUNG GEHT BADEN!&#8220;<\/p>\n<p>momenti-dementi, mal saven!<br \/>\n<br \/>\nHold on!<\/p>\n<p>Die Moral iss schon l\u00e4ngst schwer baden gegangen&#8230;<\/p>\n<p>nee, damit meint Bello nich das schlaffe Privatfernsehen &#8222;Bunte -TV&#8220; auf dem HR-ARD-Dings, wann war dess noch, dass de Hessisch Rundfunk angefange hat, sei Profil nach-un-nach-abzugebe..?<br \/>\n<br \/>\nJedenfalls wird der Geschmacklosigkeit jetzt &#8211; nee, dieSchlau-Gucker warn des- ja- ma- e- e-sowas-von-selbst:<br \/>\n<br \/>\ndie hamm das DUMM-FERNSEHE gar net erst geguckt, weil se auch nie die &#8222;BUNTE&#8220; kaufe tun&#8230;des Volksverdummungs-Ges\u00e4usel&#8230;nur der MDR soll als ARD&#8212;noch &#8222;def\u00fcR&#8220;&#8230;.kaa Wunner net, mit dene ihr Unbrinsant-&#8222;BRISTAN&#8220;, das dene all, die dadef\u00fcr &#8222;rum&#8230;mache&#8220; tun&#8230;viele Geld f\u00fcr Nixtun..brngt&#8230;.also&#8230;noch so e Ding wie des \u00dcberfl\u00fcssig-unbrisant-&#8222;Brisant&#8220; &#8211; dann noch abends 1. Ersten am Freitagabend&#8230;.<br \/>\n<br \/>\nna, zuletzt bleiben halt nur noch der WDR und NDR , als die letzten KRITISCHEN und INFORMATIVEN Sender&#8230;am LEben&#8230;.unn des iss gut so&#8230;..bei all dem FLACH-SINN&#8230;&#8230;..dann lieber &#8230;<\/p>\n<p>oh gerad wird im Radio ner arm Mutter e Geschenk gemacht, unn die flennt&#8230;weil ihr 2 Kinner dann e Barbie unn en Game-Boy krische-tun&#8230;.und dann Musik hoch &#8211; &#8222;FROHE WIEHNACHT, nee WEIHNACHT&#8220;&#8230;.<\/p>\n<p>Oh Kinder, ist das alles so wunderbar, fromm, frisch, fr\u00f6hlich, strahlend, plutoniumreiche Zeit&#8230;danke f\u00fcr Eure reich..haltigen Besuche&#8230;\u00fcbrgigens&#8230;gestern&#8230;nix- geschriwwe&#8230;.noch de alt &#8211; Mornig-Texte..jo..gestern en freundlicher BVG-Pr\u00fcfer&#8230;hat schon gewirkt, siehste!<\/p>\n<p>Hold on!<br \/>\n<br \/>\nLast page view: 22.851 &#8211; !Ja.<\/p>\n<p>Ch\u00e9rie, unsere Redaktionswildkatze, k\u00fcrzt gerade ihre Krallen.<br \/>\n<br \/>\nUnd unsere unerm\u00fcdliche Senta, die gelbe Dogge, trabt jetzt nach Hellersdorf, um dort dene arme Kinner, die so en Pfarrer (ARCHE NOAH e.V. Berlin-Hellersdorf),<br \/>\n<br \/>\ndene so en Pfarrer jede Tach e warm Mahlzeit organisiert,dort gibt Senta e paar S\u00fc\u00dfischkeite ab, wei\u00dfte, die von so em Geburtstags-Tach lieche-gebliwwe sinn&#8230;die warn dene normalo-Kinner net gut genuch&#8230;&#8230;&#8230;&#8230;&#8230;..hi-di-ho!<\/p>\n<p>\nWie sind wir widder-so &#8211; a- Froh&#8230;Di-de-li-de-dum-di-dumm!<\/p>\n<p>DI-9.12.03 &#8211; Wer hatte erwartet, dass Putin ein Schaf im Wolfspelz w\u00e4re???<\/p>\n<p>7.12. Original: &#8222;Neuer Skandal um Gerster: 900 BMW f\u00fcr seine Beh\u00f6rde &#8211; &#8211; in Welt am Sonntag :<\/p>\n<p>7.12. &#8211; Zitat des Tages aus der NY-Times &#8211; = auch \u00dcbersetzungs\u00fcbung&#8230;<\/p>\n<p>7.12.03 &#8211; Passend zum Europ\u00e4ischen Jahr der Behinderten: ARD will keine Behinderten<\/p>\n<p>7.12.03 &#8211; 13:15 Uhr &#8211; Willkommen! Bei Feminissima &#8211; Infos &#038; Atmos, aber auch Satiricals<\/p>\n<p>So &#8211; 2. Advent &#8211; &#8222;GERSTER FRISTLOS FEUERN&#8220; &#8211; verlangen heute endlich offiziell Politiker&#8230;ja, hei\u00dfa<\/p>\n<p>Gerster bestellte \u00fcber eine &#8222;Agentur&#8220; 900 &#8222;Dienst-BMW&#8220;&#8230; ja &#8211; 900&#8230;.in Worten..<\/p>\n<p>Die von den Arbeits\u00e4mtern Rausgehievten schenken Gersti einen weiteren BMW!!!<\/p>\n<p>6, Dez. 03 &#8211; ein Klezmer-Konzert wartet &#8211; und nat\u00fcrlich<\/p>\n<p>Sind die Methoden der Arbeits\u00e4mter noch grundgesetz-konform???<\/p>\n<p>heute ist freitag, 5.12. und der Dienstag, war schon mittwoch..hihi<\/p>\n<p>3.Dez.03 &#8211; Heute ist Dienstag.<\/p>\n<p>Wir sind doch einer Meinung, oder?<br \/>\n<br \/>\nNun glaubt doch bitte blo\u00df nicht, dass hier blo\u00df pausenlos geblo\u00dft wird. Nein &#038; nochmals nein.<br \/>\n<br \/>\nSch\u00f6\u00f6n ist die Fahrt, 30 U-Bahn-Stationen, traut-vertraut, morgens zwischen 6 Uhr 59 bis 7 Uhr 45 quer durch Berlin.<br \/>\n<br \/>\nVon einem Halbende zum anderen, sozuagen.<br \/>\n<br \/>\nUm diese Uhrzeit scheinen die unsmarten Sp\u00e4tfrauen (auch wenn sie jung sein wollen) und die chronisch vergammelten Jungs , die Sp\u00e4talter-H\u00e4ngebauch-\u00fcber-Uralt-Grau-Jeans, von der BVG noch nicht auf dem Alert.<br \/>\n<br \/>\nNee wirklich, ganz unter uns, da hippen die rein, und jedes mal denkst Du, jetzt passiert ein \u00dcberfall &#8211; aber es sind blo\u00df die merkw\u00fcrdig furchtbar-h\u00e4\u00dflichen &#8211; wahrscheinlich danach ausgesucht &#8211; &#8222;Fahrkarten-Kontrolleure&#8220; der so-was-von-absolut-schwer-heruntergekommenen BVG oder wie das hei\u00dft.<br \/>\n<br \/>\nNa, und nu ganz mittemang unter uns &#8211;<br \/>\n<br \/>\nwas haste denn f\u00fcrn Schulabschlu\u00df, um so in die U-Bahn<br \/>\n<br \/>\nmit de dreckige Jeans und de verwaschene T-Shirt rinzuspringe und zu pl\u00e4rre &#8222;FAHRKARTENKONTROLLE!&#8220;<br \/>\n<br \/>\nNee, sagte da die Tante Alla &#8211; &#8222;Von mir kriegt Ihr kein Geld!&#8220;cbr>und zeigte wutentbrannt ihr Monatsticket.<\/p>\n<p>&#8222;Det iss de Abschaum!&#8220;<br \/>\n<br \/>\nsecht-se und vertieft sich widder in ihr Sonntagsblatt&#8230;nicht ohne ein feines L\u00e4cheln in ihrem wunderbar glatten \u00e4lteren-Dauer-Jung-wegen- ihrem-Geist-you -know &#8211; Gesicht.<br \/>\n<br \/>\nWie wunderbar, dasss es solche Menschen auch in den U-Bahnen gibt.<br \/>\n<br \/>\nHeute, nee, gestern war das schon, da steigt so ein Typ ein&#8230;gottseidank ohne die &#8222;MOTZ&#8220; und den eingetrichterten Tonfall, den-de nich mehr- h\u00f6ren, kannst, weeste, nee, der war authentsch, wirklich authensch&#8230;(f\u00fcr nicht-Berliner: &#8222;authentisch&#8220;) &#8211; der sagte &#8211; Ich bin der ..Sowieso&#8230;unn ich bin wieder r\u00fcckf\u00e4llisch geworden, Drogen und so, sa\u00df auch im Knast, und lebe jetzt von meinen Mitmenschen, erstmal, weil keiner jemanden wie mich noch will&#8230;<br \/>\n<br \/>\nAls eine Frau ihre Schachtel Zigaretten plus Feuerzeug freiwillig rausr\u00fcckte und noch ein paar nicht-der-Rede-wert-Cents, blickten alle in der U-Bahn die Frau an, stumm, mit offenen blicklosen Augen, als sei sie ein Wesen von einem anderen Stern.<br \/>\n<br \/>\nJawoll, 2 % aller Menschen sind menschlich, sagte eine Statistik.<br \/>\n<br \/>\nDer D\u00fcrre, Abgemagerte, in seinem viel zu d\u00fcnnen Jeans-Dings, sagte, jo, danke&#8230;ihr h\u00f6rt noch von mir&#8230;<br \/>\n<br \/>\nklar hat der Wut.<\/p>\n<p>Aber ein paar Lullen lullen f\u00fcr l\u00e4ngstens lull-Minuten..ja-na&#8230;kommt gut in den dienstag, und verschenkt doch in dieser, kling-gl\u00f6cklein-gling.klink.klingelingeling-wundersam-Dauer-Riesel-Reklame-Zeit-dir-das-Geld-aus-der-Tasch-f\u00fcr-Kitsch-&#038;-go, ja verschenk mal ein paar Cents , verdammt!!!!!<\/p>\n<p>See you ! Hold on! <\/p>\n<p>DI-9.12.03 &#8211; Wer hatte erwartet, dass Putin ein Schaf im Wolfspelz w\u00e4re???<\/p>\n<p>7.12. Original: &#8222;Neuer Skandal um Gerster: 900 BMW f\u00fcr seine Beh\u00f6rde &#8211; &#8211; in Welt am Sonntag :<\/p>\n<p>7.12. &#8211; Zitat des Tages aus der NY-Times &#8211; = auch \u00dcbersetzungs\u00fcbung&#8230;<\/p>\n<p>7.12.03 &#8211; Passend zum Europ\u00e4ischen Jahr der Behinderten: ARD will keine Behinderten<\/p>\n<p>7.12.03 &#8211; 13:15 Uhr &#8211; Willkommen! Bei Feminissima &#8211; Infos &#038; Atmos, aber auch Satiricals<\/p>\n<p>So &#8211; 2. Advent &#8211; &#8222;GERSTER FRISTLOS FEUERN&#8220; &#8211; verlangen heute endlich offiziell Politiker&#8230;ja, hei\u00dfa<\/p>\n<p>Gerster bestellte \u00fcber eine &#8222;Agentur&#8220; 900 &#8222;Dienst-BMW&#8220;&#8230; ja &#8211; 900&#8230;.in Worten..<\/p>\n<p>Die von den Arbeits\u00e4mtern Rausgehievten schenken Gersti einen weiteren BMW!!!<\/p>\n<p>6, Dez. 03 &#8211; ein Klezmer-Konzert wartet &#8211; und nat\u00fcrlich<\/p>\n<p>Sind die Methoden der Arbeits\u00e4mter noch grundgesetz-konform???<\/p>\n<p>heute ist freitag, 5.12. und der Dienstag, war schon mittwoch..hihi<\/p>\n<p>3.Dez.03 &#8211; Heute ist Dienstag.<\/p>\n<p>1.Dez. 03 &#8211; Berliner Skurrilien: das perfekte Vierbeiner-Viech<\/p>\n<p>&#8222;Wir hatten eine Vereinbarung!&#8220;<br \/>\n<br \/>\nSagte der smarte Mitt-Drei\u00dfiger, mode-tr\u00e4chtig freie Stirn,<br \/>\n<br \/>\nder fr\u00fchlingshaften Temperatur angepasst den Dreiviertel-Trenchcoat und undechiffrierbare Krawatte \u00fcber blau-wei\u00df-gestreiftem Hemd &#8211;<br \/>\n<br \/>\nsagte der also unweit des Bahnhofs zu Berlin-Zoo, knapp wenige Meter vor einem Blumen-Stra\u00dfenverkaufs-Stand, von denen es, dies f\u00fcr Berlin-Unkundige, nicht unwenige unweit des Berliner Bahnhofs Berlin-Zoo, gibt, ja &#8211; sagte der Mann also zu seinem zauseligen irgendwie uraltrig-fellzerzaust-schwarz-grauen-Mischlingshund, der ihn darob aus gro\u00dfen dunklen Hundeaugen verzweifelt anstarrte!<br \/>\n<br \/>\nUnd sich flachb\u00e4uchig auf den f\u00fcr Hundeb\u00e4uche vielleicht doch leicht kalt-gef\u00fchlt-b\u00e4uchigen Trottoir legte.<\/p>\n<p>&#8222;Wu\u00dfte ich doch, dass wir uns verstehen&#8230;!&#8220;<\/p>\n<p>freute sich der smarte Mann im Dreiviertel-Trechcoat und kaufte strahlend ein paar Blumen f\u00fcr seine Allerliebste, die sich so dar\u00fcber freute, wie wundervoll doch so ein Tier gehorcht &#8211; <\/p>\n<p>und versteht.<br \/>\n<br \/>\n&#8222;Wir hatten doch eine Vereinbarung!&#8220;<\/p>\n<p>Hi, have a nice Monday-Tag, wir suchen clandestinement very early in the morning eine dieser &#8222;Veranstaltungen der sogenannten Bundesanstalt f\u00fcr Arbeit&#8220; auf.<br \/>\n<br \/>\nJene, an denen ganz-ganz-viele-verdienen-nur die Arbeitslosen nicht.<br \/>\n<br \/>\nDie aber, so wohl also ein Super-PR-Tip der hahah mach-die-Molle-PR-Agentur&#8230;Ja, einsparen, Geld, St\u00fctze, wenn jemand nicht kommt&#8230;&#8230;hold on!<br \/>\n<br \/>\nDie Wette, dass Gersti Weihnachten nicht mehr in seiner Holle-Bett-S\u00e4nfte- namens Bundesanstalt f\u00fcr Arbeit erlebt&#8230;.wird wieder aktualisiert.<br \/>\n<br \/>\nDie erste Wette ging gerstern bei uns ein.<br \/>\n<br \/>\nOki!<\/p>\n<p>\nGestern, Gerster na ja, er wei\u00df nicht immer, was er sagt, darum sagte er irgendwann, dass er schon gesat hatte, dass dies alles skandalisiert w\u00fcrde, wenn es nur rechtzeitig herausk\u00e4me und dann gleich alles Geld gesperrt.<br \/>\n<br \/>\nSo harmlos wie er tut, war er nie.<\/p>\n<p>Bleibt wach!<\/p>\n<p>DI-9.12.03 &#8211; Wer hatte erwartet, dass Putin ein Schaf im Wolfspelz w\u00e4re???<\/p>\n<p>7.12. Original: &#8222;Neuer Skandal um Gerster: 900 BMW f\u00fcr seine Beh\u00f6rde &#8211; &#8211; in Welt am Sonntag :<\/p>\n<p>7.12. &#8211; Zitat des Tages aus der NY-Times &#8211; = auch \u00dcbersetzungs\u00fcbung&#8230;<\/p>\n<p>7.12.03 &#8211; Passend zum Europ\u00e4ischen Jahr der Behinderten: ARD will keine Behinderten<\/p>\n<p>7.12.03 &#8211; 13:15 Uhr &#8211; Willkommen! Bei Feminissima &#8211; Infos &#038; Atmos, aber auch Satiricals<\/p>\n<p>So &#8211; 2. Advent &#8211; &#8222;GERSTER FRISTLOS FEUERN&#8220; &#8211; verlangen heute endlich offiziell Politiker&#8230;ja, hei\u00dfa<\/p>\n<p>Gerster bestellte \u00fcber eine &#8222;Agentur&#8220; 900 &#8222;Dienst-BMW&#8220;&#8230; ja &#8211; 900&#8230;.in Worten..<\/p>\n<p>Die von den Arbeits\u00e4mtern Rausgehievten schenken Gersti einen weiteren BMW!!!<\/p>\n<p>6, Dez. 03 &#8211; ein Klezmer-Konzert wartet &#8211; und nat\u00fcrlich<\/p>\n<p>Sind die Methoden der Arbeits\u00e4mter noch grundgesetz-konform???<\/p>\n<p>heute ist freitag, 5.12. und der Dienstag, war schon mittwoch..hihi<\/p>\n<p>3.Dez.03 &#8211; Heute ist Dienstag.<\/p>\n<p>1.Dez. 03 &#8211; Berliner Skurrilien: das perfekte Vierbeiner-Viech<\/p>\n<p>29.11.03 &#8211; der definitiv letzte Samstag im November 2003&#8230;<\/p>\n<p>primetime:<br \/>\n<br \/>\nZitat des Tages in den 14-Uhr-Nachrichten eines Berliner Radio-Senders:<\/p>\n<p>&#8222;Wegen \u00dcberf\u00fcllung der Berliner Gef\u00e4ngnisse<br \/>\n<br \/>\nm\u00fcssen einige Verurteilte auf einen freien Haftplatz warten.&#8220;<\/p>\n<p>Da fordert Eure FEM ganz treuherzig:<\/p>\n<p>&#8222;Rechtsanspruch auf einen Gef\u00e4ngnisplatz!&#8220;<\/p>\n<p>Hihiohohoha-hahouhzlalach-sch\u00fctt-aus-und-so. <\/p>\n<p>Zuvor meldete die Meldung,<br \/>\n<br \/>\nim Zuge vorweihnachtlicher Gnadenakte,<br \/>\n<br \/>\nw\u00fcrden diversen Strafgefangenen die letzten 12 Wochen<br \/>\n<br \/>\nihrer Haft &#8222;erlassen&#8220;.<br \/>\n<br \/>\nNicht vom Gnadenakt betroffen,<br \/>\n<br \/>\nseien allerdings Sexualstraft\u00e4ter und Drogen-T\u00e4ter&#8230;<br \/>\n<br \/>\n&#8222;Die freien Pl\u00e4tze werden sofort wieder besetzt, da&#8230;&#8220; &#8230;wegen..<br \/>\n<br \/>\nsiehe oben&#8230;..<\/p>\n<p>\nwww.schweigekultur&#8230;.hi!<\/p>\n<p>\no<\/p>\n<p>buch<\/p>\n<p>staben<\/p>\n<p>\nk<br \/>\n<br \/>\nu<\/p>\n<p>\nn<\/p>\n<p>s<\/p>\n<p>t<\/p>\n<p>\nfem&#038;Politik: Sonnenk\u00f6nige &#038; mehr<br \/>\n<br \/>\nUnd bitte sehr &#8211; hier alle Text-live-K\u00e4stchen der letzten Tage &#038; N\u00e4chte&#8230;gespeichert&#8230;ruhen sich aus..in der abgek\u00fchlten Warte-Runde&#8230;.tut ihnen den Gefallen, und lest sie auch dort, und nicht nur in der live-Gegenwarts-Frontpage von FEM :damit sie sich nicht so \u00fcberfl\u00fcssig f\u00fchlen&#8230;!Das zum Gro\u00df-Charity f\u00fcr die Texte, in diesen Charity-Zeiten, h\u00f6rt sich ja auch schicker an als &#8222;Spenden&#8220; &#8230;.!<br \/>\n<br \/>\nHier also die letzten Impressionen \u00fcber Gersti und seine L\u00f6wenmutti, wie das gestern ein Berliner Moderator so wunderbar formulierte&#8230;..<br \/>\n<br \/>\nSchon peinlich, wie das sowieso eigentlich nur in Germany m\u00f6glich, dass &#8222;Arbeits- und Wirtschaftsministerium&#8220; in EINER Hand&#8230;wie nun ein SPD-Doppelminister, fr\u00fcher mal Journalist, nun seinen Ex-Kollegen die Kapriziosen eines, selbst von SPD-lern als &#8222;durchgeknallt&#8220; bezeichneten H\u00f6hen-Abgehoben-Weggehovert &#8211; na, Ihr wi\u00dft schon!Also hier ungemein viel Text von nur 2 Tagen&#8230;vom26. und 27. Nov.03, da schaust, was?<br \/>\n<br \/>\nVer\u00f6ffentlicht 28. Nov 2003 &#8211; 05:06  <\/p>\n<p>\nfem&#038;Wirtschaft: Die PR-Zersetzung des Staates<br \/>\n<br \/>\nWie s\u00fcchtige FEM-LeserInnen wissen, fielen die meisten unserer heftigen Artikel vom letzten Sommer (2002) teilweise einem selbstverursachten Crash zum Opfer. Viele, aber nicht alle, vor allem nicht die wunderbaren Fotos: &#8222;Politik macht alt&#8220; &#8211; die Herrn Scharping im Zeitwandel weniger Jahre zeigten&#8230;.gerade als er ein &#8222;Opfer&#8220; eines Image-&#8222;Beraters&#8220; geworden war, dem auch der GR\u00dcNE \u00d6zdemir in die Fallstricke gegangen war&#8230;<\/p>\n<p>Kaum war Hunzinger &#8230;bzw. waren die von ihm &#8222;beratenen und betreuten&#8220; genannten Politiker &#8222;weg vom Fenster&#8220; &#8211;<br \/>\n<br \/>\nsch\u00e4umt nun ein Jahr sp\u00e4ter eine ganz neue DIMENSION von &#8222;Beratungs-Filz&#8220; &#8211; Welle auf, die den einfachen Mann und die klaa Frau von de Stra\u00df echt des F\u00fcrchte lehrt.<\/p>\n<p>Denn Dir wird klar, warum Du UNKORRUMPIERT nichts werden kannst:<\/p>\n<p>Weil die, die was &#8222;werden&#8220; ,alle mit einem Bein eigentlich in der T\u00fcr der Ermittlungsakte der Staatsanwaltschaft ..h\u00e4ngen&#8230;<br \/>\n<br \/>\ndas deckt sich mit &#8222;lebenslanger&#8220; Erfahrung Eurer 150 Jahre alten FEMINISSIMA &#8211; wer reich ist hat meist mindestens einen Dreck am Stecken&#8230;.<\/p>\n<p>Dies als Anmoderation zu dem hervorragendsten Kommentar dieser Tage &#8211; und als &#8222;Frisch-Konservat&#8220; f\u00fcr sp\u00e4ter (wir l\u00f6schen nix mehr ohne es in WORD zu archivieren, l\u00e4ngst versprochen!)<\/p>\n<p>auch in der BERLINER ZEITUNG (hoffentlich d\u00fcrfen die noch so schreiben, wenn sie von einem der gr\u00f6\u00dften Verlags-H\u00e4usern\/Konzern Holtzbrink gekauft ist&#8230;.<br \/>\n<br \/>\nVer\u00f6ffentlicht 27. Nov 2003 &#8211; 18:29  <\/p>\n<p>\nfem&#038;Wirtschaft: Die Netzwerker<br \/>\n<br \/>\n&#8222;Das goldene Netzwerk&#8220; aus der BERLINER ZEITUNG-online, von heute, Autor Andreas F\u00f6rster, haben wir jetzt f\u00fcr uns und Euch &#8222;konserviert&#8220;.<\/p>\n<p>Bitte sehr! Das m\u00fcsst Ihr Euch wert sein: informiert zu sein, \u00fcber all diese Machenschaften. Und kauft bitte, wie wir auch, weiterhin Paper-Zeitungen&#8230;.damit die PRESSE nicht eingeht&#8230;die PRINT-PRESSE..! Die PRESSE ist unser Garant f\u00fcr Demokratie!! Nicht die Politik&#8230;<br \/>\n<br \/>\nVer\u00f6ffentlicht 27. Nov 2003 &#8211; 17:56  <\/p>\n<p>\nPinnwand: &#8222;Schneewittchen&#8220;-<br \/>\n<br \/>\nHier GENAUERES \u00fcber die Performance &#8211;<br \/>\n<br \/>\n&#8222;SCHNEEWITTCHEN hoch 2 &#8220; in BERLIN,<br \/>\n<br \/>\nvom 4. bis 7. Dezember 2003<br \/>\n<br \/>\nVer\u00f6ffentlicht 27. Nov 2003 &#8211; 17:12  <\/p>\n<p>\nfem&#038;Wirtschaft: Akte Gerster , die II &#038; III..<br \/>\n<br \/>\nAls Archiv quasi &#8211; diese Strecke von bild-t-online \u00fcbernommen, um nichts zu vergessen &#8211; also:<br \/>\n<br \/>\nVer\u00f6ffentlicht 26. Nov 2003 &#8211; 15:20  <\/p>\n<p>\nfem&#038;Wirtschaft: Gersters Gesten,I.<br \/>\n<br \/>\nBitte sehr &#8211; hier in aller L\u00e4nge die Texte und Impressionen &#8211; also die Infos, Atmos und Satiricals von FEMINISSIMA zum &#8222;Fall Gerster&#8220; und die \u00fcblichen Alltags-Atmosph\u00e4r- chen&#8230;if you like!(Texte der letzten Tage, rund 60 mal hier live gelesen, gestern und vorgestern) (Das soll ein Appetizer sein&#8230;)&#8230;..was sonst..<br \/>\n<br \/>\nVer\u00f6ffentlicht 26. Nov 2003 &#8211; 03:32  <\/p>\n<p>\nfem&#038;Bildung: &#8222;Vor-Urteile&#8220; Hirnforschungsgegenstand<br \/>\n<br \/>\nJa. Irgendwann ist die Rubrik &#8222;Wissenschaft&#8220; runtergefallen. FORSCHUNG &#038; WISSENSCHAFT &#8211; unser liebstes Kind&#8230;wie das ja immer so geht. Auch ein Vorurteil? Hochspannend, was wir in der FAZ gerade f\u00fcr Euch gefunden haben&#8230;.auch Kaufentscheidungen&#8230;neues Wort &#8222;Neuro-Marketing&#8220;&#8230;.tja&#8230;bald sind wir voll-enttarnt..<br \/>\n<br \/>\nAuch Vor-Urteile&#8230;etwas RASSISMUS&#8230;sind auf eine Fehlleistung der Kognition zur\u00fcckzuf\u00fchren?<br \/>\n<br \/>\nW\u00e4re dann am Ende heilbar??<br \/>\n<br \/>\nDas w\u00fcrde ja bedeuten k\u00f6nnen, zu Ende gedacht &#8211; &#8222;Frieden ist machbar?&#8220;&#8230;(Einige werden das ja nicht wollen..)<\/p>\n<p>Also &#8211; hier &#8211; spannend &#8211; ::<br \/>\n<br \/>\nVer\u00f6ffentlicht 22. Nov 2003 &#8211; 19:13  <\/p>\n<p>\nfem&#038;Politik: Feminissima-Impressions<br \/>\n<br \/>\nIn den live-Lese-Lounges-wird gerade hausgeputzt.<br \/>\n<br \/>\nDie Texte sind hierher ger\u00e4umt worden &#8211; der letzten beiden Tage. Derzeit Mager-Fleisch&#8230;! Wir haben keine Lust zum Schreiben.<br \/>\n<br \/>\nBerlin t\u00f6tet jede Kreativit\u00e4t &#8211; das freche Verhalten, das sich einst wohl mal &#8222;Berliner Schnauze&#8220; nannte&#8230;ist was Ungehobeltes, Freches, Dreistes &#8211; irgendwie primitiv-vulg\u00e4r und mit Vorsicht zu genie\u00dfen.<br \/>\n<br \/>\nAm schlimmsten sind hier die Menschen in den Beh\u00f6rden. Du f\u00fchlst Dich wie in tiefsten DDR-Zeiten, teilweise, stalinistisch-stasi-haft &#8211; H\u00f6chst unangenehm.<br \/>\n<br \/>\nNicht zu empfehlen, nach Berlin zu ziehen. Es war ein schwerer Irrtum, hier das &#8222;offene&#8220; Deutschland zu erhoffen. Hier wohnt der Muff und das Duckm\u00e4usertum. Hohe Kriminalit\u00e4t und wenig Kultur. Die dann aber angenehm.<br \/>\n<br \/>\nVer\u00f6ffentlicht 22. Nov 2003 &#8211; 11:03  <\/p>\n<p>\nfem&#038;Gewalt: Recht in Deutschland<br \/>\n<br \/>\nBew\u00e4hrung f\u00fcr Mutter, die ihr Baby zu Tode gesch\u00fcttelt hat. Quelle: focus-online vom 20. 11. 03\/ f\u00fcr Euch konserviert<br \/>\n<br \/>\nVer\u00f6ffentlicht 22. Nov 2003 &#8211; 10:55  <\/p>\n<p>\nfem&#038;Politik: Hohmann drau\u00dfen<br \/>\n<br \/>\nHier r\u00e4keln sich die dauerfrischen ex-live-Texte von FEMINISSIMAS live-Site &#8211; THEMA &#8211; &#8222;HOHMANN IST DRAUSSEN &#8211; die frischen INFOS &#038; ATMOS vom 1. bis zum 14. November 2003 &#8211; here it goes:<br \/>\n<br \/>\nVer\u00f6ffentlicht 14. Nov 2003 &#8211; 15:15  <\/p>\n<p> Polly patzt pausenlos<\/p>\n<p> (sowas auch!)<\/p>\n<p>\n[ Results | Polls ]<\/p>\n<p>Votes: 0 | Comments: 0<\/p>\n<p>\n \u00b7 Sonnenk\u00f6nige &#038; mehr (28. Nov, 2003)<br \/>\n<br \/>\n\u00b7 Die PR-Zersetzung des Staates (27. Nov, 2003)<br \/>\n<br \/>\n\u00b7 Die Netzwerker (27. Nov, 2003)<br \/>\n<br \/>\n\u00b7 &#8222;Schneewittchen&#8220;- (27. Nov, 2003)<br \/>\n<br \/>\n\u00b7 Akte Gerster , die II &#038; III.. (26. Nov, 2003)<br \/>\n<br \/>\n\u00b7 Gersters Gesten,I. (26. Nov, 2003)<br \/>\n<br \/>\n\u00b7 &#8222;Vor-Urteile&#8220; Hirnforschungsgegenstand (22. Nov, 2003)<br \/>\n<br \/>\n\u00b7 Feminissima-Impressions (22. Nov, 2003)<br \/>\n<br \/>\n\u00b7 Recht in Deutschland (22. Nov, 2003)<br \/>\n<br \/>\n\u00b7 Hohmann drau\u00dfen (14. Nov, 2003)<\/p>\n<p>\n Montag, 03. November<br \/>\n<br \/>\n\u00b7 CHRISTIANSEN- die Frauenfeindin..? (0)<br \/>\n<br \/>\n\u00b7 Gross-Demo gegen Zwangsarmut (0)<br \/>\n<br \/>\n\u00b7 18j\u00e4hrige warf Baby aus Fenster (0)<br \/>\n<br \/>\n\u00b7 Aufruf zur Demo &#038; Potter goes to &#8211; (0)<br \/>\n<br \/>\n\u00b7 Bombe auf Bahnhof Ffm? (0)<br \/>\n<br \/>\nDonnerstag, 30. Oktober<br \/>\n<br \/>\n\u00b7 Caroline v. Monaco contra Privatfotos (0)<br \/>\n<br \/>\n\u00b7 Stereotypgest\u00fctzte Sprachrezeption (0)<br \/>\n<br \/>\nMittwoch, 22. Oktober<br \/>\n<br \/>\n\u00b7 Durchbruch bei Krebsbehandlung?? (0)<br \/>\n<br \/>\nSonntag, 19. Oktober<br \/>\n<br \/>\n\u00b7 Fem-kopiert-sich-okt.03 (0)<br \/>\n<br \/>\n\u00b7 Hier sind die L\u00f6wen &#8211; (0)<br \/>\n<br \/>\n  Older Articles <\/p>\n<p>(C) Feminissima 2002<br \/>\n<br \/>\nCMS by PostNuke<br \/>\n<br \/>\nHaftung f\u00fcr Inhalte auf verlinkten Seiten wird ausgeschlossen.<\/p>\n<p><\/p>\n","protected":false},"excerpt":{"rendered":"<p>Die einzelnen Themen-\u00dcberschriften als Inhalts\u00fcbersicht &#8222;ein bissi sp\u00e4ter, okay?&#8220;<br \/>Hier in voller Breitseite die Texte vom letzten November-Tag bis heute&#8230;viel Spa\u00df &#8211; vor allem viel Gerster dabei..<\/p>\n","protected":false},"author":2,"featured_media":0,"comment_status":"closed","ping_status":"closed","sticky":false,"template":"","format":"standard","meta":{"footnotes":""},"categories":[14],"tags":[],"class_list":["post-83348","post","type-post","status-publish","format-standard","hentry","category-fempolitik","entry"],"yoast_head":"<!-- This site is optimized with the Yoast SEO plugin v21.0 - https:\/\/yoast.com\/wordpress\/plugins\/seo\/ -->\n<title>1-9.12. 03 \/Gerster &amp; so - Feminissima<\/title>\n<meta name=\"robots\" content=\"index, follow, max-snippet:-1, max-image-preview:large, max-video-preview:-1\" \/>\n<link rel=\"canonical\" href=\"https:\/\/feminissima.de\/index.php\/2003\/12\/09\/1-9-12-03-gerster-so\/\" \/>\n<meta property=\"og:locale\" content=\"de_DE\" \/>\n<meta property=\"og:type\" content=\"article\" \/>\n<meta property=\"og:title\" content=\"1-9.12. 03 \/Gerster &amp; so - Feminissima\" \/>\n<meta property=\"og:description\" content=\"Die einzelnen Themen-\u00dcberschriften als Inhalts\u00fcbersicht &quot;ein bissi sp\u00e4ter, okay?&quot;Hier in voller Breitseite die Texte vom letzten November-Tag bis heute...viel Spa\u00df - vor allem viel Gerster dabei..\" \/>\n<meta property=\"og:url\" content=\"https:\/\/feminissima.de\/index.php\/2003\/12\/09\/1-9-12-03-gerster-so\/\" \/>\n<meta property=\"og:site_name\" content=\"Feminissima\" \/>\n<meta property=\"article:published_time\" content=\"2003-12-09T10:41:22+00:00\" \/>\n<meta name=\"author\" content=\"admin\" \/>\n<meta name=\"twitter:card\" content=\"summary_large_image\" \/>\n<meta name=\"twitter:label1\" content=\"Verfasst von\" \/>\n\t<meta name=\"twitter:data1\" content=\"admin\" \/>\n\t<meta name=\"twitter:label2\" content=\"Gesch\u00e4tzte Lesezeit\" \/>\n\t<meta name=\"twitter:data2\" content=\"27\u00a0Minuten\" \/>\n<script type=\"application\/ld+json\" class=\"yoast-schema-graph\">{\"@context\":\"https:\/\/schema.org\",\"@graph\":[{\"@type\":\"WebPage\",\"@id\":\"https:\/\/feminissima.de\/index.php\/2003\/12\/09\/1-9-12-03-gerster-so\/\",\"url\":\"https:\/\/feminissima.de\/index.php\/2003\/12\/09\/1-9-12-03-gerster-so\/\",\"name\":\"1-9.12. 03 \/Gerster & so - Feminissima\",\"isPartOf\":{\"@id\":\"https:\/\/feminissima.de\/#website\"},\"datePublished\":\"2003-12-09T10:41:22+00:00\",\"dateModified\":\"2003-12-09T10:41:22+00:00\",\"author\":{\"@id\":\"https:\/\/feminissima.de\/#\/schema\/person\/0b901e053624f88e7ecbea289d9d5128\"},\"breadcrumb\":{\"@id\":\"https:\/\/feminissima.de\/index.php\/2003\/12\/09\/1-9-12-03-gerster-so\/#breadcrumb\"},\"inLanguage\":\"de\",\"potentialAction\":[{\"@type\":\"ReadAction\",\"target\":[\"https:\/\/feminissima.de\/index.php\/2003\/12\/09\/1-9-12-03-gerster-so\/\"]}]},{\"@type\":\"BreadcrumbList\",\"@id\":\"https:\/\/feminissima.de\/index.php\/2003\/12\/09\/1-9-12-03-gerster-so\/#breadcrumb\",\"itemListElement\":[{\"@type\":\"ListItem\",\"position\":1,\"name\":\"Startseite\",\"item\":\"https:\/\/feminissima.de\/\"},{\"@type\":\"ListItem\",\"position\":2,\"name\":\"1-9.12. 03 \/Gerster &#038; so\"}]},{\"@type\":\"WebSite\",\"@id\":\"https:\/\/feminissima.de\/#website\",\"url\":\"https:\/\/feminissima.de\/\",\"name\":\"Feminissima\",\"description\":\"\",\"potentialAction\":[{\"@type\":\"SearchAction\",\"target\":{\"@type\":\"EntryPoint\",\"urlTemplate\":\"https:\/\/feminissima.de\/?s={search_term_string}\"},\"query-input\":\"required name=search_term_string\"}],\"inLanguage\":\"de\"},{\"@type\":\"Person\",\"@id\":\"https:\/\/feminissima.de\/#\/schema\/person\/0b901e053624f88e7ecbea289d9d5128\",\"name\":\"admin\",\"image\":{\"@type\":\"ImageObject\",\"inLanguage\":\"de\",\"@id\":\"https:\/\/feminissima.de\/#\/schema\/person\/image\/\",\"url\":\"https:\/\/secure.gravatar.com\/avatar\/8da1f51327453c0bf63338e8e2a791948b7d2ac19b68839492d1e69aac6924a8?s=96&d=mm&r=g\",\"contentUrl\":\"https:\/\/secure.gravatar.com\/avatar\/8da1f51327453c0bf63338e8e2a791948b7d2ac19b68839492d1e69aac6924a8?s=96&d=mm&r=g\",\"caption\":\"admin\"},\"url\":\"https:\/\/feminissima.de\/index.php\/author\/admin\/\"}]}<\/script>\n<!-- \/ Yoast SEO plugin. -->","yoast_head_json":{"title":"1-9.12. 03 \/Gerster & so - Feminissima","robots":{"index":"index","follow":"follow","max-snippet":"max-snippet:-1","max-image-preview":"max-image-preview:large","max-video-preview":"max-video-preview:-1"},"canonical":"https:\/\/feminissima.de\/index.php\/2003\/12\/09\/1-9-12-03-gerster-so\/","og_locale":"de_DE","og_type":"article","og_title":"1-9.12. 03 \/Gerster & so - Feminissima","og_description":"Die einzelnen Themen-\u00dcberschriften als Inhalts\u00fcbersicht \"ein bissi sp\u00e4ter, okay?\"Hier in voller Breitseite die Texte vom letzten November-Tag bis heute...viel Spa\u00df - vor allem viel Gerster dabei..","og_url":"https:\/\/feminissima.de\/index.php\/2003\/12\/09\/1-9-12-03-gerster-so\/","og_site_name":"Feminissima","article_published_time":"2003-12-09T10:41:22+00:00","author":"admin","twitter_card":"summary_large_image","twitter_misc":{"Verfasst von":"admin","Gesch\u00e4tzte Lesezeit":"27\u00a0Minuten"},"schema":{"@context":"https:\/\/schema.org","@graph":[{"@type":"WebPage","@id":"https:\/\/feminissima.de\/index.php\/2003\/12\/09\/1-9-12-03-gerster-so\/","url":"https:\/\/feminissima.de\/index.php\/2003\/12\/09\/1-9-12-03-gerster-so\/","name":"1-9.12. 03 \/Gerster & so - Feminissima","isPartOf":{"@id":"https:\/\/feminissima.de\/#website"},"datePublished":"2003-12-09T10:41:22+00:00","dateModified":"2003-12-09T10:41:22+00:00","author":{"@id":"https:\/\/feminissima.de\/#\/schema\/person\/0b901e053624f88e7ecbea289d9d5128"},"breadcrumb":{"@id":"https:\/\/feminissima.de\/index.php\/2003\/12\/09\/1-9-12-03-gerster-so\/#breadcrumb"},"inLanguage":"de","potentialAction":[{"@type":"ReadAction","target":["https:\/\/feminissima.de\/index.php\/2003\/12\/09\/1-9-12-03-gerster-so\/"]}]},{"@type":"BreadcrumbList","@id":"https:\/\/feminissima.de\/index.php\/2003\/12\/09\/1-9-12-03-gerster-so\/#breadcrumb","itemListElement":[{"@type":"ListItem","position":1,"name":"Startseite","item":"https:\/\/feminissima.de\/"},{"@type":"ListItem","position":2,"name":"1-9.12. 03 \/Gerster &#038; so"}]},{"@type":"WebSite","@id":"https:\/\/feminissima.de\/#website","url":"https:\/\/feminissima.de\/","name":"Feminissima","description":"","potentialAction":[{"@type":"SearchAction","target":{"@type":"EntryPoint","urlTemplate":"https:\/\/feminissima.de\/?s={search_term_string}"},"query-input":"required name=search_term_string"}],"inLanguage":"de"},{"@type":"Person","@id":"https:\/\/feminissima.de\/#\/schema\/person\/0b901e053624f88e7ecbea289d9d5128","name":"admin","image":{"@type":"ImageObject","inLanguage":"de","@id":"https:\/\/feminissima.de\/#\/schema\/person\/image\/","url":"https:\/\/secure.gravatar.com\/avatar\/8da1f51327453c0bf63338e8e2a791948b7d2ac19b68839492d1e69aac6924a8?s=96&d=mm&r=g","contentUrl":"https:\/\/secure.gravatar.com\/avatar\/8da1f51327453c0bf63338e8e2a791948b7d2ac19b68839492d1e69aac6924a8?s=96&d=mm&r=g","caption":"admin"},"url":"https:\/\/feminissima.de\/index.php\/author\/admin\/"}]}},"jetpack_featured_media_url":"","_links":{"self":[{"href":"https:\/\/feminissima.de\/index.php\/wp-json\/wp\/v2\/posts\/83348","targetHints":{"allow":["GET"]}}],"collection":[{"href":"https:\/\/feminissima.de\/index.php\/wp-json\/wp\/v2\/posts"}],"about":[{"href":"https:\/\/feminissima.de\/index.php\/wp-json\/wp\/v2\/types\/post"}],"author":[{"embeddable":true,"href":"https:\/\/feminissima.de\/index.php\/wp-json\/wp\/v2\/users\/2"}],"replies":[{"embeddable":true,"href":"https:\/\/feminissima.de\/index.php\/wp-json\/wp\/v2\/comments?post=83348"}],"version-history":[{"count":0,"href":"https:\/\/feminissima.de\/index.php\/wp-json\/wp\/v2\/posts\/83348\/revisions"}],"wp:attachment":[{"href":"https:\/\/feminissima.de\/index.php\/wp-json\/wp\/v2\/media?parent=83348"}],"wp:term":[{"taxonomy":"category","embeddable":true,"href":"https:\/\/feminissima.de\/index.php\/wp-json\/wp\/v2\/categories?post=83348"},{"taxonomy":"post_tag","embeddable":true,"href":"https:\/\/feminissima.de\/index.php\/wp-json\/wp\/v2\/tags?post=83348"}],"curies":[{"name":"wp","href":"https:\/\/api.w.org\/{rel}","templated":true}]}}