{"id":83336,"date":"2003-11-03T14:46:08","date_gmt":"2003-11-03T14:46:08","guid":{"rendered":"http:\/\/www.feminissima.de\/?p=83336"},"modified":"2003-11-03T14:46:08","modified_gmt":"2003-11-03T14:46:08","slug":"gross-demo-gegen-zwangsarmut","status":"publish","type":"post","link":"https:\/\/feminissima.de\/index.php\/2003\/11\/03\/gross-demo-gegen-zwangsarmut\/","title":{"rendered":"Gross-Demo  gegen Zwangsarmut"},"content":{"rendered":"<p>Ja, dieser live-text-Kommentar zog gestern 206 page-views auf sich&#8230;.bitte sehr:<br \/>Kommentar vom 2.11. 03 zur Gro\u00dfdemo in Berlin gegen Sozial-Kahlschlag:<\/p>\n<p>(dieser Comment wurde 206 mal an einem Tag gelesen&#8230;)<\/p>\n<p>\u00fcbertraf alle Erwartungen.<br \/>100.000 Menschen sind aus allen Teilen der Republik nach Berlin gekommen &#8211; um gegen den imperialistischen Sozialabbau dieser Regierung zu demonstrieren.<br \/>Wie gering das Vertrauen gewisser Gewerkschaftskreise in den Widerstand der Basis war, zeigte sich daran, dass der DGB nicht zur Teilnahme aufgerufen hatte.<br \/>Sondern universit\u00e4re Kr\u00e4fte, ATTAC, ver.di und das B\u00fcndnis gegen Sozialabbau, als auch die PDS.<\/p>\n<p>Auch einige Sender, waren sich nicht sicher,<br \/> wie auch das ZDF einr\u00e4umte, (Heute-Journal) am sp\u00e4teren Abend, gestern,<\/p>\n<p>ob es &#8222;ein Thema&#8220; wird, oder wegen mangelnder Masse ausf\u00e4llt.<\/p>\n<p>Nein, es ist nicht ausgefallen.<br \/>Weder als Thema, noch als Bewegung.<br \/>Jung und Alt, von diesen Menschen, die sich erlauben, sich Politiker zu nennen, <br \/>seit langem durch miese Kampagnen des \u00fcblen politischen Gesch\u00e4fts auseinanderdividiert &#8211; <br \/>sie haben sich wieder gefunden:<\/p>\n<p>In der Erkenntnis des menschenverachtenden Spiels, das diese Clique, die sich derzeit Regierung nennt, und die nicht minder miese sogenannte &#8222;Opposition&#8220; (ha, ausgerechnet die REchten!) mit diesem Volk, das wir sind, betreibt.<\/p>\n<p>Endlich hat es ged\u00e4mmert.<br \/>Wir schrieben schon seit eineinhalb Jahren dar\u00fcber, immer wieder &#8211; <\/p>\n<p>diese Falschheit zu entdecken:<br \/>selbst gem\u00e4stet, \u00fcberbezahlt bis zum Ersticken, Selbstbediener en gros,<br \/> haben sie das Volk mehr und mehr ausbluten lassen &#8211; <br \/>die \u00c4rmsten sollen die Reichsten st\u00fctzen &#8211; das darf nicht sein!<br \/>Die an Zynismus nicht zu \u00fcberbietende &#8222;Agenda Sowieso&#8220; hat den Beginn ihrer Quittung erhalten.<br \/>ENDLICH!<br \/>Oft, dauerhaft eigentlich, <br \/> hat Eure FEMINISSIMA am &#8222;Verstand&#8220; ihrer Mitmenschen gezweifelt, <br \/>seit dem letzten Sommern, <br \/>sich dies alles gefallen zu lassen, und auch von sogenannten &#8222;Journalisten&#8220; wurde die Volksverachtung gest\u00fctzt  &#8211; von all jenen, die auch das Volk ausbeuten, mit den Geldern unserer Geb\u00fchren.<\/p>\n<p>Doch jetzt, wenn das Volk, da das Volk endlich auf die Stra\u00dfe geht, friedlich,<br \/>scheinen auch sie aufzuatmen, jene Feiglinge in den \u00f6ffentlich-rechtlichen Anstalten und den &#8222;sogenannten gro\u00dfen Zeitungen&#8220; &#8211; <\/p>\n<p>endlich, endlich, vorher zu feige &#8211; <br \/>wagen sie endlich zu benennen, was wie unter einer Tauchglocke lag &#8211; DIE UNGERECHTIGKEIT &#8211; <\/p>\n<p>das schreiende UNRECHT, das diesen Menschen in diesem Land widerf\u00e4hrt!<\/p>\n<p>Dass die Jungen bestraft werden, und die Alten, die ihr Leben lang f\u00fcr diesen Staat gearbeitet haben, deren schmales Einkommen per &#8222;Sozialabgaben&#8220; allmonatlich ausged\u00fcnnt wurde, <br \/>w\u00e4hrend die Reichen und die Selbst\u00e4ndigen sich auf Teufel komm raus durch verlogene Steuergesetze zu &#8222;Armen&#8220; vor dem Fiskus und vor Unterhaltszahlungen gegen\u00fcber ihren Kindern hatten die schmutzige Weste wei\u00dfhalten d\u00fcrfen.<\/p>\n<p>&#8222;Es ist erst der Anfang!&#8220;<br \/>sagten heute viele &#8222;Namenlose&#8220; in die wohlfeilen Kameras.<\/p>\n<p>Ja &#8211; ES IST ERST DER ANFANG !!<\/p>\n<p>Die DEMOKRATIE mu\u00df endlich wieder in diesem von sp\u00e4t-nazi-geplagtem Land &#8211; <br \/>wieder Einzug halten d\u00fcrfen, diese junge, filigrane Demokratie, erstmals eine Chance, nach dem Weltverbrechen, das von diesem Land ausging.<\/p>\n<p>Was ROT-GR\u00dcN verbricht &#8211; sieht aus wie die Sp\u00e4t-\u00c4RA der Weimarer Republik &#8211; wann also kommt der n\u00e4chste &#8222;F\u00fchrer?&#8220; <\/p>\n<p>Wir, das Volk, werden es verhindern. <br \/> THIS TIME!<br \/>FOR SURE!<br \/>Ja -hold on!<\/p>\n","protected":false},"excerpt":{"rendered":"<p>Ja, dieser live-text-Kommentar zog gestern 206 page-views auf sich&#8230;.bitte sehr:<\/p>\n","protected":false},"author":2,"featured_media":0,"comment_status":"closed","ping_status":"closed","sticky":false,"template":"","format":"standard","meta":{"footnotes":""},"categories":[12],"tags":[],"class_list":["post-83336","post","type-post","status-publish","format-standard","hentry","category-femleben","entry"],"yoast_head":"<!-- This site is optimized with the Yoast SEO plugin v21.0 - https:\/\/yoast.com\/wordpress\/plugins\/seo\/ -->\n<title>Gross-Demo gegen Zwangsarmut - Feminissima<\/title>\n<meta name=\"robots\" content=\"index, follow, max-snippet:-1, max-image-preview:large, max-video-preview:-1\" \/>\n<link rel=\"canonical\" href=\"https:\/\/feminissima.de\/index.php\/2003\/11\/03\/gross-demo-gegen-zwangsarmut\/\" \/>\n<meta property=\"og:locale\" content=\"de_DE\" \/>\n<meta property=\"og:type\" content=\"article\" \/>\n<meta property=\"og:title\" content=\"Gross-Demo gegen Zwangsarmut - Feminissima\" \/>\n<meta property=\"og:description\" content=\"Ja, dieser live-text-Kommentar zog gestern 206 page-views auf sich....bitte sehr:\" \/>\n<meta property=\"og:url\" content=\"https:\/\/feminissima.de\/index.php\/2003\/11\/03\/gross-demo-gegen-zwangsarmut\/\" \/>\n<meta property=\"og:site_name\" content=\"Feminissima\" \/>\n<meta property=\"article:published_time\" content=\"2003-11-03T14:46:08+00:00\" \/>\n<meta name=\"author\" content=\"admin\" \/>\n<meta name=\"twitter:card\" content=\"summary_large_image\" \/>\n<meta name=\"twitter:label1\" content=\"Verfasst von\" \/>\n\t<meta name=\"twitter:data1\" content=\"admin\" \/>\n\t<meta name=\"twitter:label2\" content=\"Gesch\u00e4tzte Lesezeit\" \/>\n\t<meta name=\"twitter:data2\" content=\"3\u00a0Minuten\" \/>\n<script type=\"application\/ld+json\" class=\"yoast-schema-graph\">{\"@context\":\"https:\/\/schema.org\",\"@graph\":[{\"@type\":\"WebPage\",\"@id\":\"https:\/\/feminissima.de\/index.php\/2003\/11\/03\/gross-demo-gegen-zwangsarmut\/\",\"url\":\"https:\/\/feminissima.de\/index.php\/2003\/11\/03\/gross-demo-gegen-zwangsarmut\/\",\"name\":\"Gross-Demo gegen Zwangsarmut - Feminissima\",\"isPartOf\":{\"@id\":\"https:\/\/feminissima.de\/#website\"},\"datePublished\":\"2003-11-03T14:46:08+00:00\",\"dateModified\":\"2003-11-03T14:46:08+00:00\",\"author\":{\"@id\":\"https:\/\/feminissima.de\/#\/schema\/person\/0b901e053624f88e7ecbea289d9d5128\"},\"breadcrumb\":{\"@id\":\"https:\/\/feminissima.de\/index.php\/2003\/11\/03\/gross-demo-gegen-zwangsarmut\/#breadcrumb\"},\"inLanguage\":\"de\",\"potentialAction\":[{\"@type\":\"ReadAction\",\"target\":[\"https:\/\/feminissima.de\/index.php\/2003\/11\/03\/gross-demo-gegen-zwangsarmut\/\"]}]},{\"@type\":\"BreadcrumbList\",\"@id\":\"https:\/\/feminissima.de\/index.php\/2003\/11\/03\/gross-demo-gegen-zwangsarmut\/#breadcrumb\",\"itemListElement\":[{\"@type\":\"ListItem\",\"position\":1,\"name\":\"Startseite\",\"item\":\"https:\/\/feminissima.de\/\"},{\"@type\":\"ListItem\",\"position\":2,\"name\":\"Gross-Demo gegen Zwangsarmut\"}]},{\"@type\":\"WebSite\",\"@id\":\"https:\/\/feminissima.de\/#website\",\"url\":\"https:\/\/feminissima.de\/\",\"name\":\"Feminissima\",\"description\":\"\",\"potentialAction\":[{\"@type\":\"SearchAction\",\"target\":{\"@type\":\"EntryPoint\",\"urlTemplate\":\"https:\/\/feminissima.de\/?s={search_term_string}\"},\"query-input\":\"required name=search_term_string\"}],\"inLanguage\":\"de\"},{\"@type\":\"Person\",\"@id\":\"https:\/\/feminissima.de\/#\/schema\/person\/0b901e053624f88e7ecbea289d9d5128\",\"name\":\"admin\",\"image\":{\"@type\":\"ImageObject\",\"inLanguage\":\"de\",\"@id\":\"https:\/\/feminissima.de\/#\/schema\/person\/image\/\",\"url\":\"https:\/\/secure.gravatar.com\/avatar\/8da1f51327453c0bf63338e8e2a791948b7d2ac19b68839492d1e69aac6924a8?s=96&d=mm&r=g\",\"contentUrl\":\"https:\/\/secure.gravatar.com\/avatar\/8da1f51327453c0bf63338e8e2a791948b7d2ac19b68839492d1e69aac6924a8?s=96&d=mm&r=g\",\"caption\":\"admin\"},\"url\":\"https:\/\/feminissima.de\/index.php\/author\/admin\/\"}]}<\/script>\n<!-- \/ Yoast SEO plugin. -->","yoast_head_json":{"title":"Gross-Demo gegen Zwangsarmut - Feminissima","robots":{"index":"index","follow":"follow","max-snippet":"max-snippet:-1","max-image-preview":"max-image-preview:large","max-video-preview":"max-video-preview:-1"},"canonical":"https:\/\/feminissima.de\/index.php\/2003\/11\/03\/gross-demo-gegen-zwangsarmut\/","og_locale":"de_DE","og_type":"article","og_title":"Gross-Demo gegen Zwangsarmut - Feminissima","og_description":"Ja, dieser live-text-Kommentar zog gestern 206 page-views auf sich....bitte sehr:","og_url":"https:\/\/feminissima.de\/index.php\/2003\/11\/03\/gross-demo-gegen-zwangsarmut\/","og_site_name":"Feminissima","article_published_time":"2003-11-03T14:46:08+00:00","author":"admin","twitter_card":"summary_large_image","twitter_misc":{"Verfasst von":"admin","Gesch\u00e4tzte Lesezeit":"3\u00a0Minuten"},"schema":{"@context":"https:\/\/schema.org","@graph":[{"@type":"WebPage","@id":"https:\/\/feminissima.de\/index.php\/2003\/11\/03\/gross-demo-gegen-zwangsarmut\/","url":"https:\/\/feminissima.de\/index.php\/2003\/11\/03\/gross-demo-gegen-zwangsarmut\/","name":"Gross-Demo gegen Zwangsarmut - Feminissima","isPartOf":{"@id":"https:\/\/feminissima.de\/#website"},"datePublished":"2003-11-03T14:46:08+00:00","dateModified":"2003-11-03T14:46:08+00:00","author":{"@id":"https:\/\/feminissima.de\/#\/schema\/person\/0b901e053624f88e7ecbea289d9d5128"},"breadcrumb":{"@id":"https:\/\/feminissima.de\/index.php\/2003\/11\/03\/gross-demo-gegen-zwangsarmut\/#breadcrumb"},"inLanguage":"de","potentialAction":[{"@type":"ReadAction","target":["https:\/\/feminissima.de\/index.php\/2003\/11\/03\/gross-demo-gegen-zwangsarmut\/"]}]},{"@type":"BreadcrumbList","@id":"https:\/\/feminissima.de\/index.php\/2003\/11\/03\/gross-demo-gegen-zwangsarmut\/#breadcrumb","itemListElement":[{"@type":"ListItem","position":1,"name":"Startseite","item":"https:\/\/feminissima.de\/"},{"@type":"ListItem","position":2,"name":"Gross-Demo gegen Zwangsarmut"}]},{"@type":"WebSite","@id":"https:\/\/feminissima.de\/#website","url":"https:\/\/feminissima.de\/","name":"Feminissima","description":"","potentialAction":[{"@type":"SearchAction","target":{"@type":"EntryPoint","urlTemplate":"https:\/\/feminissima.de\/?s={search_term_string}"},"query-input":"required name=search_term_string"}],"inLanguage":"de"},{"@type":"Person","@id":"https:\/\/feminissima.de\/#\/schema\/person\/0b901e053624f88e7ecbea289d9d5128","name":"admin","image":{"@type":"ImageObject","inLanguage":"de","@id":"https:\/\/feminissima.de\/#\/schema\/person\/image\/","url":"https:\/\/secure.gravatar.com\/avatar\/8da1f51327453c0bf63338e8e2a791948b7d2ac19b68839492d1e69aac6924a8?s=96&d=mm&r=g","contentUrl":"https:\/\/secure.gravatar.com\/avatar\/8da1f51327453c0bf63338e8e2a791948b7d2ac19b68839492d1e69aac6924a8?s=96&d=mm&r=g","caption":"admin"},"url":"https:\/\/feminissima.de\/index.php\/author\/admin\/"}]}},"jetpack_featured_media_url":"","_links":{"self":[{"href":"https:\/\/feminissima.de\/index.php\/wp-json\/wp\/v2\/posts\/83336","targetHints":{"allow":["GET"]}}],"collection":[{"href":"https:\/\/feminissima.de\/index.php\/wp-json\/wp\/v2\/posts"}],"about":[{"href":"https:\/\/feminissima.de\/index.php\/wp-json\/wp\/v2\/types\/post"}],"author":[{"embeddable":true,"href":"https:\/\/feminissima.de\/index.php\/wp-json\/wp\/v2\/users\/2"}],"replies":[{"embeddable":true,"href":"https:\/\/feminissima.de\/index.php\/wp-json\/wp\/v2\/comments?post=83336"}],"version-history":[{"count":0,"href":"https:\/\/feminissima.de\/index.php\/wp-json\/wp\/v2\/posts\/83336\/revisions"}],"wp:attachment":[{"href":"https:\/\/feminissima.de\/index.php\/wp-json\/wp\/v2\/media?parent=83336"}],"wp:term":[{"taxonomy":"category","embeddable":true,"href":"https:\/\/feminissima.de\/index.php\/wp-json\/wp\/v2\/categories?post=83336"},{"taxonomy":"post_tag","embeddable":true,"href":"https:\/\/feminissima.de\/index.php\/wp-json\/wp\/v2\/tags?post=83336"}],"curies":[{"name":"wp","href":"https:\/\/api.w.org\/{rel}","templated":true}]}}