{"id":83332,"date":"2003-10-30T13:24:45","date_gmt":"2003-10-30T13:24:45","guid":{"rendered":"http:\/\/www.feminissima.de\/?p=83332"},"modified":"2003-10-30T13:24:45","modified_gmt":"2003-10-30T13:24:45","slug":"caroline-v-monaco-contra-privatfotos","status":"publish","type":"post","link":"https:\/\/feminissima.de\/index.php\/2003\/10\/30\/caroline-v-monaco-contra-privatfotos\/","title":{"rendered":"Caroline v. Monaco contra Privatfotos"},"content":{"rendered":"<p>Menschenrechtsgericht pr\u00fcft Beschwerde von Caroline von Monaco &#8211; nicht uninteressant!<br \/>F\u00fcr Euch aus den News herausgefischt und aufgehoben..Bitte sehr!<br \/>Mittwoch, 29.10.2003<\/p>\n<p>Menschenrechtsgericht pr\u00fcft Beschwerde von Caroline von Monaco<\/p>\n<p>  Die Beschwerde richtet sich gegen die unerlaubte Ver\u00f6ffentlichung von Fotos, die Caroline und Mitglieder ihrer Familie zeigen, durch die Illustrierten &#8222;Die Bunte&#8220;, &#8222;Neue Post&#8220; und &#8222;Freizeitrevue&#8220;.<\/p>\n<p>\n  Stra\u00dfburg\/Hamburg (AFP) &#8211; Vor dem Europ\u00e4ischen Gerichtshof f\u00fcr Menschenrechte wird am Donnerstag kommender Woche eine Klage der Prinzessin Caroline von Monaco gegen Deutschland verhandelt. Wie der Gerichtshof am Mittwoch mitteilte, geht es dabei um die Frage, ob die deutsche Gesetzgebung das Privat- und Familienleben ausreichend sch\u00fctzt. Die Kl\u00e4gerin wird vor dem Stra\u00dfburger Gericht durch den Hamburger Medienanwalt Matthias Prinz vertreten. Ob sie pers\u00f6nlich zu der Verhandlung kommt, war bei der Anwaltskanzlei zun\u00e4chst nicht zu erfahren. Die Beschwerde richtet sich gegen die unerlaubte Ver\u00f6ffentlichung von Fotos, die Caroline und Mitglieder ihrer Familie zeigen, durch die Illustrierten &#8222;Die Bunte&#8220;, &#8222;Neue Post&#8220; und &#8222;Freizeitrevue&#8220;. Die Ehefrau von Prinz Ernst August von Hannover macht Verst\u00f6\u00dfe gegen den Artikel acht der Europ\u00e4ischen Menschenrechtskonvention geltend, der das Grundrecht auf den Schutz des Privat- und Familienleben garantiert. Caroline von Monaco hatte wegen der fraglichen Ver\u00f6ffentlichungen zun\u00e4chst in Deutschland geklagt. In einem Urteil vom 15. Dezember 1999 gab ihr das Bundesverfassungsgericht jedoch nur teilweise Recht. Die Karlsruher Richter r\u00fcgten zwar die ungenehmigte Ver\u00f6ffentlichung von Fotos, die die Prinzessin mit ihren Kindern zeigen. Zugleich stellten sie jedoch fest, als &#8222;Person der Zeitgeschichte&#8220; m\u00fcsse Caroline von Monaco die Ver\u00f6ffentlichung von Fotos hinnehmen, die sie an einem \u00f6ffentlich zug\u00e4nglichen Ort zeigen. Diese Rechtssprechung f\u00fchrt nach Ansicht der Kl\u00e4gerin dazu, dass es in Deutschland einen Absatzmarkt f\u00fcr Privatfotos gibt. Daher werde sie st\u00e4ndig von Paparazzi belagert. Mit einem Urteil wird erst in einigen Monaten gerechnet. Die Entscheidungen des Stra\u00dfburger Gerichtshofs sind f\u00fcr die 45 Europaratsl\u00e4nder bindend, also auch f\u00fcr Deutschland.<\/p>\n","protected":false},"excerpt":{"rendered":"<p>Menschenrechtsgericht pr\u00fcft Beschwerde von Caroline von Monaco &#8211; nicht uninteressant!<br \/>F\u00fcr Euch aus den News herausgefischt und aufgehoben..Bitte sehr!<\/p>\n","protected":false},"author":2,"featured_media":0,"comment_status":"closed","ping_status":"closed","sticky":false,"template":"","format":"standard","meta":{"footnotes":""},"categories":[15],"tags":[],"class_list":["post-83332","post","type-post","status-publish","format-standard","hentry","category-femrecht","entry"],"yoast_head":"<!-- This site is optimized with the Yoast SEO plugin v21.0 - https:\/\/yoast.com\/wordpress\/plugins\/seo\/ -->\n<title>Caroline v. Monaco contra Privatfotos - Feminissima<\/title>\n<meta name=\"robots\" content=\"index, follow, max-snippet:-1, max-image-preview:large, max-video-preview:-1\" \/>\n<link rel=\"canonical\" href=\"https:\/\/feminissima.de\/index.php\/2003\/10\/30\/caroline-v-monaco-contra-privatfotos\/\" \/>\n<meta property=\"og:locale\" content=\"de_DE\" \/>\n<meta property=\"og:type\" content=\"article\" \/>\n<meta property=\"og:title\" content=\"Caroline v. Monaco contra Privatfotos - Feminissima\" \/>\n<meta property=\"og:description\" content=\"Menschenrechtsgericht pr\u00fcft Beschwerde von Caroline von Monaco - nicht uninteressant!F\u00fcr Euch aus den News herausgefischt und aufgehoben..Bitte sehr!\" \/>\n<meta property=\"og:url\" content=\"https:\/\/feminissima.de\/index.php\/2003\/10\/30\/caroline-v-monaco-contra-privatfotos\/\" \/>\n<meta property=\"og:site_name\" content=\"Feminissima\" \/>\n<meta property=\"article:published_time\" content=\"2003-10-30T13:24:45+00:00\" \/>\n<meta name=\"author\" content=\"admin\" \/>\n<meta name=\"twitter:card\" content=\"summary_large_image\" \/>\n<meta name=\"twitter:label1\" content=\"Verfasst von\" \/>\n\t<meta name=\"twitter:data1\" content=\"admin\" \/>\n\t<meta name=\"twitter:label2\" content=\"Gesch\u00e4tzte Lesezeit\" \/>\n\t<meta name=\"twitter:data2\" content=\"2\u00a0Minuten\" \/>\n<script type=\"application\/ld+json\" class=\"yoast-schema-graph\">{\"@context\":\"https:\/\/schema.org\",\"@graph\":[{\"@type\":\"WebPage\",\"@id\":\"https:\/\/feminissima.de\/index.php\/2003\/10\/30\/caroline-v-monaco-contra-privatfotos\/\",\"url\":\"https:\/\/feminissima.de\/index.php\/2003\/10\/30\/caroline-v-monaco-contra-privatfotos\/\",\"name\":\"Caroline v. Monaco contra Privatfotos - Feminissima\",\"isPartOf\":{\"@id\":\"https:\/\/feminissima.de\/#website\"},\"datePublished\":\"2003-10-30T13:24:45+00:00\",\"dateModified\":\"2003-10-30T13:24:45+00:00\",\"author\":{\"@id\":\"https:\/\/feminissima.de\/#\/schema\/person\/0b901e053624f88e7ecbea289d9d5128\"},\"breadcrumb\":{\"@id\":\"https:\/\/feminissima.de\/index.php\/2003\/10\/30\/caroline-v-monaco-contra-privatfotos\/#breadcrumb\"},\"inLanguage\":\"de\",\"potentialAction\":[{\"@type\":\"ReadAction\",\"target\":[\"https:\/\/feminissima.de\/index.php\/2003\/10\/30\/caroline-v-monaco-contra-privatfotos\/\"]}]},{\"@type\":\"BreadcrumbList\",\"@id\":\"https:\/\/feminissima.de\/index.php\/2003\/10\/30\/caroline-v-monaco-contra-privatfotos\/#breadcrumb\",\"itemListElement\":[{\"@type\":\"ListItem\",\"position\":1,\"name\":\"Startseite\",\"item\":\"https:\/\/feminissima.de\/\"},{\"@type\":\"ListItem\",\"position\":2,\"name\":\"Caroline v. Monaco contra Privatfotos\"}]},{\"@type\":\"WebSite\",\"@id\":\"https:\/\/feminissima.de\/#website\",\"url\":\"https:\/\/feminissima.de\/\",\"name\":\"Feminissima\",\"description\":\"\",\"potentialAction\":[{\"@type\":\"SearchAction\",\"target\":{\"@type\":\"EntryPoint\",\"urlTemplate\":\"https:\/\/feminissima.de\/?s={search_term_string}\"},\"query-input\":\"required name=search_term_string\"}],\"inLanguage\":\"de\"},{\"@type\":\"Person\",\"@id\":\"https:\/\/feminissima.de\/#\/schema\/person\/0b901e053624f88e7ecbea289d9d5128\",\"name\":\"admin\",\"image\":{\"@type\":\"ImageObject\",\"inLanguage\":\"de\",\"@id\":\"https:\/\/feminissima.de\/#\/schema\/person\/image\/\",\"url\":\"https:\/\/secure.gravatar.com\/avatar\/8da1f51327453c0bf63338e8e2a791948b7d2ac19b68839492d1e69aac6924a8?s=96&d=mm&r=g\",\"contentUrl\":\"https:\/\/secure.gravatar.com\/avatar\/8da1f51327453c0bf63338e8e2a791948b7d2ac19b68839492d1e69aac6924a8?s=96&d=mm&r=g\",\"caption\":\"admin\"},\"url\":\"https:\/\/feminissima.de\/index.php\/author\/admin\/\"}]}<\/script>\n<!-- \/ Yoast SEO plugin. -->","yoast_head_json":{"title":"Caroline v. Monaco contra Privatfotos - Feminissima","robots":{"index":"index","follow":"follow","max-snippet":"max-snippet:-1","max-image-preview":"max-image-preview:large","max-video-preview":"max-video-preview:-1"},"canonical":"https:\/\/feminissima.de\/index.php\/2003\/10\/30\/caroline-v-monaco-contra-privatfotos\/","og_locale":"de_DE","og_type":"article","og_title":"Caroline v. Monaco contra Privatfotos - Feminissima","og_description":"Menschenrechtsgericht pr\u00fcft Beschwerde von Caroline von Monaco - nicht uninteressant!F\u00fcr Euch aus den News herausgefischt und aufgehoben..Bitte sehr!","og_url":"https:\/\/feminissima.de\/index.php\/2003\/10\/30\/caroline-v-monaco-contra-privatfotos\/","og_site_name":"Feminissima","article_published_time":"2003-10-30T13:24:45+00:00","author":"admin","twitter_card":"summary_large_image","twitter_misc":{"Verfasst von":"admin","Gesch\u00e4tzte Lesezeit":"2\u00a0Minuten"},"schema":{"@context":"https:\/\/schema.org","@graph":[{"@type":"WebPage","@id":"https:\/\/feminissima.de\/index.php\/2003\/10\/30\/caroline-v-monaco-contra-privatfotos\/","url":"https:\/\/feminissima.de\/index.php\/2003\/10\/30\/caroline-v-monaco-contra-privatfotos\/","name":"Caroline v. Monaco contra Privatfotos - Feminissima","isPartOf":{"@id":"https:\/\/feminissima.de\/#website"},"datePublished":"2003-10-30T13:24:45+00:00","dateModified":"2003-10-30T13:24:45+00:00","author":{"@id":"https:\/\/feminissima.de\/#\/schema\/person\/0b901e053624f88e7ecbea289d9d5128"},"breadcrumb":{"@id":"https:\/\/feminissima.de\/index.php\/2003\/10\/30\/caroline-v-monaco-contra-privatfotos\/#breadcrumb"},"inLanguage":"de","potentialAction":[{"@type":"ReadAction","target":["https:\/\/feminissima.de\/index.php\/2003\/10\/30\/caroline-v-monaco-contra-privatfotos\/"]}]},{"@type":"BreadcrumbList","@id":"https:\/\/feminissima.de\/index.php\/2003\/10\/30\/caroline-v-monaco-contra-privatfotos\/#breadcrumb","itemListElement":[{"@type":"ListItem","position":1,"name":"Startseite","item":"https:\/\/feminissima.de\/"},{"@type":"ListItem","position":2,"name":"Caroline v. Monaco contra Privatfotos"}]},{"@type":"WebSite","@id":"https:\/\/feminissima.de\/#website","url":"https:\/\/feminissima.de\/","name":"Feminissima","description":"","potentialAction":[{"@type":"SearchAction","target":{"@type":"EntryPoint","urlTemplate":"https:\/\/feminissima.de\/?s={search_term_string}"},"query-input":"required name=search_term_string"}],"inLanguage":"de"},{"@type":"Person","@id":"https:\/\/feminissima.de\/#\/schema\/person\/0b901e053624f88e7ecbea289d9d5128","name":"admin","image":{"@type":"ImageObject","inLanguage":"de","@id":"https:\/\/feminissima.de\/#\/schema\/person\/image\/","url":"https:\/\/secure.gravatar.com\/avatar\/8da1f51327453c0bf63338e8e2a791948b7d2ac19b68839492d1e69aac6924a8?s=96&d=mm&r=g","contentUrl":"https:\/\/secure.gravatar.com\/avatar\/8da1f51327453c0bf63338e8e2a791948b7d2ac19b68839492d1e69aac6924a8?s=96&d=mm&r=g","caption":"admin"},"url":"https:\/\/feminissima.de\/index.php\/author\/admin\/"}]}},"jetpack_featured_media_url":"","_links":{"self":[{"href":"https:\/\/feminissima.de\/index.php\/wp-json\/wp\/v2\/posts\/83332","targetHints":{"allow":["GET"]}}],"collection":[{"href":"https:\/\/feminissima.de\/index.php\/wp-json\/wp\/v2\/posts"}],"about":[{"href":"https:\/\/feminissima.de\/index.php\/wp-json\/wp\/v2\/types\/post"}],"author":[{"embeddable":true,"href":"https:\/\/feminissima.de\/index.php\/wp-json\/wp\/v2\/users\/2"}],"replies":[{"embeddable":true,"href":"https:\/\/feminissima.de\/index.php\/wp-json\/wp\/v2\/comments?post=83332"}],"version-history":[{"count":0,"href":"https:\/\/feminissima.de\/index.php\/wp-json\/wp\/v2\/posts\/83332\/revisions"}],"wp:attachment":[{"href":"https:\/\/feminissima.de\/index.php\/wp-json\/wp\/v2\/media?parent=83332"}],"wp:term":[{"taxonomy":"category","embeddable":true,"href":"https:\/\/feminissima.de\/index.php\/wp-json\/wp\/v2\/categories?post=83332"},{"taxonomy":"post_tag","embeddable":true,"href":"https:\/\/feminissima.de\/index.php\/wp-json\/wp\/v2\/tags?post=83332"}],"curies":[{"name":"wp","href":"https:\/\/api.w.org\/{rel}","templated":true}]}}