{"id":83321,"date":"2003-10-13T13:48:29","date_gmt":"2003-10-13T13:48:29","guid":{"rendered":"http:\/\/www.feminissima.de\/?p=83321"},"modified":"2003-10-13T13:48:29","modified_gmt":"2003-10-13T13:48:29","slug":"brdarm-stirbt-frueher","status":"publish","type":"post","link":"https:\/\/feminissima.de\/index.php\/2003\/10\/13\/brdarm-stirbt-frueher\/","title":{"rendered":"BRD:ARM stirbt fr\u00fcher"},"content":{"rendered":"<p>Kurz nach &#8222;zw\u00f6lf&#8220; sozusagen, melden sich endlich mal wieder die &#8222;Sozialverb\u00e4nde&#8220; zu Wort &#8211; nach dem Motto &#8211; nicht vorher wirklich zu k\u00e4mpfen, sondern nun Kommendes zu beklagen &#8211; typisch deutsch!<br \/>Quelle &#8211; Neue Osnabr\u00fccker Zeitung\/spiegel-online  <\/p>\n<p>GESUNDHEITSREFORM<\/p>\n<p>&#8222;Arme m\u00fcssen fr\u00fcher sterben&#8220;<\/p>\n<p>Die Gesundheitsreform ist nach Ansicht des Sozialverbandes Deutschland ein &#8222;Skandal&#8220;. Der Staat komme seiner Aufgabe, eine medizinische Versorgung f\u00fcr die gesamte Bev\u00f6lkerung zu gew\u00e4hrleisten, nicht mehr nach.<\/p>\n<p>Osnabr\u00fcck &#8211; Das Reformprojekt werde dem schon jetzt belegbaren Trend, wonach Arme fr\u00fcher sterben m\u00fcssen, &#8222;endg\u00fcltig zum Durchbruch verhelfen und so zur bitteren, weit verbreiteten Wahrheit in Deutschland werden lassen&#8220;, k\u00fcndigte der Sozialverband Deutschland (SoVD) an. Viele Geringverdiener sowie die meisten Sozialhilfeempf\u00e4nger und Heimbewohner k\u00f6nnten sich k\u00fcnftig Arztbesuche, Medikamente oder Zahnersatz mit Sicherheit nicht mehr leisten, weil es f\u00fcr sie keine Befreiung von den steigenden Zuzahlungen mehr gebe, sagte Verbandspr\u00e4sident Peter Vetter der &#8222;Neuen Osnabr\u00fccker Zeitung&#8220;. Das best\u00e4tigten Anrufe von Mitgliedern. Dies sei ein &#8222;sozialer Skandal&#8220;, da der Staat seiner Aufgabe, eine medizinische Versorgung f\u00fcr die gesamte Bev\u00f6lkerung zu gew\u00e4hrleisten, nicht mehr nachkomme.<br \/>\n<br \/>\nSo m\u00fcssten auch pflegebed\u00fcrftige Heimbewohner, denen oft nur ein Taschengeld vom Sozialamt in H\u00f6he von monatlich weniger als 90 Euro zur Verf\u00fcgung steht, die Zuzahlungen leisten, sagte Vetter. Davon k\u00f6nnten sie beim besten Willen nicht auch noch zehn Euro f\u00fcr einen Arztbesuch oder mehrere Euro f\u00fcr Medikamente, Heil- und Hilfsmittel abzweigen. Das sei &#8222;v\u00f6llig illusorisch&#8220;. Dasselbe gelte f\u00fcr Sozialhilfeempf\u00e4nger. Viele Geringverdiener w\u00fcrden &#8222;praktisch von der medizinischen Versorgung ausgeschlossen&#8220;. <\/p>\n<p>Wer krank sei und auf dem Land wohne, den treffe die Regelung, dass Taxifahrten zum Arzt k\u00fcnftig nicht mehr erstattet w\u00fcrden, besonders hart, kritisierte Vetter. Gehbehinderte und viele \u00e4ltere Menschen, die vermehrt auf medizinische Versorgung angewiesen seien, k\u00f6nnten meist keine \u00f6ffentlichen Verkehrsmittel benutzen, um zum Arzt zu kommen. Auf der anderen Seite h\u00e4tten gerade diese Patienten nicht genug Geld, um die Taxikosten zu bezahlen. <\/p>\n<p>Im Gesundheitsreformgesetz ist vorgesehen, dass grunds\u00e4tzlich bei allen Leistungen zehn Prozent &#8211; mindestens f\u00fcnf und h\u00f6chstens zehn Euro &#8211; zugezahlt werden m\u00fcssen. F\u00fcr alle Zuzahlungen gilt die H\u00f6chstgrenze von zwei Prozent des Bruttoeinkommens, bei chronisch Kranken ein Prozent. <\/p>\n<p>quelle:spiegel-online<\/p>\n<p><\/p>\n","protected":false},"excerpt":{"rendered":"<p>Kurz nach &#8222;zw\u00f6lf&#8220; sozusagen, melden sich endlich mal wieder die &#8222;Sozialverb\u00e4nde&#8220; zu Wort &#8211; nach dem Motto &#8211; nicht vorher wirklich zu k\u00e4mpfen, sondern nun Kommendes zu beklagen &#8211; typisch deutsch!<\/p>\n","protected":false},"author":2,"featured_media":0,"comment_status":"closed","ping_status":"closed","sticky":false,"template":"","format":"standard","meta":{"footnotes":""},"categories":[10],"tags":[],"class_list":["post-83321","post","type-post","status-publish","format-standard","hentry","category-femgesundheit","entry"],"yoast_head":"<!-- This site is optimized with the Yoast SEO plugin v21.0 - https:\/\/yoast.com\/wordpress\/plugins\/seo\/ -->\n<title>BRD:ARM stirbt fr\u00fcher - Feminissima<\/title>\n<meta name=\"robots\" content=\"index, follow, max-snippet:-1, max-image-preview:large, max-video-preview:-1\" \/>\n<link rel=\"canonical\" href=\"https:\/\/feminissima.de\/index.php\/2003\/10\/13\/brdarm-stirbt-frueher\/\" \/>\n<meta property=\"og:locale\" content=\"de_DE\" \/>\n<meta property=\"og:type\" content=\"article\" \/>\n<meta property=\"og:title\" content=\"BRD:ARM stirbt fr\u00fcher - Feminissima\" \/>\n<meta property=\"og:description\" content=\"Kurz nach &quot;zw\u00f6lf&quot; sozusagen, melden sich endlich mal wieder die &quot;Sozialverb\u00e4nde&quot; zu Wort - nach dem Motto - nicht vorher wirklich zu k\u00e4mpfen, sondern nun Kommendes zu beklagen - typisch deutsch!\" \/>\n<meta property=\"og:url\" content=\"https:\/\/feminissima.de\/index.php\/2003\/10\/13\/brdarm-stirbt-frueher\/\" \/>\n<meta property=\"og:site_name\" content=\"Feminissima\" \/>\n<meta property=\"article:published_time\" content=\"2003-10-13T13:48:29+00:00\" \/>\n<meta name=\"author\" content=\"admin\" \/>\n<meta name=\"twitter:card\" content=\"summary_large_image\" \/>\n<meta name=\"twitter:label1\" content=\"Verfasst von\" \/>\n\t<meta name=\"twitter:data1\" content=\"admin\" \/>\n\t<meta name=\"twitter:label2\" content=\"Gesch\u00e4tzte Lesezeit\" \/>\n\t<meta name=\"twitter:data2\" content=\"2\u00a0Minuten\" \/>\n<script type=\"application\/ld+json\" class=\"yoast-schema-graph\">{\"@context\":\"https:\/\/schema.org\",\"@graph\":[{\"@type\":\"WebPage\",\"@id\":\"https:\/\/feminissima.de\/index.php\/2003\/10\/13\/brdarm-stirbt-frueher\/\",\"url\":\"https:\/\/feminissima.de\/index.php\/2003\/10\/13\/brdarm-stirbt-frueher\/\",\"name\":\"BRD:ARM stirbt fr\u00fcher - Feminissima\",\"isPartOf\":{\"@id\":\"https:\/\/feminissima.de\/#website\"},\"datePublished\":\"2003-10-13T13:48:29+00:00\",\"dateModified\":\"2003-10-13T13:48:29+00:00\",\"author\":{\"@id\":\"https:\/\/feminissima.de\/#\/schema\/person\/0b901e053624f88e7ecbea289d9d5128\"},\"breadcrumb\":{\"@id\":\"https:\/\/feminissima.de\/index.php\/2003\/10\/13\/brdarm-stirbt-frueher\/#breadcrumb\"},\"inLanguage\":\"de\",\"potentialAction\":[{\"@type\":\"ReadAction\",\"target\":[\"https:\/\/feminissima.de\/index.php\/2003\/10\/13\/brdarm-stirbt-frueher\/\"]}]},{\"@type\":\"BreadcrumbList\",\"@id\":\"https:\/\/feminissima.de\/index.php\/2003\/10\/13\/brdarm-stirbt-frueher\/#breadcrumb\",\"itemListElement\":[{\"@type\":\"ListItem\",\"position\":1,\"name\":\"Startseite\",\"item\":\"https:\/\/feminissima.de\/\"},{\"@type\":\"ListItem\",\"position\":2,\"name\":\"BRD:ARM stirbt fr\u00fcher\"}]},{\"@type\":\"WebSite\",\"@id\":\"https:\/\/feminissima.de\/#website\",\"url\":\"https:\/\/feminissima.de\/\",\"name\":\"Feminissima\",\"description\":\"\",\"potentialAction\":[{\"@type\":\"SearchAction\",\"target\":{\"@type\":\"EntryPoint\",\"urlTemplate\":\"https:\/\/feminissima.de\/?s={search_term_string}\"},\"query-input\":\"required name=search_term_string\"}],\"inLanguage\":\"de\"},{\"@type\":\"Person\",\"@id\":\"https:\/\/feminissima.de\/#\/schema\/person\/0b901e053624f88e7ecbea289d9d5128\",\"name\":\"admin\",\"image\":{\"@type\":\"ImageObject\",\"inLanguage\":\"de\",\"@id\":\"https:\/\/feminissima.de\/#\/schema\/person\/image\/\",\"url\":\"https:\/\/secure.gravatar.com\/avatar\/8da1f51327453c0bf63338e8e2a791948b7d2ac19b68839492d1e69aac6924a8?s=96&d=mm&r=g\",\"contentUrl\":\"https:\/\/secure.gravatar.com\/avatar\/8da1f51327453c0bf63338e8e2a791948b7d2ac19b68839492d1e69aac6924a8?s=96&d=mm&r=g\",\"caption\":\"admin\"},\"url\":\"https:\/\/feminissima.de\/index.php\/author\/admin\/\"}]}<\/script>\n<!-- \/ Yoast SEO plugin. -->","yoast_head_json":{"title":"BRD:ARM stirbt fr\u00fcher - Feminissima","robots":{"index":"index","follow":"follow","max-snippet":"max-snippet:-1","max-image-preview":"max-image-preview:large","max-video-preview":"max-video-preview:-1"},"canonical":"https:\/\/feminissima.de\/index.php\/2003\/10\/13\/brdarm-stirbt-frueher\/","og_locale":"de_DE","og_type":"article","og_title":"BRD:ARM stirbt fr\u00fcher - Feminissima","og_description":"Kurz nach \"zw\u00f6lf\" sozusagen, melden sich endlich mal wieder die \"Sozialverb\u00e4nde\" zu Wort - nach dem Motto - nicht vorher wirklich zu k\u00e4mpfen, sondern nun Kommendes zu beklagen - typisch deutsch!","og_url":"https:\/\/feminissima.de\/index.php\/2003\/10\/13\/brdarm-stirbt-frueher\/","og_site_name":"Feminissima","article_published_time":"2003-10-13T13:48:29+00:00","author":"admin","twitter_card":"summary_large_image","twitter_misc":{"Verfasst von":"admin","Gesch\u00e4tzte Lesezeit":"2\u00a0Minuten"},"schema":{"@context":"https:\/\/schema.org","@graph":[{"@type":"WebPage","@id":"https:\/\/feminissima.de\/index.php\/2003\/10\/13\/brdarm-stirbt-frueher\/","url":"https:\/\/feminissima.de\/index.php\/2003\/10\/13\/brdarm-stirbt-frueher\/","name":"BRD:ARM stirbt fr\u00fcher - Feminissima","isPartOf":{"@id":"https:\/\/feminissima.de\/#website"},"datePublished":"2003-10-13T13:48:29+00:00","dateModified":"2003-10-13T13:48:29+00:00","author":{"@id":"https:\/\/feminissima.de\/#\/schema\/person\/0b901e053624f88e7ecbea289d9d5128"},"breadcrumb":{"@id":"https:\/\/feminissima.de\/index.php\/2003\/10\/13\/brdarm-stirbt-frueher\/#breadcrumb"},"inLanguage":"de","potentialAction":[{"@type":"ReadAction","target":["https:\/\/feminissima.de\/index.php\/2003\/10\/13\/brdarm-stirbt-frueher\/"]}]},{"@type":"BreadcrumbList","@id":"https:\/\/feminissima.de\/index.php\/2003\/10\/13\/brdarm-stirbt-frueher\/#breadcrumb","itemListElement":[{"@type":"ListItem","position":1,"name":"Startseite","item":"https:\/\/feminissima.de\/"},{"@type":"ListItem","position":2,"name":"BRD:ARM stirbt fr\u00fcher"}]},{"@type":"WebSite","@id":"https:\/\/feminissima.de\/#website","url":"https:\/\/feminissima.de\/","name":"Feminissima","description":"","potentialAction":[{"@type":"SearchAction","target":{"@type":"EntryPoint","urlTemplate":"https:\/\/feminissima.de\/?s={search_term_string}"},"query-input":"required name=search_term_string"}],"inLanguage":"de"},{"@type":"Person","@id":"https:\/\/feminissima.de\/#\/schema\/person\/0b901e053624f88e7ecbea289d9d5128","name":"admin","image":{"@type":"ImageObject","inLanguage":"de","@id":"https:\/\/feminissima.de\/#\/schema\/person\/image\/","url":"https:\/\/secure.gravatar.com\/avatar\/8da1f51327453c0bf63338e8e2a791948b7d2ac19b68839492d1e69aac6924a8?s=96&d=mm&r=g","contentUrl":"https:\/\/secure.gravatar.com\/avatar\/8da1f51327453c0bf63338e8e2a791948b7d2ac19b68839492d1e69aac6924a8?s=96&d=mm&r=g","caption":"admin"},"url":"https:\/\/feminissima.de\/index.php\/author\/admin\/"}]}},"jetpack_featured_media_url":"","_links":{"self":[{"href":"https:\/\/feminissima.de\/index.php\/wp-json\/wp\/v2\/posts\/83321","targetHints":{"allow":["GET"]}}],"collection":[{"href":"https:\/\/feminissima.de\/index.php\/wp-json\/wp\/v2\/posts"}],"about":[{"href":"https:\/\/feminissima.de\/index.php\/wp-json\/wp\/v2\/types\/post"}],"author":[{"embeddable":true,"href":"https:\/\/feminissima.de\/index.php\/wp-json\/wp\/v2\/users\/2"}],"replies":[{"embeddable":true,"href":"https:\/\/feminissima.de\/index.php\/wp-json\/wp\/v2\/comments?post=83321"}],"version-history":[{"count":0,"href":"https:\/\/feminissima.de\/index.php\/wp-json\/wp\/v2\/posts\/83321\/revisions"}],"wp:attachment":[{"href":"https:\/\/feminissima.de\/index.php\/wp-json\/wp\/v2\/media?parent=83321"}],"wp:term":[{"taxonomy":"category","embeddable":true,"href":"https:\/\/feminissima.de\/index.php\/wp-json\/wp\/v2\/categories?post=83321"},{"taxonomy":"post_tag","embeddable":true,"href":"https:\/\/feminissima.de\/index.php\/wp-json\/wp\/v2\/tags?post=83321"}],"curies":[{"name":"wp","href":"https:\/\/api.w.org\/{rel}","templated":true}]}}