{"id":83311,"date":"2003-07-02T00:34:55","date_gmt":"2003-07-02T00:34:55","guid":{"rendered":"http:\/\/www.feminissima.de\/?p=83311"},"modified":"2003-07-02T00:34:55","modified_gmt":"2003-07-02T00:34:55","slug":"austernschale","status":"publish","type":"post","link":"https:\/\/feminissima.de\/index.php\/2003\/07\/02\/austernschale\/","title":{"rendered":"Austern&#038;Schale"},"content":{"rendered":"<p>Ex-live-text-mit&#8220;Mittagspause&#8220; &#8211; dem t\u00e4glichen Satire-Programm von FEMINISSIMA &#8211; vom 1. Juli 2003<\/p>\n<p>.*********DAS I GING vom 1. Juli 2003 sagt zu FEMINISSIMA:<\/p>\n<p>&#8222;DAS NIEDERE gewinnt an Einflu\u00df.<\/p>\n<p>So suche nach weichen Mitteln des Widerstands&#8230;&#8220; *********<\/p>\n<p>+++++23.4 Millionen Dollar, so berichtet die New York Times heute..erk\u00e4mpfte sich der ..gegangene Chef von VIVENDI UNIVERSAL, Jean-Marie Messier..<br \/>Was man MEHDORN wohl FREIWILLIG gibt, wenn er uns endlich mit seinem Mangelhaft-K\u00f6nnen aufh\u00f6rt zu begl\u00fccken, und wir ENDLICH wieder BAHN fahren k\u00f6nnen und d\u00fcrfen?<br \/>Die Bus-Industrie bl\u00fcht und blutet auf&#8230;aber die seri\u00f6sen Linienbus-Besitzer, geben es offen zu &#8211; seit dem Durcheinander und der offenkundig Horrend-Verteuerung bei der Bahn vor allem f\u00fcr den EINZEL-Kunden &#8211; <br \/>sind die internationalen TOURING-BUSSE und BERLIN-EXPRESS-LINIEN-BUSSE <br \/>quer durch Europa &#8211; und in alle St\u00e4dte &#8211; <br \/>fast t\u00e4glich ausverkauft&#8230;<br \/>dabei auch noch billiger und komfortabler&#8230;..<br \/>&#8230;.NUN soll ja die gute, alte BAHNCARD, <br \/>mit ihrer 50%igen Erm\u00e4\u00dfigung ihr Come Back feiern..<br \/>.es f\u00fchrt also &#8222;doch&#8220; ein Weg zur\u00fcck&#8230;!! <br \/>R\u00fcck-f\u00e4llig w\u00e4re auch das GUTEN-ABEND-TICKET &#8211; !<br \/> Unvergessen die STERN-WERBUNGS-FOTO-STRECKE &#8211;<\/p>\n<p> &#8222;Oma, ich bin heute Abend noch da!&#8220; <br \/>&#8222;F\u00fcr 60 Mark im Intercity ab 19 Uhr quer durch die Rebpublik!&#8220;<br \/>Ja, das waren noch Zeiten, <br \/>da gab es diesen Madendorn,<br \/> pardon, wir behalten uns nie die Namen von denen,<br \/> die wir zutiefst nicht leiden,<br \/> um nicht zu sagen, die wir zutiefst verabscheuen,<br \/> weil sie ihre R\u00e4der drehen lassen,<br \/> um das Land noch tiefer in die Schei\u00dfe drehen zu lassen,<br \/> also dieser ebenso h\u00e4\u00dfliche wie unbegabte MAHDORN.<br \/>..hihi&#8230;was wird er noch eins\u00e4ckeln, <br \/>f\u00fcr den Schei\u00df,<br \/> den er gebacken uns hingeschissen hat?<\/p>\n<p> Hier schrieb gerade mal&#8230;<br \/> unser m\u00e4nnlicher Praktikant, unbezahlt, nat\u00fcrlich,<br \/> was sonst&#8230;hihi..<br \/>mal sehen, ob er die Quote hebt..++++.<\/p>\n<p>.meet your vision!&#8230;<\/p>\n<p>1.Juli 2003 \/ 14.970. <br \/> page views&#8230;<br \/>seit dem 12. Juli 2002<\/p>\n<p>Ja, bitte! Willkommen, willkommen, zur ARMEN-SUPPEN-K\u00dcCHE -!<\/p>\n<p> Das Spezialit\u00e4ten-Restaurant in Berlin!<br \/>Die Schlange ist heute ziemlich lang!<\/p>\n<p>Denn wieder einmal haben die \u00c4mter nicht p\u00fcnktlich das Geld an ihre Klientel \u00fcberwiesen,<\/p>\n<p> weil sie mal schnell wieder fette EIGEN-ZINSEN einstreichen wollten&#8230;WAS BRINGT ES DEN <\/p>\n<p>\u00c4MTERN &#8211; wenn sie auch nur einen TAG zu sp\u00e4t \u00fcberweisen oder mit der Post schicken?<\/p>\n<p>Die Rente, die Sozialhilfe, das Arbeitslosengeld, die Arbeitslosenhilfe? <br \/>Ja, es d\u00fcrften Milliarden an Zinsen sein.<\/p>\n<p>Und &#8211; was machen die damit?<br \/> Das ist doch BETRUG??<\/p>\n<p>Aber wir kennen es ja aus der NS-Zeit: <\/p>\n<p> StaatsUnrecht wird ja immer erst 60 Jahre sp\u00e4ter beklagt&#8230;<\/p>\n<p>hi, hereinspaziert!<\/p>\n<p> hier Mittagspause!<br \/>Es ist 12:12 Uhr in Central Europe und auch in Berlin <br \/> und endlich d\u00fcrfen wir  schlechtes Wetter, wie viele sagen w\u00fcrden&#8230;ha, wunderbares REGENWETTER&#8230;herzigissimost begr\u00fcssen! <br \/>Das Sch\u00f6ne am Hunger, ehe Du zusammenbrichst&#8230;Deine Taille wird schmal&#8230;und Dein Hirn so drogenohne-schwebend-trotzdem&#8230;die Kreativit\u00e4t wie nie&#8230;high, ja Hunger macht high! <br \/>Nun wissen wir, warum die Millionen in der Welt und in Berlin und Deutschland so gerne hungern. <br \/>Sie machen sich mit dieser Drogenwirkung keineswegs strafbar&#8230;so einfach erkl\u00e4rt sich vieles, Dearies, nicht wahr?<\/p>\n<p>Nat\u00fcrlich!<\/p>\n<p>Heute wieder MITTAGSPAUSE!<br \/>Was denn sonst?<\/p>\n<p>Unsere utmost beliebte daily Sendung:<\/p>\n<p>&#8222;Die Mittagspause&#8220; &#8211; oder Rufen-Sie-Sp\u00e4ter-Noch-Einmal-An-ABER-hier-sowieso-immer-besetzt-&#8222;<\/p>\n<p> beginnt heute bereits um 11 Uhr 50, damit wir die BILD noch schnell, die ja keiner liest, also, lesen k\u00f6nnen &#8211; <\/p>\n<p> WAS?<br \/>Mieses Menue heute als \u00e1 la carte, als HAUPTMEN\u00dc &#8211; !!!<\/p>\n<p>&#8230;Bieten wir heute Ratten &#038; Schwanz.<br \/>Also Rattenschwanz.<br \/>F\u00fcr Vegetarier empfehlen wir &#8211; <br \/>Gr\u00fcner Hunger nach Art des Arbeitsamtes , pardon, hatten uns verkocht, meinten unter anderem BERLIN-Nord!&#8220;<\/p>\n<p>Guten Appetit allerseits &#8211; <br \/>Ihr k\u00f6nnt die Menues auch gleich in den Abfalleimer kippen. <br \/>Heute nicht sehr appetitlich, aber doch alles pure Geschmacksache, oder?<\/p>\n<p>Zum Nachtisch k\u00f6nnen wir ja die Backtasche reichen: <\/p>\n<p> &#8222;Unter der Hand&#8220; &#8211; <br \/>&#8222;Was sich Arbeitsamts-Berlin-und-andere-unter-der-Hand-mitteilen &#8211; <\/p>\n<p>(&#8222;Ein einziger Saustall, belohnt wird, wer m\u00f6glichst viel verhindert und wenig auszahlt, meist kann der Betrogene ja nicht nachrechnenen, weil der uns glaubt,und auch nicht wei\u00df, wie die Berechnung zustande kommt &#8211; eigentlich m\u00fc\u00dften wir endlich mal ne SELBSTANZEIGE starten, aber daf\u00fcr sind die Luffen, schau-sie-dir-doch-mal-an &#8211; zu alt und zu feige &#8211; denn sie wissen ja&#8230;leichtes Kichern&#8230;da\u00df sie auf dem Arbeitsmarkt, den sie mit verrotten haben lassen&#8230;.hahah&#8230;da\u00df so graue R\u00e4ttiche sowieso keiner mehr haben willl&#8230; auch von der Optik &#8211; warumsind die MitarbeiterInnen der Arbeits\u00e4mter grunds\u00e4tzlich h\u00e4\u00dflich? Die Antwort ist einfach, deswegen gehen sie ja ins Arbeitsamt &#8211; dort will sie eh keiner sehen&#8230;.hahah, der Joke stammte nicht von uns&#8230;aber nicht schlecht, f\u00fcr ne vermieste Mittagspause, oder?)<\/p>\n<p>Also &#8211; hier zum Hauptmen\u00fc&#8230;.Vorsicht, Spukt\u00fcte nicht vergessen.<br \/>Falls zartbesaiteten Gem\u00fctern, die gibt es , aber nur au\u00dferhalb der Gem\u00e4uer&#8230;.<\/p>\n<p>schlecht&#8230;wird&#8230;.<\/p>\n<p>JA! was wir alle l\u00e4ngst vermuteten&#8230;auch FEMS Oma starb im Krankenhaus, war schon unredliche 91 Jahre jung&#8230;wer da ins Krankenhaus geht, kann gleich den Sarg bestellen, logo! <br \/>Also REPORT MAINZ, die Nummer 1 unter deutschen Polit-Magazinen &#8211; konnte es nun beweisen, fand es heraus &#8211; den Euthanisierungs-Schleich-Proze\u00df&#8230;waren denn Krankenhaus\u00e4rzte je &#8222;gut???&#8220; Moralisch und so? Also REPORT fand heraus, siehe Schlagzeile, ja &#8211;  heraus. <br \/>Eine Professorin vom Max-Planck-Institut Rostock hatte &#8230;diverse Krankenakten der AOK untersucht und herausgefunden&#8230;.<\/p>\n<p>da\u00df nichts f\u00fcr die Lebensverl\u00e4ngerung der ab 75j\u00e4hrigen in deutschen Krankenh\u00e4usern getan wird. <br \/>Sogar schlechtere Medikamente als die \u00fcblichen verabreicht.<\/p>\n<p>AOK-PATIENTEN, so WEISS FEM aus vielen Erfahrungsberichten &#8211; werden GRUNDS\u00c4TZLICH SOWIESO schlechter behandelt &#8211; <\/p>\n<p>in BERLIN ist der RUF DER AOK SOO SCHLECHT, da\u00df FEM mehrfach aufgefordert wurde, aus dieser Krankenkasse auszusteigen &#8211; <\/p>\n<p>&#8222;die zahlen noch weniger, als die anderen gesetzlichen Kassen! <br \/>Ergo wird der Patient NOCH SCHLECHTER behandelt &#8211; auch im Umgang, \u00fcbrigens.!&#8220;<\/p>\n<p>Die MENSCHENJAGD, doch hoffentlich t\u00f6dlich endend, oder die Menschverachtung, die nazi-hafte, ist auch massenweise in deutschen ARBEITS\u00c4MTERN zu finden.<\/p>\n<p>Eindrucksvolle Berichte auch dar\u00fcber von den Politik-Magazinen der ARD und auch FRONTAL 21 von ZDF .<\/p>\n<p>Passend zum Nazi-Stil der Krankenh\u00e4user setzt deren Existenz-Euthanisie-Programm allerdings schon in fr\u00fchrerer Lebenszeit bei den Opfern eines verrotteten Staats ein, der nicht die bestraft, die das Land durch Arbeitsplatzmangel in ein Armenhaus verwandelt haben, <br \/>sondern diejenigen, die nun etwas f\u00fcr ihre eingezahlte Versicherung mal wieder heraus haben wollen.<\/p>\n<p>Wer ein gewisses Alter erreicht hat, nach Krankheiten wieder eigentlich doch gesund&#8230;wird nicht mehr in die Vermittlungskartei aufgenommen, ausgesondert <br \/>und mit allen Mitteln und Raffinessen einer NS-ge\u00fcbten-Zeit oder DDR-ge\u00fcbten Diktatur-Mentalit\u00e4t &#8211; m\u00f6glichst in den Freitod oder den Hungertod <br \/>(der Kampf ums \u00dcberleben in Berlin besonders krass und die Selbstmordrate hoch)<br \/>getrieben.<\/p>\n<p>In Zusammenarbeit mit einem in dieser Hinsicht trauriges Deutschland, spezialisierten Spezie&#8230;decken Polly Polio und auch Sonja Sonnenklar &#8230;.die neuesten &#8211; und vor allem FRAUEN gegen\u00fcber extremen MUSTER EINER MENSCHENFEINDLICHKEIT auf &#8211; die an K\u00d6RPERVERLETZUNG grenzt oder den Tatbestand versuchten Sozial-Mords (daf\u00fcr gibt es wohl kein Gef\u00e4ngnis, das ist zu normal in diesem Land???)<br \/>erf\u00fcllt.<\/p>\n<p>DIESE UNMENSCHEN &#8211; die nichts tun, au\u00dfer das LEBEN anderer zu verhindern &#8211; <\/p>\n<p>sie m\u00fcssen ENTTARNT werden &#8211; und fristlos entlassen.<br \/>ENTTARNEN WIR SIE ZUN\u00c4CHST&#8230;.<\/p>\n<p>mal sehen, ob die MENSCHEN-VERNICHTER und FAULENZER in den ARBEITS\u00c4MTERN auch so \u00f6ffentlich hingerichtet werden, wie manch anderer Mensch in diesem Land der doppelten Diktatur-Vergangenheit &#8211; FEM kapiert, nach 5 Monaten Berlin auch, warum die Kluft zwischen Wessies und Osssies immer breiter wird &#8211; <\/p>\n<p>denn die DIKTATUR die andere ist noch n\u00e4her dran&#8230;.die UNFREUNDLICHKEIT ein Markenzeichen&#8230;und die ARROGANZ der anderen Seite, die ihre Menschen am liebsten wirder vergasen lassen w\u00fcrde &#8211; die Langzeitarbeitslosen, die Kranken ab 75 &#8211; diese ENTWERTER am WERKE &#8211; <br \/>tja, vielleicht ist Berlin ganz besonders krass. <br \/>Denn hier, Kafka hier wie zu hause,<br \/>\n<br \/>\nversteckt sich jede Null-Zahl hinter der anderen.<br \/>\n<br \/>\nEin Aktenzeichen ersetzt das andere. Menschen erreichst Du nie &#8211; weil eine einzige Durchwahl f\u00fcr eine Millionenstadt wie BERLIN immer BESETZT IST: DIE MENSCHENZERKLEINERUNGSMASCHINE &#8211; sie sitzt und sie sa\u00df ja auch mal einst dort &#8211; sie sitzt wieder in BERLIN.<br \/>Aber die &#8222;\u00dcbernommenen&#8220; sind alle unk\u00fcndbar. Und k\u00f6nnen uns das Leben noch so zur H\u00f6lle machen &#8211; <br \/>DAS IST JA AUCH IHR JOB! Arbeitslose in den Tod treiben, oder auf die Stra\u00dfe oder in die verbilligte Ganz-Fr\u00fch-Rente &#8211; weil ja jeder aus der Statistik RAusge-Ekelte ne Pr\u00e4mie f\u00fcr die DUCKM\u00c4USER IN DIESEN GRAUEN GEM\u00c4UERN zu bringen scheint&#8230;.das DESINTERESSE mal so gesehen analysiert.<br \/>&#8222;Verhungern Sie halt!&#8220; Na und.<\/p>\n<p>Ein Maul weniger, das wir f\u00fcttern..!&#8220; Deutschland 2003 &#8211; ein Land zum DAVONLAUFEN. WEnn wir nur die Mittel und die Gesunheit dazu h\u00e4tten&#8230;.nicht wahr&#8230;.?<br \/>\n<br \/>\nWANN GEHEN WIR ENDLICH GEGEN DIESES LAND AUF DIE BARRIKADEN?<br \/>\n<br \/>\nNICHT durch die anderen Betonk\u00f6pfe, die gutbezahlten, die sich endlich selbst enttarnt, <\/p>\n<p>sondern WIR, das gequ\u00e4lte, das gedem\u00fctigte, das verarschte , das ausgenommene, das ausblutende, das aushungernde VOLK?<\/p>\n<p>WIR SIND DAS VOLK!!!<br \/>WIE LANGE WOLLEN WIR UNS DAS ALLES NOCH GEFALLEN LASSEN?<\/p>\n<p>UND WARUM f\u00fchrt diese amoralische Regierung keine PREISBINDUNG ein?<\/p>\n<p>F\u00fcr BROT, OBST, MILCH und GEM\u00dcSE???<\/p>\n<p>Weil sie im Reichtum schwimmen, und wir k\u00f6nnen uns keine Kirschen, keine Erdbeeren, keinen Rhabarber, keine Kartoffel, keine Vitamine mehr leisten &#8211; 200 Prozent Verteuerung seit der Einf\u00fchrung der TEUROS&#8230;..Die Klaps-Ideen des Dosenpfandes haben \u00fcber 2000 Stellen kaputtgemacht&#8230;usw.usw.usw..<br \/>\n<br \/>\nWIR FORDERN VOLKSENTSCHEID zur ABWAHL dieser EINS\u00c4CKLER &#8211; dieser schlechtesten, volksfeindlichsten Regierung, die dieses Land seit dem 2. Weltkrieg je leider sein &#8222;eigen&#8220; nennen durfte&#8230;..Kein einziger, der Vorbild w\u00e4re und keine einzige auch nicht&#8230;Nichtsk\u00f6nnerInnen, allesamt.<br \/> Die alles ruiniert haben, was die Menschen dieses Landes mal aufgebaut hatten.<br \/>Foutez-le-camps!<\/p>\n<p>\nhier dr\u00e4ngelt sich schon der DIENSTAG &#8211; 1. Juli &#8211; TEXT &#8211; mu\u00df aber noch ein wenig gez\u00fcgelt&#8230;werden&#8230;.hold on! <br \/>Cu &#8211; es ist 10 Uhr 18 im Beton-Beh\u00f6rden-Berlin&#8230;.<\/p>\n","protected":false},"excerpt":{"rendered":"<p>Ex-live-text-mit&#8220;Mittagspause&#8220; &#8211; dem t\u00e4glichen Satire-Programm von FEMINISSIMA &#8211; vom 1. Juli 2003<br \/><\/p>\n","protected":false},"author":2,"featured_media":0,"comment_status":"closed","ping_status":"closed","sticky":false,"template":"","format":"standard","meta":{"footnotes":""},"categories":[25],"tags":[],"class_list":["post-83311","post","type-post","status-publish","format-standard","hentry","category-piazza","entry"],"yoast_head":"<!-- This site is optimized with the Yoast SEO plugin v21.0 - https:\/\/yoast.com\/wordpress\/plugins\/seo\/ -->\n<title>Austern&amp;Schale - Feminissima<\/title>\n<meta name=\"robots\" content=\"index, follow, max-snippet:-1, max-image-preview:large, max-video-preview:-1\" \/>\n<link rel=\"canonical\" href=\"https:\/\/feminissima.de\/index.php\/2003\/07\/02\/austernschale\/\" \/>\n<meta property=\"og:locale\" content=\"de_DE\" \/>\n<meta property=\"og:type\" content=\"article\" \/>\n<meta property=\"og:title\" content=\"Austern&amp;Schale - Feminissima\" \/>\n<meta property=\"og:description\" content=\"Ex-live-text-mit&quot;Mittagspause&quot; - dem t\u00e4glichen Satire-Programm von FEMINISSIMA - vom 1. Juli 2003\" \/>\n<meta property=\"og:url\" content=\"https:\/\/feminissima.de\/index.php\/2003\/07\/02\/austernschale\/\" \/>\n<meta property=\"og:site_name\" content=\"Feminissima\" \/>\n<meta property=\"article:published_time\" content=\"2003-07-02T00:34:55+00:00\" \/>\n<meta name=\"author\" content=\"admin\" \/>\n<meta name=\"twitter:card\" content=\"summary_large_image\" \/>\n<meta name=\"twitter:label1\" content=\"Verfasst von\" \/>\n\t<meta name=\"twitter:data1\" content=\"admin\" \/>\n\t<meta name=\"twitter:label2\" content=\"Gesch\u00e4tzte Lesezeit\" \/>\n\t<meta name=\"twitter:data2\" content=\"8\u00a0Minuten\" \/>\n<script type=\"application\/ld+json\" class=\"yoast-schema-graph\">{\"@context\":\"https:\/\/schema.org\",\"@graph\":[{\"@type\":\"WebPage\",\"@id\":\"https:\/\/feminissima.de\/index.php\/2003\/07\/02\/austernschale\/\",\"url\":\"https:\/\/feminissima.de\/index.php\/2003\/07\/02\/austernschale\/\",\"name\":\"Austern&Schale - Feminissima\",\"isPartOf\":{\"@id\":\"https:\/\/feminissima.de\/#website\"},\"datePublished\":\"2003-07-02T00:34:55+00:00\",\"dateModified\":\"2003-07-02T00:34:55+00:00\",\"author\":{\"@id\":\"https:\/\/feminissima.de\/#\/schema\/person\/0b901e053624f88e7ecbea289d9d5128\"},\"breadcrumb\":{\"@id\":\"https:\/\/feminissima.de\/index.php\/2003\/07\/02\/austernschale\/#breadcrumb\"},\"inLanguage\":\"de\",\"potentialAction\":[{\"@type\":\"ReadAction\",\"target\":[\"https:\/\/feminissima.de\/index.php\/2003\/07\/02\/austernschale\/\"]}]},{\"@type\":\"BreadcrumbList\",\"@id\":\"https:\/\/feminissima.de\/index.php\/2003\/07\/02\/austernschale\/#breadcrumb\",\"itemListElement\":[{\"@type\":\"ListItem\",\"position\":1,\"name\":\"Startseite\",\"item\":\"https:\/\/feminissima.de\/\"},{\"@type\":\"ListItem\",\"position\":2,\"name\":\"Austern&#038;Schale\"}]},{\"@type\":\"WebSite\",\"@id\":\"https:\/\/feminissima.de\/#website\",\"url\":\"https:\/\/feminissima.de\/\",\"name\":\"Feminissima\",\"description\":\"\",\"potentialAction\":[{\"@type\":\"SearchAction\",\"target\":{\"@type\":\"EntryPoint\",\"urlTemplate\":\"https:\/\/feminissima.de\/?s={search_term_string}\"},\"query-input\":\"required name=search_term_string\"}],\"inLanguage\":\"de\"},{\"@type\":\"Person\",\"@id\":\"https:\/\/feminissima.de\/#\/schema\/person\/0b901e053624f88e7ecbea289d9d5128\",\"name\":\"admin\",\"image\":{\"@type\":\"ImageObject\",\"inLanguage\":\"de\",\"@id\":\"https:\/\/feminissima.de\/#\/schema\/person\/image\/\",\"url\":\"https:\/\/secure.gravatar.com\/avatar\/8da1f51327453c0bf63338e8e2a791948b7d2ac19b68839492d1e69aac6924a8?s=96&d=mm&r=g\",\"contentUrl\":\"https:\/\/secure.gravatar.com\/avatar\/8da1f51327453c0bf63338e8e2a791948b7d2ac19b68839492d1e69aac6924a8?s=96&d=mm&r=g\",\"caption\":\"admin\"},\"url\":\"https:\/\/feminissima.de\/index.php\/author\/admin\/\"}]}<\/script>\n<!-- \/ Yoast SEO plugin. -->","yoast_head_json":{"title":"Austern&Schale - Feminissima","robots":{"index":"index","follow":"follow","max-snippet":"max-snippet:-1","max-image-preview":"max-image-preview:large","max-video-preview":"max-video-preview:-1"},"canonical":"https:\/\/feminissima.de\/index.php\/2003\/07\/02\/austernschale\/","og_locale":"de_DE","og_type":"article","og_title":"Austern&Schale - Feminissima","og_description":"Ex-live-text-mit\"Mittagspause\" - dem t\u00e4glichen Satire-Programm von FEMINISSIMA - vom 1. Juli 2003","og_url":"https:\/\/feminissima.de\/index.php\/2003\/07\/02\/austernschale\/","og_site_name":"Feminissima","article_published_time":"2003-07-02T00:34:55+00:00","author":"admin","twitter_card":"summary_large_image","twitter_misc":{"Verfasst von":"admin","Gesch\u00e4tzte Lesezeit":"8\u00a0Minuten"},"schema":{"@context":"https:\/\/schema.org","@graph":[{"@type":"WebPage","@id":"https:\/\/feminissima.de\/index.php\/2003\/07\/02\/austernschale\/","url":"https:\/\/feminissima.de\/index.php\/2003\/07\/02\/austernschale\/","name":"Austern&Schale - Feminissima","isPartOf":{"@id":"https:\/\/feminissima.de\/#website"},"datePublished":"2003-07-02T00:34:55+00:00","dateModified":"2003-07-02T00:34:55+00:00","author":{"@id":"https:\/\/feminissima.de\/#\/schema\/person\/0b901e053624f88e7ecbea289d9d5128"},"breadcrumb":{"@id":"https:\/\/feminissima.de\/index.php\/2003\/07\/02\/austernschale\/#breadcrumb"},"inLanguage":"de","potentialAction":[{"@type":"ReadAction","target":["https:\/\/feminissima.de\/index.php\/2003\/07\/02\/austernschale\/"]}]},{"@type":"BreadcrumbList","@id":"https:\/\/feminissima.de\/index.php\/2003\/07\/02\/austernschale\/#breadcrumb","itemListElement":[{"@type":"ListItem","position":1,"name":"Startseite","item":"https:\/\/feminissima.de\/"},{"@type":"ListItem","position":2,"name":"Austern&#038;Schale"}]},{"@type":"WebSite","@id":"https:\/\/feminissima.de\/#website","url":"https:\/\/feminissima.de\/","name":"Feminissima","description":"","potentialAction":[{"@type":"SearchAction","target":{"@type":"EntryPoint","urlTemplate":"https:\/\/feminissima.de\/?s={search_term_string}"},"query-input":"required name=search_term_string"}],"inLanguage":"de"},{"@type":"Person","@id":"https:\/\/feminissima.de\/#\/schema\/person\/0b901e053624f88e7ecbea289d9d5128","name":"admin","image":{"@type":"ImageObject","inLanguage":"de","@id":"https:\/\/feminissima.de\/#\/schema\/person\/image\/","url":"https:\/\/secure.gravatar.com\/avatar\/8da1f51327453c0bf63338e8e2a791948b7d2ac19b68839492d1e69aac6924a8?s=96&d=mm&r=g","contentUrl":"https:\/\/secure.gravatar.com\/avatar\/8da1f51327453c0bf63338e8e2a791948b7d2ac19b68839492d1e69aac6924a8?s=96&d=mm&r=g","caption":"admin"},"url":"https:\/\/feminissima.de\/index.php\/author\/admin\/"}]}},"jetpack_featured_media_url":"","_links":{"self":[{"href":"https:\/\/feminissima.de\/index.php\/wp-json\/wp\/v2\/posts\/83311","targetHints":{"allow":["GET"]}}],"collection":[{"href":"https:\/\/feminissima.de\/index.php\/wp-json\/wp\/v2\/posts"}],"about":[{"href":"https:\/\/feminissima.de\/index.php\/wp-json\/wp\/v2\/types\/post"}],"author":[{"embeddable":true,"href":"https:\/\/feminissima.de\/index.php\/wp-json\/wp\/v2\/users\/2"}],"replies":[{"embeddable":true,"href":"https:\/\/feminissima.de\/index.php\/wp-json\/wp\/v2\/comments?post=83311"}],"version-history":[{"count":0,"href":"https:\/\/feminissima.de\/index.php\/wp-json\/wp\/v2\/posts\/83311\/revisions"}],"wp:attachment":[{"href":"https:\/\/feminissima.de\/index.php\/wp-json\/wp\/v2\/media?parent=83311"}],"wp:term":[{"taxonomy":"category","embeddable":true,"href":"https:\/\/feminissima.de\/index.php\/wp-json\/wp\/v2\/categories?post=83311"},{"taxonomy":"post_tag","embeddable":true,"href":"https:\/\/feminissima.de\/index.php\/wp-json\/wp\/v2\/tags?post=83311"}],"curies":[{"name":"wp","href":"https:\/\/api.w.org\/{rel}","templated":true}]}}