{"id":83262,"date":"2003-04-16T10:40:29","date_gmt":"2003-04-16T10:40:29","guid":{"rendered":"http:\/\/www.feminissima.de\/?p=83262"},"modified":"2003-04-16T10:40:29","modified_gmt":"2003-04-16T10:40:29","slug":"ephemeralles","status":"publish","type":"post","link":"https:\/\/feminissima.de\/index.php\/2003\/04\/16\/ephemeralles\/","title":{"rendered":"ephemer,alles"},"content":{"rendered":"<p>im September 2008 in SUPISSIMA gesetzt, damit der Text aus  2003 nicht so untergeht..Der text beginnt;<\/p>\n<p>\nHier noch ein paar-Wortverliebtheiten&#8230;wir sind-zuweilen-eitel-warum-nicht-<\/p>\n<p>von gestern &#8211; immerhin im live-text ne Quote von 56 LeserInnen (danke!) geholt&#8230;<\/p>\n<p>live-text vom 14.\/15. April 03<\/p>\n<p>&#8212;Bushs-Buschmesser-buscht-backmesserisch-bald-beginnend-bereits-wieder-buschklopfend&#8230;vielleicht zu Ostern, zu-KARFREITAG, als unser Jesus Christ angenagelt wurde, von seinen H\u00e4schern &#038; Verr\u00e4tern???<br \/>Jedes Jahr neu. Und wieder aufersteht?<br \/>Vergebung aller S\u00fcnden.<br \/>Beichte am Sonntag.Und alles vorbei. <\/p>\n<p>Vergeben, vergessen, verloren, geschoren. Schreit-zum-Himmel.<\/p>\n<p>Handelspakt.<\/p>\n<p>(42 visitors um 13 Uhr 13, was will das sagen..??)<br \/>Und vorhin lautete es noch:<br \/>Es ist 12 Uhr mittags.<br \/>Gerade eben hingegen noch:<br \/> 10 Uhr in Berlin.<br \/>Und heute schon 30 G\u00e4ste in unserer Lounge?<br \/>Wie reizend!<br \/>Wir reichen einen Kaffee mit gesch\u00e4umter Sahne:<br \/>kostenlos!<br \/>Bitte-sehr!<br \/>Und wir machen Euch auch keine Arbeit, f\u00fcr die Ihr bezahlt werdet!<br \/>Transparent geht es in diesen very charming morning.<\/p>\n<p>Lockerleicht k\u00f6nnen wir die Lustlosigkeit eines Herrn Gerster nachvollziehen.<br \/>Unter uns &#8211; <br \/>wer m\u00f6chte schon f\u00fcr schlappe 250.000 Euro im Jahr (oder im Monat? Unsere Quelle war da nicht so genau..ts,ts,ts!) ordentlich arbeiten?<\/p>\n<p>Kai Uwe Ricke (hat die Praktikantin den Namen ordentlich abgeschrieben oder schreibt sich Ricke vielleicht RIEKE, nein?)hat mehr Lust.<br \/>Denn f\u00fcr 1,25 Millionen Euro im Jahr <br \/>(wie f\u00fchlt sich so was an? Wie f\u00fchlen sich so viele Scheine an? Wie sehen die aus?<\/p>\n<p> kann man auch als Telekom-Chef mal spielerisch Briefk\u00e4sten abh\u00e4ngen und auch &#8211; <\/p>\n<p>wieder aufh\u00e4ngen <br \/>lassen.<\/p>\n<p>Was wohl ein Herr Mehdorn verdient?<\/p>\n<p>Und was die SPD verdient?<\/p>\n<p>Herzlichen guten Morgen, <br \/>bei FEMINISSIMA&#8230;<br \/>..hereinspaziert, hereingest\u00f6mt! <br \/>Wir nehmen-keinen-Eintritt-wir-sind-normal-uhr-so-und-froh.!&#8220;<br \/>Gestern in der U-Bahn &#8211; <br \/>wie immer die Linie 2:<br \/>Junges, sehr-sehr-d\u00fcnn-Frauchen k\u00fcsst anstelle ihres Gef\u00e4hrten-seehr-sehr-d\u00fcnn-noch-d\u00fcnner, <br \/>den beigef\u00fcgten Mischlings-Schlittenhund.<br \/>Der wendet h\u00f6flich, aber bestimmt, den Kopf weg.<br \/>Und blickt leicht-verlegen in die U-Bahn-G\u00e4ste-Runde.<br \/>W\u00e4hrend mit Vortragsstimme ein jung-sehr-jung-Mann das U-Bahn-Auditorium um Aufmerksamkeit f\u00fcr seinen Vortrag bittet:<br \/> &#8222;Ich bin HIV positiv-und-die-Kasse-zahlt-teure-Medikamente-nicht&#8220; &#8211; <br \/>um eine kleine milde Spende spendet.<\/p>\n<p>Wie vermutet, ist FEM die einzige, die spendet.<\/p>\n<p>Und ein Wort verliert&#8230;<br \/>&#8222;Ei, es iss nur wenisch&#8230;&#8220; <br \/>Die \u00fcberraschte-Antwort-immer-wieder-denn-die-Menschen-sprechen-nicht-mit-den-Unber\u00fchrbaren, <br \/>wenn sie denn schon etwas herausr\u00fccken. Nestelnd, umst\u00e4ndlich, peinlich ber\u00fchrt.<br \/>Sie tun es, wenn denn, mit starrem Geradeaus-Blick.<br \/>Und mit Gerade-aus-gestrecktem-weit-weg-vom-eigenen-K\u00f6rper-und-Seele- &#038; Sein-Daseins-<br \/> Fingerspitzen-Zigarettenspitze-Mentalit\u00e4tenkomplex..ziemlich komplex-!<br \/>Perplex,nicht wahr??<\/p>\n<p>Hi, good-good-good-good vib!rations- !<br \/>Schon die Kunst konsumiert,<br \/>viel-schreiben-\u00fcber-nichts?<\/p>\n<p>Dann t\u00e4glich GALA lesen.<br \/>Jetzt verstehen wir auch, wie alles kam und kommt &#8211; so einfach alles-transparent,wie schon gesagt :<br \/>RTL = auch gleich Bertelsmann,= auch gleich GRUNER &#038; JAHR = auch gleich STERN, BRIGITTE, und === auch gleich&#8230;GALA&#8230;<\/p>\n<p>WIR trinken jetzt auch mal eben unseren kalten Kaffee!<\/p>\n<p>Die k\u00fchlhitzig-erprobten-Texte der Nacht&#8230;bitte sehr, <br \/>hier sind sie &#8211; <\/p>\n<p>wir haben sie nicht &#8230;verbracht&#8230;<\/p>\n<p>Willkommen, Welcome, Bienvenues, Bienvenidas &#8211; !<br \/>Und nat\u00fcrlich auch Bienvenus y Bienvenidos.<\/p>\n<p>Metallisch-stimmiges-ebenerdig-bleibendes-Leerlauf-Geschw\u00e4tz-alles-plattwalzend-schon-immer-gewu\u00dft-traumlos-untr\u00e4umerisch-romantiklose-M\u00e4nner-aber-auch-Frauen-in-Welten-die-nur-noch-im-lila-Dahind\u00e4mmer-bl\u00e4ulich-im-Scheinwerferlicht-des-Kunstlichts-kunstvolle-Schritte-sei-mein-tonight-Zauberwelten-gegen-Bares.<\/p>\n<p>Willkommen zum Dienstag!<\/p>\n<p>Ein frisch-aufger\u00e4umter Dienstag,<br \/>der sich noch nicht entfaltet hat, <br \/>es ist 0Uhr 30 oder mehr in Berlin,<br \/> hat gerade den m\u00fcd-gewordenen-Montag verabschiedet.<\/p>\n<p>Die allgemeine Tendenz zur Unschl\u00fcssigkeit h\u00e4lt an.<\/p>\n<p>Diskutiert wurde und wird ja \u00fcbrigens gar nicht nur sonntagabends bei CHRISTIANSEN,<br \/>sondern auch montags in Berlin<br \/>und auch im Bayrischen Rundfunk.<\/p>\n<p>Und wo nicht noch alles&#8230;<br \/>Dort just,<br \/>beim BR,<br \/> fanden sich in artiger, wenngleich merkw\u00fcrdiger Runde, <br \/>unter anderem Alice Schwarzer,<br \/>einer der diversen, pl\u00f6tzlich sichtbaren Exil-Iraker,<br \/> ein Herr Meyer,<br \/> und ein Herr mit dem Vornamen Olaf, <br \/>der aber nichts mit dem &#8222;Olaf&#8220; unserer Kurzgeschichte (siehe Short-stories)zu tun hat, <br \/> sondern mit Nachnamen Henkel hei\u00dft.<br \/> Er scheint ein klein-wenig,<br \/>oder nur ung\u00fcnstig geschminkt?<br \/>zugenommen zu haben.<\/p>\n<p>Er, der Herr Henkel: <br \/> (&#8222;Erlauben Sie mir, Frau Schwarzer..&#8220;)<br \/>verwunderte sich arg-und-mit-Verlaub <br \/> \u00fcber die <br \/>&#8222;so-nie-erlebte-Welle von-Ha\u00df-Mails&#8220; !<\/p>\n<p>Und dabei blo\u00df ein &#8222;Kommentar&#8220; in der &#8222;BILD&#8220; (seit ca. eineinhalb Jahren, seit Ruhestand..)<br \/> geschrieben! <\/p>\n<p>So ein paar Zeilen, Seite 2, oben links,<br \/>die den Amis dankten!<\/p>\n<p>Und die Partei ergriffen&#8230;<\/p>\n<p> f\u00fcr die, <br \/>&#8220; &#8222;von mir-so- hoch-gesch\u00e4tzte Frau Merkel&#8220; <br \/> in der Diktion jedenfalls.<br \/> &#8222;H\u00e4tten wir die Amerikaner nicht gehabt!&#8220;<\/p>\n<p>&#8222;..und w\u00e4ren-sie-damals-bei-uns-schon-fr\u00fcher-gekommen..&#8220; <br \/>Wie gut, da\u00df es Mr. Bush jetzt gibt&#8220;..<\/p>\n<p>Und zur Rechtfertigung wird auch noch einmal (wir kannten dieses biographische Detail bereits aus einer NDR-Talk-Show, lange her)<br \/>der eigene Vater erw\u00e4hnt,<br \/>jener Unbekannte, der noch zuletzt im Krieg blieb. <br \/>&#8222;Ich bin als Waisenkind aufgewachsen!&#8220; <br \/>  Ergriffen-lauschen-wir,<br \/> die Augen mit dem frischgest\u00e4rkten, spitzenumrandeten Taschent\u00fcchlein tupfend -.<\/p>\n<p>Treuherziger-Augenaufschlag-bei-leicht-sehr-erstauntem-Unterton-sehr-geehrte Frau-Schwarzer, <br \/>mu\u00df man ja auch eine andere Meinung haben d\u00fcrfen-respektieren.<br \/>Nicht wahr.<\/p>\n<p>Die Moderatorin des Bayrischen Rundfunks wirft ge\u00fcbt ein Wortf\u00fcllsel in Frageform ein. <br \/>Der Herr Meyer sagt,<br \/> Miniatur-Verschw\u00f6rer-Anflugs-Kalt-L\u00e4cheln-in-den-gelassenen-Mundwinkeln:<br \/>&#8222;Sie wissen es aber besser..!&#8220;<br \/>Die Moderatorin antwortet nebenbei-einflie\u00dfen-lassend, <br \/>w\u00e4hrend sie unger\u00fchrt zur n\u00e4chsten provozierenden Frage eilt&#8230;:<\/p>\n<p>&#8222;Ich bin ja (halt) hier, um zu provozieren..!&#8220;<\/p>\n<p>Oh!<br \/> Wie geheimnisvoll-aufregend-provozierend!<br \/>Brecht&#8217;scher Verfremdungseffekt schier?<br \/>Der sich hier offenbart?<\/p>\n<p>&#8222;Seht her, alles nur Gestik?&#8220;<br \/>Alles nur Attit\u00fcde?<br \/>Alles nicht wahr?<\/p>\n<p>Dieser Tupfhauch von einem Hingeworfen-Viertel-Satz,<br \/>der eine Frage vielleicht sein sollte-oder-auch-nicht:<\/p>\n<p> dessen Inhalt so ephemer&#8230;, so leicht&#8230;<br \/>erschien er uns nicht <br \/> der-wie- inhaltsreichste seit langem&#8230;<\/p>\n<p>Gr\u00fcbelnd- <br \/>starren den An-scheinend-Vollmond an.<br \/>Bleiben fraglos zur\u00fcck. <br \/>Fraglos bleiben wir zur\u00fcck!<br \/>Kommt gut durch die Nacht &#8211;<\/p>\n<p>und alles-wird-claro-gut,<\/p>\n<p>sehr gut sogar.<br \/>Blo\u00df  &#8211; wann?<\/p>\n<p>Und &#8211; <\/p>\n<p>f\u00fcr <\/p>\n<p>wen&#8230;?<\/p>\n<p> Wir sehen uns &#8230;..?<\/p>\n<p>(Aber gerne doch!)<\/p>\n","protected":false},"excerpt":{"rendered":"<p>im September 2008 in SUPISSIMA gesetzt, damit der Text aus  2003 nicht so untergeht..Der text beginnt;<\/p>\n<p>\nHier noch ein paar-Wortverliebtheiten&#8230;wir sind-zuweilen-eitel-warum-nicht-<\/p>\n<p>von gestern &#8211; immerhin im live-text ne Quote von 56 LeserInnen (danke!) geholt&#8230;<\/p>\n","protected":false},"author":2,"featured_media":0,"comment_status":"closed","ping_status":"closed","sticky":false,"template":"","format":"standard","meta":{"footnotes":""},"categories":[32],"tags":[],"class_list":["post-83262","post","type-post","status-publish","format-standard","hentry","category-supissima","entry"],"yoast_head":"<!-- This site is optimized with the Yoast SEO plugin v21.0 - https:\/\/yoast.com\/wordpress\/plugins\/seo\/ -->\n<title>ephemer,alles - Feminissima<\/title>\n<meta name=\"robots\" content=\"index, follow, max-snippet:-1, max-image-preview:large, max-video-preview:-1\" \/>\n<link rel=\"canonical\" href=\"https:\/\/feminissima.de\/index.php\/2003\/04\/16\/ephemeralles\/\" \/>\n<meta property=\"og:locale\" content=\"de_DE\" \/>\n<meta property=\"og:type\" content=\"article\" \/>\n<meta property=\"og:title\" content=\"ephemer,alles - Feminissima\" \/>\n<meta property=\"og:description\" content=\"im September 2008 in SUPISSIMA gesetzt, damit der Text aus 2003 nicht so untergeht..Der text beginnt;  Hier noch ein paar-Wortverliebtheiten...wir sind-zuweilen-eitel-warum-nicht- von gestern - immerhin im live-text ne Quote von 56 LeserInnen (danke!) geholt...\" \/>\n<meta property=\"og:url\" content=\"https:\/\/feminissima.de\/index.php\/2003\/04\/16\/ephemeralles\/\" \/>\n<meta property=\"og:site_name\" content=\"Feminissima\" \/>\n<meta property=\"article:published_time\" content=\"2003-04-16T10:40:29+00:00\" \/>\n<meta name=\"author\" content=\"admin\" \/>\n<meta name=\"twitter:card\" content=\"summary_large_image\" \/>\n<meta name=\"twitter:label1\" content=\"Verfasst von\" \/>\n\t<meta name=\"twitter:data1\" content=\"admin\" \/>\n\t<meta name=\"twitter:label2\" content=\"Gesch\u00e4tzte Lesezeit\" \/>\n\t<meta name=\"twitter:data2\" content=\"4\u00a0Minuten\" \/>\n<script type=\"application\/ld+json\" class=\"yoast-schema-graph\">{\"@context\":\"https:\/\/schema.org\",\"@graph\":[{\"@type\":\"WebPage\",\"@id\":\"https:\/\/feminissima.de\/index.php\/2003\/04\/16\/ephemeralles\/\",\"url\":\"https:\/\/feminissima.de\/index.php\/2003\/04\/16\/ephemeralles\/\",\"name\":\"ephemer,alles - Feminissima\",\"isPartOf\":{\"@id\":\"https:\/\/feminissima.de\/#website\"},\"datePublished\":\"2003-04-16T10:40:29+00:00\",\"dateModified\":\"2003-04-16T10:40:29+00:00\",\"author\":{\"@id\":\"https:\/\/feminissima.de\/#\/schema\/person\/0b901e053624f88e7ecbea289d9d5128\"},\"breadcrumb\":{\"@id\":\"https:\/\/feminissima.de\/index.php\/2003\/04\/16\/ephemeralles\/#breadcrumb\"},\"inLanguage\":\"de\",\"potentialAction\":[{\"@type\":\"ReadAction\",\"target\":[\"https:\/\/feminissima.de\/index.php\/2003\/04\/16\/ephemeralles\/\"]}]},{\"@type\":\"BreadcrumbList\",\"@id\":\"https:\/\/feminissima.de\/index.php\/2003\/04\/16\/ephemeralles\/#breadcrumb\",\"itemListElement\":[{\"@type\":\"ListItem\",\"position\":1,\"name\":\"Startseite\",\"item\":\"https:\/\/feminissima.de\/\"},{\"@type\":\"ListItem\",\"position\":2,\"name\":\"ephemer,alles\"}]},{\"@type\":\"WebSite\",\"@id\":\"https:\/\/feminissima.de\/#website\",\"url\":\"https:\/\/feminissima.de\/\",\"name\":\"Feminissima\",\"description\":\"\",\"potentialAction\":[{\"@type\":\"SearchAction\",\"target\":{\"@type\":\"EntryPoint\",\"urlTemplate\":\"https:\/\/feminissima.de\/?s={search_term_string}\"},\"query-input\":\"required name=search_term_string\"}],\"inLanguage\":\"de\"},{\"@type\":\"Person\",\"@id\":\"https:\/\/feminissima.de\/#\/schema\/person\/0b901e053624f88e7ecbea289d9d5128\",\"name\":\"admin\",\"image\":{\"@type\":\"ImageObject\",\"inLanguage\":\"de\",\"@id\":\"https:\/\/feminissima.de\/#\/schema\/person\/image\/\",\"url\":\"https:\/\/secure.gravatar.com\/avatar\/8da1f51327453c0bf63338e8e2a791948b7d2ac19b68839492d1e69aac6924a8?s=96&d=mm&r=g\",\"contentUrl\":\"https:\/\/secure.gravatar.com\/avatar\/8da1f51327453c0bf63338e8e2a791948b7d2ac19b68839492d1e69aac6924a8?s=96&d=mm&r=g\",\"caption\":\"admin\"},\"url\":\"https:\/\/feminissima.de\/index.php\/author\/admin\/\"}]}<\/script>\n<!-- \/ Yoast SEO plugin. -->","yoast_head_json":{"title":"ephemer,alles - Feminissima","robots":{"index":"index","follow":"follow","max-snippet":"max-snippet:-1","max-image-preview":"max-image-preview:large","max-video-preview":"max-video-preview:-1"},"canonical":"https:\/\/feminissima.de\/index.php\/2003\/04\/16\/ephemeralles\/","og_locale":"de_DE","og_type":"article","og_title":"ephemer,alles - Feminissima","og_description":"im September 2008 in SUPISSIMA gesetzt, damit der Text aus 2003 nicht so untergeht..Der text beginnt;  Hier noch ein paar-Wortverliebtheiten...wir sind-zuweilen-eitel-warum-nicht- von gestern - immerhin im live-text ne Quote von 56 LeserInnen (danke!) geholt...","og_url":"https:\/\/feminissima.de\/index.php\/2003\/04\/16\/ephemeralles\/","og_site_name":"Feminissima","article_published_time":"2003-04-16T10:40:29+00:00","author":"admin","twitter_card":"summary_large_image","twitter_misc":{"Verfasst von":"admin","Gesch\u00e4tzte Lesezeit":"4\u00a0Minuten"},"schema":{"@context":"https:\/\/schema.org","@graph":[{"@type":"WebPage","@id":"https:\/\/feminissima.de\/index.php\/2003\/04\/16\/ephemeralles\/","url":"https:\/\/feminissima.de\/index.php\/2003\/04\/16\/ephemeralles\/","name":"ephemer,alles - Feminissima","isPartOf":{"@id":"https:\/\/feminissima.de\/#website"},"datePublished":"2003-04-16T10:40:29+00:00","dateModified":"2003-04-16T10:40:29+00:00","author":{"@id":"https:\/\/feminissima.de\/#\/schema\/person\/0b901e053624f88e7ecbea289d9d5128"},"breadcrumb":{"@id":"https:\/\/feminissima.de\/index.php\/2003\/04\/16\/ephemeralles\/#breadcrumb"},"inLanguage":"de","potentialAction":[{"@type":"ReadAction","target":["https:\/\/feminissima.de\/index.php\/2003\/04\/16\/ephemeralles\/"]}]},{"@type":"BreadcrumbList","@id":"https:\/\/feminissima.de\/index.php\/2003\/04\/16\/ephemeralles\/#breadcrumb","itemListElement":[{"@type":"ListItem","position":1,"name":"Startseite","item":"https:\/\/feminissima.de\/"},{"@type":"ListItem","position":2,"name":"ephemer,alles"}]},{"@type":"WebSite","@id":"https:\/\/feminissima.de\/#website","url":"https:\/\/feminissima.de\/","name":"Feminissima","description":"","potentialAction":[{"@type":"SearchAction","target":{"@type":"EntryPoint","urlTemplate":"https:\/\/feminissima.de\/?s={search_term_string}"},"query-input":"required name=search_term_string"}],"inLanguage":"de"},{"@type":"Person","@id":"https:\/\/feminissima.de\/#\/schema\/person\/0b901e053624f88e7ecbea289d9d5128","name":"admin","image":{"@type":"ImageObject","inLanguage":"de","@id":"https:\/\/feminissima.de\/#\/schema\/person\/image\/","url":"https:\/\/secure.gravatar.com\/avatar\/8da1f51327453c0bf63338e8e2a791948b7d2ac19b68839492d1e69aac6924a8?s=96&d=mm&r=g","contentUrl":"https:\/\/secure.gravatar.com\/avatar\/8da1f51327453c0bf63338e8e2a791948b7d2ac19b68839492d1e69aac6924a8?s=96&d=mm&r=g","caption":"admin"},"url":"https:\/\/feminissima.de\/index.php\/author\/admin\/"}]}},"jetpack_featured_media_url":"","_links":{"self":[{"href":"https:\/\/feminissima.de\/index.php\/wp-json\/wp\/v2\/posts\/83262","targetHints":{"allow":["GET"]}}],"collection":[{"href":"https:\/\/feminissima.de\/index.php\/wp-json\/wp\/v2\/posts"}],"about":[{"href":"https:\/\/feminissima.de\/index.php\/wp-json\/wp\/v2\/types\/post"}],"author":[{"embeddable":true,"href":"https:\/\/feminissima.de\/index.php\/wp-json\/wp\/v2\/users\/2"}],"replies":[{"embeddable":true,"href":"https:\/\/feminissima.de\/index.php\/wp-json\/wp\/v2\/comments?post=83262"}],"version-history":[{"count":0,"href":"https:\/\/feminissima.de\/index.php\/wp-json\/wp\/v2\/posts\/83262\/revisions"}],"wp:attachment":[{"href":"https:\/\/feminissima.de\/index.php\/wp-json\/wp\/v2\/media?parent=83262"}],"wp:term":[{"taxonomy":"category","embeddable":true,"href":"https:\/\/feminissima.de\/index.php\/wp-json\/wp\/v2\/categories?post=83262"},{"taxonomy":"post_tag","embeddable":true,"href":"https:\/\/feminissima.de\/index.php\/wp-json\/wp\/v2\/tags?post=83262"}],"curies":[{"name":"wp","href":"https:\/\/api.w.org\/{rel}","templated":true}]}}