{"id":83231,"date":"2011-09-14T01:46:43","date_gmt":"2011-09-14T01:46:43","guid":{"rendered":"http:\/\/www.feminissima.de\/?p=83231"},"modified":"2011-09-14T01:46:43","modified_gmt":"2011-09-14T01:46:43","slug":"infosatmosemotions-sommer-2011","status":"publish","type":"post","link":"https:\/\/feminissima.de\/index.php\/2011\/09\/14\/infosatmosemotions-sommer-2011\/","title":{"rendered":"InfosAtmosEmotions &#8211; Sommer 2011"},"content":{"rendered":"<p>Nicht mehr z\u00e4hlbare Texte zwischen Juli und 14. September..&#8220;ex-live-texte&#8220; ..Man k\u00f6nnte auch von ARCHIV sprechen..<\/p>\n<p>\n13.9. Ist Wirklichkeit auch Wahrheit? Ist Wahrheit in der Wirklichkeit..?<\/p>\n<p>\nlast page view: 3.755.950.<\/p>\n<p>\ngestern: 1.678<\/p>\n<p>\nheute: 1.378 &#8211; willkommen&#8230;<\/p>\n<p>Ja, das fiel FEMINISSIMA auf &#8211; :<\/p>\n<p>17 Uhr &#8211; <\/p>\n<p>Zwei sich widersprechende &#8222;Presse-Berichte&#8220;.<\/p>\n<p>W\u00e4hrend die Welt-online von &#8222;Panik kommt auf&#8220; &#8211; schreibt &#8211; <\/p>\n<p>zeigte ein Bericht aus Frankreich heute Nachmittag<\/p>\n<p>\nauf ZDF\/HEUTE IN EUROPA &#8211; <\/p>\n<p>\nzwischen 16 Uhr und 16 Uhr 15 &#8211; <\/p>\n<p>dass den Franzosen der Atomunfall in n\u00e4chster Nachbarschaft &#8211; <\/p>\n<p>&#8222;..am A. vorbeigeht&#8220;.<\/p>\n<p>So viel bornierte Ignoranz &#8211; <\/p>\n<p>\nist ja fast nicht glaubhaft. <\/p>\n<p>Aber der O-Ton vor laufender Kamera der Beweis!<\/p>\n<p>Selbst im Ort selbst, <\/p>\n<p>\nbeim B\u00e4cker &#8211; <\/p>\n<p>\nso dummes Geplapper, wie &#8211; <\/p>\n<p>&#8222;Wenn da wirklich was passiert w\u00e4re, <\/p>\n<p>\ndann st\u00fcnden wir jetzt nicht hier, <\/p>\n<p>\num Ihre Fragen zu beantworten, <\/p>\n<p>\nnicht wahr?&#8220;<\/p>\n<p>Und eine andere Frau &#8211; <\/p>\n<p>&#8222;Das Atomkraftwerk schafft Arbeitspl\u00e4tze.<\/p>\n<p>\nSonst ist doch hier gar nichts los!&#8220;<\/p>\n<p>In Paris ebenfalls:<\/p>\n<p>Ein Monsieur im noblen Anzug mit grauen Schl\u00e4fen: <\/p>\n<p>&#8222;Wenn die Regierung sagt, <\/p>\n<p>\nda ist nichts passiert, <\/p>\n<p>\ndann glauben wir das! <\/p>\n<p>\nUnd Atomstrom ist ein sauberer Strom!&#8220;<\/p>\n<p>Eine junge Frau, <\/p>\n<p>\nvom Look her k\u00f6nnte sie Studentin sein, <\/p>\n<p>\nlacht unbeschwert in die Kamera: <\/p>\n<p>&#8222;Nein, ich mache mir keine Sorgen!&#8220;<\/p>\n<p>Die Dummheit stirbt zuletzt?<\/p>\n<p>In BERLIN beginnt gerade die Mahnwache vor der FRANZ\u00d6SISCHEN BOTSCHAFT &#8211; am Pariser Platz &#8211; <\/p>\n<p>mit der Forderung &#8211; :<\/p>\n<p>SOFORTIGER UND WELTWEITER AUSSTIEG AUS DER ATOMKRAFT!&#8220;<\/p>\n<p>Doch k\u00f6nnen auch BEIDE BEITR\u00c4GE GET\u00dcRKT SEIN!<\/p>\n<p>Der ZDF-Beitrag k\u00f6nnte &#8222;besorgte Stimmen&#8220; ausgespart haben. <\/p>\n<p>Und der welt-online Bericht <\/p>\n<p>\nk\u00f6nnte mit &#8222;Panik&#8220; mehr Leser anlocken&#8230;??<\/p>\n<p>statt mit einer n\u00fcchternen Analyse..?<\/p>\n<p>Eigentlich kannte man die Franzosen <\/p>\n<p>\njedenfalls fr\u00fcher &#8211; <\/p>\n<p>\nals besonders scharfsinnig <\/p>\n<p>und gerade nicht &#8222;zustimmend nickend&#8220;- <\/p>\n<p>\nwenn eine Regierung Verlautbarungen<\/p>\n<p>\nvon sich gab. <\/p>\n<p>Mi\u00dftraue den Berichten..!<\/p>\n<p>\n13.9. Ist Wirklichkeit auch Wahrheit? Ist Wahrheit in der Wirklichkeit..?<\/p>\n<p>\n13.9. Grandioser ZDF-Montagsfilm..\/Aber auch die ARD &#8211; &#8222;Wunder der Erde &#8220; hinrei\u00dfend<\/p>\n<p>\n5 Uhr in Berlin.<\/p>\n<p>\nVon Ferne erwacht l\u00e4ngst die Stadt&#8230;<\/p>\n<p>\ndie niemals schl\u00e4ft. <\/p>\n<p>\nDer Sturm hat Berlin verschont. <\/p>\n<p>\nDer Morgenwind in Dunkelheit verpackt,<\/p>\n<p>\nfl\u00fcstert in den Birken&#8230;<\/p>\n<p>3.755.172.<\/p>\n<p>\nheute: 600 &#8211; willkommen&#8230;!<\/p>\n<p>nightlife.<\/p>\n<p>Ja.<\/p>\n<p>\nAtemberaubend flirrende Bilder:<\/p>\n<p>\n&#8230;WUNDER DER ERDE &#8211; Nordfriesland&#8230;<\/p>\n<p>Und zeitgleich ZDF &#8211; <\/p>\n<p>\nEine packende Story der Gesch\u00e4fte der Macht &#8211; <\/p>\n<p>\nund ebenso gro\u00dfartige Darsteller&#8230;<\/p>\n<p>Crissy hat das Programmy verlegt&#8230;sowas!<\/p>\n<p>\nWahrscheinlich irgendwo zwischen der ZEIT &#8211; &#8222;RETTET DIE KINDHEIT!&#8220;<\/p>\n<p>\nNamen, ordentlich, und Titel &#8211;<\/p>\n<p>dann bei hellem Tageslicht. <\/p>\n<p>\nHey &#8211; es geht doch!<\/p>\n<p>\n13.9. Ist Wirklichkeit auch Wahrheit? Ist Wahrheit in der Wirklichkeit..?<\/p>\n<p>\n13.9. Grandioser ZDF-Montagsfilm..\/Aber auch die ARD &#8211; &#8222;Wunder der Erde &#8220; hinrei\u00dfend<\/p>\n<p>\n13, 9. &#8211; Offenbar sind die netten Deutschen nicht unschuldig am Sturz an den B\u00f6rsen &#8211;<\/p>\n<p>\n3.754.830.<\/p>\n<p>\ngestern: 1.678<\/p>\n<p>\nheute: 258 &#8211; willkommen!<\/p>\n<p>3 Uhr in Berlin. <\/p>\n<p>\nEin Noch-Vollmond schwingt sich durch aufgebrochenes Gew\u00f6lk.<\/p>\n<p>\nDie Nacht ist ungew\u00f6hnlich mild. <\/p>\n<p>nightlife.<\/p>\n<p>\nSie k\u00f6nnen es innenpolitisch nicht. <\/p>\n<p>Und nach au\u00dfen auch nicht. <\/p>\n<p>Angela Merkel mu\u00df aufpassen, <\/p>\n<p>\ndass sie nicht ihre n\u00e4chste Wahl verliert&#8230;<\/p>\n<p>Und Deutschland wieder zum Buhmann der Geschichte wird. <\/p>\n<p>Wir m\u00f6gen die Griechen. <\/p>\n<p>Ende. <\/p>\n<p>\n13.9. Ist Wirklichkeit auch Wahrheit? Ist Wahrheit in der Wirklichkeit..?<\/p>\n<p>\n13.9. Grandioser ZDF-Montagsfilm..\/Aber auch die ARD &#8211; &#8222;Wunder der Erde &#8220; hinrei\u00dfend<\/p>\n<p>\n13, 9. &#8211; Offenbar sind die netten Deutschen nicht unschuldig am Sturz an den B\u00f6rsen &#8211;<\/p>\n<p>\n12. 9. &#8211; Trauertr\u00f6pfe und Fettnapf-Treter&#8230;<\/p>\n<p>\n17 Uhr &#8211; <\/p>\n<p>Offenbar gehen vor allem jene in die Politik, mit denen vielleicht auf dem Schulhof schon niemand spielen wollte, weil man sie nicht mochte.<\/p>\n<p>Als &#8222;Politiker&#8220; wollen sie es anderen dann zeigen ..<\/p>\n<p>&#8222;Ihre Macht&#8220;&#8230;und solche Spielchen&#8230;<\/p>\n<p>die nicht mehr auf dem Pausenhof..der Schule,<\/p>\n<p>\nwohl aber der Weltgeschichte&#8230;<\/p>\n<p>Der uns\u00e4gliche Herr Oettinger aus dem Schwabenl\u00e4ndle, CDU, <\/p>\n<p>\nvon dort kommen nicht wenige merkw\u00fcrdige Personen der Politik&#8230;&#8230;<\/p>\n<p>hat doch wirklich die Primitivit\u00e4t besessen,<\/p>\n<p>vorzuschlagen, <\/p>\n<p>\ndie Fahnen von L\u00e4ndern mit Geldproblemen &#8211; <\/p>\n<p>auf HALBMAST zu setzen. <\/p>\n<p>Halbmast f\u00fcr die traurige Figur Oettinger<\/p>\n<p>\nund anderer Deutscher!<\/p>\n<p>\n13.9. Ist Wirklichkeit auch Wahrheit? Ist Wahrheit in der Wirklichkeit..?<\/p>\n<p>\n13.9. Grandioser ZDF-Montagsfilm..\/Aber auch die ARD &#8211; &#8222;Wunder der Erde &#8220; hinrei\u00dfend<\/p>\n<p>\n13, 9. &#8211; Offenbar sind die netten Deutschen nicht unschuldig am Sturz an den B\u00f6rsen &#8211;<\/p>\n<p>\n12. 9. &#8211; Trauertr\u00f6pfe und Fettnapf-Treter&#8230;<\/p>\n<p>\n12.9. ATOMUNFALL IN FRANCE &#8211; Morgen MAHNWACHE vor der FRANZ. BOTSCHAFT BERLIN &#8211;<\/p>\n<p>\nlast page view: 3.753.894.<\/p>\n<p>\nheute: 1.000 &#8211; willkommen!<\/p>\n<p>16 Uhr 50 &#8211; <\/p>\n<p>F\u00fcr &#8211; MORGEN, UM 17 UHR, <\/p>\n<p>\nrufen Anti-Atomgruppen aus Berlin und Umgebung zu einer <\/p>\n<p>zentralen MAHNWACHE vor der franz\u00f6sischen Botschaft in Berlin auf &#8211; <\/p>\n<p>17 Uhr &#8211; <\/p>\n<p>\nPARISER PLATZ &#8211; <\/p>\n<p>\n(ohne Gew\u00e4hr).<\/p>\n<p>TITEL DER MAHNWACHE &#8211; <\/p>\n<p>STOPPT DIE ATOMKRAFTWERKE &#8211; WELTWEIT!&#8220;<\/p>\n<p>\n3.800 Menschen, die in dem Atommeiler bei Avignon besch\u00e4ftigt sind, <\/p>\n<p>\ndurften laut letzten Meldungen <\/p>\n<p>\ndas Gel\u00e4nde noch nicht verlassen.<\/p>\n<p>Was nichts anderes bedeuten kann, <\/p>\n<p>\nals dass sie kontaminiert sind.<\/p>\n<p>\n13.9. Ist Wirklichkeit auch Wahrheit? Ist Wahrheit in der Wirklichkeit..?<\/p>\n<p>\n13.9. Grandioser ZDF-Montagsfilm..\/Aber auch die ARD &#8211; &#8222;Wunder der Erde &#8220; hinrei\u00dfend<\/p>\n<p>\n13, 9. &#8211; Offenbar sind die netten Deutschen nicht unschuldig am Sturz an den B\u00f6rsen &#8211;<\/p>\n<p>\n12. 9. &#8211; Trauertr\u00f6pfe und Fettnapf-Treter&#8230;<\/p>\n<p>\n12.9. ATOMUNFALL IN FRANCE &#8211; Morgen MAHNWACHE vor der FRANZ. BOTSCHAFT BERLIN &#8211;<\/p>\n<p>\n12.9. Gerade bei GOGGLE-NEWS aufgetaucht &#8211; Faz.net und DerWesten &#8211; zu Jauchs Auftritt in der ARD<\/p>\n<p>\n6 Uhr 59 &#8211; <\/p>\n<p>\n3.753.394.<\/p>\n<p>\nheute: 500 &#8211; willkommen!<\/p>\n<p>\nund dem Wandel der ARD,<\/p>\n<p>\nvon einem Programm zu einem &#8222;Talk-Sender&#8220; &#8211; <\/p>\n<p>Die FAZ fragt- ..<\/p>\n<p>\nzu Jauchs Auftritt:<\/p>\n<p>&#8222;War es nicht eher langweilig?&#8220;<\/p>\n<p>Und eine von beiden online-Ausgaben stellt fest &#8211; <\/p>\n<p>&#8222;Die nun daily-Abend-Talkshows bei der ARD <\/p>\n<p>\nfanden weitgehend unter Ausschlu\u00df der \u00d6ffentlichkeit statt!&#8220;<\/p>\n<p>Mit anderen Worten &#8211; <\/p>\n<p>Die bestbezahlten &#8222;Talker&#8220; &#8211; <\/p>\n<p>\nund keiner will sie mehr sehen,<\/p>\n<p>\nertragen m\u00fcssen!&#8220;<\/p>\n<p>\nErst recht nicht die immer gleichen G\u00e4ste!!<\/p>\n<p>Die beiden letzten S\u00e4tze stammen aus der Feder der unabh\u00e4ngingen <\/p>\n<p>\nFEMINISSIMA.de&#8230;<\/p>\n<p>Aber immerhin&#8230;<\/p>\n<p>\ndarauf hinzuweisen, <\/p>\n<p>\ndass die &#8222;Talks&#8220;<\/p>\n<p>\nkeine messbaren Zuschauer-Zahlen hatten, <\/p>\n<p>\nweil einfach zu niedrig&#8230;<\/p>\n<p>ist ja schon fast ein revolution\u00e4res Wagnis,<\/p>\n<p>\ndies mal wenigstens offen-zu-legen. <\/p>\n<p>Und damit die Geld-Verschleuderung der ARD statt guter Sendungen <\/p>\n<p>zu brandmarken. <\/p>\n<p>Als Interpretation.<\/p>\n<p>\nOder..??<\/p>\n<p>Schlechter gehts ja kaum.<\/p>\n<p>13.9. Ist Wirklichkeit auch Wahrheit? Ist Wahrheit in der Wirklichkeit..?<\/p>\n<p>\n13.9. Grandioser ZDF-Montagsfilm..\/Aber auch die ARD &#8211; &#8222;Wunder der Erde &#8220; hinrei\u00dfend<\/p>\n<p>\n13, 9. &#8211; Offenbar sind die netten Deutschen nicht unschuldig am Sturz an den B\u00f6rsen &#8211;<\/p>\n<p>\n12. 9. &#8211; Trauertr\u00f6pfe und Fettnapf-Treter&#8230;<\/p>\n<p>\n12.9. ATOMUNFALL IN FRANCE &#8211; Morgen MAHNWACHE vor der FRANZ. BOTSCHAFT BERLIN &#8211;<\/p>\n<p>\n12.9. Gerade bei GOGGLE-NEWS aufgetaucht &#8211; Faz.net und DerWesten &#8211; zu Jauchs Auftritt in der ARD<\/p>\n<p>\n12.9. Die Montagsfrage &#8211; Werden bei der ARD alle guten Leute automatisch zu LANGWEILERN..?<\/p>\n<p>\nupdate &#8211; 6 Uhr 55 &#8211; <\/p>\n<p>Last page view: 3.753.359.<\/p>\n<p>\ngestern: 992<\/p>\n<p>\nheute: 465 &#8211; willkommen!<\/p>\n<p>Nettes Gewitter gestern, was?<\/p>\n<p>\nWie das blitzte!<\/p>\n<p>\nWie so&#8217;n echtes Feuerwerk!<\/p>\n<p>\nUnd die Unachtsamkeit der Deutschen Bahn, <\/p>\n<p>\njene Strecke am Rhein im Auge zu behalten, <\/p>\n<p>\nwegen Steinschlags-Gefahr..<\/p>\n<p>\ndas soll ja nun auch das Wetter gewesen sein, <\/p>\n<p>\nmit &#8222;dran-schuld&#8220;&#8230;dass der Inter City entgleist ist, <\/p>\n<p>\nweil Ger\u00f6ll auf den Gleisen lag..!<\/p>\n<p>Na, dann bleiben wir bei Regen n\u00e4chstens doch besser<\/p>\n<p>\ngleich zuhaus, was ?<\/p>\n<p>\nUnd bei Hitze sowieso. <\/p>\n<p>\nUnd schon jetzt warnt die Bahn vor &#8222;Schnee im Winter!&#8220;<\/p>\n<p>\nKann man sich keine Bahn aus der Schweiz ausleihen?<\/p>\n<p>\nOder aus Italien?<\/p>\n<p>\nOder aus Frankreich?<\/p>\n<p>\nOder aus Spanien?<\/p>\n<p>\nDas marode Machwerk:<\/p>\n<p>\n&#8222;BAHN&#8220; &#8211; Germany,<\/p>\n<p>\nstellt offenbar:<\/p>\n<p>&#8222;Reisen gef\u00e4rhdet Ihre Gesundheit&#8220; &#8230;dar&#8230;<\/p>\n<p>Und die Bahn gibt es lakonisch zu. <\/p>\n<p>\nStatt etwas dagegen zu tun!<\/p>\n<p>______________<\/p>\n<p>6 Uhr 38 in Berlin, &#8211; Guten Morgen &#8211; <\/p>\n<p>Zur\u00fcck zur \u00dcberschrift:<\/p>\n<p>&#8230;Es sieht ganz danach aus. <\/p>\n<p>Harald Schmidt hat wieder die Kurve gekratzt.<\/p>\n<p>\nSein und hoffentlich auch unser Gl\u00fcck. <\/p>\n<p>\nSo dass wir ihn bei SAT.1 wieder genie\u00dfen k\u00f6nnen&#8230;??<\/p>\n<p>Anne WILL war nicht wieder-zu-erkennen, <\/p>\n<p>\nist es noch immer nicht. <\/p>\n<p>Wie frisch und auch frech &#8211; im Rahmen&#8230;klar&#8230;<\/p>\n<p>\nwar sie als Anchor-Frau der TAGESTHEMEN: UNERREICHT.<\/p>\n<p>Als &#8222;Talkerin&#8220; kann sie nicht \u00fcberzeugen. <\/p>\n<p>Und jetzt der Jauch!<\/p>\n<p>Der Einstieg&#8230;und der ist entscheidend &#8211; <\/p>\n<p>ein Trauerspiel.<\/p>\n<p>\nDer Junge im Konfirmanden-Anzug. <\/p>\n<p>Das war die Assoziation dazu&#8230;<\/p>\n<p>Schuster, bleib bei Deinem Leisten!<\/p>\n<p>Warum mu\u00df es das <\/p>\n<p>\nvoll-subventionierte, <\/p>\n<p>\nstaatliche Fernsehn sein?<\/p>\n<p>\nEs ist doch unertr\u00e4glich geworden, l\u00e4ngst?<\/p>\n<p>\nG\u00c4HN &#038; Co!!<\/p>\n<p>Wie wohltuend, mal Privatsender zu sehen, <\/p>\n<p>\ndie Nachrichten. <\/p>\n<p>Da ist noch Leben. <\/p>\n<p>\nARD und ZDF sind ERSTARRT.<\/p>\n<p>Grabesstille.<\/p>\n<p>\nKreativit\u00e4ts-Gr\u00e4ber.<\/p>\n<p>\nMit welchem Material &#8230;na, billigstes Digital,oder?<\/p>\n<p>\nhaben sie den &#8222;TATORT&#8220; runtergeschludert?<\/p>\n<p>Drei Seh-Versuche &#8211; <\/p>\n<p>UNAUSHALTBAR. <\/p>\n<p>Langweilig, schlecht gespielt,<\/p>\n<p>\nschlechtes Licht, <\/p>\n<p>\nschlechter Ton &#8211; <\/p>\n<p>\nund die Hauptdarstellerin mit langem Haar &#8211; <\/p>\n<p>sieht ja nach GAR NICHTS aus!<\/p>\n<p>Wie das Muttchen aus&#8217;m Friseursalon!!<\/p>\n<p>Und der Hype-KITSCH auf dem anderen Sofa-Fernsehen, <\/p>\n<p>\nf\u00fcr das wir unser Leben lang blechen m\u00fcssen &#8211; <\/p>\n<p>Die billigste Rosamunde Pilcher, <\/p>\n<p>\ndie es je gab.<\/p>\n<p>Alles Mist. <\/p>\n<p>\nUnd die Darsteller flach..flacher..am flachesten.<\/p>\n<p>WIR M\u00dcSSEN ALLE IN DEN STREIK GEGEN DIESE VERGEWALTIGUNG UNSERES GEISTES!<\/p>\n<p>Wenn die gesamte Bev\u00f6lkerung <\/p>\n<p>\neinen Monat lang streikte und ihre Geb\u00fchren verweigerte &#8211; <\/p>\n<p>um ein besseres Programm zu erzwingen&#8230;<\/p>\n<p>ob dies endlich <\/p>\n<p>\nwirken k\u00f6nnte..???<\/p>\n<p>\n13.9. Ist Wirklichkeit auch Wahrheit? Ist Wahrheit in der Wirklichkeit..?<\/p>\n<p>\n13.9. Grandioser ZDF-Montagsfilm..\/Aber auch die ARD &#8211; &#8222;Wunder der Erde &#8220; hinrei\u00dfend<\/p>\n<p>\n13, 9. &#8211; Offenbar sind die netten Deutschen nicht unschuldig am Sturz an den B\u00f6rsen &#8211;<\/p>\n<p>\n12. 9. &#8211; Trauertr\u00f6pfe und Fettnapf-Treter&#8230;<\/p>\n<p>\n12.9. ATOMUNFALL IN FRANCE &#8211; Morgen MAHNWACHE vor der FRANZ. BOTSCHAFT BERLIN &#8211;<\/p>\n<p>\n12.9. Gerade bei GOGGLE-NEWS aufgetaucht &#8211; Faz.net und DerWesten &#8211; zu Jauchs Auftritt in der ARD<\/p>\n<p>\n12.9. Die Montagsfrage &#8211; Werden bei der ARD alle guten Leute automatisch zu LANGWEILERN..?<\/p>\n<p>\n12. 9. Beim 1. Talk von Jauch so tief eingeschlafen, dass alles verpasst &#8230;!<\/p>\n<p>\n6 Uhr 20 in Berlin &#8211; <\/p>\n<p>Gab es denn was zu verpassen..?<\/p>\n<p>Der Profi Jauch <\/p>\n<p>\nhat sich verbogen. <\/p>\n<p>Und das steht ihm nicht. <\/p>\n<p>Und du kannst sagen, was du willst &#8211; <\/p>\n<p>Nach 10 Jahren ist die Trauer-Nachempfindung<\/p>\n<p>\nvon au\u00dfen &#8211; <\/p>\n<p>\nmit einer Davongekommenen von &#8222;9\/11&#8220; &#8211; <\/p>\n<p>\ndie so spricht, <\/p>\n<p>\noder so trainiert ist , <\/p>\n<p>\nmit so leiser Grabesstimme zu sprechen, <\/p>\n<p>\ndazu das diffuse Halbdunkel im neuen Grauenhaft-Studio &#8211; <\/p>\n<p>\nviel zu gigantisch &#8211; <\/p>\n<p>ja, der leise klagende O-Ton der \u00dcberlebenden war noch nicht zu Ende , <\/p>\n<p>\nda ist unsere Rezensentin <\/p>\n<p>\ntief und fest auf dem Sofa eingeschlafen. <\/p>\n<p>13.9. Ist Wirklichkeit auch Wahrheit? Ist Wahrheit in der Wirklichkeit..?<\/p>\n<p>\n13.9. Grandioser ZDF-Montagsfilm..\/Aber auch die ARD &#8211; &#8222;Wunder der Erde &#8220; hinrei\u00dfend<\/p>\n<p>\n13, 9. &#8211; Offenbar sind die netten Deutschen nicht unschuldig am Sturz an den B\u00f6rsen &#8211;<\/p>\n<p>\n12. 9. &#8211; Trauertr\u00f6pfe und Fettnapf-Treter&#8230;<\/p>\n<p>\n12.9. ATOMUNFALL IN FRANCE &#8211; Morgen MAHNWACHE vor der FRANZ. BOTSCHAFT BERLIN &#8211;<\/p>\n<p>\n12.9. Gerade bei GOGGLE-NEWS aufgetaucht &#8211; Faz.net und DerWesten &#8211; zu Jauchs Auftritt in der ARD<\/p>\n<p>\n12.9. Die Montagsfrage &#8211; Werden bei der ARD alle guten Leute automatisch zu LANGWEILERN..?<\/p>\n<p>\n12. 9. Beim 1. Talk von Jauch so tief eingeschlafen, dass alles verpasst &#8230;!<\/p>\n<p>\n11. September &#8211; Sonntag&#8230;Gestern in Neuk\u00f6lln&#8230;zauberhaft..<\/p>\n<p>\n17 Uhr 41 <\/p>\n<p>3.752.672.<\/p>\n<p>\ngestern: 1.093<\/p>\n<p>\nheute: 770 &#8211; willkommen. <\/p>\n<p>Das Fest am Richardplatz &#8230;.wie ein M\u00e4rchen&#8230;.<\/p>\n<p>\nweil es so d\u00f6rflich wirkte,<\/p>\n<p>\nso &#8222;unerwartet&#8220; &#8211; <\/p>\n<p>\nwenn man noch nie den Richardplatz gesehen hatte..<\/p>\n<p>\nDazu gratis der Vollmond,<\/p>\n<p>\nzwischen zwei H\u00e4userreihen der Richardstra\u00dfe&#8230;<\/p>\n<p>Das &#8222;Heuballen-Fest&#8220; war das.<\/p>\n<p>\nEine alte Sitte.<\/p>\n<p>\nAus der Zeit, als das Viertel noch ein eigenes Dorf&#8230;.<\/p>\n<p>13.9. Ist Wirklichkeit auch Wahrheit? Ist Wahrheit in der Wirklichkeit..?<\/p>\n<p>\n13.9. Grandioser ZDF-Montagsfilm..\/Aber auch die ARD &#8211; &#8222;Wunder der Erde &#8220; hinrei\u00dfend<\/p>\n<p>\n13, 9. &#8211; Offenbar sind die netten Deutschen nicht unschuldig am Sturz an den B\u00f6rsen &#8211;<\/p>\n<p>\n12. 9. &#8211; Trauertr\u00f6pfe und Fettnapf-Treter&#8230;<\/p>\n<p>\n12.9. ATOMUNFALL IN FRANCE &#8211; Morgen MAHNWACHE vor der FRANZ. BOTSCHAFT BERLIN &#8211;<\/p>\n<p>\n12.9. Gerade bei GOGGLE-NEWS aufgetaucht &#8211; Faz.net und DerWesten &#8211; zu Jauchs Auftritt in der ARD<\/p>\n<p>\n12.9. Die Montagsfrage &#8211; Werden bei der ARD alle guten Leute automatisch zu LANGWEILERN..?<\/p>\n<p>\n12. 9. Beim 1. Talk von Jauch so tief eingeschlafen, dass alles verpasst &#8230;!<\/p>\n<p>\n11. September &#8211; Sonntag&#8230;Gestern in Neuk\u00f6lln&#8230;zauberhaft..<\/p>\n<p>\n10. Sept. &#8211; Vollmond \u00fcber Neuk\u00f6lln. Richardplatz. Stra\u00dfenfest und Live-Musik<\/p>\n<p>\nlast page view: 3.750.880.<\/p>\n<p>Und &#8230;der Vollmond hat gelacht.<\/p>\n<p>13.9. Ist Wirklichkeit auch Wahrheit? Ist Wahrheit in der Wirklichkeit..?<\/p>\n<p>\n13.9. Grandioser ZDF-Montagsfilm..\/Aber auch die ARD &#8211; &#8222;Wunder der Erde &#8220; hinrei\u00dfend<\/p>\n<p>\n13, 9. &#8211; Offenbar sind die netten Deutschen nicht unschuldig am Sturz an den B\u00f6rsen &#8211;<\/p>\n<p>\n12. 9. &#8211; Trauertr\u00f6pfe und Fettnapf-Treter&#8230;<\/p>\n<p>\n12.9. ATOMUNFALL IN FRANCE &#8211; Morgen MAHNWACHE vor der FRANZ. BOTSCHAFT BERLIN &#8211;<\/p>\n<p>\n12.9. Gerade bei GOGGLE-NEWS aufgetaucht &#8211; Faz.net und DerWesten &#8211; zu Jauchs Auftritt in der ARD<\/p>\n<p>\n12.9. Die Montagsfrage &#8211; Werden bei der ARD alle guten Leute automatisch zu LANGWEILERN..?<\/p>\n<p>\n12. 9. Beim 1. Talk von Jauch so tief eingeschlafen, dass alles verpasst &#8230;!<\/p>\n<p>\n11. September &#8211; Sonntag&#8230;Gestern in Neuk\u00f6lln&#8230;zauberhaft..<\/p>\n<p>\n10. Sept. &#8211; Vollmond \u00fcber Neuk\u00f6lln. Richardplatz. Stra\u00dfenfest und Live-Musik<\/p>\n<p>\n8. September &#8230;Die Zeit rennt&#8230;<\/p>\n<p>\n02 Uhr 25 in Berlin &#8211; <\/p>\n<p>Wort-los.<\/p>\n<p>\nDie Nacht.<\/p>\n<p>\nHeute. <\/p>\n<p>\nDunkel. <\/p>\n<p>\nLast page view &#8211; 3.747.659.<\/p>\n<p>\nGestern &#8211; 2.237<\/p>\n<p>\nheute &#8211; 40 &#8211; <\/p>\n<p>Und einige Themen noch nicht weiter bearbeitet.<\/p>\n<p>Kommt noch..:))<\/p>\n<p>Bonne Nuit..!<\/p>\n<p>\nUnd gestern<\/p>\n<p>\nso freundliche Menschen unterwegs&#8230;.<\/p>\n<p>\nOder ist man es &#8230;selbst&#8230;??<\/p>\n<p>\nAm End&#8230;.??<\/p>\n<p>\nAlles rennt?<\/p>\n<p>Bleib &#8211; einfach stehn&#8230;.<\/p>\n<p>\nHalt an.<\/p>\n<p>Wir haben nur &#8211; <\/p>\n<p>\nund wow&#8230;manchmal <\/p>\n<p>\nsogar lang &#8211; <\/p>\n<p>dieses &#8211; dieses eine Leben.<\/p>\n<p>Warum bis zur Ersch\u00f6pfung?<\/p>\n<p>\nWelches \u00dcber-Ich treibt dazu an?<\/p>\n<p>Sowieso zwecklos.<\/p>\n<p>Ruh Dich aus&#8230;.<\/p>\n<p>Stattdessen&#8230;<\/p>\n<p>S\u00fc\u00dfer Schlummer Sehnsucht&#8230;<\/p>\n<p>\n13.9. Ist Wirklichkeit auch Wahrheit? Ist Wahrheit in der Wirklichkeit..?<\/p>\n<p>\n13.9. Grandioser ZDF-Montagsfilm..\/Aber auch die ARD &#8211; &#8222;Wunder der Erde &#8220; hinrei\u00dfend<\/p>\n<p>\n13, 9. &#8211; Offenbar sind die netten Deutschen nicht unschuldig am Sturz an den B\u00f6rsen &#8211;<\/p>\n<p>\n12. 9. &#8211; Trauertr\u00f6pfe und Fettnapf-Treter&#8230;<\/p>\n<p>\n12.9. ATOMUNFALL IN FRANCE &#8211; Morgen MAHNWACHE vor der FRANZ. BOTSCHAFT BERLIN &#8211;<\/p>\n<p>\n12.9. Gerade bei GOGGLE-NEWS aufgetaucht &#8211; Faz.net und DerWesten &#8211; zu Jauchs Auftritt in der ARD<\/p>\n<p>\n12.9. Die Montagsfrage &#8211; Werden bei der ARD alle guten Leute automatisch zu LANGWEILERN..?<\/p>\n<p>\n12. 9. Beim 1. Talk von Jauch so tief eingeschlafen, dass alles verpasst &#8230;!<\/p>\n<p>\n11. September &#8211; Sonntag&#8230;Gestern in Neuk\u00f6lln&#8230;zauberhaft..<\/p>\n<p>\n10. Sept. &#8211; Vollmond \u00fcber Neuk\u00f6lln. Richardplatz. Stra\u00dfenfest und Live-Musik<\/p>\n<p>\n8. September &#8230;Die Zeit rennt&#8230;<\/p>\n<p>\n7.9. In Hamburg ist ein neugeborenes M\u00e4dchen in einem Koffer am Congress-Center gefunden worden.<\/p>\n<p>\nlast p.v.:3.746.862. &#8211;<\/p>\n<p>\nheute: 1.480 &#8211;<\/p>\n<p>\nwillkommen!<\/p>\n<p>17 Uhr &#8211; <\/p>\n<p>\nDas sind die Meldungen &#8211; <\/p>\n<p>\nda die Schreib-Finger<\/p>\n<p>\nunter den Tr\u00e4nen verschwimmen.<\/p>\n<p>Wenigstens lebt &#8222;Marie&#8220;- <\/p>\n<p>\nwie sie von den Schwestern im Krankenhaus<\/p>\n<p>\n&#8222;getauft&#8220; worden ist.<\/p>\n<p>Nach der Mutter werde nun gefahndet &#8211; <\/p>\n<p>nicht wegen Strafverfolgung &#8211; <\/p>\n<p>sondern weil vermutet wird, <\/p>\n<p>\ndie Mutter habe sich in einer psychischen Ausnahmesituation befunden &#8211; <\/p>\n<p>und k\u00f6nnte ihren Entschlu\u00df, <\/p>\n<p>\nihr Neugeborenes auszusetzen, <\/p>\n<p>bereits bereut haben.<\/p>\n<p>Das Madchen sei offenbar eine Hausgeburt &#8211; <\/p>\n<p>\ndie Nabelschnur sei nicht fachm\u00e4nnisch abgenabelt.<\/p>\n<p>Das Baby war vollst\u00e4ndig angezogen, <\/p>\n<p>\nund lag in W\u00e4sche gebettet.<\/p>\n<p>\nSeine Bekleidung sei &#8222;nicht neu&#8220;<\/p>\n<p>\ngewesen.<\/p>\n<p>\nAber sauber.<\/p>\n<p>\nDas leise Wimmern aus dem Trolly <\/p>\n<p>\nhatte der Pf\u00f6rtner zun\u00e4chst <\/p>\n<p>\nals Ger\u00e4usch aus dem Fernseher gedeutet.<\/p>\n<p>\n13.9. Ist Wirklichkeit auch Wahrheit? Ist Wahrheit in der Wirklichkeit..?<\/p>\n<p>\n13.9. Grandioser ZDF-Montagsfilm..\/Aber auch die ARD &#8211; &#8222;Wunder der Erde &#8220; hinrei\u00dfend<\/p>\n<p>\n13, 9. &#8211; Offenbar sind die netten Deutschen nicht unschuldig am Sturz an den B\u00f6rsen &#8211;<\/p>\n<p>\n12. 9. &#8211; Trauertr\u00f6pfe und Fettnapf-Treter&#8230;<\/p>\n<p>\n12.9. ATOMUNFALL IN FRANCE &#8211; Morgen MAHNWACHE vor der FRANZ. BOTSCHAFT BERLIN &#8211;<\/p>\n<p>\n12.9. Gerade bei GOGGLE-NEWS aufgetaucht &#8211; Faz.net und DerWesten &#8211; zu Jauchs Auftritt in der ARD<\/p>\n<p>\n12.9. Die Montagsfrage &#8211; Werden bei der ARD alle guten Leute automatisch zu LANGWEILERN..?<\/p>\n<p>\n12. 9. Beim 1. Talk von Jauch so tief eingeschlafen, dass alles verpasst &#8230;!<\/p>\n<p>\n11. September &#8211; Sonntag&#8230;Gestern in Neuk\u00f6lln&#8230;zauberhaft..<\/p>\n<p>\n10. Sept. &#8211; Vollmond \u00fcber Neuk\u00f6lln. Richardplatz. Stra\u00dfenfest und Live-Musik<\/p>\n<p>\n8. September &#8230;Die Zeit rennt&#8230;<\/p>\n<p>\n7.9. In Hamburg ist ein neugeborenes M\u00e4dchen in einem Koffer am Congress-Center gefunden worden.<\/p>\n<p>\n7.9. &#8211; Gestern beim B\u00e4cker &#8211;<\/p>\n<p>\nlast page view: 3.745.682.<\/p>\n<p>\nheute: 300 &#8211; welcome to the nightriders..!<\/p>\n<p>nightlife.<\/p>\n<p>Klar ist HARZ IV ein krimineller Akt.<\/p>\n<p>\nDiejenigen, die ihn begingen, <\/p>\n<p>\ndie maximal verlogenen, <\/p>\n<p>\neinst rot-gr\u00fcnen Gesellen, <\/p>\n<p>\nblieben straffrei. <\/p>\n<p>\nSind heute bestbezahlte B\u00fcttel einer <\/p>\n<p>\nmehr als zweifelhaften Industrie. <\/p>\n<p>Nun wird das karge HARZ-IV &#8211; Zwangsarmuts-Dingens <\/p>\n<p>demn\u00e4chst mal wieder&#8230;oho&#8230;<\/p>\n<p>\num sage und schreibe 10 Euro &#8222;erh\u00f6ht&#8220; &#8211; <\/p>\n<p>\nf\u00fcr die Kinder der Armen um 2 oder 4 Euro&#8230;<\/p>\n<p>aber keine Rentenerh\u00f6hung der oft auf HARZ-IV-Niedrigst-Niveau beheimateten Altersrenten &#8211; <\/p>\n<p>vor allem von Frauen &#8211; <\/p>\n<p>die sich durch lebenslange Arbeit..<\/p>\n<p>\neinbezahlt, <\/p>\n<p>\nzwangeinbezahlt &#8211; <\/p>\n<p>nun so wenig..<\/p>\n<p>\nergeben haben. <\/p>\n<p>Da Kinder Gro\u00dfziehen, <\/p>\n<p>\nund, oh &#8211; <\/p>\n<p>\ndie nicht als Gewaltt\u00e4ter auf sich aufmerksam machen, <\/p>\n<p>\nsondern als brave Steuerzahler unauff\u00e4llig sind &#8211; <\/p>\n<p>\nja so gut wie kaum zu Buche schlagen, <\/p>\n<p>\nbei den dann alt gewordenen und arm gewordenen M\u00fctterchen. <\/p>\n<p>\nRentenm\u00e4\u00dfig.<\/p>\n<p>Da denn die Diskussion beim B\u00e4cker &#8211; <\/p>\n<p>&#8222;Wieso steigen dann nicht auch Renten, <\/p>\n<p>\ndie auf HARZ-IV-Niedrig-Niveau sind?&#8220;<\/p>\n<p>\nNiemand wei\u00df ne Antwort. <\/p>\n<p>\n13.9. Ist Wirklichkeit auch Wahrheit? Ist Wahrheit in der Wirklichkeit..?<\/p>\n<p>\n13.9. Grandioser ZDF-Montagsfilm..\/Aber auch die ARD &#8211; &#8222;Wunder der Erde &#8220; hinrei\u00dfend<\/p>\n<p>\n13, 9. &#8211; Offenbar sind die netten Deutschen nicht unschuldig am Sturz an den B\u00f6rsen &#8211;<\/p>\n<p>\n12. 9. &#8211; Trauertr\u00f6pfe und Fettnapf-Treter&#8230;<\/p>\n<p>\n12.9. ATOMUNFALL IN FRANCE &#8211; Morgen MAHNWACHE vor der FRANZ. BOTSCHAFT BERLIN &#8211;<\/p>\n<p>\n12.9. Gerade bei GOGGLE-NEWS aufgetaucht &#8211; Faz.net und DerWesten &#8211; zu Jauchs Auftritt in der ARD<\/p>\n<p>\n12.9. Die Montagsfrage &#8211; Werden bei der ARD alle guten Leute automatisch zu LANGWEILERN..?<\/p>\n<p>\n12. 9. Beim 1. Talk von Jauch so tief eingeschlafen, dass alles verpasst &#8230;!<\/p>\n<p>\n11. September &#8211; Sonntag&#8230;Gestern in Neuk\u00f6lln&#8230;zauberhaft..<\/p>\n<p>\n10. Sept. &#8211; Vollmond \u00fcber Neuk\u00f6lln. Richardplatz. Stra\u00dfenfest und Live-Musik<\/p>\n<p>\n8. September &#8230;Die Zeit rennt&#8230;<\/p>\n<p>\n7.9. In Hamburg ist ein neugeborenes M\u00e4dchen in einem Koffer am Congress-Center gefunden worden.<\/p>\n<p>\n7.9. &#8211; Gestern beim B\u00e4cker &#8211;<\/p>\n<p>\n7.9. &#8211; T\u00e4glich MORD zum Abendessen &#8211; Die Gewissenlosigkeit von ARD und ZDF<\/p>\n<p>\nnightlife <\/p>\n<p>Die sowieso unertr\u00e4glich platte und dumm-doofe Sendung &#8211; <\/p>\n<p>\nmit dem dick-beleibten, kn\u00f6delnden Kriminalen aus Bayern, <\/p>\n<p>\nder am liebsten seinen Acker beackert, <\/p>\n<p>\ndenn die B\u00f6sen jagt &#8211; <\/p>\n<p>Noch ist Tageslicht drau\u00dfen, <\/p>\n<p>\nda stechen bei ARD und ZDF &#8211; <\/p>\n<p>\nschon die Mordl\u00fcsternen zu. <\/p>\n<p>Es ist gewissenlos, <\/p>\n<p>\nskrupellos und unverantwortlich &#8211; <\/p>\n<p>\nund in h\u00f6chstem Ma\u00dfe zynisch &#8211; <\/p>\n<p>\nso achtlos mit dem LEBEN und der Achtung vor dem LEBEN umzugehen!!<\/p>\n<p>und widerspricht sicher GRUNDLEGEND <\/p>\n<p>den Regeln der Staatsvertr\u00e4ge &#8211; <\/p>\n<p>dass ARD und ZDF <\/p>\n<p>\nnun bereits t\u00e4glich, und zwischen <\/p>\n<p>\n18 und 20 Uhr &#8211; <\/p>\n<p>mal ganz abgesehen von den blutr\u00fcnstigen Wochenenden am Freitag-, Samstag- und Sonntagabend!!<\/p>\n<p>Mord und Totschlag als offenbar <\/p>\n<p>ganz &#8222;normale Unterhaltung&#8220;<\/p>\n<p>servieren. <\/p>\n<p>Und sich dann in anderen Sendungen dar\u00fcber heuchlerisch wundern, <\/p>\n<p>&#8222;dass die Gewalt in der Gesellschaft und vor allem bei Jugendlichen&#8220; &#8211;<\/p>\n<p>so exorbitant zunimmt. <\/p>\n<p>Die eigentlichen T\u00e4ter und T\u00e4terinnen hocken, <\/p>\n<p>\nbest-bezahlt, <\/p>\n<p>in den von uns zwangs-alimentierten, feinen Stuben der ARD- und ZDF-Beamten-Redaktionen!<\/p>\n<p>Protest! Protest! Protest!<\/p>\n<p>Und erneut die Forderung nach <\/p>\n<p>Abschaffung der Zwangsgeb\u00fchren<\/p>\n<p>\nf\u00fcr all den <\/p>\n<p>\nnicht mehr aushaltbaren und <\/p>\n<p>\njugendgef\u00e4hrdenden <\/p>\n<p>M\u00dcLL&#8230;SONDERM\u00dcLL<\/p>\n<p>von ARD und ZDF!<\/p>\n<p>\nAu\u00dferdem &#8211; <\/p>\n<p>wieso d\u00fcrfen die eh schon von uns zwangsbezahlten Sendungen &#8211; <\/p>\n<p>\nwie etwa der l\u00e4ngst uns\u00e4glich doofe TATORT <\/p>\n<p>von Alkhohol-Werbung <\/p>\n<p>zus\u00e4tzlich alimentiert werden????????????<\/p>\n<p>WIESO nehmen wir das alles so hin?<\/p>\n<p>Sind wir dumm, taub, im Gehirn total taubstumm?<\/p>\n<p>WAS ist hier los, <\/p>\n<p>\nin diesem Land?<\/p>\n<p>Die Regierung kann nicht regieren, <\/p>\n<p>\nmacht aber, was sie will, <\/p>\n<p>\nals h\u00e4tte es nie eine Demokratie in diesem Land <\/p>\n<p>nach der Nazi-Diktatur gegeben &#8211; :<\/p>\n<p>Der B\u00fcrger ist der Gelackmeierte, <\/p>\n<p>\nder \u00fcber den L\u00f6ffel Balbierte &#8211; <\/p>\n<p>\nder Geknebelte.<\/p>\n<p>Und l\u00e4sst sich alles gefallen. <\/p>\n<p>\nWie kann das angehen?<\/p>\n<p>\nWieso gibt es \u00fcberall auf der Welt Proteste?<\/p>\n<p>Nicht aber in dieser Bananen-Gewalt-Zwangs- Republik?????????<\/p>\n<p>\n13.9. Ist Wirklichkeit auch Wahrheit? Ist Wahrheit in der Wirklichkeit..?<\/p>\n<p>\n13.9. Grandioser ZDF-Montagsfilm..\/Aber auch die ARD &#8211; &#8222;Wunder der Erde &#8220; hinrei\u00dfend<\/p>\n<p>\n13, 9. &#8211; Offenbar sind die netten Deutschen nicht unschuldig am Sturz an den B\u00f6rsen &#8211;<\/p>\n<p>\n12. 9. &#8211; Trauertr\u00f6pfe und Fettnapf-Treter&#8230;<\/p>\n<p>\n12.9. ATOMUNFALL IN FRANCE &#8211; Morgen MAHNWACHE vor der FRANZ. BOTSCHAFT BERLIN &#8211;<\/p>\n<p>\n12.9. Gerade bei GOGGLE-NEWS aufgetaucht &#8211; Faz.net und DerWesten &#8211; zu Jauchs Auftritt in der ARD<\/p>\n<p>\n12.9. Die Montagsfrage &#8211; Werden bei der ARD alle guten Leute automatisch zu LANGWEILERN..?<\/p>\n<p>\n12. 9. Beim 1. Talk von Jauch so tief eingeschlafen, dass alles verpasst &#8230;!<\/p>\n<p>\n11. September &#8211; Sonntag&#8230;Gestern in Neuk\u00f6lln&#8230;zauberhaft..<\/p>\n<p>\n10. Sept. &#8211; Vollmond \u00fcber Neuk\u00f6lln. Richardplatz. Stra\u00dfenfest und Live-Musik<\/p>\n<p>\n8. September &#8230;Die Zeit rennt&#8230;<\/p>\n<p>\n7.9. In Hamburg ist ein neugeborenes M\u00e4dchen in einem Koffer am Congress-Center gefunden worden.<\/p>\n<p>\n7.9. &#8211; Gestern beim B\u00e4cker &#8211;<\/p>\n<p>\n7.9. &#8211; T\u00e4glich MORD zum Abendessen &#8211; Die Gewissenlosigkeit von ARD und ZDF<\/p>\n<p>\n7. Sept. &#8211; Deutsche Krebshilfe &#8222;hilft&#8220; beim Sterben &#8211; nicht aber beim (\u00dcber-) Leben<\/p>\n<p>\n..eine neue Pressemitteilung via Infodienst der Wissenschaft &#8211; <\/p>\n<p>zeigt erneut, <\/p>\n<p>die Deutsche Krebshilfe investiert ins Sterben, <\/p>\n<p>aber nicht beim \u00dcber-LEBEN.<\/p>\n<p>Mehr in K\u00fcrze (am Tag).<\/p>\n<p>Eine der verlogensten Einrichtungen.<\/p>\n<p>\nDie vom Gesch\u00e4ft mit der Angst reich geworden ist &#8211; <\/p>\n<p>und prim\u00e4r und vor allem &#8211; <\/p>\n<p>sich selbst davon alimentiert. <\/p>\n<p>Man m\u00fcsste ihr jede Gemeinn\u00fctzigkeit aberkennen. <\/p>\n<p>Eine Industrie des Todes.<\/p>\n<p>\n13.9. Ist Wirklichkeit auch Wahrheit? Ist Wahrheit in der Wirklichkeit..?<\/p>\n<p>\n13.9. Grandioser ZDF-Montagsfilm..\/Aber auch die ARD &#8211; &#8222;Wunder der Erde &#8220; hinrei\u00dfend<\/p>\n<p>\n13, 9. &#8211; Offenbar sind die netten Deutschen nicht unschuldig am Sturz an den B\u00f6rsen &#8211;<\/p>\n<p>\n12. 9. &#8211; Trauertr\u00f6pfe und Fettnapf-Treter&#8230;<\/p>\n<p>\n12.9. ATOMUNFALL IN FRANCE &#8211; Morgen MAHNWACHE vor der FRANZ. BOTSCHAFT BERLIN &#8211;<\/p>\n<p>\n12.9. Gerade bei GOGGLE-NEWS aufgetaucht &#8211; Faz.net und DerWesten &#8211; zu Jauchs Auftritt in der ARD<\/p>\n<p>\n12.9. Die Montagsfrage &#8211; Werden bei der ARD alle guten Leute automatisch zu LANGWEILERN..?<\/p>\n<p>\n12. 9. Beim 1. Talk von Jauch so tief eingeschlafen, dass alles verpasst &#8230;!<\/p>\n<p>\n11. September &#8211; Sonntag&#8230;Gestern in Neuk\u00f6lln&#8230;zauberhaft..<\/p>\n<p>\n10. Sept. &#8211; Vollmond \u00fcber Neuk\u00f6lln. Richardplatz. Stra\u00dfenfest und Live-Musik<\/p>\n<p>\n8. September &#8230;Die Zeit rennt&#8230;<\/p>\n<p>\n7.9. In Hamburg ist ein neugeborenes M\u00e4dchen in einem Koffer am Congress-Center gefunden worden.<\/p>\n<p>\n7.9. &#8211; Gestern beim B\u00e4cker &#8211;<\/p>\n<p>\n7.9. &#8211; T\u00e4glich MORD zum Abendessen &#8211; Die Gewissenlosigkeit von ARD und ZDF<\/p>\n<p>\n7. Sept. &#8211; Deutsche Krebshilfe &#8222;hilft&#8220; beim Sterben &#8211; nicht aber beim (\u00dcber-) Leben<\/p>\n<p>\n7. September&#8230;.Offline- Tage sind Tage unter Menschen&#8230;<\/p>\n<p>\n3.745.426.<\/p>\n<p>\ngestern: 911<\/p>\n<p>\nheute: 44 &#8211; willkommen!<\/p>\n<p>0 Uhr 22 &#8211; <\/p>\n<p>Adrenalin hoch..war das&#8230;!<\/p>\n<p>\nMarathon!<\/p>\n<p>Wenn 2 Minuten ..<\/p>\n<p>\nbis zur Schlie\u00dfzeit der Post<\/p>\n<p>\n\u00fcber das Klappen oder Nichtklappen<\/p>\n<p>\neiner Deadline entscheiden.<\/p>\n<p>Da &#8211; moderne Zeiten hin oder her &#8211; <\/p>\n<p>\nzwar ONLINE-Formulare<\/p>\n<p>\nf\u00fcr Antr\u00e4ge auf Film-F\u00f6rdergelder existieren, <\/p>\n<p>\naber dennoch alles in 12-facher -Ausf\u00fchrung&#8230;<\/p>\n<p>und das dann ausgedruckt und auf dem Postweg..???<\/p>\n<p>Absolut archaisch.<\/p>\n<p>\nUnd dann hat der Drucker auch noch gestreikt.<\/p>\n<p>\nUnd auch dort,<\/p>\n<p>\nwo er telefonisch angeblich noch &#8222;funktioniert&#8220; hatte, <\/p>\n<p>\nin einem Internet-Laden&#8230;<\/p>\n<p>\nPuh&#8230;wenn denn alle Arbeit letztlich an der Technik scheitert ..<\/p>\n<p>\nund an zu fr\u00fchen Post-Schlie\u00dfzeiten&#8230;<\/p>\n<p>Besonders toll &#8211; <\/p>\n<p>Wenn in einem Copy-Shop &#8222;nicht verstanden worden ist&#8220; &#8211; <\/p>\n<p>\ndass die 12-fachen Kopien <\/p>\n<p>\nnat\u00fcrlich &#8222;sortiert&#8220; kopiert werden sollen,<\/p>\n<p>\nstatt hintereinander&#8230;<\/p>\n<p>\nund Du dann mit fliegenden Fingern noch alles sortieren mu\u00dft, <\/p>\n<p>\nwas die modernen Kopierger\u00e4te in Sekunden hinkriegen.<\/p>\n<p>Und dann noch alles in eine Halte-Schiene schieben, <\/p>\n<p>\ndenn B\u00fcroklammern reichen nicht mehr und alles in eine Plastikfolie&#8230;<\/p>\n<p>nein, entweder als Ring-Ordner (teuer, bei 12 St\u00fcck) und zeitaufwendig..!<\/p>\n<p>\noder wenigstens in so ne Hefte-Leiste oder wie das hei\u00dftl<\/p>\n<p>Bei der jungen Frau bitter beschwert, <\/p>\n<p>\nwieso das Ganze nicht per Kopier-Ger\u00e4t kopiert&#8230;<\/p>\n<p>\nwie ..denn jetzt noch 12 Papier-Berge &#8230;sortieren&#8230;und kein Platz frei..<\/p>\n<p>\nauf den kaum vorhandenen Ablagen in den Copy-Shops&#8230;<\/p>\n<p>Dann die Antwort &#8211; <\/p>\n<p>&#8222;Dann h\u00e4tten Sie halt fr\u00fcher kommen m\u00fcsse&#8230;!&#8220;<\/p>\n<p>Ja.ja.ja. hilft dann auch nicht wirklich weiter..1<\/p>\n<p>Dann noch mit h\u00e4ngender Zunge&#8230;.<\/p>\n<p>\nund einem Taxi&#8230;.<\/p>\n<p>\nin letzter Minute&#8230;<\/p>\n<p>Warum in einer Weltstadt wie Berlin <\/p>\n<p>\nnur eine einzige Post l\u00e4nger ge\u00f6ffnet hat <\/p>\n<p>\nS-Bahnhof Friedrichstra\u00dfe &#8211; <\/p>\n<p>und auch nur bis 22 Uhr &#8211; <\/p>\n<p>ist eine Provinz-Posse, <\/p>\n<p>die die Politik endlich einmal \u00e4ndern soll und mu\u00df!<\/p>\n<p>Ha, sag mal den Kunden im Copy-Shop:<\/p>\n<p>&#8222;Dann h\u00e4tten Sie halt fr\u00fcher kommen m\u00fcssen!&#8220;<\/p>\n<p>Wer so etwas sagt, <\/p>\n<p>hat ja von nischt ne Ahnung, <\/p>\n<p>\nvon gar nischt&#8230;<\/p>\n<p>und vor allem nicht von <\/p>\n<p>LAMPENFIEBER..!!!!<\/p>\n<p>\nAm nettesten ist immer noch <\/p>\n<p>\naber hat durch den nostop-Stress durch Kunden, <\/p>\n<p>die alle und &#8222;SOFORT!&#8220;<\/p>\n<p>\nund &#8222;morgen Abgabe meiner Dissertation, Diplom-Arbeit&#8230;Roman&#8230;Drehbuch&#8230;&#8220;&#8230;<\/p>\n<p>ja, die Copy-Shops in Sch\u00f6neberg &#8211; <\/p>\n<p>\nbis Mitternacht ge\u00f6ffnet &#8211; Ecke Akazienstra\u00dfe&#8230;.<\/p>\n<p>Aber weit&#8230;<\/p>\n<p>von Berlin-Ost aus betrachtet..<\/p>\n<p>Sie fragen immer ganz genau nach, <\/p>\n<p>\nwas man will..<\/p>\n<p>Aber dort haben sie anscheinend neuerdings an Personal gespart.<\/p>\n<p>Unversch\u00e4mt. <\/p>\n<p>Die Leute werden ausgebeutet. <\/p>\n<p>\nDer Kunde &#8230;immer in Eile..:)) mu\u00df warten &#8211;<\/p>\n<p>\nbzw. kann nicht so ausgiebig bedient, beraten werden&#8230;<\/p>\n<p>\nwie er es doch so gerne hat <\/p>\n<p>und auch braucht&#8230;<\/p>\n<p>\nDie Beratung&#8230;vor allem&#8230;<\/p>\n<p>\n13.9. Ist Wirklichkeit auch Wahrheit? Ist Wahrheit in der Wirklichkeit..?<\/p>\n<p>\n13.9. Grandioser ZDF-Montagsfilm..\/Aber auch die ARD &#8211; &#8222;Wunder der Erde &#8220; hinrei\u00dfend<\/p>\n<p>\n13, 9. &#8211; Offenbar sind die netten Deutschen nicht unschuldig am Sturz an den B\u00f6rsen &#8211;<\/p>\n<p>\n12. 9. &#8211; Trauertr\u00f6pfe und Fettnapf-Treter&#8230;<\/p>\n<p>\n12.9. ATOMUNFALL IN FRANCE &#8211; Morgen MAHNWACHE vor der FRANZ. BOTSCHAFT BERLIN &#8211;<\/p>\n<p>\n12.9. Gerade bei GOGGLE-NEWS aufgetaucht &#8211; Faz.net und DerWesten &#8211; zu Jauchs Auftritt in der ARD<\/p>\n<p>\n12.9. Die Montagsfrage &#8211; Werden bei der ARD alle guten Leute automatisch zu LANGWEILERN..?<\/p>\n<p>\n12. 9. Beim 1. Talk von Jauch so tief eingeschlafen, dass alles verpasst &#8230;!<\/p>\n<p>\n11. September &#8211; Sonntag&#8230;Gestern in Neuk\u00f6lln&#8230;zauberhaft..<\/p>\n<p>\n10. Sept. &#8211; Vollmond \u00fcber Neuk\u00f6lln. Richardplatz. Stra\u00dfenfest und Live-Musik<\/p>\n<p>\n8. September &#8230;Die Zeit rennt&#8230;<\/p>\n<p>\n7.9. In Hamburg ist ein neugeborenes M\u00e4dchen in einem Koffer am Congress-Center gefunden worden.<\/p>\n<p>\n7.9. &#8211; Gestern beim B\u00e4cker &#8211;<\/p>\n<p>\n7.9. &#8211; T\u00e4glich MORD zum Abendessen &#8211; Die Gewissenlosigkeit von ARD und ZDF<\/p>\n<p>\n7. Sept. &#8211; Deutsche Krebshilfe &#8222;hilft&#8220; beim Sterben &#8211; nicht aber beim (\u00dcber-) Leben<\/p>\n<p>\n7. September&#8230;.Offline- Tage sind Tage unter Menschen&#8230;<\/p>\n<p>\n5. September Gemischter Montag &#8230;<\/p>\n<p>\n13 Uhr 28 &#8211; <\/p>\n<p>Last page view: 3.744.018.<\/p>\n<p>\ngestern: 800<\/p>\n<p>\nheute: 900 &#8211; willkommen!<\/p>\n<p>Drau\u00dfen nach dem hot weekend &#8211; regnerisch und halb-k\u00fchl, <\/p>\n<p>\nnicht unangenehm&#8230;.<\/p>\n<p>________________<\/p>\n<p>&#8230;Die Freude<\/p>\n<p>der Gewinner gestern &#8211; <\/p>\n<p>\noffenbar auswendig-gelernt.<\/p>\n<p>Denn wie sonst kann man zu verschiedenen Zeiten <\/p>\n<p>\nund auf unterschiedlichen Sendern <\/p>\n<p>die wortw\u00f6rtlich gleichen Formulierungen herunterleiern..??<\/p>\n<p>Die H\u00e4lfte aller Meck-Pomm-ler hat nicht gew\u00e4hlt.<\/p>\n<p>Das ist die st\u00e4rkste Aussage.<\/p>\n<p>\nSo lange Meck-Pomm so arm ist, <\/p>\n<p>\njenseits des Prunk-Schlosses f\u00fcr die Politik in Schwerin &#8211; <\/p>\n<p>\nals Landtag &#8211; <\/p>\n<p>ist das alles nur Lug und Betrug &#8211; <\/p>\n<p>am Volke. <\/p>\n<p>\n13.9. Ist Wirklichkeit auch Wahrheit? Ist Wahrheit in der Wirklichkeit..?<\/p>\n<p>\n13.9. Grandioser ZDF-Montagsfilm..\/Aber auch die ARD &#8211; &#8222;Wunder der Erde &#8220; hinrei\u00dfend<\/p>\n<p>\n13, 9. &#8211; Offenbar sind die netten Deutschen nicht unschuldig am Sturz an den B\u00f6rsen &#8211;<\/p>\n<p>\n12. 9. &#8211; Trauertr\u00f6pfe und Fettnapf-Treter&#8230;<\/p>\n<p>\n12.9. ATOMUNFALL IN FRANCE &#8211; Morgen MAHNWACHE vor der FRANZ. BOTSCHAFT BERLIN &#8211;<\/p>\n<p>\n12.9. Gerade bei GOGGLE-NEWS aufgetaucht &#8211; Faz.net und DerWesten &#8211; zu Jauchs Auftritt in der ARD<\/p>\n<p>\n12.9. Die Montagsfrage &#8211; Werden bei der ARD alle guten Leute automatisch zu LANGWEILERN..?<\/p>\n<p>\n12. 9. Beim 1. Talk von Jauch so tief eingeschlafen, dass alles verpasst &#8230;!<\/p>\n<p>\n11. September &#8211; Sonntag&#8230;Gestern in Neuk\u00f6lln&#8230;zauberhaft..<\/p>\n<p>\n10. Sept. &#8211; Vollmond \u00fcber Neuk\u00f6lln. Richardplatz. Stra\u00dfenfest und Live-Musik<\/p>\n<p>\n8. September &#8230;Die Zeit rennt&#8230;<\/p>\n<p>\n7.9. In Hamburg ist ein neugeborenes M\u00e4dchen in einem Koffer am Congress-Center gefunden worden.<\/p>\n<p>\n7.9. &#8211; Gestern beim B\u00e4cker &#8211;<\/p>\n<p>\n7.9. &#8211; T\u00e4glich MORD zum Abendessen &#8211; Die Gewissenlosigkeit von ARD und ZDF<\/p>\n<p>\n7. Sept. &#8211; Deutsche Krebshilfe &#8222;hilft&#8220; beim Sterben &#8211; nicht aber beim (\u00dcber-) Leben<\/p>\n<p>\n7. September&#8230;.Offline- Tage sind Tage unter Menschen&#8230;<\/p>\n<p>\n5. September Gemischter Montag &#8230;<\/p>\n<p>\n4. September &#8211; Sonntag &#8230;<\/p>\n<p>\n3.742.922.<\/p>\n<p>\ngestern: 3.614<\/p>\n<p>\nheute: 600 &#8211; willkommen..!<\/p>\n<p>Update 17 Uhr 31 &#8211; <\/p>\n<p>Gestern B\u00fcrgerproteste in Berlin. <\/p>\n<p>Schade, dass B\u00fcrger, <\/p>\n<p>\ndie gegen Gentrifizierung und Mietwucher demonstrieren, <\/p>\n<p>von einer unsolidarischen Presse inzwischen gerne <\/p>\n<p>&#8222;Wutb\u00fcrger&#8220; genannt werden. <\/p>\n<p>Das ist unfair und arbeitet blo\u00df<\/p>\n<p>\nden MietWucherern und Gentrifizierern in die <\/p>\n<p>mains sales!<\/p>\n<p>\nUnd ein endlich wieder einmal BEGEISTERTER<\/p>\n<p>\nReporter des ZDF aus Israel &#8211; <\/p>\n<p>Das VOLK emp\u00f6rt sich..<\/p>\n<p>\nzu Hunderttausenden..<\/p>\n<p>gegen Mr. Netanjahus Kurs&#8230;.<\/p>\n<p>aber &#8211; <\/p>\n<p>\nfriedlich und&#8230;heiter&#8230;<\/p>\n<p>schwelgte der Reporter&#8230;<\/p>\n<p>\nderart, <\/p>\n<p>\ndass ihm der Saft <\/p>\n<p>\nabgedreht wurde&#8230;..<\/p>\n<p>\nAber die Headline noch immer <\/p>\n<p>\nauf ARD-online &#8211; <\/p>\n<p>450.000 Israelis haben einen Traum!<\/p>\n<p>&#8222;Die neuen Israelis <\/p>\n<p>\nwollen Freiheit f\u00fcr die Pal\u00e4stinenser <\/p>\n<p>\nund sind das S\u00e4belrasseln ihrer Regierung <\/p>\n<p>\nund den Fanatismus ihrer Siedler leid..!&#8220;<\/p>\n<p>http:\/\/www.tagesschau.de\/ausland\/protesteisrael104.html<\/p>\n<p>13.9. Ist Wirklichkeit auch Wahrheit? Ist Wahrheit in der Wirklichkeit..?<\/p>\n<p>\n13.9. Grandioser ZDF-Montagsfilm..\/Aber auch die ARD &#8211; &#8222;Wunder der Erde &#8220; hinrei\u00dfend<\/p>\n<p>\n13, 9. &#8211; Offenbar sind die netten Deutschen nicht unschuldig am Sturz an den B\u00f6rsen &#8211;<\/p>\n<p>\n12. 9. &#8211; Trauertr\u00f6pfe und Fettnapf-Treter&#8230;<\/p>\n<p>\n12.9. ATOMUNFALL IN FRANCE &#8211; Morgen MAHNWACHE vor der FRANZ. BOTSCHAFT BERLIN &#8211;<\/p>\n<p>\n12.9. Gerade bei GOGGLE-NEWS aufgetaucht &#8211; Faz.net und DerWesten &#8211; zu Jauchs Auftritt in der ARD<\/p>\n<p>\n12.9. Die Montagsfrage &#8211; Werden bei der ARD alle guten Leute automatisch zu LANGWEILERN..?<\/p>\n<p>\n12. 9. Beim 1. Talk von Jauch so tief eingeschlafen, dass alles verpasst &#8230;!<\/p>\n<p>\n11. September &#8211; Sonntag&#8230;Gestern in Neuk\u00f6lln&#8230;zauberhaft..<\/p>\n<p>\n10. Sept. &#8211; Vollmond \u00fcber Neuk\u00f6lln. Richardplatz. Stra\u00dfenfest und Live-Musik<\/p>\n<p>\n8. September &#8230;Die Zeit rennt&#8230;<\/p>\n<p>\n7.9. In Hamburg ist ein neugeborenes M\u00e4dchen in einem Koffer am Congress-Center gefunden worden.<\/p>\n<p>\n7.9. &#8211; Gestern beim B\u00e4cker &#8211;<\/p>\n<p>\n7.9. &#8211; T\u00e4glich MORD zum Abendessen &#8211; Die Gewissenlosigkeit von ARD und ZDF<\/p>\n<p>\n7. Sept. &#8211; Deutsche Krebshilfe &#8222;hilft&#8220; beim Sterben &#8211; nicht aber beim (\u00dcber-) Leben<\/p>\n<p>\n7. September&#8230;.Offline- Tage sind Tage unter Menschen&#8230;<\/p>\n<p>\n5. September Gemischter Montag &#8230;<\/p>\n<p>\n4. September &#8211; Sonntag &#8230;<\/p>\n<p>\n3.9. &#8211; Begriffe, wie :&#8220;Shoa&#8220; und &#8222;Holocaust&#8220; &#8211; verschleiern, was die Deutschen angerichtet haben &#8211;<\/p>\n<p>\nupdate 13 Uhr 43 &#8211; <\/p>\n<p>last page view: 3.741.709.<\/p>\n<p>\ngestern: 4.124<\/p>\n<p>\nheute: 3.000 &#8211; <\/p>\n<p>________________<\/p>\n<p>\n3.741.563.<\/p>\n<p>\ngestern: 4.124.<\/p>\n<p>\nheute: 2.855<\/p>\n<p>willkommen!<\/p>\n<p>Den Hintergrund bildet ein neues Buch<\/p>\n<p>\nvon G\u00d6TZ ALY &#8211; <\/p>\n<p>&#8222;WARUM DIE DEUTSCHEN. WARUM DIE JUDEN&#8220;<\/p>\n<p>Ein \u00dcberblick zwischen 1800 und dem Zweiten Weltkrieg&#8230;<\/p>\n<p>Gleichheit, Neid, <\/p>\n<p>\nRassenha\u00df.<\/p>\n<p>\n11 Uhr 47 in Berlin &#8211; <\/p>\n<p>\nheute ..Sonne..!<\/p>\n<p>\nDaher soll in Frankreich<\/p>\n<p>\njetzt nicht mehr von Schoah gesprochen werden, <\/p>\n<p>sondern von Vernichtung. <\/p>\n<p>Allerdings dann auch das Vichy-Regime nicht vergessen, <\/p>\n<p>\nmeinte gestern ein Freund aus Israel,<\/p>\n<p>\nder sich jetzt in Berlin niederlassen will,<\/p>\n<p>\nnoch kein Deutsch spricht, <\/p>\n<p>\ngestern,<\/p>\n<p>\nin der Sophienstra\u00dfe: &#8211; <\/p>\n<p>&#8222;Mein Mutter ist in Stra\u00dfburg gro\u00df geworden: <\/p>\n<p>Sie hat nie wieder Franz\u00f6sisch gesprochen, <\/p>\n<p>\naufgrund der Haltung der Franzosen &#8211; <\/p>\n<p>\nVichy&#8230;und &#8230;<\/p>\n<p>\ndiese Kollaboration mit den Nazis, damals.<\/p>\n<p>Dass sie \u00fcberlebt hat ..<\/p>\n<p>\nliegt daran, <\/p>\n<p>\ndass sie sich jahrelang<\/p>\n<p>\ntief in den W\u00e4ldern<\/p>\n<p>\nder Vogesen versteckt hatten!&#8220;<\/p>\n<p>Die Haltung Israels heute gegen\u00fcber den Pal\u00e4stinensern betrachtet er als eine Rache-Haltung. <\/p>\n<p>\n&#8222;Wie geschlagene Kinder sp\u00e4ter selbst ihre Kinder schlagen!&#8220;<\/p>\n<p>\naus Protest \u00fcber die israelische Haltung gegen\u00fcber den Pal\u00e4stinensern, <\/p>\n<p>\nhat er Israel verlassen. <\/p>\n<p>\nWarum aber ausgerechnet nach Deutschland&#8230;??<\/p>\n<p>\njetzt&#8230;?<\/p>\n<p>&#8222;Der Kultur und Offenheit in Berlin wegen. <\/p>\n<p>\nUnd noch mehr direkt &#8230;kennenzulernen&#8230;.<\/p>\n<p>&#8222;<\/p>\n<p>\nEin Kommentar \u00fcber die franz\u00f6sische Haltung zu den &#8222;Begriffen&#8220; &#8211; <\/p>\n<p>in der TAZ &#8211; <\/p>\n<p>http:\/\/www.taz.de\/1\/archiv\/digitaz\/artikel\/?ressort=tz&#038;dig=2011%2F09%2F03%2Fa0205&#038;cHash=6f5aa34ab6<\/p>\n<p>\n13.9. Ist Wirklichkeit auch Wahrheit? Ist Wahrheit in der Wirklichkeit..?<\/p>\n<p>\n13.9. Grandioser ZDF-Montagsfilm..\/Aber auch die ARD &#8211; &#8222;Wunder der Erde &#8220; hinrei\u00dfend<\/p>\n<p>\n13, 9. &#8211; Offenbar sind die netten Deutschen nicht unschuldig am Sturz an den B\u00f6rsen &#8211;<\/p>\n<p>\n12. 9. &#8211; Trauertr\u00f6pfe und Fettnapf-Treter&#8230;<\/p>\n<p>\n12.9. ATOMUNFALL IN FRANCE &#8211; Morgen MAHNWACHE vor der FRANZ. BOTSCHAFT BERLIN &#8211;<\/p>\n<p>\n12.9. Gerade bei GOGGLE-NEWS aufgetaucht &#8211; Faz.net und DerWesten &#8211; zu Jauchs Auftritt in der ARD<\/p>\n<p>\n12.9. Die Montagsfrage &#8211; Werden bei der ARD alle guten Leute automatisch zu LANGWEILERN..?<\/p>\n<p>\n12. 9. Beim 1. Talk von Jauch so tief eingeschlafen, dass alles verpasst &#8230;!<\/p>\n<p>\n11. September &#8211; Sonntag&#8230;Gestern in Neuk\u00f6lln&#8230;zauberhaft..<\/p>\n<p>\n10. Sept. &#8211; Vollmond \u00fcber Neuk\u00f6lln. Richardplatz. Stra\u00dfenfest und Live-Musik<\/p>\n<p>\n8. September &#8230;Die Zeit rennt&#8230;<\/p>\n<p>\n7.9. In Hamburg ist ein neugeborenes M\u00e4dchen in einem Koffer am Congress-Center gefunden worden.<\/p>\n<p>\n7.9. &#8211; Gestern beim B\u00e4cker &#8211;<\/p>\n<p>\n7.9. &#8211; T\u00e4glich MORD zum Abendessen &#8211; Die Gewissenlosigkeit von ARD und ZDF<\/p>\n<p>\n7. Sept. &#8211; Deutsche Krebshilfe &#8222;hilft&#8220; beim Sterben &#8211; nicht aber beim (\u00dcber-) Leben<\/p>\n<p>\n7. September&#8230;.Offline- Tage sind Tage unter Menschen&#8230;<\/p>\n<p>\n5. September Gemischter Montag &#8230;<\/p>\n<p>\n4. September &#8211; Sonntag &#8230;<\/p>\n<p>\n3.9. &#8211; Begriffe, wie :&#8220;Shoa&#8220; und &#8222;Holocaust&#8220; &#8211; verschleiern, was die Deutschen angerichtet haben &#8211;<\/p>\n<p>\n2. September &#8211; ..&#8220;Veronika Voss&#8220; &#8211;<\/p>\n<p>\nupdate 17 Uhr 50 &#8211; <\/p>\n<p>3.737.460.<\/p>\n<p>\ngestern: 3.005<\/p>\n<p>\nheute: 2.876 &#8211; willkommen!<\/p>\n<p>_________________<\/p>\n<p>update 7 Uhr 22 &#8211; <\/p>\n<p>last page view: 3.736.484.<\/p>\n<p>\ngestern: 3.005<\/p>\n<p>\nheute: 2.000 &#8211; willkommen &#8211; <\/p>\n<p>&#8222;Vorwort&#8220; &#8211; <\/p>\n<p>Die aktuelle,<\/p>\n<p>\naber seit langem akute!<\/p>\n<p>\nUnertr\u00e4glichkeit<\/p>\n<p>\ndes unglaublich seicht und belanglos gewordenen Deutschlands..<\/p>\n<p>\nAUCH UND VOR ALLEM <\/p>\n<p>\nin Sachen FILMKUNST &#8211; :<\/p>\n<p>Der f\u00fcr uns j\u00e4he Tod der Rosel Zech<\/p>\n<p>\nund damit das Wiederaufleben der Erinnerungen&#8230;<\/p>\n<p>an ihre unglaubliche Karriere, einst, <\/p>\n<p>\nu<\/p>\n","protected":false},"excerpt":{"rendered":"<p>Nicht mehr z\u00e4hlbare Texte zwischen Juli und 14. September..&#8220;ex-live-texte&#8220; ..Man k\u00f6nnte auch von ARCHIV sprechen..<\/p>\n","protected":false},"author":2,"featured_media":0,"comment_status":"closed","ping_status":"closed","sticky":false,"template":"","format":"standard","meta":{"footnotes":""},"categories":[20],"tags":[],"class_list":["post-83231","post","type-post","status-publish","format-standard","hentry","category-impressionen","entry"],"yoast_head":"<!-- This site is optimized with the Yoast SEO plugin v21.0 - https:\/\/yoast.com\/wordpress\/plugins\/seo\/ -->\n<title>InfosAtmosEmotions - Sommer 2011 - Feminissima<\/title>\n<meta name=\"robots\" content=\"index, follow, max-snippet:-1, max-image-preview:large, max-video-preview:-1\" \/>\n<link rel=\"canonical\" href=\"https:\/\/feminissima.de\/index.php\/2011\/09\/14\/infosatmosemotions-sommer-2011\/\" \/>\n<meta property=\"og:locale\" content=\"de_DE\" \/>\n<meta property=\"og:type\" content=\"article\" \/>\n<meta property=\"og:title\" content=\"InfosAtmosEmotions - Sommer 2011 - Feminissima\" \/>\n<meta property=\"og:description\" content=\"Nicht mehr z\u00e4hlbare Texte zwischen Juli und 14. September..&quot;ex-live-texte&quot; ..Man k\u00f6nnte auch von ARCHIV sprechen..\" \/>\n<meta property=\"og:url\" content=\"https:\/\/feminissima.de\/index.php\/2011\/09\/14\/infosatmosemotions-sommer-2011\/\" \/>\n<meta property=\"og:site_name\" content=\"Feminissima\" \/>\n<meta property=\"article:published_time\" content=\"2011-09-14T01:46:43+00:00\" \/>\n<meta name=\"author\" content=\"admin\" \/>\n<meta name=\"twitter:card\" content=\"summary_large_image\" \/>\n<meta name=\"twitter:label1\" content=\"Verfasst von\" \/>\n\t<meta name=\"twitter:data1\" content=\"admin\" \/>\n\t<meta name=\"twitter:label2\" content=\"Gesch\u00e4tzte Lesezeit\" \/>\n\t<meta name=\"twitter:data2\" content=\"26\u00a0Minuten\" \/>\n<script type=\"application\/ld+json\" class=\"yoast-schema-graph\">{\"@context\":\"https:\/\/schema.org\",\"@graph\":[{\"@type\":\"WebPage\",\"@id\":\"https:\/\/feminissima.de\/index.php\/2011\/09\/14\/infosatmosemotions-sommer-2011\/\",\"url\":\"https:\/\/feminissima.de\/index.php\/2011\/09\/14\/infosatmosemotions-sommer-2011\/\",\"name\":\"InfosAtmosEmotions - Sommer 2011 - Feminissima\",\"isPartOf\":{\"@id\":\"https:\/\/feminissima.de\/#website\"},\"datePublished\":\"2011-09-14T01:46:43+00:00\",\"dateModified\":\"2011-09-14T01:46:43+00:00\",\"author\":{\"@id\":\"https:\/\/feminissima.de\/#\/schema\/person\/0b901e053624f88e7ecbea289d9d5128\"},\"breadcrumb\":{\"@id\":\"https:\/\/feminissima.de\/index.php\/2011\/09\/14\/infosatmosemotions-sommer-2011\/#breadcrumb\"},\"inLanguage\":\"de\",\"potentialAction\":[{\"@type\":\"ReadAction\",\"target\":[\"https:\/\/feminissima.de\/index.php\/2011\/09\/14\/infosatmosemotions-sommer-2011\/\"]}]},{\"@type\":\"BreadcrumbList\",\"@id\":\"https:\/\/feminissima.de\/index.php\/2011\/09\/14\/infosatmosemotions-sommer-2011\/#breadcrumb\",\"itemListElement\":[{\"@type\":\"ListItem\",\"position\":1,\"name\":\"Startseite\",\"item\":\"https:\/\/feminissima.de\/\"},{\"@type\":\"ListItem\",\"position\":2,\"name\":\"InfosAtmosEmotions &#8211; Sommer 2011\"}]},{\"@type\":\"WebSite\",\"@id\":\"https:\/\/feminissima.de\/#website\",\"url\":\"https:\/\/feminissima.de\/\",\"name\":\"Feminissima\",\"description\":\"\",\"potentialAction\":[{\"@type\":\"SearchAction\",\"target\":{\"@type\":\"EntryPoint\",\"urlTemplate\":\"https:\/\/feminissima.de\/?s={search_term_string}\"},\"query-input\":\"required name=search_term_string\"}],\"inLanguage\":\"de\"},{\"@type\":\"Person\",\"@id\":\"https:\/\/feminissima.de\/#\/schema\/person\/0b901e053624f88e7ecbea289d9d5128\",\"name\":\"admin\",\"image\":{\"@type\":\"ImageObject\",\"inLanguage\":\"de\",\"@id\":\"https:\/\/feminissima.de\/#\/schema\/person\/image\/\",\"url\":\"https:\/\/secure.gravatar.com\/avatar\/8da1f51327453c0bf63338e8e2a791948b7d2ac19b68839492d1e69aac6924a8?s=96&d=mm&r=g\",\"contentUrl\":\"https:\/\/secure.gravatar.com\/avatar\/8da1f51327453c0bf63338e8e2a791948b7d2ac19b68839492d1e69aac6924a8?s=96&d=mm&r=g\",\"caption\":\"admin\"},\"url\":\"https:\/\/feminissima.de\/index.php\/author\/admin\/\"}]}<\/script>\n<!-- \/ Yoast SEO plugin. -->","yoast_head_json":{"title":"InfosAtmosEmotions - Sommer 2011 - Feminissima","robots":{"index":"index","follow":"follow","max-snippet":"max-snippet:-1","max-image-preview":"max-image-preview:large","max-video-preview":"max-video-preview:-1"},"canonical":"https:\/\/feminissima.de\/index.php\/2011\/09\/14\/infosatmosemotions-sommer-2011\/","og_locale":"de_DE","og_type":"article","og_title":"InfosAtmosEmotions - Sommer 2011 - Feminissima","og_description":"Nicht mehr z\u00e4hlbare Texte zwischen Juli und 14. September..\"ex-live-texte\" ..Man k\u00f6nnte auch von ARCHIV sprechen..","og_url":"https:\/\/feminissima.de\/index.php\/2011\/09\/14\/infosatmosemotions-sommer-2011\/","og_site_name":"Feminissima","article_published_time":"2011-09-14T01:46:43+00:00","author":"admin","twitter_card":"summary_large_image","twitter_misc":{"Verfasst von":"admin","Gesch\u00e4tzte Lesezeit":"26\u00a0Minuten"},"schema":{"@context":"https:\/\/schema.org","@graph":[{"@type":"WebPage","@id":"https:\/\/feminissima.de\/index.php\/2011\/09\/14\/infosatmosemotions-sommer-2011\/","url":"https:\/\/feminissima.de\/index.php\/2011\/09\/14\/infosatmosemotions-sommer-2011\/","name":"InfosAtmosEmotions - Sommer 2011 - Feminissima","isPartOf":{"@id":"https:\/\/feminissima.de\/#website"},"datePublished":"2011-09-14T01:46:43+00:00","dateModified":"2011-09-14T01:46:43+00:00","author":{"@id":"https:\/\/feminissima.de\/#\/schema\/person\/0b901e053624f88e7ecbea289d9d5128"},"breadcrumb":{"@id":"https:\/\/feminissima.de\/index.php\/2011\/09\/14\/infosatmosemotions-sommer-2011\/#breadcrumb"},"inLanguage":"de","potentialAction":[{"@type":"ReadAction","target":["https:\/\/feminissima.de\/index.php\/2011\/09\/14\/infosatmosemotions-sommer-2011\/"]}]},{"@type":"BreadcrumbList","@id":"https:\/\/feminissima.de\/index.php\/2011\/09\/14\/infosatmosemotions-sommer-2011\/#breadcrumb","itemListElement":[{"@type":"ListItem","position":1,"name":"Startseite","item":"https:\/\/feminissima.de\/"},{"@type":"ListItem","position":2,"name":"InfosAtmosEmotions &#8211; Sommer 2011"}]},{"@type":"WebSite","@id":"https:\/\/feminissima.de\/#website","url":"https:\/\/feminissima.de\/","name":"Feminissima","description":"","potentialAction":[{"@type":"SearchAction","target":{"@type":"EntryPoint","urlTemplate":"https:\/\/feminissima.de\/?s={search_term_string}"},"query-input":"required name=search_term_string"}],"inLanguage":"de"},{"@type":"Person","@id":"https:\/\/feminissima.de\/#\/schema\/person\/0b901e053624f88e7ecbea289d9d5128","name":"admin","image":{"@type":"ImageObject","inLanguage":"de","@id":"https:\/\/feminissima.de\/#\/schema\/person\/image\/","url":"https:\/\/secure.gravatar.com\/avatar\/8da1f51327453c0bf63338e8e2a791948b7d2ac19b68839492d1e69aac6924a8?s=96&d=mm&r=g","contentUrl":"https:\/\/secure.gravatar.com\/avatar\/8da1f51327453c0bf63338e8e2a791948b7d2ac19b68839492d1e69aac6924a8?s=96&d=mm&r=g","caption":"admin"},"url":"https:\/\/feminissima.de\/index.php\/author\/admin\/"}]}},"jetpack_featured_media_url":"","_links":{"self":[{"href":"https:\/\/feminissima.de\/index.php\/wp-json\/wp\/v2\/posts\/83231","targetHints":{"allow":["GET"]}}],"collection":[{"href":"https:\/\/feminissima.de\/index.php\/wp-json\/wp\/v2\/posts"}],"about":[{"href":"https:\/\/feminissima.de\/index.php\/wp-json\/wp\/v2\/types\/post"}],"author":[{"embeddable":true,"href":"https:\/\/feminissima.de\/index.php\/wp-json\/wp\/v2\/users\/2"}],"replies":[{"embeddable":true,"href":"https:\/\/feminissima.de\/index.php\/wp-json\/wp\/v2\/comments?post=83231"}],"version-history":[{"count":0,"href":"https:\/\/feminissima.de\/index.php\/wp-json\/wp\/v2\/posts\/83231\/revisions"}],"wp:attachment":[{"href":"https:\/\/feminissima.de\/index.php\/wp-json\/wp\/v2\/media?parent=83231"}],"wp:term":[{"taxonomy":"category","embeddable":true,"href":"https:\/\/feminissima.de\/index.php\/wp-json\/wp\/v2\/categories?post=83231"},{"taxonomy":"post_tag","embeddable":true,"href":"https:\/\/feminissima.de\/index.php\/wp-json\/wp\/v2\/tags?post=83231"}],"curies":[{"name":"wp","href":"https:\/\/api.w.org\/{rel}","templated":true}]}}